{"id":95200,"date":"2016-03-10T07:42:49","date_gmt":"2016-03-10T06:42:49","guid":{"rendered":"http:\/\/www.visit-ulcinj.com\/blog\/?p=95200"},"modified":"2016-03-10T07:42:49","modified_gmt":"2016-03-10T06:42:49","slug":"shume-dashuri-respekt-e-vleresim-per-grate","status":"publish","type":"post","link":"https:\/\/www.visit-ulcinj.com\/blog\/2016\/03\/10\/shume-dashuri-respekt-e-vleresim-per-grate\/","title":{"rendered":"M\u00eb shum\u00eb dashuri, respekt e vler\u00ebsim  p\u00ebr grat\u00eb"},"content":{"rendered":"<p><a href=\"http:\/\/www.visit-ulcinj.com\/blog\/wp-content\/uploads\/2011\/10\/Gjek\u00eb-Gjonaj_Ulqin.jpg\"><img loading=\"lazy\" class=\"alignleft wp-image-52202 size-medium\" src=\"http:\/\/www.visit-ulcinj.com\/blog\/wp-content\/uploads\/2011\/10\/Gjek\u00eb-Gjonaj_Ulqin-269x300.jpg\" alt=\"Gjek\u00eb Gjonaj_Ulqin\" width=\"269\" height=\"300\" srcset=\"https:\/\/www.visit-ulcinj.com\/blog\/wp-content\/uploads\/2011\/10\/Gjek\u00eb-Gjonaj_Ulqin-269x300.jpg 269w, https:\/\/www.visit-ulcinj.com\/blog\/wp-content\/uploads\/2011\/10\/Gjek\u00eb-Gjonaj_Ulqin.jpg 350w\" sizes=\"(max-width: 269px) 100vw, 269px\" \/><\/a>Gjek\u00eb Gjonaj<\/p>\n<p>Derisa m\u00ebngjesin e t\u00eb martes po kaloja rrug\u00ebs p\u00ebrball\u00eb shkoll\u00ebs s\u00eb mesme n\u00eb Ulqin trotuaret e mbushura me lloj-lloj lulesh e dhuratash m\u00eb soll\u00ebn nd\u00ebrmend fest\u00ebn e 8 marsit, dit\u00ebn kur grat\u00eb duhet t\u00eb mendojn\u00eb p\u00ebr vete dhe p\u00ebr grat\u00eb e tjera, t\u00eb reflektojn\u00eb se pa marr\u00eb parasysh se cil\u00ebs kultur\u00eb, nacionalitet i takojn\u00eb, jan\u00eb gra dhe jan\u00eb t\u00eb nj\u00ebjta. Simbolika e k\u00ebsaj dite m\u00eb kujton n\u00eb grat\u00eb fisnike e t\u00eb pamposhtura t\u00eb fshatit tim t\u00eb lindjes \u2013 Trieshit, por edhe ato t\u00eb trevave tjera t\u00eb Mal\u00ebsis\u00eb s\u00eb Mbishkodr\u00ebs, t\u00eb cilat shekuj me radh\u00eb u p\u00ebrballuan me ashp\u00ebrsin\u00eb e jet\u00ebs. N\u00eb kremten e Dit\u00ebs Nd\u00ebrkomb\u00ebtare t\u00eb Gruas mu kujtua fakti i hidhur se mbi supet e k\u00ebtyre grave t\u00eb r\u00ebndomta fisnike shqiptare ( mal\u00ebsore) mbizot\u00ebroi rob\u00ebria mashkullore, varf\u00ebria p\u00ebr t\u00eb rritur f\u00ebmij\u00ebt, pesha e lot\u00ebve dhe padrejt\u00ebsit\u00eb e shumta. Grat\u00eb e asaj kohe ishin simbol i sakrific\u00ebs dhe p\u00ebrkushtimit n\u00eb shoq\u00ebrin\u00eb shqiptare q\u00eb ngrit\u00ebn vlerat e edukat\u00ebs n\u00ebp\u00ebr breza. Ishin ato zonja fshatare t\u00eb cilat krahas pun\u00ebve t\u00eb sht\u00ebpis\u00eb punonin pun\u00ebt m\u00eb t\u00eb r\u00ebnda krah p\u00ebr krah me burrat . Ishin ato gra e vajza q\u00eb i binin shatit n\u00eb ar\u00eb nga m\u00ebngjesi deri n\u00eb dark\u00eb. Banin dru e uj\u00eb n\u00eb shpin\u00eb. Kryenin edhe shum\u00eb pun\u00eb tjera t\u00eb r\u00ebnda fizike.<\/p>\n<p>N\u00eb k\u00ebto rrethana k\u00ebnaq\u00ebsin\u00eb e k\u00ebsaj feste nuk e ndjenin, nuk e shijonin dhe nuk e p\u00ebrjetonin. Festa e tyre kalonte pa dhurata. Jo pse nuk e meritonin, por sespe i takonim nj\u00eb shoq\u00ebrie tejet patriarkale , ku gruaja \u00ebsht\u00eb trajtuar si\u00e7 thot\u00eb populli \u201c mos o Zot e ma keq\u201d apo \u201c zi e ma zi\u201d dhe \u00ebsht\u00eb shfryt\u00ebzuar n\u00eb m\u00ebnyr\u00ebn m\u00eb mizore ( \u00e7\u2019njer\u00ebzore) , p\u00ebr t\u00eb mos th\u00ebn\u00eb m\u00eb shtazore, njashtu si bag\u00ebtia dhe kafsh\u00eb pune. N\u00eb rrethana t\u00eb k\u00ebtilla grat\u00eb, n\u00ebnat dhe motrat tona k\u00ebnaqeshin me nj\u00eb urim zemre nga bashk\u00ebshorti, f\u00ebmij\u00ebt , v\u00ebllez\u00ebrit apo familjar\u00ebt e tjer\u00eb n\u00ebse kujtoheshin. Fatmir\u00ebsisht grat\u00eb shqiptare si gur t\u00eb \u00e7muar q\u00eb shndrit\u00ebn shoq\u00ebrin\u00eb shqiptare nuk u dor\u00ebzuan n\u00eb asnj\u00eb \u00e7ast para sfidave q\u00eb ua imponoi tirania e jet\u00ebs, duke e ruajtur dinjitetin dhe krenarin\u00eb e tyre p\u00ebrgjat\u00eb viteve. Sot n\u00eb mileniumin e ri grat\u00eb shqiptare p\u00ebr dallim nga ajo koh\u00eb e pakoh\u00eb kan\u00eb m\u00eb shum\u00eb respekt, m\u00eb shum\u00eb kujdes, m\u00eb shum\u00eb liri, m\u00eb shum\u00eb vlera, m\u00eb shum\u00eb t\u00eb drejta. Roli i saj \u00ebsht\u00eb m\u00eb i madh n\u00eb shoq\u00ebri, ndon\u00ebse ndihet realiteti i dhimbsh\u00ebm i nj\u00eb patriarkalizmi q\u00eb ende dep\u00ebrton dhe \u00ebsht\u00eb i pranish\u00ebm n\u00eb venat e shoq\u00ebris\u00eb shqiptare, sikurse edhe paragjykimet. N\u00ebse grat\u00eb shqiptare d\u00ebshirojn\u00eb t\u00eb jen\u00eb t\u00eb barabarta duhet n\u00eb rend t\u00eb par\u00eb t\u00eb angazhohen m\u00eb shum\u00eb dhe seriozisht n\u00eb fuqizimin e tyre intelektual, n\u00eb aft\u00ebsimin profesional, t\u00eb mb\u00ebshtet\u00ebn n\u00eb vlera morale dhe njer\u00ebzore p\u00ebr arritjen e synimeve t\u00eb tyre, ta ngrisin z\u00ebrin e tyre kund\u00ebr dhun\u00ebs,diskriminimit e padrejt\u00ebsive tjera q\u00eb u b\u00ebhen edhe n\u00eb shoq\u00ebrin\u00eb postmoderne. Ne shqiptar\u00ebt kudo q\u00eb ndodhemi n\u00eb k\u00ebt\u00eb dit\u00eb t\u00eb bekuar p\u00ebr k\u00ebto burrnesha duhet t\u00eb krenohemi p\u00ebr virtytet dhe vlerat e tyre q\u00eb nga mbret\u00ebresha Teut\u00eb e cila sundoi n\u00eb vitet 230-228 para epok\u00ebs s\u00eb re, Mamica, motra e vog\u00ebl e kryetrimit ton\u00eb komb\u00ebtar, Gjergj Kastriotit- Sk\u00ebnderbeut, e madhja e Rilindjes son\u00eb Komb\u00ebtare Elena Gjika, nobelistja shqiptare, humainstja m\u00eb e madhe e njer\u00ebzimit N\u00ebn\u00eb Tereza dhe Shot\u00eb Galica, simboli i q\u00ebndres\u00ebs s\u00eb femr\u00ebs shqiptare e deri tek figurat m\u00eb t\u00eb ndritura q\u00eb p\u00ebrfaq\u00ebsojn\u00eb femr\u00ebn n\u00ebp\u00ebr t\u00eb gjitha fushat e jet\u00ebs politike, kulturore, shkencore, arsimore, administrative e struktura t\u00eb tjera t\u00eb larta shtet\u00ebrore e nd\u00ebrkomb\u00ebtare.<\/p>\n<p>Grat\u00eb dhe vajzat shqiptare e ken\u00eb merituar dhe e meritojn\u00eb respektin e shoq\u00ebris\u00eb. Ato nuk k\u00ebrkojn\u00eb t\u2019u falet asgj\u00eb, p\u00ebrve\u00e7 respektit dhe vendit q\u00eb e meritojn\u00eb. K\u00ebrkojn\u00eb sepse kan\u00eb t\u00eb drejt\u00eb, t\u2019u mund\u00ebsohet dhe t\u2019u lejohet t\u00eb d\u00ebshmojn\u00eb af\u00ebt\u00ebsit\u00eb e veta. Barazia gjinore nuk \u00ebsht\u00eb l\u00ebmosh\u00eb. Ashtu sikurse edhe ne burrat, edhe grat\u00eb jan\u00eb nga i nj\u00ebjti brum\u00eb: mish, gjak e kock\u00eb. N\u00eb k\u00ebt\u00eb dit\u00eb kremteje grat\u00eb k\u00ebrkojn\u00eb dhe presin nga ne meshkujt pak nderim, pak kujdes dhe m\u00eb shum\u00eb dashuri p\u00ebr to. K\u00ebrkojn\u00eb respekt p\u00ebr vlerat q\u00eb p\u00ebrfaq\u00ebsojn\u00eb si gra, si n\u00ebna dhe si intelektuale e profesioniste t\u00eb afta. Duan m\u00eb shum\u00eb se nj\u00eb lule apo nj\u00eb dhurat\u00eb modeste, edhe pse 8 Marsi \u00ebsht\u00eb thjesht dit\u00eb lulesh. Ato v\u00ebrtet\u00eb e meritojn\u00eb k\u00ebt\u00eb\u2026<\/p>\n","protected":false},"excerpt":{"rendered":"<p>Gjek\u00eb Gjonaj Derisa m\u00ebngjesin e t\u00eb martes po kaloja rrug\u00ebs p\u00ebrball\u00eb shkoll\u00ebs s\u00eb mesme n\u00eb Ulqin trotuaret e mbushura me lloj-lloj lulesh e dhuratash m\u00eb soll\u00ebn nd\u00ebrmend fest\u00ebn e 8 marsit, dit\u00ebn kur grat\u00eb duhet t\u00eb mendojn\u00eb p\u00ebr vete dhe p\u00ebr grat\u00eb e tjera, t\u00eb reflektojn\u00eb se pa marr\u00eb parasysh se cil\u00ebs kultur\u00eb, nacionalitet i [&hellip;]<\/p>\n","protected":false},"author":1,"featured_media":0,"comment_status":"closed","ping_status":"closed","sticky":false,"template":"","format":"standard","meta":{"spay_email":"","jetpack_publicize_message":"","jetpack_is_tweetstorm":false,"jetpack_publicize_feature_enabled":true},"categories":[4],"tags":[],"jetpack_publicize_connections":[],"yoast_head":"<!-- This site is optimized with the Yoast SEO plugin v19.1 - https:\/\/yoast.com\/wordpress\/plugins\/seo\/ -->\n<title>M\u00eb shum\u00eb dashuri, respekt e vler\u00ebsim p\u00ebr grat\u00eb - Lajme nga Ulqini<\/title>\n<meta name=\"description\" content=\"Gjek\u00eb Gjonaj Derisa m\u00ebngjesin e t\u00eb martes po kaloja rrug\u00ebs p\u00ebrball\u00eb shkoll\u00ebs s\u00eb mesme n\u00eb Ulqin trotuaret e mbushura me lloj-lloj lulesh e dhuratash m\u00eb\" \/>\n<meta name=\"robots\" content=\"index, follow, max-snippet:-1, max-image-preview:large, max-video-preview:-1\" \/>\n<link rel=\"canonical\" href=\"https:\/\/www.visit-ulcinj.com\/blog\/2016\/03\/10\/shume-dashuri-respekt-e-vleresim-per-grate\/\" \/>\n<meta property=\"og:locale\" content=\"en_US\" \/>\n<meta property=\"og:type\" content=\"article\" \/>\n<meta property=\"og:title\" content=\"M\u00eb shum\u00eb dashuri, respekt e vler\u00ebsim p\u00ebr grat\u00eb - Lajme nga Ulqini\" \/>\n<meta property=\"og:description\" content=\"Gjek\u00eb Gjonaj Derisa m\u00ebngjesin e t\u00eb martes po kaloja rrug\u00ebs p\u00ebrball\u00eb shkoll\u00ebs s\u00eb mesme n\u00eb Ulqin trotuaret e mbushura me lloj-lloj lulesh e dhuratash m\u00eb\" \/>\n<meta property=\"og:url\" content=\"https:\/\/www.visit-ulcinj.com\/blog\/2016\/03\/10\/shume-dashuri-respekt-e-vleresim-per-grate\/\" \/>\n<meta property=\"og:site_name\" content=\"Lajme nga Ulqini\" \/>\n<meta property=\"article:published_time\" content=\"2016-03-10T06:42:49+00:00\" \/>\n<meta name=\"twitter:label1\" content=\"Written by\" \/>\n\t<meta name=\"twitter:data1\" content=\"ulqini\" \/>\n\t<meta name=\"twitter:label2\" content=\"Est. reading time\" \/>\n\t<meta name=\"twitter:data2\" content=\"4 minutes\" \/>\n<script type=\"application\/ld+json\" class=\"yoast-schema-graph\">{\"@context\":\"https:\/\/schema.org\",\"@graph\":[{\"@type\":\"WebSite\",\"@id\":\"https:\/\/www.visit-ulcinj.com\/blog\/#website\",\"url\":\"https:\/\/www.visit-ulcinj.com\/blog\/\",\"name\":\"Lajme nga Ulqini\",\"description\":\"Lajme,Vijesti,Ulqini,Ulqin,Crna Gora,Mali i Zi\",\"potentialAction\":[{\"@type\":\"SearchAction\",\"target\":{\"@type\":\"EntryPoint\",\"urlTemplate\":\"https:\/\/www.visit-ulcinj.com\/blog\/?s={search_term_string}\"},\"query-input\":\"required name=search_term_string\"}],\"inLanguage\":\"en-US\"},{\"@type\":\"WebPage\",\"@id\":\"https:\/\/www.visit-ulcinj.com\/blog\/2016\/03\/10\/shume-dashuri-respekt-e-vleresim-per-grate\/#webpage\",\"url\":\"https:\/\/www.visit-ulcinj.com\/blog\/2016\/03\/10\/shume-dashuri-respekt-e-vleresim-per-grate\/\",\"name\":\"M\u00eb shum\u00eb dashuri, respekt e vler\u00ebsim p\u00ebr grat\u00eb - Lajme nga Ulqini\",\"isPartOf\":{\"@id\":\"https:\/\/www.visit-ulcinj.com\/blog\/#website\"},\"datePublished\":\"2016-03-10T06:42:49+00:00\",\"dateModified\":\"2016-03-10T06:42:49+00:00\",\"author\":{\"@id\":\"https:\/\/www.visit-ulcinj.com\/blog\/#\/schema\/person\/dcab619c614d3038751c63bc2aadc06d\"},\"description\":\"Gjek\u00eb Gjonaj Derisa m\u00ebngjesin e t\u00eb martes po kaloja rrug\u00ebs p\u00ebrball\u00eb shkoll\u00ebs s\u00eb mesme n\u00eb Ulqin trotuaret e mbushura me lloj-lloj lulesh e dhuratash m\u00eb\",\"breadcrumb\":{\"@id\":\"https:\/\/www.visit-ulcinj.com\/blog\/2016\/03\/10\/shume-dashuri-respekt-e-vleresim-per-grate\/#breadcrumb\"},\"inLanguage\":\"en-US\",\"potentialAction\":[{\"@type\":\"ReadAction\",\"target\":[\"https:\/\/www.visit-ulcinj.com\/blog\/2016\/03\/10\/shume-dashuri-respekt-e-vleresim-per-grate\/\"]}]},{\"@type\":\"BreadcrumbList\",\"@id\":\"https:\/\/www.visit-ulcinj.com\/blog\/2016\/03\/10\/shume-dashuri-respekt-e-vleresim-per-grate\/#breadcrumb\",\"itemListElement\":[{\"@type\":\"ListItem\",\"position\":1,\"name\":\"M\u00eb shum\u00eb dashuri, respekt e vler\u00ebsim p\u00ebr grat\u00eb\"}]},{\"@type\":\"Person\",\"@id\":\"https:\/\/www.visit-ulcinj.com\/blog\/#\/schema\/person\/dcab619c614d3038751c63bc2aadc06d\",\"name\":\"ulqini\",\"sameAs\":[\"http:\/\/www.visit-ulcinj.com\"],\"url\":\"https:\/\/www.visit-ulcinj.com\/blog\/author\/admin\/\"}]}<\/script>\n<!-- \/ Yoast SEO plugin. -->","yoast_head_json":{"title":"M\u00eb shum\u00eb dashuri, respekt e vler\u00ebsim p\u00ebr grat\u00eb - Lajme nga Ulqini","description":"Gjek\u00eb Gjonaj Derisa m\u00ebngjesin e t\u00eb martes po kaloja rrug\u00ebs p\u00ebrball\u00eb shkoll\u00ebs s\u00eb mesme n\u00eb Ulqin trotuaret e mbushura me lloj-lloj lulesh e dhuratash m\u00eb","robots":{"index":"index","follow":"follow","max-snippet":"max-snippet:-1","max-image-preview":"max-image-preview:large","max-video-preview":"max-video-preview:-1"},"canonical":"https:\/\/www.visit-ulcinj.com\/blog\/2016\/03\/10\/shume-dashuri-respekt-e-vleresim-per-grate\/","og_locale":"en_US","og_type":"article","og_title":"M\u00eb shum\u00eb dashuri, respekt e vler\u00ebsim p\u00ebr grat\u00eb - Lajme nga Ulqini","og_description":"Gjek\u00eb Gjonaj Derisa m\u00ebngjesin e t\u00eb martes po kaloja rrug\u00ebs p\u00ebrball\u00eb shkoll\u00ebs s\u00eb mesme n\u00eb Ulqin trotuaret e mbushura me lloj-lloj lulesh e dhuratash m\u00eb","og_url":"https:\/\/www.visit-ulcinj.com\/blog\/2016\/03\/10\/shume-dashuri-respekt-e-vleresim-per-grate\/","og_site_name":"Lajme nga Ulqini","article_published_time":"2016-03-10T06:42:49+00:00","twitter_misc":{"Written by":"ulqini","Est. reading time":"4 minutes"},"schema":{"@context":"https:\/\/schema.org","@graph":[{"@type":"WebSite","@id":"https:\/\/www.visit-ulcinj.com\/blog\/#website","url":"https:\/\/www.visit-ulcinj.com\/blog\/","name":"Lajme nga Ulqini","description":"Lajme,Vijesti,Ulqini,Ulqin,Crna Gora,Mali i Zi","potentialAction":[{"@type":"SearchAction","target":{"@type":"EntryPoint","urlTemplate":"https:\/\/www.visit-ulcinj.com\/blog\/?s={search_term_string}"},"query-input":"required name=search_term_string"}],"inLanguage":"en-US"},{"@type":"WebPage","@id":"https:\/\/www.visit-ulcinj.com\/blog\/2016\/03\/10\/shume-dashuri-respekt-e-vleresim-per-grate\/#webpage","url":"https:\/\/www.visit-ulcinj.com\/blog\/2016\/03\/10\/shume-dashuri-respekt-e-vleresim-per-grate\/","name":"M\u00eb shum\u00eb dashuri, respekt e vler\u00ebsim p\u00ebr grat\u00eb - Lajme nga Ulqini","isPartOf":{"@id":"https:\/\/www.visit-ulcinj.com\/blog\/#website"},"datePublished":"2016-03-10T06:42:49+00:00","dateModified":"2016-03-10T06:42:49+00:00","author":{"@id":"https:\/\/www.visit-ulcinj.com\/blog\/#\/schema\/person\/dcab619c614d3038751c63bc2aadc06d"},"description":"Gjek\u00eb Gjonaj Derisa m\u00ebngjesin e t\u00eb martes po kaloja rrug\u00ebs p\u00ebrball\u00eb shkoll\u00ebs s\u00eb mesme n\u00eb Ulqin trotuaret e mbushura me lloj-lloj lulesh e dhuratash m\u00eb","breadcrumb":{"@id":"https:\/\/www.visit-ulcinj.com\/blog\/2016\/03\/10\/shume-dashuri-respekt-e-vleresim-per-grate\/#breadcrumb"},"inLanguage":"en-US","potentialAction":[{"@type":"ReadAction","target":["https:\/\/www.visit-ulcinj.com\/blog\/2016\/03\/10\/shume-dashuri-respekt-e-vleresim-per-grate\/"]}]},{"@type":"BreadcrumbList","@id":"https:\/\/www.visit-ulcinj.com\/blog\/2016\/03\/10\/shume-dashuri-respekt-e-vleresim-per-grate\/#breadcrumb","itemListElement":[{"@type":"ListItem","position":1,"name":"M\u00eb shum\u00eb dashuri, respekt e vler\u00ebsim p\u00ebr grat\u00eb"}]},{"@type":"Person","@id":"https:\/\/www.visit-ulcinj.com\/blog\/#\/schema\/person\/dcab619c614d3038751c63bc2aadc06d","name":"ulqini","sameAs":["http:\/\/www.visit-ulcinj.com"],"url":"https:\/\/www.visit-ulcinj.com\/blog\/author\/admin\/"}]}},"jetpack_featured_media_url":"","jetpack_sharing_enabled":true,"jetpack_shortlink":"https:\/\/wp.me\/pe6lTn-oLu","_links":{"self":[{"href":"https:\/\/www.visit-ulcinj.com\/blog\/wp-json\/wp\/v2\/posts\/95200"}],"collection":[{"href":"https:\/\/www.visit-ulcinj.com\/blog\/wp-json\/wp\/v2\/posts"}],"about":[{"href":"https:\/\/www.visit-ulcinj.com\/blog\/wp-json\/wp\/v2\/types\/post"}],"author":[{"embeddable":true,"href":"https:\/\/www.visit-ulcinj.com\/blog\/wp-json\/wp\/v2\/users\/1"}],"replies":[{"embeddable":true,"href":"https:\/\/www.visit-ulcinj.com\/blog\/wp-json\/wp\/v2\/comments?post=95200"}],"version-history":[{"count":1,"href":"https:\/\/www.visit-ulcinj.com\/blog\/wp-json\/wp\/v2\/posts\/95200\/revisions"}],"predecessor-version":[{"id":95201,"href":"https:\/\/www.visit-ulcinj.com\/blog\/wp-json\/wp\/v2\/posts\/95200\/revisions\/95201"}],"wp:attachment":[{"href":"https:\/\/www.visit-ulcinj.com\/blog\/wp-json\/wp\/v2\/media?parent=95200"}],"wp:term":[{"taxonomy":"category","embeddable":true,"href":"https:\/\/www.visit-ulcinj.com\/blog\/wp-json\/wp\/v2\/categories?post=95200"},{"taxonomy":"post_tag","embeddable":true,"href":"https:\/\/www.visit-ulcinj.com\/blog\/wp-json\/wp\/v2\/tags?post=95200"}],"curies":[{"name":"wp","href":"https:\/\/api.w.org\/{rel}","templated":true}]}}