{"id":95204,"date":"2016-03-10T15:58:26","date_gmt":"2016-03-10T14:58:26","guid":{"rendered":"http:\/\/www.visit-ulcinj.com\/blog\/?p=95204"},"modified":"2016-03-12T11:08:31","modified_gmt":"2016-03-12T10:08:31","slug":"ot-e-ulqinit-ne-panairin-e-berlinit-09-13-03-2016","status":"publish","type":"post","link":"https:\/\/www.visit-ulcinj.com\/blog\/2016\/03\/10\/ot-e-ulqinit-ne-panairin-e-berlinit-09-13-03-2016\/","title":{"rendered":"OT e Ulqinit n\u00eb panairin e Berlinit 09 &#8211; 13.03.2016"},"content":{"rendered":"<p><a href=\"http:\/\/www.visit-ulcinj.com\/blog\/wp-content\/uploads\/2016\/03\/Berlinit-ITB-2016-TO-ULCINJ-OT-ULQIN-1.jpg\"><img loading=\"lazy\" class=\"alignleft wp-image-95205\" src=\"http:\/\/www.visit-ulcinj.com\/blog\/wp-content\/uploads\/2016\/03\/Berlinit-ITB-2016-TO-ULCINJ-OT-ULQIN-1.jpg\" alt=\"Berlinit ITB 2016 - TO-ULCINJ-OT-ULQIN-1\" width=\"508\" height=\"286\" srcset=\"https:\/\/www.visit-ulcinj.com\/blog\/wp-content\/uploads\/2016\/03\/Berlinit-ITB-2016-TO-ULCINJ-OT-ULQIN-1.jpg 999w, https:\/\/www.visit-ulcinj.com\/blog\/wp-content\/uploads\/2016\/03\/Berlinit-ITB-2016-TO-ULCINJ-OT-ULQIN-1-300x169.jpg 300w\" sizes=\"(max-width: 508px) 100vw, 508px\" \/><\/a>N\u00eb panairin nd\u00ebrkomb\u00ebtar t\u00eb Berlinit ITB 2016 q\u00eb po mbahet prej 9 deri me 13 mars, Organizata Turistike e Ulqinit , \u00ebsht\u00eb duke marr\u00eb pjes\u00eb n\u00eb stend\u00ebn e Organizat\u00ebs Nacionale t\u00eb MZ. K\u00ebt\u00eb panair e vizitojn\u00eb rreth 180.000 vizitues, prej t\u00eb cil\u00ebve 113.000 jan\u00eb profesional nga dega e turizmit, si dhe rreth 11.000 kompani dhe firma prej 180 vendeve, k\u00ebshtu q\u00eb me plot bindje mund t\u00eb themi q\u00eb ky \u00ebsht\u00eb nj\u00ebri nd\u00ebr panairet m\u00eb t\u00eb fort\u00eb n\u00eb bot\u00eb.<\/p>\n<p><a href=\"http:\/\/www.visit-ulcinj.com\/blog\/wp-content\/uploads\/2016\/03\/Berlinit-ITB-2016-TO-ULCINJ-OT-ULQIN.jpg\"><img loading=\"lazy\" class=\"alignleft wp-image-95206\" src=\"http:\/\/www.visit-ulcinj.com\/blog\/wp-content\/uploads\/2016\/03\/Berlinit-ITB-2016-TO-ULCINJ-OT-ULQIN.jpg\" alt=\"Berlinit ITB 2016 - TO-ULCINJ-OT-ULQIN\" width=\"508\" height=\"286\" srcset=\"https:\/\/www.visit-ulcinj.com\/blog\/wp-content\/uploads\/2016\/03\/Berlinit-ITB-2016-TO-ULCINJ-OT-ULQIN.jpg 999w, https:\/\/www.visit-ulcinj.com\/blog\/wp-content\/uploads\/2016\/03\/Berlinit-ITB-2016-TO-ULCINJ-OT-ULQIN-300x169.jpg 300w\" sizes=\"(max-width: 508px) 100vw, 508px\" \/><\/a><\/p>\n<p>N\u00eb stend\u00ebn e organizuar t\u00eb ONT marrin pjes\u00eb edhe organizatat lokale si dhe shum\u00eb afarist\u00eb ku edhe \u00ebsht\u00eb bashkuar oferta turistike e Malit t\u00eb Zi n\u00eb t\u00ebr\u00ebsi. Nga afaristet e Komun\u00ebs s\u00eb Ulqinit kemi Rivieren e Ulqinit dhe hotel LLolla, t\u00eb cil\u00ebt gjat\u00eb dit\u00ebve t\u00eb panairit do t\u00eb ken\u00eb kontakte dhe takime t\u00eb ndryshme me agjensione dhe me klijent\u00eb t\u00eb interesuar. P\u00ebr Ulqin, Gjermania \u00ebsht\u00eb treg shum\u00eb i r\u00ebnd\u00ebsish\u00ebm pasi q\u00eb viteve t\u00eb fundit kemi rritje t\u00eb numrit t\u00eb turisteve nga ky vend \u00e7ka tregon faktin q\u00eb ngadal\u00eb kan\u00eb filluar ti kthehen qytetit ton\u00eb. Gjermanet tradicionalisht jan\u00eb adhurues t\u00eb natyr\u00ebs, Pyllit t\u00eb pishave, Plazhit t\u00eb madh dhe Ad\u00ebs.<\/p>\n<p>Duhet t\u00eb themi q\u00eb Parqet Nacionale k\u00ebt\u00eb vit p\u00ebr t\u00eb par\u00ebn her\u00eb po prezantojn\u00eb ofert\u00ebn turistike, k\u00ebshtu q\u00eb t\u00eb gjith\u00eb vizituesit do t\u00eb ken\u00eb mundesin\u00eb t\u00eb marrin sa m\u00eb shum\u00eb informata p\u00ebr pushimin aktiv, parqet nacionale apo zonat e mbrojtura e nd\u00ebr to kemi edhe Kryporen e Ulqinit.<\/p>\n<p><a href=\"http:\/\/www.visit-ulcinj.com\/blog\/wp-content\/uploads\/2016\/03\/Berlinit-ITB-2016-TO-ULCINJ-OT-ULQIN-2.jpg\"><img loading=\"lazy\" class=\"alignleft wp-image-95207\" src=\"http:\/\/www.visit-ulcinj.com\/blog\/wp-content\/uploads\/2016\/03\/Berlinit-ITB-2016-TO-ULCINJ-OT-ULQIN-2.jpg\" alt=\"Berlinit ITB 2016 - TO-ULCINJ-OT-ULQIN-2\" width=\"508\" height=\"286\" srcset=\"https:\/\/www.visit-ulcinj.com\/blog\/wp-content\/uploads\/2016\/03\/Berlinit-ITB-2016-TO-ULCINJ-OT-ULQIN-2.jpg 999w, https:\/\/www.visit-ulcinj.com\/blog\/wp-content\/uploads\/2016\/03\/Berlinit-ITB-2016-TO-ULCINJ-OT-ULQIN-2-300x169.jpg 300w\" sizes=\"(max-width: 508px) 100vw, 508px\" \/><\/a><\/p>\n<p>N\u00eb kuad\u00ebr t\u00eb panairit do t\u00eb organizohet konferenca p\u00ebr gazetar\u00eb ku Organizata Nacionale Turistike e MZ dhe Ministria e turizmit do t\u00eb prezantojn\u00eb mund\u00ebsit\u00eb p\u00ebr investime dhe oferten me sloganin Bukuria e eg\u00ebr e Adriatikut, dhe diten e pare te panairit stenden e vizitoi edhe ambasadori i MZ ne Gjermani dr.Ranko Vujaciq<\/p>\n<p>Gjat\u00eb vitit 2015, Komun\u00ebn e Ulqinit e kan\u00eb vizituar 13.133 turist\u00eb nga Gjermania t\u00eb cil\u00ebt kan\u00eb realizuar 86.566 fjetje e q\u00eb \u00ebsht\u00eb gati tri her\u00eb m\u00eb tep\u00ebr n\u00eb krahasim me vitin 2014.<\/p>\n<p>&nbsp;<\/p>\n<p>Sh\u00ebrbimi i OT Ulqin<\/p>\n","protected":false},"excerpt":{"rendered":"<p>N\u00eb panairin nd\u00ebrkomb\u00ebtar t\u00eb Berlinit ITB 2016 q\u00eb po mbahet prej 9 deri me 13 mars, Organizata Turistike e Ulqinit , \u00ebsht\u00eb duke marr\u00eb pjes\u00eb n\u00eb stend\u00ebn e Organizat\u00ebs Nacionale t\u00eb MZ. K\u00ebt\u00eb panair e vizitojn\u00eb rreth 180.000 vizitues, prej t\u00eb cil\u00ebve 113.000 jan\u00eb profesional nga dega e turizmit, si dhe rreth 11.000 kompani dhe [&hellip;]<\/p>\n","protected":false},"author":1,"featured_media":0,"comment_status":"closed","ping_status":"closed","sticky":false,"template":"","format":"standard","meta":{"spay_email":"","jetpack_publicize_message":"","jetpack_is_tweetstorm":false,"jetpack_publicize_feature_enabled":true},"categories":[1,15],"tags":[],"jetpack_publicize_connections":[],"yoast_head":"<!-- This site is optimized with the Yoast SEO plugin v19.1 - https:\/\/yoast.com\/wordpress\/plugins\/seo\/ -->\n<title>OT e Ulqinit n\u00eb panairin e Berlinit 09 - 13.03.2016 - Lajme nga Ulqini<\/title>\n<meta name=\"description\" content=\"N\u00eb panairin nd\u00ebrkomb\u00ebtar t\u00eb Berlinit ITB 2016 q\u00eb po mbahet prej 9 deri me 13 mars, Organizata Turistike e Ulqinit , \u00ebsht\u00eb duke marr\u00eb pjes\u00eb n\u00eb stend\u00ebn e\" \/>\n<meta name=\"robots\" content=\"index, follow, max-snippet:-1, max-image-preview:large, max-video-preview:-1\" \/>\n<link rel=\"canonical\" href=\"https:\/\/www.visit-ulcinj.com\/blog\/2016\/03\/10\/ot-e-ulqinit-ne-panairin-e-berlinit-09-13-03-2016\/\" \/>\n<meta property=\"og:locale\" content=\"en_US\" \/>\n<meta property=\"og:type\" content=\"article\" \/>\n<meta property=\"og:title\" content=\"OT e Ulqinit n\u00eb panairin e Berlinit 09 - 13.03.2016 - Lajme nga Ulqini\" \/>\n<meta property=\"og:description\" content=\"N\u00eb panairin nd\u00ebrkomb\u00ebtar t\u00eb Berlinit ITB 2016 q\u00eb po mbahet prej 9 deri me 13 mars, Organizata Turistike e Ulqinit , \u00ebsht\u00eb duke marr\u00eb pjes\u00eb n\u00eb stend\u00ebn e\" \/>\n<meta property=\"og:url\" content=\"https:\/\/www.visit-ulcinj.com\/blog\/2016\/03\/10\/ot-e-ulqinit-ne-panairin-e-berlinit-09-13-03-2016\/\" \/>\n<meta property=\"og:site_name\" content=\"Lajme nga Ulqini\" \/>\n<meta property=\"article:published_time\" content=\"2016-03-10T14:58:26+00:00\" \/>\n<meta property=\"article:modified_time\" content=\"2016-03-12T10:08:31+00:00\" \/>\n<meta property=\"og:image\" content=\"http:\/\/www.visit-ulcinj.com\/blog\/wp-content\/uploads\/2016\/03\/Berlinit-ITB-2016-TO-ULCINJ-OT-ULQIN-1.jpg\" \/>\n<meta name=\"twitter:label1\" content=\"Written by\" \/>\n\t<meta name=\"twitter:data1\" content=\"ulqini\" \/>\n\t<meta name=\"twitter:label2\" content=\"Est. reading time\" \/>\n\t<meta name=\"twitter:data2\" content=\"2 minutes\" \/>\n<script type=\"application\/ld+json\" class=\"yoast-schema-graph\">{\"@context\":\"https:\/\/schema.org\",\"@graph\":[{\"@type\":\"WebSite\",\"@id\":\"https:\/\/www.visit-ulcinj.com\/blog\/#website\",\"url\":\"https:\/\/www.visit-ulcinj.com\/blog\/\",\"name\":\"Lajme nga Ulqini\",\"description\":\"Lajme,Vijesti,Ulqini,Ulqin,Crna Gora,Mali i Zi\",\"potentialAction\":[{\"@type\":\"SearchAction\",\"target\":{\"@type\":\"EntryPoint\",\"urlTemplate\":\"https:\/\/www.visit-ulcinj.com\/blog\/?s={search_term_string}\"},\"query-input\":\"required name=search_term_string\"}],\"inLanguage\":\"en-US\"},{\"@type\":\"ImageObject\",\"inLanguage\":\"en-US\",\"@id\":\"https:\/\/www.visit-ulcinj.com\/blog\/2016\/03\/10\/ot-e-ulqinit-ne-panairin-e-berlinit-09-13-03-2016\/#primaryimage\",\"url\":\"https:\/\/www.visit-ulcinj.com\/blog\/wp-content\/uploads\/2016\/03\/Berlinit-ITB-2016-TO-ULCINJ-OT-ULQIN-1.jpg\",\"contentUrl\":\"https:\/\/www.visit-ulcinj.com\/blog\/wp-content\/uploads\/2016\/03\/Berlinit-ITB-2016-TO-ULCINJ-OT-ULQIN-1.jpg\",\"width\":999,\"height\":562},{\"@type\":\"WebPage\",\"@id\":\"https:\/\/www.visit-ulcinj.com\/blog\/2016\/03\/10\/ot-e-ulqinit-ne-panairin-e-berlinit-09-13-03-2016\/#webpage\",\"url\":\"https:\/\/www.visit-ulcinj.com\/blog\/2016\/03\/10\/ot-e-ulqinit-ne-panairin-e-berlinit-09-13-03-2016\/\",\"name\":\"OT e Ulqinit n\u00eb panairin e Berlinit 09 - 13.03.2016 - Lajme nga Ulqini\",\"isPartOf\":{\"@id\":\"https:\/\/www.visit-ulcinj.com\/blog\/#website\"},\"primaryImageOfPage\":{\"@id\":\"https:\/\/www.visit-ulcinj.com\/blog\/2016\/03\/10\/ot-e-ulqinit-ne-panairin-e-berlinit-09-13-03-2016\/#primaryimage\"},\"datePublished\":\"2016-03-10T14:58:26+00:00\",\"dateModified\":\"2016-03-12T10:08:31+00:00\",\"author\":{\"@id\":\"https:\/\/www.visit-ulcinj.com\/blog\/#\/schema\/person\/dcab619c614d3038751c63bc2aadc06d\"},\"description\":\"N\u00eb panairin nd\u00ebrkomb\u00ebtar t\u00eb Berlinit ITB 2016 q\u00eb po mbahet prej 9 deri me 13 mars, Organizata Turistike e Ulqinit , \u00ebsht\u00eb duke marr\u00eb pjes\u00eb n\u00eb stend\u00ebn e\",\"breadcrumb\":{\"@id\":\"https:\/\/www.visit-ulcinj.com\/blog\/2016\/03\/10\/ot-e-ulqinit-ne-panairin-e-berlinit-09-13-03-2016\/#breadcrumb\"},\"inLanguage\":\"en-US\",\"potentialAction\":[{\"@type\":\"ReadAction\",\"target\":[\"https:\/\/www.visit-ulcinj.com\/blog\/2016\/03\/10\/ot-e-ulqinit-ne-panairin-e-berlinit-09-13-03-2016\/\"]}]},{\"@type\":\"BreadcrumbList\",\"@id\":\"https:\/\/www.visit-ulcinj.com\/blog\/2016\/03\/10\/ot-e-ulqinit-ne-panairin-e-berlinit-09-13-03-2016\/#breadcrumb\",\"itemListElement\":[{\"@type\":\"ListItem\",\"position\":1,\"name\":\"OT e Ulqinit n\u00eb panairin e Berlinit 09 &#8211; 13.03.2016\"}]},{\"@type\":\"Person\",\"@id\":\"https:\/\/www.visit-ulcinj.com\/blog\/#\/schema\/person\/dcab619c614d3038751c63bc2aadc06d\",\"name\":\"ulqini\",\"sameAs\":[\"http:\/\/www.visit-ulcinj.com\"],\"url\":\"https:\/\/www.visit-ulcinj.com\/blog\/author\/admin\/\"}]}<\/script>\n<!-- \/ Yoast SEO plugin. -->","yoast_head_json":{"title":"OT e Ulqinit n\u00eb panairin e Berlinit 09 - 13.03.2016 - Lajme nga Ulqini","description":"N\u00eb panairin nd\u00ebrkomb\u00ebtar t\u00eb Berlinit ITB 2016 q\u00eb po mbahet prej 9 deri me 13 mars, Organizata Turistike e Ulqinit , \u00ebsht\u00eb duke marr\u00eb pjes\u00eb n\u00eb stend\u00ebn e","robots":{"index":"index","follow":"follow","max-snippet":"max-snippet:-1","max-image-preview":"max-image-preview:large","max-video-preview":"max-video-preview:-1"},"canonical":"https:\/\/www.visit-ulcinj.com\/blog\/2016\/03\/10\/ot-e-ulqinit-ne-panairin-e-berlinit-09-13-03-2016\/","og_locale":"en_US","og_type":"article","og_title":"OT e Ulqinit n\u00eb panairin e Berlinit 09 - 13.03.2016 - Lajme nga Ulqini","og_description":"N\u00eb panairin nd\u00ebrkomb\u00ebtar t\u00eb Berlinit ITB 2016 q\u00eb po mbahet prej 9 deri me 13 mars, Organizata Turistike e Ulqinit , \u00ebsht\u00eb duke marr\u00eb pjes\u00eb n\u00eb stend\u00ebn e","og_url":"https:\/\/www.visit-ulcinj.com\/blog\/2016\/03\/10\/ot-e-ulqinit-ne-panairin-e-berlinit-09-13-03-2016\/","og_site_name":"Lajme nga Ulqini","article_published_time":"2016-03-10T14:58:26+00:00","article_modified_time":"2016-03-12T10:08:31+00:00","og_image":[{"url":"http:\/\/www.visit-ulcinj.com\/blog\/wp-content\/uploads\/2016\/03\/Berlinit-ITB-2016-TO-ULCINJ-OT-ULQIN-1.jpg"}],"twitter_misc":{"Written by":"ulqini","Est. reading time":"2 minutes"},"schema":{"@context":"https:\/\/schema.org","@graph":[{"@type":"WebSite","@id":"https:\/\/www.visit-ulcinj.com\/blog\/#website","url":"https:\/\/www.visit-ulcinj.com\/blog\/","name":"Lajme nga Ulqini","description":"Lajme,Vijesti,Ulqini,Ulqin,Crna Gora,Mali i Zi","potentialAction":[{"@type":"SearchAction","target":{"@type":"EntryPoint","urlTemplate":"https:\/\/www.visit-ulcinj.com\/blog\/?s={search_term_string}"},"query-input":"required name=search_term_string"}],"inLanguage":"en-US"},{"@type":"ImageObject","inLanguage":"en-US","@id":"https:\/\/www.visit-ulcinj.com\/blog\/2016\/03\/10\/ot-e-ulqinit-ne-panairin-e-berlinit-09-13-03-2016\/#primaryimage","url":"https:\/\/www.visit-ulcinj.com\/blog\/wp-content\/uploads\/2016\/03\/Berlinit-ITB-2016-TO-ULCINJ-OT-ULQIN-1.jpg","contentUrl":"https:\/\/www.visit-ulcinj.com\/blog\/wp-content\/uploads\/2016\/03\/Berlinit-ITB-2016-TO-ULCINJ-OT-ULQIN-1.jpg","width":999,"height":562},{"@type":"WebPage","@id":"https:\/\/www.visit-ulcinj.com\/blog\/2016\/03\/10\/ot-e-ulqinit-ne-panairin-e-berlinit-09-13-03-2016\/#webpage","url":"https:\/\/www.visit-ulcinj.com\/blog\/2016\/03\/10\/ot-e-ulqinit-ne-panairin-e-berlinit-09-13-03-2016\/","name":"OT e Ulqinit n\u00eb panairin e Berlinit 09 - 13.03.2016 - Lajme nga Ulqini","isPartOf":{"@id":"https:\/\/www.visit-ulcinj.com\/blog\/#website"},"primaryImageOfPage":{"@id":"https:\/\/www.visit-ulcinj.com\/blog\/2016\/03\/10\/ot-e-ulqinit-ne-panairin-e-berlinit-09-13-03-2016\/#primaryimage"},"datePublished":"2016-03-10T14:58:26+00:00","dateModified":"2016-03-12T10:08:31+00:00","author":{"@id":"https:\/\/www.visit-ulcinj.com\/blog\/#\/schema\/person\/dcab619c614d3038751c63bc2aadc06d"},"description":"N\u00eb panairin nd\u00ebrkomb\u00ebtar t\u00eb Berlinit ITB 2016 q\u00eb po mbahet prej 9 deri me 13 mars, Organizata Turistike e Ulqinit , \u00ebsht\u00eb duke marr\u00eb pjes\u00eb n\u00eb stend\u00ebn e","breadcrumb":{"@id":"https:\/\/www.visit-ulcinj.com\/blog\/2016\/03\/10\/ot-e-ulqinit-ne-panairin-e-berlinit-09-13-03-2016\/#breadcrumb"},"inLanguage":"en-US","potentialAction":[{"@type":"ReadAction","target":["https:\/\/www.visit-ulcinj.com\/blog\/2016\/03\/10\/ot-e-ulqinit-ne-panairin-e-berlinit-09-13-03-2016\/"]}]},{"@type":"BreadcrumbList","@id":"https:\/\/www.visit-ulcinj.com\/blog\/2016\/03\/10\/ot-e-ulqinit-ne-panairin-e-berlinit-09-13-03-2016\/#breadcrumb","itemListElement":[{"@type":"ListItem","position":1,"name":"OT e Ulqinit n\u00eb panairin e Berlinit 09 &#8211; 13.03.2016"}]},{"@type":"Person","@id":"https:\/\/www.visit-ulcinj.com\/blog\/#\/schema\/person\/dcab619c614d3038751c63bc2aadc06d","name":"ulqini","sameAs":["http:\/\/www.visit-ulcinj.com"],"url":"https:\/\/www.visit-ulcinj.com\/blog\/author\/admin\/"}]}},"jetpack_featured_media_url":"","jetpack_sharing_enabled":true,"jetpack_shortlink":"https:\/\/wp.me\/pe6lTn-oLy","_links":{"self":[{"href":"https:\/\/www.visit-ulcinj.com\/blog\/wp-json\/wp\/v2\/posts\/95204"}],"collection":[{"href":"https:\/\/www.visit-ulcinj.com\/blog\/wp-json\/wp\/v2\/posts"}],"about":[{"href":"https:\/\/www.visit-ulcinj.com\/blog\/wp-json\/wp\/v2\/types\/post"}],"author":[{"embeddable":true,"href":"https:\/\/www.visit-ulcinj.com\/blog\/wp-json\/wp\/v2\/users\/1"}],"replies":[{"embeddable":true,"href":"https:\/\/www.visit-ulcinj.com\/blog\/wp-json\/wp\/v2\/comments?post=95204"}],"version-history":[{"count":2,"href":"https:\/\/www.visit-ulcinj.com\/blog\/wp-json\/wp\/v2\/posts\/95204\/revisions"}],"predecessor-version":[{"id":95209,"href":"https:\/\/www.visit-ulcinj.com\/blog\/wp-json\/wp\/v2\/posts\/95204\/revisions\/95209"}],"wp:attachment":[{"href":"https:\/\/www.visit-ulcinj.com\/blog\/wp-json\/wp\/v2\/media?parent=95204"}],"wp:term":[{"taxonomy":"category","embeddable":true,"href":"https:\/\/www.visit-ulcinj.com\/blog\/wp-json\/wp\/v2\/categories?post=95204"},{"taxonomy":"post_tag","embeddable":true,"href":"https:\/\/www.visit-ulcinj.com\/blog\/wp-json\/wp\/v2\/tags?post=95204"}],"curies":[{"name":"wp","href":"https:\/\/api.w.org\/{rel}","templated":true}]}}