{"id":95215,"date":"2016-03-10T19:01:31","date_gmt":"2016-03-10T18:01:31","guid":{"rendered":"http:\/\/www.visit-ulcinj.com\/blog\/?p=95215"},"modified":"2016-03-10T19:01:31","modified_gmt":"2016-03-10T18:01:31","slug":"sonte-marreveshje-per-ndarjen-e-pushtetit-ne-ulqin","status":"publish","type":"post","link":"https:\/\/www.visit-ulcinj.com\/blog\/2016\/03\/10\/sonte-marreveshje-per-ndarjen-e-pushtetit-ne-ulqin\/","title":{"rendered":"Sonte marr\u00ebveshje p\u00ebr ndarjen e pushtetit n\u00eb Ulqin"},"content":{"rendered":"<p><a href=\"http:\/\/www.visit-ulcinj.com\/blog\/wp-content\/uploads\/2016\/03\/Organizata-Turistike-Ulqin.jpg\"><img loading=\"lazy\" class=\"alignleft wp-image-95216\" src=\"http:\/\/www.visit-ulcinj.com\/blog\/wp-content\/uploads\/2016\/03\/Organizata-Turistike-Ulqin.jpg\" alt=\"Organizata-Turistike-Ulqin\" width=\"508\" height=\"381\" srcset=\"https:\/\/www.visit-ulcinj.com\/blog\/wp-content\/uploads\/2016\/03\/Organizata-Turistike-Ulqin.jpg 1200w, https:\/\/www.visit-ulcinj.com\/blog\/wp-content\/uploads\/2016\/03\/Organizata-Turistike-Ulqin-300x225.jpg 300w, https:\/\/www.visit-ulcinj.com\/blog\/wp-content\/uploads\/2016\/03\/Organizata-Turistike-Ulqin-1024x768.jpg 1024w\" sizes=\"(max-width: 508px) 100vw, 508px\" \/><\/a>Sonte partit\u00eb shqiptare dhe Partia Demokratike e Socialist\u00ebve do t\u00eb vazhdojn\u00eb bisedimet p\u00ebr formimin e pushtetit t\u00eb ri n\u00eb Ulqin.<\/p>\n<p>P\u00ebrve\u00e7 ndarjes s\u00eb posteve , nj\u00eb vend t\u00eb ve\u00e7ant\u00eb n\u00eb bisedime do ket\u00eb edhe marr\u00ebveshja politike, ku parashihet q\u00eb partit\u00eb shqiptare t\u00eb k\u00ebrkojn\u00eb nga PDS angazhim m\u00eb t\u00eb madh n\u00eb nivel q\u00ebndror p\u00ebr zhvillmin e Ulqinit dhe fillimin e realizimit t\u00eb projekteve kapitale.<\/p>\n<p>Portali lajm.me m\u00ebson se ndarja e posteve do t\u00eb b\u00ebhet n\u00eb baz\u00eb t\u00eb p\u00ebrqindjeve t\u00eb fituara n\u00eb zgjedhjet e kaluara, kurse priten edhe mospajtime rreth ndarjes s\u00eb disa resoreve n\u00eb nd\u00ebrmarrjet publike.<\/p>\n<p>Gjithashtu opinionin publik e shqet\u00ebson edhe fakti se kush do t\u00eb udh\u00ebheq dy inistitucionet me r\u00ebnd\u00ebsi t\u00eb ve\u00e7ant\u00eb p\u00ebr shumic\u00ebn shqiptare, Qendr\u00ebn p\u00ebr Kultur\u00eb dhe Organizat\u00ebn Turistike. Ky\u00a0shqet\u00ebsim \u00ebsht\u00eb\u00a0edhe i\u00a0arsyesh\u00ebm pasi promovimi i kultur\u00ebs shqiptare dhe fakti q\u00eb shumica e turist\u00ebve n\u00eb Ulqin jan\u00eb shqipfol\u00ebs, jan\u00eb vitale p\u00ebr popullsin\u00eb vendase.<\/p>\n<p>N\u00eb rast se arrihet nj\u00eb marr\u00ebveshje at\u00ebher\u00eb ajo mund t\u00eb finalizohet sonte, eventualisht nes\u00ebr, me n\u00ebnshkrimet e t\u00eb gjitha pal\u00ebve pjesmarr\u00ebse.<\/p>\n","protected":false},"excerpt":{"rendered":"<p>Sonte partit\u00eb shqiptare dhe Partia Demokratike e Socialist\u00ebve do t\u00eb vazhdojn\u00eb bisedimet p\u00ebr formimin e pushtetit t\u00eb ri n\u00eb Ulqin. P\u00ebrve\u00e7 ndarjes s\u00eb posteve , nj\u00eb vend t\u00eb ve\u00e7ant\u00eb n\u00eb bisedime do ket\u00eb edhe marr\u00ebveshja politike, ku parashihet q\u00eb partit\u00eb shqiptare t\u00eb k\u00ebrkojn\u00eb nga PDS angazhim m\u00eb t\u00eb madh n\u00eb nivel q\u00ebndror p\u00ebr zhvillmin e [&hellip;]<\/p>\n","protected":false},"author":1,"featured_media":0,"comment_status":"closed","ping_status":"closed","sticky":false,"template":"","format":"standard","meta":{"spay_email":"","jetpack_publicize_message":"","jetpack_is_tweetstorm":false,"jetpack_publicize_feature_enabled":true},"categories":[6],"tags":[],"jetpack_publicize_connections":[],"yoast_head":"<!-- This site is optimized with the Yoast SEO plugin v19.1 - https:\/\/yoast.com\/wordpress\/plugins\/seo\/ -->\n<title>Sonte marr\u00ebveshje p\u00ebr ndarjen e pushtetit n\u00eb Ulqin - Lajme nga Ulqini<\/title>\n<meta name=\"description\" content=\"Sonte partit\u00eb shqiptare dhe Partia Demokratike e Socialist\u00ebve do t\u00eb vazhdojn\u00eb bisedimet p\u00ebr formimin e pushtetit t\u00eb ri n\u00eb Ulqin. P\u00ebrve\u00e7 ndarjes s\u00eb posteve\" \/>\n<meta name=\"robots\" content=\"index, follow, max-snippet:-1, max-image-preview:large, max-video-preview:-1\" \/>\n<link rel=\"canonical\" href=\"https:\/\/www.visit-ulcinj.com\/blog\/2016\/03\/10\/sonte-marreveshje-per-ndarjen-e-pushtetit-ne-ulqin\/\" \/>\n<meta property=\"og:locale\" content=\"en_US\" \/>\n<meta property=\"og:type\" content=\"article\" \/>\n<meta property=\"og:title\" content=\"Sonte marr\u00ebveshje p\u00ebr ndarjen e pushtetit n\u00eb Ulqin - Lajme nga Ulqini\" \/>\n<meta property=\"og:description\" content=\"Sonte partit\u00eb shqiptare dhe Partia Demokratike e Socialist\u00ebve do t\u00eb vazhdojn\u00eb bisedimet p\u00ebr formimin e pushtetit t\u00eb ri n\u00eb Ulqin. P\u00ebrve\u00e7 ndarjes s\u00eb posteve\" \/>\n<meta property=\"og:url\" content=\"https:\/\/www.visit-ulcinj.com\/blog\/2016\/03\/10\/sonte-marreveshje-per-ndarjen-e-pushtetit-ne-ulqin\/\" \/>\n<meta property=\"og:site_name\" content=\"Lajme nga Ulqini\" \/>\n<meta property=\"article:published_time\" content=\"2016-03-10T18:01:31+00:00\" \/>\n<meta property=\"og:image\" content=\"http:\/\/www.visit-ulcinj.com\/blog\/wp-content\/uploads\/2016\/03\/Organizata-Turistike-Ulqin.jpg\" \/>\n<meta name=\"twitter:label1\" content=\"Written by\" \/>\n\t<meta name=\"twitter:data1\" content=\"ulqini\" \/>\n\t<meta name=\"twitter:label2\" content=\"Est. reading time\" \/>\n\t<meta name=\"twitter:data2\" content=\"1 minute\" \/>\n<script type=\"application\/ld+json\" class=\"yoast-schema-graph\">{\"@context\":\"https:\/\/schema.org\",\"@graph\":[{\"@type\":\"WebSite\",\"@id\":\"https:\/\/www.visit-ulcinj.com\/blog\/#website\",\"url\":\"https:\/\/www.visit-ulcinj.com\/blog\/\",\"name\":\"Lajme nga Ulqini\",\"description\":\"Lajme,Vijesti,Ulqini,Ulqin,Crna Gora,Mali i Zi\",\"potentialAction\":[{\"@type\":\"SearchAction\",\"target\":{\"@type\":\"EntryPoint\",\"urlTemplate\":\"https:\/\/www.visit-ulcinj.com\/blog\/?s={search_term_string}\"},\"query-input\":\"required name=search_term_string\"}],\"inLanguage\":\"en-US\"},{\"@type\":\"ImageObject\",\"inLanguage\":\"en-US\",\"@id\":\"https:\/\/www.visit-ulcinj.com\/blog\/2016\/03\/10\/sonte-marreveshje-per-ndarjen-e-pushtetit-ne-ulqin\/#primaryimage\",\"url\":\"https:\/\/www.visit-ulcinj.com\/blog\/wp-content\/uploads\/2016\/03\/Organizata-Turistike-Ulqin.jpg\",\"contentUrl\":\"https:\/\/www.visit-ulcinj.com\/blog\/wp-content\/uploads\/2016\/03\/Organizata-Turistike-Ulqin.jpg\",\"width\":1200,\"height\":900},{\"@type\":\"WebPage\",\"@id\":\"https:\/\/www.visit-ulcinj.com\/blog\/2016\/03\/10\/sonte-marreveshje-per-ndarjen-e-pushtetit-ne-ulqin\/#webpage\",\"url\":\"https:\/\/www.visit-ulcinj.com\/blog\/2016\/03\/10\/sonte-marreveshje-per-ndarjen-e-pushtetit-ne-ulqin\/\",\"name\":\"Sonte marr\u00ebveshje p\u00ebr ndarjen e pushtetit n\u00eb Ulqin - Lajme nga Ulqini\",\"isPartOf\":{\"@id\":\"https:\/\/www.visit-ulcinj.com\/blog\/#website\"},\"primaryImageOfPage\":{\"@id\":\"https:\/\/www.visit-ulcinj.com\/blog\/2016\/03\/10\/sonte-marreveshje-per-ndarjen-e-pushtetit-ne-ulqin\/#primaryimage\"},\"datePublished\":\"2016-03-10T18:01:31+00:00\",\"dateModified\":\"2016-03-10T18:01:31+00:00\",\"author\":{\"@id\":\"https:\/\/www.visit-ulcinj.com\/blog\/#\/schema\/person\/dcab619c614d3038751c63bc2aadc06d\"},\"description\":\"Sonte partit\u00eb shqiptare dhe Partia Demokratike e Socialist\u00ebve do t\u00eb vazhdojn\u00eb bisedimet p\u00ebr formimin e pushtetit t\u00eb ri n\u00eb Ulqin. P\u00ebrve\u00e7 ndarjes s\u00eb posteve\",\"breadcrumb\":{\"@id\":\"https:\/\/www.visit-ulcinj.com\/blog\/2016\/03\/10\/sonte-marreveshje-per-ndarjen-e-pushtetit-ne-ulqin\/#breadcrumb\"},\"inLanguage\":\"en-US\",\"potentialAction\":[{\"@type\":\"ReadAction\",\"target\":[\"https:\/\/www.visit-ulcinj.com\/blog\/2016\/03\/10\/sonte-marreveshje-per-ndarjen-e-pushtetit-ne-ulqin\/\"]}]},{\"@type\":\"BreadcrumbList\",\"@id\":\"https:\/\/www.visit-ulcinj.com\/blog\/2016\/03\/10\/sonte-marreveshje-per-ndarjen-e-pushtetit-ne-ulqin\/#breadcrumb\",\"itemListElement\":[{\"@type\":\"ListItem\",\"position\":1,\"name\":\"Sonte marr\u00ebveshje p\u00ebr ndarjen e pushtetit n\u00eb Ulqin\"}]},{\"@type\":\"Person\",\"@id\":\"https:\/\/www.visit-ulcinj.com\/blog\/#\/schema\/person\/dcab619c614d3038751c63bc2aadc06d\",\"name\":\"ulqini\",\"sameAs\":[\"http:\/\/www.visit-ulcinj.com\"],\"url\":\"https:\/\/www.visit-ulcinj.com\/blog\/author\/admin\/\"}]}<\/script>\n<!-- \/ Yoast SEO plugin. -->","yoast_head_json":{"title":"Sonte marr\u00ebveshje p\u00ebr ndarjen e pushtetit n\u00eb Ulqin - Lajme nga Ulqini","description":"Sonte partit\u00eb shqiptare dhe Partia Demokratike e Socialist\u00ebve do t\u00eb vazhdojn\u00eb bisedimet p\u00ebr formimin e pushtetit t\u00eb ri n\u00eb Ulqin. P\u00ebrve\u00e7 ndarjes s\u00eb posteve","robots":{"index":"index","follow":"follow","max-snippet":"max-snippet:-1","max-image-preview":"max-image-preview:large","max-video-preview":"max-video-preview:-1"},"canonical":"https:\/\/www.visit-ulcinj.com\/blog\/2016\/03\/10\/sonte-marreveshje-per-ndarjen-e-pushtetit-ne-ulqin\/","og_locale":"en_US","og_type":"article","og_title":"Sonte marr\u00ebveshje p\u00ebr ndarjen e pushtetit n\u00eb Ulqin - Lajme nga Ulqini","og_description":"Sonte partit\u00eb shqiptare dhe Partia Demokratike e Socialist\u00ebve do t\u00eb vazhdojn\u00eb bisedimet p\u00ebr formimin e pushtetit t\u00eb ri n\u00eb Ulqin. P\u00ebrve\u00e7 ndarjes s\u00eb posteve","og_url":"https:\/\/www.visit-ulcinj.com\/blog\/2016\/03\/10\/sonte-marreveshje-per-ndarjen-e-pushtetit-ne-ulqin\/","og_site_name":"Lajme nga Ulqini","article_published_time":"2016-03-10T18:01:31+00:00","og_image":[{"url":"http:\/\/www.visit-ulcinj.com\/blog\/wp-content\/uploads\/2016\/03\/Organizata-Turistike-Ulqin.jpg"}],"twitter_misc":{"Written by":"ulqini","Est. reading time":"1 minute"},"schema":{"@context":"https:\/\/schema.org","@graph":[{"@type":"WebSite","@id":"https:\/\/www.visit-ulcinj.com\/blog\/#website","url":"https:\/\/www.visit-ulcinj.com\/blog\/","name":"Lajme nga Ulqini","description":"Lajme,Vijesti,Ulqini,Ulqin,Crna Gora,Mali i Zi","potentialAction":[{"@type":"SearchAction","target":{"@type":"EntryPoint","urlTemplate":"https:\/\/www.visit-ulcinj.com\/blog\/?s={search_term_string}"},"query-input":"required name=search_term_string"}],"inLanguage":"en-US"},{"@type":"ImageObject","inLanguage":"en-US","@id":"https:\/\/www.visit-ulcinj.com\/blog\/2016\/03\/10\/sonte-marreveshje-per-ndarjen-e-pushtetit-ne-ulqin\/#primaryimage","url":"https:\/\/www.visit-ulcinj.com\/blog\/wp-content\/uploads\/2016\/03\/Organizata-Turistike-Ulqin.jpg","contentUrl":"https:\/\/www.visit-ulcinj.com\/blog\/wp-content\/uploads\/2016\/03\/Organizata-Turistike-Ulqin.jpg","width":1200,"height":900},{"@type":"WebPage","@id":"https:\/\/www.visit-ulcinj.com\/blog\/2016\/03\/10\/sonte-marreveshje-per-ndarjen-e-pushtetit-ne-ulqin\/#webpage","url":"https:\/\/www.visit-ulcinj.com\/blog\/2016\/03\/10\/sonte-marreveshje-per-ndarjen-e-pushtetit-ne-ulqin\/","name":"Sonte marr\u00ebveshje p\u00ebr ndarjen e pushtetit n\u00eb Ulqin - Lajme nga Ulqini","isPartOf":{"@id":"https:\/\/www.visit-ulcinj.com\/blog\/#website"},"primaryImageOfPage":{"@id":"https:\/\/www.visit-ulcinj.com\/blog\/2016\/03\/10\/sonte-marreveshje-per-ndarjen-e-pushtetit-ne-ulqin\/#primaryimage"},"datePublished":"2016-03-10T18:01:31+00:00","dateModified":"2016-03-10T18:01:31+00:00","author":{"@id":"https:\/\/www.visit-ulcinj.com\/blog\/#\/schema\/person\/dcab619c614d3038751c63bc2aadc06d"},"description":"Sonte partit\u00eb shqiptare dhe Partia Demokratike e Socialist\u00ebve do t\u00eb vazhdojn\u00eb bisedimet p\u00ebr formimin e pushtetit t\u00eb ri n\u00eb Ulqin. P\u00ebrve\u00e7 ndarjes s\u00eb posteve","breadcrumb":{"@id":"https:\/\/www.visit-ulcinj.com\/blog\/2016\/03\/10\/sonte-marreveshje-per-ndarjen-e-pushtetit-ne-ulqin\/#breadcrumb"},"inLanguage":"en-US","potentialAction":[{"@type":"ReadAction","target":["https:\/\/www.visit-ulcinj.com\/blog\/2016\/03\/10\/sonte-marreveshje-per-ndarjen-e-pushtetit-ne-ulqin\/"]}]},{"@type":"BreadcrumbList","@id":"https:\/\/www.visit-ulcinj.com\/blog\/2016\/03\/10\/sonte-marreveshje-per-ndarjen-e-pushtetit-ne-ulqin\/#breadcrumb","itemListElement":[{"@type":"ListItem","position":1,"name":"Sonte marr\u00ebveshje p\u00ebr ndarjen e pushtetit n\u00eb Ulqin"}]},{"@type":"Person","@id":"https:\/\/www.visit-ulcinj.com\/blog\/#\/schema\/person\/dcab619c614d3038751c63bc2aadc06d","name":"ulqini","sameAs":["http:\/\/www.visit-ulcinj.com"],"url":"https:\/\/www.visit-ulcinj.com\/blog\/author\/admin\/"}]}},"jetpack_featured_media_url":"","jetpack_sharing_enabled":true,"jetpack_shortlink":"https:\/\/wp.me\/pe6lTn-oLJ","_links":{"self":[{"href":"https:\/\/www.visit-ulcinj.com\/blog\/wp-json\/wp\/v2\/posts\/95215"}],"collection":[{"href":"https:\/\/www.visit-ulcinj.com\/blog\/wp-json\/wp\/v2\/posts"}],"about":[{"href":"https:\/\/www.visit-ulcinj.com\/blog\/wp-json\/wp\/v2\/types\/post"}],"author":[{"embeddable":true,"href":"https:\/\/www.visit-ulcinj.com\/blog\/wp-json\/wp\/v2\/users\/1"}],"replies":[{"embeddable":true,"href":"https:\/\/www.visit-ulcinj.com\/blog\/wp-json\/wp\/v2\/comments?post=95215"}],"version-history":[{"count":1,"href":"https:\/\/www.visit-ulcinj.com\/blog\/wp-json\/wp\/v2\/posts\/95215\/revisions"}],"predecessor-version":[{"id":95217,"href":"https:\/\/www.visit-ulcinj.com\/blog\/wp-json\/wp\/v2\/posts\/95215\/revisions\/95217"}],"wp:attachment":[{"href":"https:\/\/www.visit-ulcinj.com\/blog\/wp-json\/wp\/v2\/media?parent=95215"}],"wp:term":[{"taxonomy":"category","embeddable":true,"href":"https:\/\/www.visit-ulcinj.com\/blog\/wp-json\/wp\/v2\/categories?post=95215"},{"taxonomy":"post_tag","embeddable":true,"href":"https:\/\/www.visit-ulcinj.com\/blog\/wp-json\/wp\/v2\/tags?post=95215"}],"curies":[{"name":"wp","href":"https:\/\/api.w.org\/{rel}","templated":true}]}}