{"id":95221,"date":"2016-03-12T11:06:46","date_gmt":"2016-03-12T10:06:46","guid":{"rendered":"http:\/\/www.visit-ulcinj.com\/blog\/?p=95221"},"modified":"2016-03-13T18:47:13","modified_gmt":"2016-03-13T17:47:13","slug":"ju-disa-burra-politikeberes-ne-ulqin","status":"publish","type":"post","link":"https:\/\/www.visit-ulcinj.com\/blog\/2016\/03\/12\/ju-disa-burra-politikeberes-ne-ulqin\/","title":{"rendered":"Ju \u201d disa  burra politik\u00ebb\u00ebr\u00ebs\u201d n\u00eb Ulqin"},"content":{"rendered":"<p><a href=\"http:\/\/www.visit-ulcinj.com\/blog\/wp-content\/uploads\/2016\/03\/Sadije-Hollaj.jpg\"><img loading=\"lazy\" class=\"alignleft wp-image-95231\" src=\"http:\/\/www.visit-ulcinj.com\/blog\/wp-content\/uploads\/2016\/03\/Sadije-Hollaj.jpg\" alt=\"Sadije Hollaj\" width=\"508\" height=\"508\" srcset=\"https:\/\/www.visit-ulcinj.com\/blog\/wp-content\/uploads\/2016\/03\/Sadije-Hollaj.jpg 960w, https:\/\/www.visit-ulcinj.com\/blog\/wp-content\/uploads\/2016\/03\/Sadije-Hollaj-150x150.jpg 150w, https:\/\/www.visit-ulcinj.com\/blog\/wp-content\/uploads\/2016\/03\/Sadije-Hollaj-300x300.jpg 300w\" sizes=\"(max-width: 508px) 100vw, 508px\" \/><\/a>Nuk mundem dhe nuk dua ma t\u00eb ju mallkoj n\u00eb heshtje Ju \u201ddisa burra politik\u00ebb\u00ebr\u00ebs\u201d n\u00eb Ulqin , q\u00eb pa pardon po shkelni n\u00eb emer t\u00eb politik\u00ebs GRUAN q\u00eb u tregua e sukses\u00ebshme n\u00eb \u00e7do lami t\u00eb jet\u00ebs po edhe n\u00eb politik\u00ebb\u00ebrje dhe VENDIMMARRJE p\u00ebr t\u00eb mir\u00ebn e shoq\u00ebris\u00eb.<\/p>\n<p>Dua t\u00eb flas\u00eb me z\u00eb se ja kam borxh n\u00ebn\u00ebs, motr\u00ebs dhe bij\u00ebs time, por edhe t\u00eb gjitha GRAVE tjera t\u00eb nderuara. Ju \u201cdisa burra politik\u00ebb\u00ebres\u201d n\u00eb Ulqin shum\u00eb po i frigoheni suksesit t\u00eb GRUAS . Ju po mundoheni n\u00eb \u00e7do m\u00ebnyr t&#8217;ia \u201cPERDREDHNI qafen\u201d GRUAS q\u00eb po ju sfidon duke qen\u00eb bashk\u00ebshorte, n\u00eben\u00eb dhe profesionaliste e sukses\u00ebshme n\u00eb pun\u00ebn e vet\u00eb, por edhe udh\u00ebheq\u00ebse e shk\u00eblqyer q\u00eb ju kaloi edhe disa \u201cexpert\u00ebve t\u00eb m\u00ebdhenj\u201d.<\/p>\n<p>GRUAJA d\u00ebshmoi se din t\u00eb punoj\u00eb, t\u00eb bashk\u00ebpunoj , t\u00eb vendos me maturi, duke u ngritur si FENIKS mbi g\u00ebrmadhat q\u00eb Ju lat mbrapa vetit. Ju \u201edisa burra politik\u00ebb\u00ebr\u00ebs\u201d t\u00eb Ulqinit nuk po ndaleni duke e shtypur me \u201e\u00e7izm\u00ebn\u201d e politk\u00ebs GRUAN , \u00e7do her\u00eb q\u00eb ajo d\u00ebshmon suksese me pun\u00ebn e saj p\u00ebr mir\u00ebq\u00ebnjen shoq\u00ebrore.<\/p>\n<p>Po Ju \u201edisa burra politik\u00ebb\u00ebr\u00ebs\u201c n\u00eb Ulqin mundeni te ja \u201d p\u00ebrdredhni qaf\u00ebn \u201c me politik\u00ebn e juaj mjerane, por nuk do t\u00eb mundeni kurr\u00eb te ja humb\u00ebni dinjitetin, emrin e shenjt\u00eb n\u00ebn\u00eb, bashk\u00ebshorte dhe profesionaliste e sukseshme.<\/p>\n<p>Ju pyes Ju \u201edisa burra politik\u00ebb\u00ebr\u00ebs\u201c n\u00eb Ulqin si e shihni ju modelin e GRUAS n\u00eb shoq\u00ebrin ton\u00eb, vet\u00ebm si dekor i bukur pran jush n\u00eb sfilatat politike, si amvise q\u00eb din t\u00eb gatuj peshkun kapama , laknorin apo piten lakuriqe. Po, ne dim dhe duam n\u00eb emer t\u00eb dashuris p\u00ebr famljen ti kryjm me suskses t\u00eb gjitha k\u00ebto pun\u00eb , por ne dim ta punojm\u00eb me sukses edhe profesionin p\u00ebr t\u00eb cilin u shkolluam, dim edhe t\u00eb marrim vendime t\u00eb r\u00ebnd\u00ebsishme p\u00ebr mir\u00ebq\u00ebnien n\u00eb shoq\u00ebri ku jetojm\u00eb, sikur ju t\u00eb na \u201cleshoni rrugen\u201d me respekt.<\/p>\n<p>Nuk \u00e7uditem q\u00eb\u201e Ju disa burra politik\u00ebb\u00ebr\u00ebs\u201c t\u00eb Ulqinit, po veproni n\u00eb k\u00ebt\u00eb m\u00ebnyr\u00eb mjerane e t\u00eb \u00e7oroditur ndaj GRUAS s\u00eb sukses\u00ebshme n\u00eb t\u00eb gjitha sferat e jet\u00ebs, sepse ju nuk dini ndryshe, nuk keni lexu, as nd\u00ebgju q\u00eb nj\u00eb shoq\u00ebri mund t\u00eb ket\u00eb mir\u00ebq\u00ebnje, p\u00ebrparim dhe demokraci, vet\u00ebm aty ku egziston dhe respektohet BARAZIA GJINORE.<\/p>\n<p>Ju \u201edisa burra politik\u00ebber\u00ebs\u201c n\u00eb Ulqin hapeni rrug\u00ebn q\u00eb keni z\u00ebn\u00eb me dhun\u00eb dhe inat, le t\u00eb ECIM SE BASHKU ju dhe ne GRAT\u00cb drejt\u00eb dituris, mir\u00ebkuptimit, dashuris mes njer\u00ebzve, t\u00eb punojm\u00eb s\u00eb bashku p\u00ebr interesat madhore e jo p\u00ebr interesat e inatet personale.<\/p>\n<p>Jemi model p\u00ebr gjeneratat e reja, mos t\u00eb dukemi t\u00eb VEGJEL para tyre.<\/p>\n<p>Dr. Sadije Hollaj<\/p>\n","protected":false},"excerpt":{"rendered":"<p>Nuk mundem dhe nuk dua ma t\u00eb ju mallkoj n\u00eb heshtje Ju \u201ddisa burra politik\u00ebb\u00ebr\u00ebs\u201d n\u00eb Ulqin , q\u00eb pa pardon po shkelni n\u00eb emer t\u00eb politik\u00ebs GRUAN q\u00eb u tregua e sukses\u00ebshme n\u00eb \u00e7do lami t\u00eb jet\u00ebs po edhe n\u00eb politik\u00ebb\u00ebrje dhe VENDIMMARRJE p\u00ebr t\u00eb mir\u00ebn e shoq\u00ebris\u00eb. Dua t\u00eb flas\u00eb me z\u00eb se [&hellip;]<\/p>\n","protected":false},"author":1,"featured_media":0,"comment_status":"closed","ping_status":"closed","sticky":false,"template":"","format":"standard","meta":{"spay_email":"","jetpack_publicize_message":"","jetpack_is_tweetstorm":false,"jetpack_publicize_feature_enabled":true},"categories":[1,14249],"tags":[],"jetpack_publicize_connections":[],"yoast_head":"<!-- This site is optimized with the Yoast SEO plugin v19.1 - https:\/\/yoast.com\/wordpress\/plugins\/seo\/ -->\n<title>Ju \u201d disa burra politik\u00ebb\u00ebr\u00ebs\u201d n\u00eb Ulqin - Lajme nga Ulqini<\/title>\n<meta name=\"description\" content=\"Nuk mundem dhe nuk dua ma t\u00eb ju mallkoj n\u00eb heshtje Ju \u201ddisa burra politik\u00ebb\u00ebr\u00ebs\u201d n\u00eb Ulqin , q\u00eb pa pardon po shkelni n\u00eb emer t\u00eb politik\u00ebs GRUAN q\u00eb u tregua\" \/>\n<meta name=\"robots\" content=\"index, follow, max-snippet:-1, max-image-preview:large, max-video-preview:-1\" \/>\n<link rel=\"canonical\" href=\"https:\/\/www.visit-ulcinj.com\/blog\/2016\/03\/12\/ju-disa-burra-politikeberes-ne-ulqin\/\" \/>\n<meta property=\"og:locale\" content=\"en_US\" \/>\n<meta property=\"og:type\" content=\"article\" \/>\n<meta property=\"og:title\" content=\"Ju \u201d disa burra politik\u00ebb\u00ebr\u00ebs\u201d n\u00eb Ulqin - Lajme nga Ulqini\" \/>\n<meta property=\"og:description\" content=\"Nuk mundem dhe nuk dua ma t\u00eb ju mallkoj n\u00eb heshtje Ju \u201ddisa burra politik\u00ebb\u00ebr\u00ebs\u201d n\u00eb Ulqin , q\u00eb pa pardon po shkelni n\u00eb emer t\u00eb politik\u00ebs GRUAN q\u00eb u tregua\" \/>\n<meta property=\"og:url\" content=\"https:\/\/www.visit-ulcinj.com\/blog\/2016\/03\/12\/ju-disa-burra-politikeberes-ne-ulqin\/\" \/>\n<meta property=\"og:site_name\" content=\"Lajme nga Ulqini\" \/>\n<meta property=\"article:published_time\" content=\"2016-03-12T10:06:46+00:00\" \/>\n<meta property=\"article:modified_time\" content=\"2016-03-13T17:47:13+00:00\" \/>\n<meta property=\"og:image\" content=\"http:\/\/www.visit-ulcinj.com\/blog\/wp-content\/uploads\/2016\/03\/Sadije-Hollaj.jpg\" \/>\n<meta name=\"twitter:label1\" content=\"Written by\" \/>\n\t<meta name=\"twitter:data1\" content=\"ulqini\" \/>\n\t<meta name=\"twitter:label2\" content=\"Est. reading time\" \/>\n\t<meta name=\"twitter:data2\" content=\"3 minutes\" \/>\n<script type=\"application\/ld+json\" class=\"yoast-schema-graph\">{\"@context\":\"https:\/\/schema.org\",\"@graph\":[{\"@type\":\"WebSite\",\"@id\":\"https:\/\/www.visit-ulcinj.com\/blog\/#website\",\"url\":\"https:\/\/www.visit-ulcinj.com\/blog\/\",\"name\":\"Lajme nga Ulqini\",\"description\":\"Lajme,Vijesti,Ulqini,Ulqin,Crna Gora,Mali i Zi\",\"potentialAction\":[{\"@type\":\"SearchAction\",\"target\":{\"@type\":\"EntryPoint\",\"urlTemplate\":\"https:\/\/www.visit-ulcinj.com\/blog\/?s={search_term_string}\"},\"query-input\":\"required name=search_term_string\"}],\"inLanguage\":\"en-US\"},{\"@type\":\"ImageObject\",\"inLanguage\":\"en-US\",\"@id\":\"https:\/\/www.visit-ulcinj.com\/blog\/2016\/03\/12\/ju-disa-burra-politikeberes-ne-ulqin\/#primaryimage\",\"url\":\"https:\/\/www.visit-ulcinj.com\/blog\/wp-content\/uploads\/2016\/03\/Sadije-Hollaj.jpg\",\"contentUrl\":\"https:\/\/www.visit-ulcinj.com\/blog\/wp-content\/uploads\/2016\/03\/Sadije-Hollaj.jpg\",\"width\":960,\"height\":960},{\"@type\":\"WebPage\",\"@id\":\"https:\/\/www.visit-ulcinj.com\/blog\/2016\/03\/12\/ju-disa-burra-politikeberes-ne-ulqin\/#webpage\",\"url\":\"https:\/\/www.visit-ulcinj.com\/blog\/2016\/03\/12\/ju-disa-burra-politikeberes-ne-ulqin\/\",\"name\":\"Ju \u201d disa burra politik\u00ebb\u00ebr\u00ebs\u201d n\u00eb Ulqin - Lajme nga Ulqini\",\"isPartOf\":{\"@id\":\"https:\/\/www.visit-ulcinj.com\/blog\/#website\"},\"primaryImageOfPage\":{\"@id\":\"https:\/\/www.visit-ulcinj.com\/blog\/2016\/03\/12\/ju-disa-burra-politikeberes-ne-ulqin\/#primaryimage\"},\"datePublished\":\"2016-03-12T10:06:46+00:00\",\"dateModified\":\"2016-03-13T17:47:13+00:00\",\"author\":{\"@id\":\"https:\/\/www.visit-ulcinj.com\/blog\/#\/schema\/person\/dcab619c614d3038751c63bc2aadc06d\"},\"description\":\"Nuk mundem dhe nuk dua ma t\u00eb ju mallkoj n\u00eb heshtje Ju \u201ddisa burra politik\u00ebb\u00ebr\u00ebs\u201d n\u00eb Ulqin , q\u00eb pa pardon po shkelni n\u00eb emer t\u00eb politik\u00ebs GRUAN q\u00eb u tregua\",\"breadcrumb\":{\"@id\":\"https:\/\/www.visit-ulcinj.com\/blog\/2016\/03\/12\/ju-disa-burra-politikeberes-ne-ulqin\/#breadcrumb\"},\"inLanguage\":\"en-US\",\"potentialAction\":[{\"@type\":\"ReadAction\",\"target\":[\"https:\/\/www.visit-ulcinj.com\/blog\/2016\/03\/12\/ju-disa-burra-politikeberes-ne-ulqin\/\"]}]},{\"@type\":\"BreadcrumbList\",\"@id\":\"https:\/\/www.visit-ulcinj.com\/blog\/2016\/03\/12\/ju-disa-burra-politikeberes-ne-ulqin\/#breadcrumb\",\"itemListElement\":[{\"@type\":\"ListItem\",\"position\":1,\"name\":\"Ju \u201d disa burra politik\u00ebb\u00ebr\u00ebs\u201d n\u00eb Ulqin\"}]},{\"@type\":\"Person\",\"@id\":\"https:\/\/www.visit-ulcinj.com\/blog\/#\/schema\/person\/dcab619c614d3038751c63bc2aadc06d\",\"name\":\"ulqini\",\"sameAs\":[\"http:\/\/www.visit-ulcinj.com\"],\"url\":\"https:\/\/www.visit-ulcinj.com\/blog\/author\/admin\/\"}]}<\/script>\n<!-- \/ Yoast SEO plugin. -->","yoast_head_json":{"title":"Ju \u201d disa burra politik\u00ebb\u00ebr\u00ebs\u201d n\u00eb Ulqin - Lajme nga Ulqini","description":"Nuk mundem dhe nuk dua ma t\u00eb ju mallkoj n\u00eb heshtje Ju \u201ddisa burra politik\u00ebb\u00ebr\u00ebs\u201d n\u00eb Ulqin , q\u00eb pa pardon po shkelni n\u00eb emer t\u00eb politik\u00ebs GRUAN q\u00eb u tregua","robots":{"index":"index","follow":"follow","max-snippet":"max-snippet:-1","max-image-preview":"max-image-preview:large","max-video-preview":"max-video-preview:-1"},"canonical":"https:\/\/www.visit-ulcinj.com\/blog\/2016\/03\/12\/ju-disa-burra-politikeberes-ne-ulqin\/","og_locale":"en_US","og_type":"article","og_title":"Ju \u201d disa burra politik\u00ebb\u00ebr\u00ebs\u201d n\u00eb Ulqin - Lajme nga Ulqini","og_description":"Nuk mundem dhe nuk dua ma t\u00eb ju mallkoj n\u00eb heshtje Ju \u201ddisa burra politik\u00ebb\u00ebr\u00ebs\u201d n\u00eb Ulqin , q\u00eb pa pardon po shkelni n\u00eb emer t\u00eb politik\u00ebs GRUAN q\u00eb u tregua","og_url":"https:\/\/www.visit-ulcinj.com\/blog\/2016\/03\/12\/ju-disa-burra-politikeberes-ne-ulqin\/","og_site_name":"Lajme nga Ulqini","article_published_time":"2016-03-12T10:06:46+00:00","article_modified_time":"2016-03-13T17:47:13+00:00","og_image":[{"url":"http:\/\/www.visit-ulcinj.com\/blog\/wp-content\/uploads\/2016\/03\/Sadije-Hollaj.jpg"}],"twitter_misc":{"Written by":"ulqini","Est. reading time":"3 minutes"},"schema":{"@context":"https:\/\/schema.org","@graph":[{"@type":"WebSite","@id":"https:\/\/www.visit-ulcinj.com\/blog\/#website","url":"https:\/\/www.visit-ulcinj.com\/blog\/","name":"Lajme nga Ulqini","description":"Lajme,Vijesti,Ulqini,Ulqin,Crna Gora,Mali i Zi","potentialAction":[{"@type":"SearchAction","target":{"@type":"EntryPoint","urlTemplate":"https:\/\/www.visit-ulcinj.com\/blog\/?s={search_term_string}"},"query-input":"required name=search_term_string"}],"inLanguage":"en-US"},{"@type":"ImageObject","inLanguage":"en-US","@id":"https:\/\/www.visit-ulcinj.com\/blog\/2016\/03\/12\/ju-disa-burra-politikeberes-ne-ulqin\/#primaryimage","url":"https:\/\/www.visit-ulcinj.com\/blog\/wp-content\/uploads\/2016\/03\/Sadije-Hollaj.jpg","contentUrl":"https:\/\/www.visit-ulcinj.com\/blog\/wp-content\/uploads\/2016\/03\/Sadije-Hollaj.jpg","width":960,"height":960},{"@type":"WebPage","@id":"https:\/\/www.visit-ulcinj.com\/blog\/2016\/03\/12\/ju-disa-burra-politikeberes-ne-ulqin\/#webpage","url":"https:\/\/www.visit-ulcinj.com\/blog\/2016\/03\/12\/ju-disa-burra-politikeberes-ne-ulqin\/","name":"Ju \u201d disa burra politik\u00ebb\u00ebr\u00ebs\u201d n\u00eb Ulqin - Lajme nga Ulqini","isPartOf":{"@id":"https:\/\/www.visit-ulcinj.com\/blog\/#website"},"primaryImageOfPage":{"@id":"https:\/\/www.visit-ulcinj.com\/blog\/2016\/03\/12\/ju-disa-burra-politikeberes-ne-ulqin\/#primaryimage"},"datePublished":"2016-03-12T10:06:46+00:00","dateModified":"2016-03-13T17:47:13+00:00","author":{"@id":"https:\/\/www.visit-ulcinj.com\/blog\/#\/schema\/person\/dcab619c614d3038751c63bc2aadc06d"},"description":"Nuk mundem dhe nuk dua ma t\u00eb ju mallkoj n\u00eb heshtje Ju \u201ddisa burra politik\u00ebb\u00ebr\u00ebs\u201d n\u00eb Ulqin , q\u00eb pa pardon po shkelni n\u00eb emer t\u00eb politik\u00ebs GRUAN q\u00eb u tregua","breadcrumb":{"@id":"https:\/\/www.visit-ulcinj.com\/blog\/2016\/03\/12\/ju-disa-burra-politikeberes-ne-ulqin\/#breadcrumb"},"inLanguage":"en-US","potentialAction":[{"@type":"ReadAction","target":["https:\/\/www.visit-ulcinj.com\/blog\/2016\/03\/12\/ju-disa-burra-politikeberes-ne-ulqin\/"]}]},{"@type":"BreadcrumbList","@id":"https:\/\/www.visit-ulcinj.com\/blog\/2016\/03\/12\/ju-disa-burra-politikeberes-ne-ulqin\/#breadcrumb","itemListElement":[{"@type":"ListItem","position":1,"name":"Ju \u201d disa burra politik\u00ebb\u00ebr\u00ebs\u201d n\u00eb Ulqin"}]},{"@type":"Person","@id":"https:\/\/www.visit-ulcinj.com\/blog\/#\/schema\/person\/dcab619c614d3038751c63bc2aadc06d","name":"ulqini","sameAs":["http:\/\/www.visit-ulcinj.com"],"url":"https:\/\/www.visit-ulcinj.com\/blog\/author\/admin\/"}]}},"jetpack_featured_media_url":"","jetpack_sharing_enabled":true,"jetpack_shortlink":"https:\/\/wp.me\/pe6lTn-oLP","_links":{"self":[{"href":"https:\/\/www.visit-ulcinj.com\/blog\/wp-json\/wp\/v2\/posts\/95221"}],"collection":[{"href":"https:\/\/www.visit-ulcinj.com\/blog\/wp-json\/wp\/v2\/posts"}],"about":[{"href":"https:\/\/www.visit-ulcinj.com\/blog\/wp-json\/wp\/v2\/types\/post"}],"author":[{"embeddable":true,"href":"https:\/\/www.visit-ulcinj.com\/blog\/wp-json\/wp\/v2\/users\/1"}],"replies":[{"embeddable":true,"href":"https:\/\/www.visit-ulcinj.com\/blog\/wp-json\/wp\/v2\/comments?post=95221"}],"version-history":[{"count":3,"href":"https:\/\/www.visit-ulcinj.com\/blog\/wp-json\/wp\/v2\/posts\/95221\/revisions"}],"predecessor-version":[{"id":95233,"href":"https:\/\/www.visit-ulcinj.com\/blog\/wp-json\/wp\/v2\/posts\/95221\/revisions\/95233"}],"wp:attachment":[{"href":"https:\/\/www.visit-ulcinj.com\/blog\/wp-json\/wp\/v2\/media?parent=95221"}],"wp:term":[{"taxonomy":"category","embeddable":true,"href":"https:\/\/www.visit-ulcinj.com\/blog\/wp-json\/wp\/v2\/categories?post=95221"},{"taxonomy":"post_tag","embeddable":true,"href":"https:\/\/www.visit-ulcinj.com\/blog\/wp-json\/wp\/v2\/tags?post=95221"}],"curies":[{"name":"wp","href":"https:\/\/api.w.org\/{rel}","templated":true}]}}