{"id":95224,"date":"2016-03-12T11:13:32","date_gmt":"2016-03-12T10:13:32","guid":{"rendered":"http:\/\/www.visit-ulcinj.com\/blog\/?p=95224"},"modified":"2016-03-12T11:13:32","modified_gmt":"2016-03-12T10:13:32","slug":"plani-per-zonen-bregdetare-nuk-eshte-ne-interes-te-ulqinit","status":"publish","type":"post","link":"https:\/\/www.visit-ulcinj.com\/blog\/2016\/03\/12\/plani-per-zonen-bregdetare-nuk-eshte-ne-interes-te-ulqinit\/","title":{"rendered":"Plani p\u00ebr zon\u00ebn bregdetare nuk \u00ebsht\u00eb n\u00eb interes t\u00eb Ulqinit"},"content":{"rendered":"<p><strong><em><a href=\"http:\/\/www.visit-ulcinj.com\/blog\/wp-content\/uploads\/2016\/03\/Omer-Bajraktari-URA-ULQIN.jpg\"><img loading=\"lazy\" class=\"alignleft wp-image-95225\" src=\"http:\/\/www.visit-ulcinj.com\/blog\/wp-content\/uploads\/2016\/03\/Omer-Bajraktari-URA-ULQIN.jpg\" alt=\"Omer-Bajraktari-URA-ULQIN\" width=\"508\" height=\"381\" srcset=\"https:\/\/www.visit-ulcinj.com\/blog\/wp-content\/uploads\/2016\/03\/Omer-Bajraktari-URA-ULQIN.jpg 640w, https:\/\/www.visit-ulcinj.com\/blog\/wp-content\/uploads\/2016\/03\/Omer-Bajraktari-URA-ULQIN-300x225.jpg 300w\" sizes=\"(max-width: 508px) 100vw, 508px\" \/><\/a>N\u00eb hap\u00ebsirat e K\u00ebshillit komunal t\u00eb L\u00ebvizjes qytetare URA u mbajt konferenca p\u00ebr gazetar\u00eb me rastin e p\u00ebrfundimit t\u00eb shqyrtimit publik p\u00ebr Draftin e Planit hap\u00ebsinor me dedikim t\u00eb ve\u00e7ant\u00eb p\u00ebr zon\u00ebn bregdetare.<\/em><\/strong><\/p>\n<p><em>Integralisht e p\u00ebrcjellim fjalimin e kryetarit t\u00eb k\u00ebsaj parti n\u00eb Ulqin Omer Bajraktarit.<\/em><\/p>\n<p>Drafti i planit hap\u00ebsinor me dedikim t\u00eb ve\u00e7ant\u00eb p\u00ebr bregdetin e Malit t\u00eb Zi nuk p\u00ebrputhet me interesat zhvillimore t\u00eb Komun\u00ebs s\u00eb Ulqinit. Ky dokument n\u00eb k\u00ebt\u00eb form\u00eb, \u00ebsht\u00eb vet\u00ebm n\u00eb interes t\u00eb disa grupeve t\u00eb interesit, q\u00ebllimi kryesor i t\u00eb cil\u00ebve nuk \u00ebsht\u00eb zhvillimi i q\u00ebndruesh\u00ebm dhe i p\u00ebrgjegjsh\u00ebm i k\u00ebsaj komune, n\u00eb funksion t\u00eb t\u00eb gjith\u00eb qytetar\u00ebve t\u00eb saj, gj\u00eb q\u00eb \u00ebsht\u00eb v\u00ebrtetuar shum\u00eb her\u00eb gjat\u00eb viteve t\u00eb fundit, por vet\u00ebm zhvillimi spekulativ n\u00eb interes t\u00eb disa personave. Si argument i k\u00ebsaj do t\u2019i p\u00ebrmendi vet\u00ebm dy fakte: numri i banor\u00ebve vazhdimisht \u00ebsht\u00eb n\u00eb r\u00ebnie, nd\u00ebrsa papun\u00ebsia \u00ebsht\u00eb n\u00eb rritje konstante dhe \u00ebsht\u00eb nd\u00ebr m\u00eb t\u00eb m\u00ebdhat\u00eb n\u00eb Mal t\u00eb Zi.<\/p>\n<p><strong>Ky draft plani do t\u00eb krijonte nj\u00eb kaos urbanistik n\u00eb Ulqin<\/strong>. Kjo do t\u00eb ndodhte sepse ky plan nuk \u00ebsht\u00eb i harmonizuar me planin hap\u00ebsinor t\u00eb Ulqinit.<\/p>\n<p>Poashtu, nuk jan\u00eb shqyrtuar fare v\u00ebrejtjet e komun\u00ebs s\u00eb Ulqinit n\u00eb k\u00ebt\u00eb plan,\u00a0 p\u00ebrfundimet e Kuvendit Komunal t\u00eb Ulqinit q\u00eb jan\u00eb miratuar nj\u00ebz\u00ebri, si dhe propozimi i Planit strategjik t\u00eb zhvillimit t\u00eb Komun\u00ebs s\u00eb Ulqinit.<\/p>\n<p>M\u00ebnyra e referimit t\u00eb p\u00ebrpunuesit dhe Ministris\u00eb ndaj k\u00ebrkesave dhe interesave t\u00eb komun\u00ebs s\u00eb Ulqinit \u00ebsht\u00eb posht\u00ebruese p\u00ebr ne.<\/p>\n<p>Pa implementimin e k\u00ebrkesave strategjike p\u00ebr komun\u00ebn ton\u00eb, t\u00eb cilat jan\u00eb n\u00eb funksion t\u00eb zhvillimit t\u00eb q\u00ebndruesh\u00ebm dhe t\u00eb t\u00eb gjith\u00eb qytetar\u00ebve, ky plan do t\u00eb ket\u00eb efekte t\u00eb d\u00ebmshme dhe do ishte n\u00eb funksion t\u00eb vazhdimit t\u00eb rr\u00ebnimit t\u00eb komun\u00ebs ton\u00eb.<\/p>\n<p>V\u00ebrejtjet t\u00eb cilat i kemi dor\u00ebzuar n\u00eb lidhje me k\u00ebt\u00eb plan i referohen zon\u00ebs s\u00eb t\u00eb mirave detare, Valdanosit, Kripores, Plazhit t\u00eb Madh, Kalas\u00eb, komunikacionit.<\/p>\n<p><strong>Pse zona e t\u00eb mirave detare?<\/strong>\u00a0 Sepse ne mendojm\u00eb se ajo \u00ebsht\u00eb ndalesa m\u00eb e madhe e shfryt\u00ebzimit t\u00eb resurseve ton\u00eb n\u00eb funksion t\u00eb zhvillimit ekonomik. Qeveria e Malit t\u00eb Zi, p\u00ebrmes nd\u00ebrmarrjes publike T\u00eb Mirat Detare, menaxhon mbi 33 milion met\u00ebr katror\u00eb t\u00eb resurseve m\u00eb t\u00eb vlefshme t\u00eb Ulqinit.<\/p>\n<p>P\u00ebr k\u00ebt\u00eb k\u00ebrkojm\u00eb q\u00eb kufiri i k\u00ebsaj zone, i cili ka karakter diskriminues, mos t\u00eb p\u00ebrfshihet me k\u00ebt\u00eb plan deri sa t\u00eb aprovohet ligji i ri dhe t\u00eb p\u00ebrcaktohet kufiri i ri i t\u00eb mirave detare. Si argument i k\u00ebsaj \u00ebsht\u00eb edhe se n\u00eb pjes\u00ebn tekstuale t\u00eb planit, t\u00eb mirat detare definohen me ligj t\u00eb paaprovuar, por edhe fakti se plani hap\u00ebsinor me dedikim t\u00eb ve\u00e7ant\u00eb p\u00ebr t\u00eb mirat detare shfuqizohet me k\u00ebt\u00eb plan i cili po ashtu e p\u00ebrcakton k\u00ebt\u00eb kufi.<\/p>\n<p><strong>Sa i takon hap\u00ebsir\u00ebs s\u00eb Kripores<\/strong>, k\u00ebrkojm\u00eb q\u00eb rrept\u00ebsisht kjo hap\u00ebsir\u00eb t\u00eb mbrohet, apo t\u00eb fshihet nga t\u00eb gjitha pjes\u00ebt e planit q\u00eb parashohin valorizimin turistik t\u00eb saj me 1500 shtret\u00ebr. E vetmja zgjidhje p\u00ebr Kriporen \u00ebsht\u00eb mbrojtja e saj e cila n\u00ebnkupton prodhimin e krip\u00ebs \u00a0me aktivitetet tjera komplementare. Poashtu, k\u00ebrkojm\u00eb q\u00eb Studimi mbi mbrojtjen e kripores t\u00eb jet\u00eb pjes\u00eb p\u00ebrb\u00ebr\u00ebse e k\u00ebtij plani.<\/p>\n<p><strong>P\u00ebr hap\u00ebsir\u00ebn e Valdanosit<\/strong> k\u00ebrkojm\u00eb q\u00eb nga t\u00eb gjitha pjes\u00ebt e planit t\u00eb fshihet shenji D2, q\u00eb n\u00ebnkupton betonizimin e k\u00ebtij lokaliteti me 900 shtret\u00ebr, si dhe shfuqizimin e studimit t\u00eb lokacionit shtet\u00ebror \u201eValdanos\u201c, i cili absolutisht nuk \u00ebsht\u00eb n\u00eb interes t\u00eb komun\u00ebs s\u00eb Ulqinit. E vetmja zgjidhje p\u00ebr k\u00ebt\u00eb hap\u00ebsir\u00eb \u00ebsht\u00eb qend\u00ebr ekologjike p\u00ebr v\u00ebzhgimin e natyr\u00ebs, arg\u00ebtim, sport si dhe p\u00ebr bujq\u00ebsi.<\/p>\n<p><strong>P\u00ebr hap\u00ebsir\u00ebn e Plazhit t\u00eb Madh<\/strong> k\u00ebrkojm\u00eb t\u00eb implementohet i nj\u00ebjti model q\u00eb \u00ebsht\u00eb i p\u00ebrmbajtur n\u00eb Master Planin e zhvillimit t\u00eb Plazhit t\u00eb Madh, si dhe rritja e kapaciteteve turistike, sepse p\u00ebr komun\u00ebn e Ulqinit me k\u00ebt\u00eb plan jan\u00eb parapar\u00eb 7.921 shtret\u00ebr n\u00eb hoteleri, e kjo \u00ebsht\u00eb tri her\u00eb m\u00eb pak se sa n\u00eb Budv\u00eb, q\u00eb mendoj se nuk i p\u00ebrshtatet resurseve t\u00eb komun\u00ebs ton\u00eb.<\/p>\n<p><strong>Poashtu kemi dh\u00ebn\u00eb v\u00ebrejtjen n\u00eb lidhje me trajtimin e Kalas\u00eb<\/strong> ku kemi k\u00ebrkuar q\u00eb ky monument t\u00eb klasifikohet n\u00eb lokalitetet me r\u00ebnd\u00ebsi nd\u00ebrkomb\u00ebtare kulturore, sepse e dim\u00eb q\u00eb \u00ebsht\u00eb nisur procedura e aplikimit p\u00ebr UNESCO.<\/p>\n<p>T\u00eb nderuar qytetar\u00eb,<\/p>\n<p>K\u00ebto dit\u00eb jemi d\u00ebshmitar se ky plan ka shum\u00eb mungesa dhe papajtueshm\u00ebri, jo vet\u00ebm p\u00ebr komun\u00ebn ton\u00eb, por edhe p\u00ebr komunat tjera bregdetare. P\u00ebr k\u00ebt\u00eb ne mendojm\u00eb se qeveria duhet ta t\u00ebrheq nga procedura. Poashtu duhet m\u00eb nj\u00eb seriozitet t\u00eb shqyrtohen komentet dhe v\u00ebrejtjet, por q\u00eb mbas shqyrtimit t\u00eb tyre nuk duhet t\u00eb dilet me Propozim e planit, por t\u00eb organizohen p\u00ebrs\u00ebri shqyrtime publike me qytetar\u00eb, n\u00eb t\u00eb cilat u kishin komentuar v\u00ebrejtjet n\u00eb k\u00ebt\u00eb plan.<\/p>\n<p>UL.INFO<\/p>\n","protected":false},"excerpt":{"rendered":"<p>N\u00eb hap\u00ebsirat e K\u00ebshillit komunal t\u00eb L\u00ebvizjes qytetare URA u mbajt konferenca p\u00ebr gazetar\u00eb me rastin e p\u00ebrfundimit t\u00eb shqyrtimit publik p\u00ebr Draftin e Planit hap\u00ebsinor me dedikim t\u00eb ve\u00e7ant\u00eb p\u00ebr zon\u00ebn bregdetare. Integralisht e p\u00ebrcjellim fjalimin e kryetarit t\u00eb k\u00ebsaj parti n\u00eb Ulqin Omer Bajraktarit. Drafti i planit hap\u00ebsinor me dedikim t\u00eb ve\u00e7ant\u00eb p\u00ebr [&hellip;]<\/p>\n","protected":false},"author":1,"featured_media":0,"comment_status":"closed","ping_status":"closed","sticky":false,"template":"","format":"standard","meta":{"spay_email":"","jetpack_publicize_message":"","jetpack_is_tweetstorm":false,"jetpack_publicize_feature_enabled":true},"categories":[6],"tags":[],"jetpack_publicize_connections":[],"yoast_head":"<!-- This site is optimized with the Yoast SEO plugin v19.1 - https:\/\/yoast.com\/wordpress\/plugins\/seo\/ -->\n<title>Plani p\u00ebr zon\u00ebn bregdetare nuk \u00ebsht\u00eb n\u00eb interes t\u00eb Ulqinit - Lajme nga Ulqini<\/title>\n<meta name=\"description\" content=\"N\u00eb hap\u00ebsirat e K\u00ebshillit komunal t\u00eb L\u00ebvizjes qytetare URA u mbajt konferenca p\u00ebr gazetar\u00eb me rastin e p\u00ebrfundimit t\u00eb shqyrtimit publik p\u00ebr Draftin e\" \/>\n<meta name=\"robots\" content=\"index, follow, max-snippet:-1, max-image-preview:large, max-video-preview:-1\" \/>\n<link rel=\"canonical\" href=\"https:\/\/www.visit-ulcinj.com\/blog\/2016\/03\/12\/plani-per-zonen-bregdetare-nuk-eshte-ne-interes-te-ulqinit\/\" \/>\n<meta property=\"og:locale\" content=\"en_US\" \/>\n<meta property=\"og:type\" content=\"article\" \/>\n<meta property=\"og:title\" content=\"Plani p\u00ebr zon\u00ebn bregdetare nuk \u00ebsht\u00eb n\u00eb interes t\u00eb Ulqinit - Lajme nga Ulqini\" \/>\n<meta property=\"og:description\" content=\"N\u00eb hap\u00ebsirat e K\u00ebshillit komunal t\u00eb L\u00ebvizjes qytetare URA u mbajt konferenca p\u00ebr gazetar\u00eb me rastin e p\u00ebrfundimit t\u00eb shqyrtimit publik p\u00ebr Draftin e\" \/>\n<meta property=\"og:url\" content=\"https:\/\/www.visit-ulcinj.com\/blog\/2016\/03\/12\/plani-per-zonen-bregdetare-nuk-eshte-ne-interes-te-ulqinit\/\" \/>\n<meta property=\"og:site_name\" content=\"Lajme nga Ulqini\" \/>\n<meta property=\"article:published_time\" content=\"2016-03-12T10:13:32+00:00\" \/>\n<meta property=\"og:image\" content=\"http:\/\/www.visit-ulcinj.com\/blog\/wp-content\/uploads\/2016\/03\/Omer-Bajraktari-URA-ULQIN.jpg\" \/>\n<meta name=\"twitter:label1\" content=\"Written by\" \/>\n\t<meta name=\"twitter:data1\" content=\"ulqini\" \/>\n\t<meta name=\"twitter:label2\" content=\"Est. reading time\" \/>\n\t<meta name=\"twitter:data2\" content=\"5 minutes\" \/>\n<script type=\"application\/ld+json\" class=\"yoast-schema-graph\">{\"@context\":\"https:\/\/schema.org\",\"@graph\":[{\"@type\":\"WebSite\",\"@id\":\"https:\/\/www.visit-ulcinj.com\/blog\/#website\",\"url\":\"https:\/\/www.visit-ulcinj.com\/blog\/\",\"name\":\"Lajme nga Ulqini\",\"description\":\"Lajme,Vijesti,Ulqini,Ulqin,Crna Gora,Mali i Zi\",\"potentialAction\":[{\"@type\":\"SearchAction\",\"target\":{\"@type\":\"EntryPoint\",\"urlTemplate\":\"https:\/\/www.visit-ulcinj.com\/blog\/?s={search_term_string}\"},\"query-input\":\"required name=search_term_string\"}],\"inLanguage\":\"en-US\"},{\"@type\":\"ImageObject\",\"inLanguage\":\"en-US\",\"@id\":\"https:\/\/www.visit-ulcinj.com\/blog\/2016\/03\/12\/plani-per-zonen-bregdetare-nuk-eshte-ne-interes-te-ulqinit\/#primaryimage\",\"url\":\"https:\/\/www.visit-ulcinj.com\/blog\/wp-content\/uploads\/2016\/03\/Omer-Bajraktari-URA-ULQIN.jpg\",\"contentUrl\":\"https:\/\/www.visit-ulcinj.com\/blog\/wp-content\/uploads\/2016\/03\/Omer-Bajraktari-URA-ULQIN.jpg\",\"width\":640,\"height\":480},{\"@type\":\"WebPage\",\"@id\":\"https:\/\/www.visit-ulcinj.com\/blog\/2016\/03\/12\/plani-per-zonen-bregdetare-nuk-eshte-ne-interes-te-ulqinit\/#webpage\",\"url\":\"https:\/\/www.visit-ulcinj.com\/blog\/2016\/03\/12\/plani-per-zonen-bregdetare-nuk-eshte-ne-interes-te-ulqinit\/\",\"name\":\"Plani p\u00ebr zon\u00ebn bregdetare nuk \u00ebsht\u00eb n\u00eb interes t\u00eb Ulqinit - Lajme nga Ulqini\",\"isPartOf\":{\"@id\":\"https:\/\/www.visit-ulcinj.com\/blog\/#website\"},\"primaryImageOfPage\":{\"@id\":\"https:\/\/www.visit-ulcinj.com\/blog\/2016\/03\/12\/plani-per-zonen-bregdetare-nuk-eshte-ne-interes-te-ulqinit\/#primaryimage\"},\"datePublished\":\"2016-03-12T10:13:32+00:00\",\"dateModified\":\"2016-03-12T10:13:32+00:00\",\"author\":{\"@id\":\"https:\/\/www.visit-ulcinj.com\/blog\/#\/schema\/person\/dcab619c614d3038751c63bc2aadc06d\"},\"description\":\"N\u00eb hap\u00ebsirat e K\u00ebshillit komunal t\u00eb L\u00ebvizjes qytetare URA u mbajt konferenca p\u00ebr gazetar\u00eb me rastin e p\u00ebrfundimit t\u00eb shqyrtimit publik p\u00ebr Draftin e\",\"breadcrumb\":{\"@id\":\"https:\/\/www.visit-ulcinj.com\/blog\/2016\/03\/12\/plani-per-zonen-bregdetare-nuk-eshte-ne-interes-te-ulqinit\/#breadcrumb\"},\"inLanguage\":\"en-US\",\"potentialAction\":[{\"@type\":\"ReadAction\",\"target\":[\"https:\/\/www.visit-ulcinj.com\/blog\/2016\/03\/12\/plani-per-zonen-bregdetare-nuk-eshte-ne-interes-te-ulqinit\/\"]}]},{\"@type\":\"BreadcrumbList\",\"@id\":\"https:\/\/www.visit-ulcinj.com\/blog\/2016\/03\/12\/plani-per-zonen-bregdetare-nuk-eshte-ne-interes-te-ulqinit\/#breadcrumb\",\"itemListElement\":[{\"@type\":\"ListItem\",\"position\":1,\"name\":\"Plani p\u00ebr zon\u00ebn bregdetare nuk \u00ebsht\u00eb n\u00eb interes t\u00eb Ulqinit\"}]},{\"@type\":\"Person\",\"@id\":\"https:\/\/www.visit-ulcinj.com\/blog\/#\/schema\/person\/dcab619c614d3038751c63bc2aadc06d\",\"name\":\"ulqini\",\"sameAs\":[\"http:\/\/www.visit-ulcinj.com\"],\"url\":\"https:\/\/www.visit-ulcinj.com\/blog\/author\/admin\/\"}]}<\/script>\n<!-- \/ Yoast SEO plugin. -->","yoast_head_json":{"title":"Plani p\u00ebr zon\u00ebn bregdetare nuk \u00ebsht\u00eb n\u00eb interes t\u00eb Ulqinit - Lajme nga Ulqini","description":"N\u00eb hap\u00ebsirat e K\u00ebshillit komunal t\u00eb L\u00ebvizjes qytetare URA u mbajt konferenca p\u00ebr gazetar\u00eb me rastin e p\u00ebrfundimit t\u00eb shqyrtimit publik p\u00ebr Draftin e","robots":{"index":"index","follow":"follow","max-snippet":"max-snippet:-1","max-image-preview":"max-image-preview:large","max-video-preview":"max-video-preview:-1"},"canonical":"https:\/\/www.visit-ulcinj.com\/blog\/2016\/03\/12\/plani-per-zonen-bregdetare-nuk-eshte-ne-interes-te-ulqinit\/","og_locale":"en_US","og_type":"article","og_title":"Plani p\u00ebr zon\u00ebn bregdetare nuk \u00ebsht\u00eb n\u00eb interes t\u00eb Ulqinit - Lajme nga Ulqini","og_description":"N\u00eb hap\u00ebsirat e K\u00ebshillit komunal t\u00eb L\u00ebvizjes qytetare URA u mbajt konferenca p\u00ebr gazetar\u00eb me rastin e p\u00ebrfundimit t\u00eb shqyrtimit publik p\u00ebr Draftin e","og_url":"https:\/\/www.visit-ulcinj.com\/blog\/2016\/03\/12\/plani-per-zonen-bregdetare-nuk-eshte-ne-interes-te-ulqinit\/","og_site_name":"Lajme nga Ulqini","article_published_time":"2016-03-12T10:13:32+00:00","og_image":[{"url":"http:\/\/www.visit-ulcinj.com\/blog\/wp-content\/uploads\/2016\/03\/Omer-Bajraktari-URA-ULQIN.jpg"}],"twitter_misc":{"Written by":"ulqini","Est. reading time":"5 minutes"},"schema":{"@context":"https:\/\/schema.org","@graph":[{"@type":"WebSite","@id":"https:\/\/www.visit-ulcinj.com\/blog\/#website","url":"https:\/\/www.visit-ulcinj.com\/blog\/","name":"Lajme nga Ulqini","description":"Lajme,Vijesti,Ulqini,Ulqin,Crna Gora,Mali i Zi","potentialAction":[{"@type":"SearchAction","target":{"@type":"EntryPoint","urlTemplate":"https:\/\/www.visit-ulcinj.com\/blog\/?s={search_term_string}"},"query-input":"required name=search_term_string"}],"inLanguage":"en-US"},{"@type":"ImageObject","inLanguage":"en-US","@id":"https:\/\/www.visit-ulcinj.com\/blog\/2016\/03\/12\/plani-per-zonen-bregdetare-nuk-eshte-ne-interes-te-ulqinit\/#primaryimage","url":"https:\/\/www.visit-ulcinj.com\/blog\/wp-content\/uploads\/2016\/03\/Omer-Bajraktari-URA-ULQIN.jpg","contentUrl":"https:\/\/www.visit-ulcinj.com\/blog\/wp-content\/uploads\/2016\/03\/Omer-Bajraktari-URA-ULQIN.jpg","width":640,"height":480},{"@type":"WebPage","@id":"https:\/\/www.visit-ulcinj.com\/blog\/2016\/03\/12\/plani-per-zonen-bregdetare-nuk-eshte-ne-interes-te-ulqinit\/#webpage","url":"https:\/\/www.visit-ulcinj.com\/blog\/2016\/03\/12\/plani-per-zonen-bregdetare-nuk-eshte-ne-interes-te-ulqinit\/","name":"Plani p\u00ebr zon\u00ebn bregdetare nuk \u00ebsht\u00eb n\u00eb interes t\u00eb Ulqinit - Lajme nga Ulqini","isPartOf":{"@id":"https:\/\/www.visit-ulcinj.com\/blog\/#website"},"primaryImageOfPage":{"@id":"https:\/\/www.visit-ulcinj.com\/blog\/2016\/03\/12\/plani-per-zonen-bregdetare-nuk-eshte-ne-interes-te-ulqinit\/#primaryimage"},"datePublished":"2016-03-12T10:13:32+00:00","dateModified":"2016-03-12T10:13:32+00:00","author":{"@id":"https:\/\/www.visit-ulcinj.com\/blog\/#\/schema\/person\/dcab619c614d3038751c63bc2aadc06d"},"description":"N\u00eb hap\u00ebsirat e K\u00ebshillit komunal t\u00eb L\u00ebvizjes qytetare URA u mbajt konferenca p\u00ebr gazetar\u00eb me rastin e p\u00ebrfundimit t\u00eb shqyrtimit publik p\u00ebr Draftin e","breadcrumb":{"@id":"https:\/\/www.visit-ulcinj.com\/blog\/2016\/03\/12\/plani-per-zonen-bregdetare-nuk-eshte-ne-interes-te-ulqinit\/#breadcrumb"},"inLanguage":"en-US","potentialAction":[{"@type":"ReadAction","target":["https:\/\/www.visit-ulcinj.com\/blog\/2016\/03\/12\/plani-per-zonen-bregdetare-nuk-eshte-ne-interes-te-ulqinit\/"]}]},{"@type":"BreadcrumbList","@id":"https:\/\/www.visit-ulcinj.com\/blog\/2016\/03\/12\/plani-per-zonen-bregdetare-nuk-eshte-ne-interes-te-ulqinit\/#breadcrumb","itemListElement":[{"@type":"ListItem","position":1,"name":"Plani p\u00ebr zon\u00ebn bregdetare nuk \u00ebsht\u00eb n\u00eb interes t\u00eb Ulqinit"}]},{"@type":"Person","@id":"https:\/\/www.visit-ulcinj.com\/blog\/#\/schema\/person\/dcab619c614d3038751c63bc2aadc06d","name":"ulqini","sameAs":["http:\/\/www.visit-ulcinj.com"],"url":"https:\/\/www.visit-ulcinj.com\/blog\/author\/admin\/"}]}},"jetpack_featured_media_url":"","jetpack_sharing_enabled":true,"jetpack_shortlink":"https:\/\/wp.me\/pe6lTn-oLS","_links":{"self":[{"href":"https:\/\/www.visit-ulcinj.com\/blog\/wp-json\/wp\/v2\/posts\/95224"}],"collection":[{"href":"https:\/\/www.visit-ulcinj.com\/blog\/wp-json\/wp\/v2\/posts"}],"about":[{"href":"https:\/\/www.visit-ulcinj.com\/blog\/wp-json\/wp\/v2\/types\/post"}],"author":[{"embeddable":true,"href":"https:\/\/www.visit-ulcinj.com\/blog\/wp-json\/wp\/v2\/users\/1"}],"replies":[{"embeddable":true,"href":"https:\/\/www.visit-ulcinj.com\/blog\/wp-json\/wp\/v2\/comments?post=95224"}],"version-history":[{"count":1,"href":"https:\/\/www.visit-ulcinj.com\/blog\/wp-json\/wp\/v2\/posts\/95224\/revisions"}],"predecessor-version":[{"id":95226,"href":"https:\/\/www.visit-ulcinj.com\/blog\/wp-json\/wp\/v2\/posts\/95224\/revisions\/95226"}],"wp:attachment":[{"href":"https:\/\/www.visit-ulcinj.com\/blog\/wp-json\/wp\/v2\/media?parent=95224"}],"wp:term":[{"taxonomy":"category","embeddable":true,"href":"https:\/\/www.visit-ulcinj.com\/blog\/wp-json\/wp\/v2\/categories?post=95224"},{"taxonomy":"post_tag","embeddable":true,"href":"https:\/\/www.visit-ulcinj.com\/blog\/wp-json\/wp\/v2\/tags?post=95224"}],"curies":[{"name":"wp","href":"https:\/\/api.w.org\/{rel}","templated":true}]}}