{"id":95227,"date":"2016-03-12T11:32:25","date_gmt":"2016-03-12T10:32:25","guid":{"rendered":"http:\/\/www.visit-ulcinj.com\/blog\/?p=95227"},"modified":"2016-03-12T11:32:25","modified_gmt":"2016-03-12T10:32:25","slug":"bajraktari-nacrt-pppn-odgovara-samo-interesnim-grupama","status":"publish","type":"post","link":"https:\/\/www.visit-ulcinj.com\/blog\/2016\/03\/12\/bajraktari-nacrt-pppn-odgovara-samo-interesnim-grupama\/","title":{"rendered":"Bajraktari: &#8220;Nacrt PPPN odgovara samo interesnim grupama&#8221;"},"content":{"rendered":"<p><span class=\"credits__author\"> <a href=\"http:\/\/www.visit-ulcinj.com\/blog\/wp-content\/uploads\/2016\/03\/GP-URA-Omer-Barjaktar-Ulcinj.jpg\"><img loading=\"lazy\" class=\"alignleft wp-image-95228\" src=\"http:\/\/www.visit-ulcinj.com\/blog\/wp-content\/uploads\/2016\/03\/GP-URA-Omer-Barjaktar-Ulcinj.jpg\" alt=\"GP URA Omer Barjaktar Ulcinj\" width=\"508\" height=\"319\" srcset=\"https:\/\/www.visit-ulcinj.com\/blog\/wp-content\/uploads\/2016\/03\/GP-URA-Omer-Barjaktar-Ulcinj.jpg 560w, https:\/\/www.visit-ulcinj.com\/blog\/wp-content\/uploads\/2016\/03\/GP-URA-Omer-Barjaktar-Ulcinj-300x189.jpg 300w\" sizes=\"(max-width: 508px) 100vw, 508px\" \/><\/a><strong>Autor: Samir Adrovi\u0107 <\/strong><\/span><\/p>\n<p>Predsjednik ulcinjskog odbora GP URA Omer Barjaktari pozvao je Vladu da povu\u010de iz procedure nacrt Prostornog plana posebne namjene (PPPN) za obalno podru\u010dje, koji kako tvrdi, ne korespondira sa predlogom Prostorno urbanisti\u010dkog plana grada.<\/p>\n<p>On je na konferenciji za novinare kazao da nacrt PPPN, u formi u kojoj je dostavljen, oidgovara samo nekolicini interesnih grupa &#8220;kojima nije cilj odr\u017eivi razvoj op\u0161tine&#8221;.<\/p>\n<p>&#8220;Ovaj nacrt, stvorio bi urbanisti\u010dki haos u Ulcinju jer nije usagla\u0161en sa prijedlogom PUP-a. Tako\u0111e, nijesu uop\u0161te razmatrene primjedbe Op\u0161tine naj plan, ali ni jednoglasno usvojeni zaklju\u010dci SO Ulcinj, kao i predlog strate\u0161kog plana razvoja grada&#8221;, kazao je Barjaktari navode\u0107i &#8220;da je na\u010din na koji se obra\u0111iva\u010d i Ministarstvo odnose prema zahtjevima i interesima op\u0161tine Ulcinj, poni\u017eavaju\u0107i&#8221;.<\/p>\n<p>Ocijenio je da bi bez uva\u017eavanja strate\u0161ki va\u017enih zahtjeva za op\u0161tinu koji su u interesu odr\u017eivog i odgovornog razvoja, plan imao \u0161tetne posljedice i bio bi samo u funkciji nastavaka propadanja ove zajednice.<\/p>\n<p>&#8220;Primjedbe koje su se \u010dule na javnoj raspravi kojoj je u Sali SO prisustvovalo oko 150 gra\u0111ana, daju nam potvrdu za na\u0161e stavove, a koje smo mi dali za zonu morkog dobra, Solane, Valdanosa, Velike Pla\u017ee, Starog Grada, te na saobra\u0107aj&#8221;, naveo je on.<\/p>\n<p>Morsko dobro je, kako tvrdi, glavna ko\u010dnica za efikasno iskori\u0161\u0107avanje resursa op\u0161tine za ekonomski razvoj.<\/p>\n<p>&#8220;Vlada preko Javnog preduze\u0107a za upravljanje morskim dobrom gazduje sa 33 miliona kvadrata najkvalitetnijeg prostora u ovoj op\u0161tini. Zato tra\u017eimo da se stara granica morkog dobra, koja ima diskriminatorski karakter prema Ulcinju, izostavi iz ovog plana dok se ne donese novi zakon i utvrdi nova granica. Tome ide i u prilog \u010dinjenica da se u tekstualnom dijelu plana morsko dobro defini\u0161e po neusvojenom zakonu, ali i \u010dinjenica da ovaj plan stavlja van snage PPPN za morsko dobro koji tako\u0111e defini\u0161e tu granicu&#8221;, kazao je Barjaktari.<\/p>\n<p>URA za Solanu zahtijeva brisanje svih dijelova plana koji predvi\u0111aju turisti\u010dku valorizaciju tog prostora sa 1.500 kreveta.<\/p>\n<p>&#8220;Jedino prihvatljivo rje\u0161enje za ovaj jedinstveni prostor jeste za\u0161tita istog koja podrazumijeva proizvodnju soli, kao i druge komplementarne djelatnosti. Tako\u0111e smatramo da studija za\u0161tite Solane treba da bude sastavni dio ovog plana&#8221;, naveo je on.<\/p>\n<p>Kada je Valdanos u pitanju, dodao je, URA nema dilemu da bi iz plana trebalo brisati oznaku D2 koja u tom slu\u010daju zna\u010di betonizaciju tog prostora sa 900 le\u017eajeva, kao i stavljanje van snage Dr\u017eavne studije loakcije Valdanos koja apsolutno nije u interesu op\u0161tine Ulcinj.<\/p>\n<p>&#8220;Jedino prihvatljivo rje\u0161enje je ure\u0111enje tog prostora tipa ekolo\u0161kog centra za posmatranje prirode, rekreaciju, sport i prate\u0107e sadr\u017eaje kao i poljoprivrednu zonu&#8221;, kazao je Barjaktari.<\/p>\n<p>Osvrnuo se i na Veliku pla\u017eu i Stari grad zalagaju\u0107i se za po\u0161tovanje Masterplana i inicijative za u\u010dlanjenje drevnog utvr\u0111enja u UNESCO.<\/p>\n<p>&#8220;Svjedoci smo da ovaj plan ima niz nedostataka i neuskla\u0111enosti, ne samo za Ulcinj nego i za ostale op\u0161tine. Zato smatramo da Vlada ovaj plan treba povu\u0107i iz procedure. Tako\u0111e treba ozbiljno razmotriti veliki broj primjedbi i sugestija s tim \u0161to se nakon njihovog razmatranja ne bi iza\u0161lo sa predlogom nego bi se, zbog zna\u010daja plana, opet organizovale javne rasprave na kojima bi se, gra\u0111anima i stu\u010dnoj javnosti, davali komentari na njihove primjedbe&#8221;, zaklju\u010dio je Barjaktari.<\/p>\n<p><strong>Izvor: Vijesti Online<\/strong><\/p>\n","protected":false},"excerpt":{"rendered":"<p>Autor: Samir Adrovi\u0107 Predsjednik ulcinjskog odbora GP URA Omer Barjaktari pozvao je Vladu da povu\u010de iz procedure nacrt Prostornog plana posebne namjene (PPPN) za obalno podru\u010dje, koji kako tvrdi, ne korespondira sa predlogom Prostorno urbanisti\u010dkog plana grada. On je na konferenciji za novinare kazao da nacrt PPPN, u formi u kojoj je dostavljen, oidgovara samo [&hellip;]<\/p>\n","protected":false},"author":1,"featured_media":0,"comment_status":"closed","ping_status":"closed","sticky":false,"template":"","format":"standard","meta":{"spay_email":"","jetpack_publicize_message":"","jetpack_is_tweetstorm":false,"jetpack_publicize_feature_enabled":true},"categories":[8337],"tags":[],"jetpack_publicize_connections":[],"yoast_head":"<!-- This site is optimized with the Yoast SEO plugin v19.1 - https:\/\/yoast.com\/wordpress\/plugins\/seo\/ -->\n<title>Bajraktari: &quot;Nacrt PPPN odgovara samo interesnim grupama&quot; - Lajme nga Ulqini<\/title>\n<meta name=\"description\" content=\"Autor: Samir Adrovi\u0107 Predsjednik ulcinjskog odbora GP URA Omer Barjaktari pozvao je Vladu da povu\u010de iz procedure nacrt Prostornog plana posebne namjene\" \/>\n<meta name=\"robots\" content=\"index, follow, max-snippet:-1, max-image-preview:large, max-video-preview:-1\" \/>\n<link rel=\"canonical\" href=\"https:\/\/www.visit-ulcinj.com\/blog\/2016\/03\/12\/bajraktari-nacrt-pppn-odgovara-samo-interesnim-grupama\/\" \/>\n<meta property=\"og:locale\" content=\"en_US\" \/>\n<meta property=\"og:type\" content=\"article\" \/>\n<meta property=\"og:title\" content=\"Bajraktari: &quot;Nacrt PPPN odgovara samo interesnim grupama&quot; - Lajme nga Ulqini\" \/>\n<meta property=\"og:description\" content=\"Autor: Samir Adrovi\u0107 Predsjednik ulcinjskog odbora GP URA Omer Barjaktari pozvao je Vladu da povu\u010de iz procedure nacrt Prostornog plana posebne namjene\" \/>\n<meta property=\"og:url\" content=\"https:\/\/www.visit-ulcinj.com\/blog\/2016\/03\/12\/bajraktari-nacrt-pppn-odgovara-samo-interesnim-grupama\/\" \/>\n<meta property=\"og:site_name\" content=\"Lajme nga Ulqini\" \/>\n<meta property=\"article:published_time\" content=\"2016-03-12T10:32:25+00:00\" \/>\n<meta property=\"og:image\" content=\"http:\/\/www.visit-ulcinj.com\/blog\/wp-content\/uploads\/2016\/03\/GP-URA-Omer-Barjaktar-Ulcinj.jpg\" \/>\n<meta name=\"twitter:label1\" content=\"Written by\" \/>\n\t<meta name=\"twitter:data1\" content=\"ulqini\" \/>\n\t<meta name=\"twitter:label2\" content=\"Est. reading time\" \/>\n\t<meta name=\"twitter:data2\" content=\"3 minutes\" \/>\n<script type=\"application\/ld+json\" class=\"yoast-schema-graph\">{\"@context\":\"https:\/\/schema.org\",\"@graph\":[{\"@type\":\"WebSite\",\"@id\":\"https:\/\/www.visit-ulcinj.com\/blog\/#website\",\"url\":\"https:\/\/www.visit-ulcinj.com\/blog\/\",\"name\":\"Lajme nga Ulqini\",\"description\":\"Lajme,Vijesti,Ulqini,Ulqin,Crna Gora,Mali i Zi\",\"potentialAction\":[{\"@type\":\"SearchAction\",\"target\":{\"@type\":\"EntryPoint\",\"urlTemplate\":\"https:\/\/www.visit-ulcinj.com\/blog\/?s={search_term_string}\"},\"query-input\":\"required name=search_term_string\"}],\"inLanguage\":\"en-US\"},{\"@type\":\"ImageObject\",\"inLanguage\":\"en-US\",\"@id\":\"https:\/\/www.visit-ulcinj.com\/blog\/2016\/03\/12\/bajraktari-nacrt-pppn-odgovara-samo-interesnim-grupama\/#primaryimage\",\"url\":\"https:\/\/www.visit-ulcinj.com\/blog\/wp-content\/uploads\/2016\/03\/GP-URA-Omer-Barjaktar-Ulcinj.jpg\",\"contentUrl\":\"https:\/\/www.visit-ulcinj.com\/blog\/wp-content\/uploads\/2016\/03\/GP-URA-Omer-Barjaktar-Ulcinj.jpg\",\"width\":560,\"height\":352},{\"@type\":\"WebPage\",\"@id\":\"https:\/\/www.visit-ulcinj.com\/blog\/2016\/03\/12\/bajraktari-nacrt-pppn-odgovara-samo-interesnim-grupama\/#webpage\",\"url\":\"https:\/\/www.visit-ulcinj.com\/blog\/2016\/03\/12\/bajraktari-nacrt-pppn-odgovara-samo-interesnim-grupama\/\",\"name\":\"Bajraktari: \\\"Nacrt PPPN odgovara samo interesnim grupama\\\" - Lajme nga Ulqini\",\"isPartOf\":{\"@id\":\"https:\/\/www.visit-ulcinj.com\/blog\/#website\"},\"primaryImageOfPage\":{\"@id\":\"https:\/\/www.visit-ulcinj.com\/blog\/2016\/03\/12\/bajraktari-nacrt-pppn-odgovara-samo-interesnim-grupama\/#primaryimage\"},\"datePublished\":\"2016-03-12T10:32:25+00:00\",\"dateModified\":\"2016-03-12T10:32:25+00:00\",\"author\":{\"@id\":\"https:\/\/www.visit-ulcinj.com\/blog\/#\/schema\/person\/dcab619c614d3038751c63bc2aadc06d\"},\"description\":\"Autor: Samir Adrovi\u0107 Predsjednik ulcinjskog odbora GP URA Omer Barjaktari pozvao je Vladu da povu\u010de iz procedure nacrt Prostornog plana posebne namjene\",\"breadcrumb\":{\"@id\":\"https:\/\/www.visit-ulcinj.com\/blog\/2016\/03\/12\/bajraktari-nacrt-pppn-odgovara-samo-interesnim-grupama\/#breadcrumb\"},\"inLanguage\":\"en-US\",\"potentialAction\":[{\"@type\":\"ReadAction\",\"target\":[\"https:\/\/www.visit-ulcinj.com\/blog\/2016\/03\/12\/bajraktari-nacrt-pppn-odgovara-samo-interesnim-grupama\/\"]}]},{\"@type\":\"BreadcrumbList\",\"@id\":\"https:\/\/www.visit-ulcinj.com\/blog\/2016\/03\/12\/bajraktari-nacrt-pppn-odgovara-samo-interesnim-grupama\/#breadcrumb\",\"itemListElement\":[{\"@type\":\"ListItem\",\"position\":1,\"name\":\"Bajraktari: &#8220;Nacrt PPPN odgovara samo interesnim grupama&#8221;\"}]},{\"@type\":\"Person\",\"@id\":\"https:\/\/www.visit-ulcinj.com\/blog\/#\/schema\/person\/dcab619c614d3038751c63bc2aadc06d\",\"name\":\"ulqini\",\"sameAs\":[\"http:\/\/www.visit-ulcinj.com\"],\"url\":\"https:\/\/www.visit-ulcinj.com\/blog\/author\/admin\/\"}]}<\/script>\n<!-- \/ Yoast SEO plugin. -->","yoast_head_json":{"title":"Bajraktari: \"Nacrt PPPN odgovara samo interesnim grupama\" - Lajme nga Ulqini","description":"Autor: Samir Adrovi\u0107 Predsjednik ulcinjskog odbora GP URA Omer Barjaktari pozvao je Vladu da povu\u010de iz procedure nacrt Prostornog plana posebne namjene","robots":{"index":"index","follow":"follow","max-snippet":"max-snippet:-1","max-image-preview":"max-image-preview:large","max-video-preview":"max-video-preview:-1"},"canonical":"https:\/\/www.visit-ulcinj.com\/blog\/2016\/03\/12\/bajraktari-nacrt-pppn-odgovara-samo-interesnim-grupama\/","og_locale":"en_US","og_type":"article","og_title":"Bajraktari: \"Nacrt PPPN odgovara samo interesnim grupama\" - Lajme nga Ulqini","og_description":"Autor: Samir Adrovi\u0107 Predsjednik ulcinjskog odbora GP URA Omer Barjaktari pozvao je Vladu da povu\u010de iz procedure nacrt Prostornog plana posebne namjene","og_url":"https:\/\/www.visit-ulcinj.com\/blog\/2016\/03\/12\/bajraktari-nacrt-pppn-odgovara-samo-interesnim-grupama\/","og_site_name":"Lajme nga Ulqini","article_published_time":"2016-03-12T10:32:25+00:00","og_image":[{"url":"http:\/\/www.visit-ulcinj.com\/blog\/wp-content\/uploads\/2016\/03\/GP-URA-Omer-Barjaktar-Ulcinj.jpg"}],"twitter_misc":{"Written by":"ulqini","Est. reading time":"3 minutes"},"schema":{"@context":"https:\/\/schema.org","@graph":[{"@type":"WebSite","@id":"https:\/\/www.visit-ulcinj.com\/blog\/#website","url":"https:\/\/www.visit-ulcinj.com\/blog\/","name":"Lajme nga Ulqini","description":"Lajme,Vijesti,Ulqini,Ulqin,Crna Gora,Mali i Zi","potentialAction":[{"@type":"SearchAction","target":{"@type":"EntryPoint","urlTemplate":"https:\/\/www.visit-ulcinj.com\/blog\/?s={search_term_string}"},"query-input":"required name=search_term_string"}],"inLanguage":"en-US"},{"@type":"ImageObject","inLanguage":"en-US","@id":"https:\/\/www.visit-ulcinj.com\/blog\/2016\/03\/12\/bajraktari-nacrt-pppn-odgovara-samo-interesnim-grupama\/#primaryimage","url":"https:\/\/www.visit-ulcinj.com\/blog\/wp-content\/uploads\/2016\/03\/GP-URA-Omer-Barjaktar-Ulcinj.jpg","contentUrl":"https:\/\/www.visit-ulcinj.com\/blog\/wp-content\/uploads\/2016\/03\/GP-URA-Omer-Barjaktar-Ulcinj.jpg","width":560,"height":352},{"@type":"WebPage","@id":"https:\/\/www.visit-ulcinj.com\/blog\/2016\/03\/12\/bajraktari-nacrt-pppn-odgovara-samo-interesnim-grupama\/#webpage","url":"https:\/\/www.visit-ulcinj.com\/blog\/2016\/03\/12\/bajraktari-nacrt-pppn-odgovara-samo-interesnim-grupama\/","name":"Bajraktari: \"Nacrt PPPN odgovara samo interesnim grupama\" - Lajme nga Ulqini","isPartOf":{"@id":"https:\/\/www.visit-ulcinj.com\/blog\/#website"},"primaryImageOfPage":{"@id":"https:\/\/www.visit-ulcinj.com\/blog\/2016\/03\/12\/bajraktari-nacrt-pppn-odgovara-samo-interesnim-grupama\/#primaryimage"},"datePublished":"2016-03-12T10:32:25+00:00","dateModified":"2016-03-12T10:32:25+00:00","author":{"@id":"https:\/\/www.visit-ulcinj.com\/blog\/#\/schema\/person\/dcab619c614d3038751c63bc2aadc06d"},"description":"Autor: Samir Adrovi\u0107 Predsjednik ulcinjskog odbora GP URA Omer Barjaktari pozvao je Vladu da povu\u010de iz procedure nacrt Prostornog plana posebne namjene","breadcrumb":{"@id":"https:\/\/www.visit-ulcinj.com\/blog\/2016\/03\/12\/bajraktari-nacrt-pppn-odgovara-samo-interesnim-grupama\/#breadcrumb"},"inLanguage":"en-US","potentialAction":[{"@type":"ReadAction","target":["https:\/\/www.visit-ulcinj.com\/blog\/2016\/03\/12\/bajraktari-nacrt-pppn-odgovara-samo-interesnim-grupama\/"]}]},{"@type":"BreadcrumbList","@id":"https:\/\/www.visit-ulcinj.com\/blog\/2016\/03\/12\/bajraktari-nacrt-pppn-odgovara-samo-interesnim-grupama\/#breadcrumb","itemListElement":[{"@type":"ListItem","position":1,"name":"Bajraktari: &#8220;Nacrt PPPN odgovara samo interesnim grupama&#8221;"}]},{"@type":"Person","@id":"https:\/\/www.visit-ulcinj.com\/blog\/#\/schema\/person\/dcab619c614d3038751c63bc2aadc06d","name":"ulqini","sameAs":["http:\/\/www.visit-ulcinj.com"],"url":"https:\/\/www.visit-ulcinj.com\/blog\/author\/admin\/"}]}},"jetpack_featured_media_url":"","jetpack_sharing_enabled":true,"jetpack_shortlink":"https:\/\/wp.me\/pe6lTn-oLV","_links":{"self":[{"href":"https:\/\/www.visit-ulcinj.com\/blog\/wp-json\/wp\/v2\/posts\/95227"}],"collection":[{"href":"https:\/\/www.visit-ulcinj.com\/blog\/wp-json\/wp\/v2\/posts"}],"about":[{"href":"https:\/\/www.visit-ulcinj.com\/blog\/wp-json\/wp\/v2\/types\/post"}],"author":[{"embeddable":true,"href":"https:\/\/www.visit-ulcinj.com\/blog\/wp-json\/wp\/v2\/users\/1"}],"replies":[{"embeddable":true,"href":"https:\/\/www.visit-ulcinj.com\/blog\/wp-json\/wp\/v2\/comments?post=95227"}],"version-history":[{"count":1,"href":"https:\/\/www.visit-ulcinj.com\/blog\/wp-json\/wp\/v2\/posts\/95227\/revisions"}],"predecessor-version":[{"id":95229,"href":"https:\/\/www.visit-ulcinj.com\/blog\/wp-json\/wp\/v2\/posts\/95227\/revisions\/95229"}],"wp:attachment":[{"href":"https:\/\/www.visit-ulcinj.com\/blog\/wp-json\/wp\/v2\/media?parent=95227"}],"wp:term":[{"taxonomy":"category","embeddable":true,"href":"https:\/\/www.visit-ulcinj.com\/blog\/wp-json\/wp\/v2\/categories?post=95227"},{"taxonomy":"post_tag","embeddable":true,"href":"https:\/\/www.visit-ulcinj.com\/blog\/wp-json\/wp\/v2\/tags?post=95227"}],"curies":[{"name":"wp","href":"https:\/\/api.w.org\/{rel}","templated":true}]}}