{"id":95236,"date":"2016-03-13T07:40:37","date_gmt":"2016-03-13T06:40:37","guid":{"rendered":"http:\/\/www.visit-ulcinj.com\/blog\/?p=95236"},"modified":"2016-03-13T07:40:37","modified_gmt":"2016-03-13T06:40:37","slug":"gvozdenovic-nema-prijetnji-po-solanu","status":"publish","type":"post","link":"https:\/\/www.visit-ulcinj.com\/blog\/2016\/03\/13\/gvozdenovic-nema-prijetnji-po-solanu\/","title":{"rendered":"Gvozdenovi\u0107: Nema prijetnji po Solanu"},"content":{"rendered":"<p><a href=\"http:\/\/www.visit-ulcinj.com\/blog\/wp-content\/uploads\/2016\/01\/Gvozdenovic-Solana-Ulcinj.jpg\"><img loading=\"lazy\" class=\"alignleft wp-image-94152\" src=\"http:\/\/www.visit-ulcinj.com\/blog\/wp-content\/uploads\/2016\/01\/Gvozdenovic-Solana-Ulcinj.jpg\" alt=\"Gvozdenovic-Solana-Ulcinj\" width=\"508\" height=\"381\" srcset=\"https:\/\/www.visit-ulcinj.com\/blog\/wp-content\/uploads\/2016\/01\/Gvozdenovic-Solana-Ulcinj.jpg 640w, https:\/\/www.visit-ulcinj.com\/blog\/wp-content\/uploads\/2016\/01\/Gvozdenovic-Solana-Ulcinj-300x225.jpg 300w\" sizes=\"(max-width: 508px) 100vw, 508px\" \/><\/a>Gvozdenovi\u0107 je, kako je saop\u0161teno iz njegovog resora, saop\u0161tio da je Nacrt nacionalne strategije aproksimacije za oblast \u017eivotne sredine kvalitetno ura\u0111en, da je njegova struktura sveobuhvatna, te da su konsultovane sve relevantne institucije.<\/p>\n<p>Gvozdenovi\u0107 je podsjetio i na to da je 5. marta po\u010dela javna rasprava o tom dokumentu i da \u0107e trajati 40 dana. Plan Ministarstva je, kako je kazao Gvozdenovi\u0107, da strategija bude usvojena u junu 2016.<\/p>\n<p>\u201eMinistar je istakao da je posebno va\u017ean ekonomski i finansijski aspekat uskla\u0111ivanja s pravnom tekovinom EU u oblasti \u017eivotne sredine, budu\u0107i da se radi o jednom od finansijski najzahtjevnijih pregovara\u010dkih poglavlja u procesu pristupanja EU\u201c, navodi se u saop\u0161tenju Ministarstva odr\u017eivog razvoja i turizma.<\/p>\n<p>Posebna tema sastanka, kako isti\u010du, bilo je pitanje ulcinjske Solane, vje\u0161ta\u010dkog ekosistema, \u010diji opstanak zavisi od antropogenog faktora.<\/p>\n<p>\u201eGvozdenovi\u0107 je istakao da je, osim formalne za\u0161tite, neophodno obezbijediti dugoro\u010dno i odr\u017eivo upravljanje tim podru\u010djem, \u0161to je naro\u010dito izazovan zadatak\u201c, saop\u0161teno je iz Ministarstva. Taj zadatak, kako su pojasnili, zahtijeva da se detaljno razmotre svi faktori koji uti\u010du na upravljanje prostorom i da se odredi upravlja\u010d, koji ima potrebne kapacitete da odr\u017eava ekolo\u0161ke vrijednosti tog zna\u010dajnog ekosistema.<\/p>\n<p>Lange je, kako dodaju, ukazao da je sprovo\u0111enje pravne tekovine EU nari\u010dito zahtjevno. On je sugerisao da u Nacionalnoj strategiji posebnu pa\u017enju treba obratiti na vremenski okvir, sredstva neophodna za tu oblast i dinamiku ispunjavanja planiranih obaveza.<\/p>\n<p>\u201eNavode\u0107i da \u017eivotna sredina ne poznaje granice, Lange je istakao da je podru\u010dje od velike vrijednosti ne samo za Crnu Goru, ve\u0107 i za Evropu, i da za\u0161tita tog podru\u010dja uti\u010de i na za\u0161ti\u0107ena podru\u010dja u dr\u017eavama \u010dlanicama\u201c, navedeno je u saop\u0161tenju.<\/p>\n<p>Lange je, navodi se dalje u saop\u0161tenju Ministarstva, istakao koliko je va\u017eno da se za\u0161tita uspostavi i na nacionalnom i na me\u0111unarodnom nivou.<\/p>\n<p>\u201eSagovornici su se slo\u017eili da proces treba voditi na transparentan na\u010din i u saradnji sa NVO sektorom. Delegacija EU je izrazila spremnost da ispita mogu\u0107nosti da pru\u017ei finansijsku podr\u0161ku Crnoj Gori, kako bi se zavr\u0161ila studija koja,izme\u0111u ostalog, kroz detaljnu ekonomsku analizu treba da defini\u0161e modele odr\u017eivog upravljanja ovim podru\u010djem\u201c, zaklju\u010duje se u saop\u0161tenju.<\/p>\n<p>Izvor: RTCG<\/p>\n","protected":false},"excerpt":{"rendered":"<p>Gvozdenovi\u0107 je, kako je saop\u0161teno iz njegovog resora, saop\u0161tio da je Nacrt nacionalne strategije aproksimacije za oblast \u017eivotne sredine kvalitetno ura\u0111en, da je njegova struktura sveobuhvatna, te da su konsultovane sve relevantne institucije. Gvozdenovi\u0107 je podsjetio i na to da je 5. marta po\u010dela javna rasprava o tom dokumentu i da \u0107e trajati 40 dana. [&hellip;]<\/p>\n","protected":false},"author":1,"featured_media":0,"comment_status":"closed","ping_status":"closed","sticky":false,"template":"","format":"standard","meta":{"spay_email":"","jetpack_publicize_message":"","jetpack_is_tweetstorm":false,"jetpack_publicize_feature_enabled":true},"categories":[6950],"tags":[],"jetpack_publicize_connections":[],"yoast_head":"<!-- This site is optimized with the Yoast SEO plugin v19.1 - https:\/\/yoast.com\/wordpress\/plugins\/seo\/ -->\n<title>Gvozdenovi\u0107: Nema prijetnji po Solanu - Lajme nga Ulqini<\/title>\n<meta name=\"description\" content=\"Gvozdenovi\u0107 je, kako je saop\u0161teno iz njegovog resora, saop\u0161tio da je Nacrt nacionalne strategije aproksimacije za oblast \u017eivotne sredine kvalitetno\" \/>\n<meta name=\"robots\" content=\"index, follow, max-snippet:-1, max-image-preview:large, max-video-preview:-1\" \/>\n<link rel=\"canonical\" href=\"https:\/\/www.visit-ulcinj.com\/blog\/2016\/03\/13\/gvozdenovic-nema-prijetnji-po-solanu\/\" \/>\n<meta property=\"og:locale\" content=\"en_US\" \/>\n<meta property=\"og:type\" content=\"article\" \/>\n<meta property=\"og:title\" content=\"Gvozdenovi\u0107: Nema prijetnji po Solanu - Lajme nga Ulqini\" \/>\n<meta property=\"og:description\" content=\"Gvozdenovi\u0107 je, kako je saop\u0161teno iz njegovog resora, saop\u0161tio da je Nacrt nacionalne strategije aproksimacije za oblast \u017eivotne sredine kvalitetno\" \/>\n<meta property=\"og:url\" content=\"https:\/\/www.visit-ulcinj.com\/blog\/2016\/03\/13\/gvozdenovic-nema-prijetnji-po-solanu\/\" \/>\n<meta property=\"og:site_name\" content=\"Lajme nga Ulqini\" \/>\n<meta property=\"article:published_time\" content=\"2016-03-13T06:40:37+00:00\" \/>\n<meta property=\"og:image\" content=\"http:\/\/www.visit-ulcinj.com\/blog\/wp-content\/uploads\/2016\/01\/Gvozdenovic-Solana-Ulcinj.jpg\" \/>\n<meta name=\"twitter:label1\" content=\"Written by\" \/>\n\t<meta name=\"twitter:data1\" content=\"ulqini\" \/>\n\t<meta name=\"twitter:label2\" content=\"Est. reading time\" \/>\n\t<meta name=\"twitter:data2\" content=\"2 minutes\" \/>\n<script type=\"application\/ld+json\" class=\"yoast-schema-graph\">{\"@context\":\"https:\/\/schema.org\",\"@graph\":[{\"@type\":\"WebSite\",\"@id\":\"https:\/\/www.visit-ulcinj.com\/blog\/#website\",\"url\":\"https:\/\/www.visit-ulcinj.com\/blog\/\",\"name\":\"Lajme nga Ulqini\",\"description\":\"Lajme,Vijesti,Ulqini,Ulqin,Crna Gora,Mali i Zi\",\"potentialAction\":[{\"@type\":\"SearchAction\",\"target\":{\"@type\":\"EntryPoint\",\"urlTemplate\":\"https:\/\/www.visit-ulcinj.com\/blog\/?s={search_term_string}\"},\"query-input\":\"required name=search_term_string\"}],\"inLanguage\":\"en-US\"},{\"@type\":\"ImageObject\",\"inLanguage\":\"en-US\",\"@id\":\"https:\/\/www.visit-ulcinj.com\/blog\/2016\/03\/13\/gvozdenovic-nema-prijetnji-po-solanu\/#primaryimage\",\"url\":\"https:\/\/www.visit-ulcinj.com\/blog\/wp-content\/uploads\/2016\/01\/Gvozdenovic-Solana-Ulcinj.jpg\",\"contentUrl\":\"https:\/\/www.visit-ulcinj.com\/blog\/wp-content\/uploads\/2016\/01\/Gvozdenovic-Solana-Ulcinj.jpg\",\"width\":640,\"height\":480},{\"@type\":\"WebPage\",\"@id\":\"https:\/\/www.visit-ulcinj.com\/blog\/2016\/03\/13\/gvozdenovic-nema-prijetnji-po-solanu\/#webpage\",\"url\":\"https:\/\/www.visit-ulcinj.com\/blog\/2016\/03\/13\/gvozdenovic-nema-prijetnji-po-solanu\/\",\"name\":\"Gvozdenovi\u0107: Nema prijetnji po Solanu - Lajme nga Ulqini\",\"isPartOf\":{\"@id\":\"https:\/\/www.visit-ulcinj.com\/blog\/#website\"},\"primaryImageOfPage\":{\"@id\":\"https:\/\/www.visit-ulcinj.com\/blog\/2016\/03\/13\/gvozdenovic-nema-prijetnji-po-solanu\/#primaryimage\"},\"datePublished\":\"2016-03-13T06:40:37+00:00\",\"dateModified\":\"2016-03-13T06:40:37+00:00\",\"author\":{\"@id\":\"https:\/\/www.visit-ulcinj.com\/blog\/#\/schema\/person\/dcab619c614d3038751c63bc2aadc06d\"},\"description\":\"Gvozdenovi\u0107 je, kako je saop\u0161teno iz njegovog resora, saop\u0161tio da je Nacrt nacionalne strategije aproksimacije za oblast \u017eivotne sredine kvalitetno\",\"breadcrumb\":{\"@id\":\"https:\/\/www.visit-ulcinj.com\/blog\/2016\/03\/13\/gvozdenovic-nema-prijetnji-po-solanu\/#breadcrumb\"},\"inLanguage\":\"en-US\",\"potentialAction\":[{\"@type\":\"ReadAction\",\"target\":[\"https:\/\/www.visit-ulcinj.com\/blog\/2016\/03\/13\/gvozdenovic-nema-prijetnji-po-solanu\/\"]}]},{\"@type\":\"BreadcrumbList\",\"@id\":\"https:\/\/www.visit-ulcinj.com\/blog\/2016\/03\/13\/gvozdenovic-nema-prijetnji-po-solanu\/#breadcrumb\",\"itemListElement\":[{\"@type\":\"ListItem\",\"position\":1,\"name\":\"Gvozdenovi\u0107: Nema prijetnji po Solanu\"}]},{\"@type\":\"Person\",\"@id\":\"https:\/\/www.visit-ulcinj.com\/blog\/#\/schema\/person\/dcab619c614d3038751c63bc2aadc06d\",\"name\":\"ulqini\",\"sameAs\":[\"http:\/\/www.visit-ulcinj.com\"],\"url\":\"https:\/\/www.visit-ulcinj.com\/blog\/author\/admin\/\"}]}<\/script>\n<!-- \/ Yoast SEO plugin. -->","yoast_head_json":{"title":"Gvozdenovi\u0107: Nema prijetnji po Solanu - Lajme nga Ulqini","description":"Gvozdenovi\u0107 je, kako je saop\u0161teno iz njegovog resora, saop\u0161tio da je Nacrt nacionalne strategije aproksimacije za oblast \u017eivotne sredine kvalitetno","robots":{"index":"index","follow":"follow","max-snippet":"max-snippet:-1","max-image-preview":"max-image-preview:large","max-video-preview":"max-video-preview:-1"},"canonical":"https:\/\/www.visit-ulcinj.com\/blog\/2016\/03\/13\/gvozdenovic-nema-prijetnji-po-solanu\/","og_locale":"en_US","og_type":"article","og_title":"Gvozdenovi\u0107: Nema prijetnji po Solanu - Lajme nga Ulqini","og_description":"Gvozdenovi\u0107 je, kako je saop\u0161teno iz njegovog resora, saop\u0161tio da je Nacrt nacionalne strategije aproksimacije za oblast \u017eivotne sredine kvalitetno","og_url":"https:\/\/www.visit-ulcinj.com\/blog\/2016\/03\/13\/gvozdenovic-nema-prijetnji-po-solanu\/","og_site_name":"Lajme nga Ulqini","article_published_time":"2016-03-13T06:40:37+00:00","og_image":[{"url":"http:\/\/www.visit-ulcinj.com\/blog\/wp-content\/uploads\/2016\/01\/Gvozdenovic-Solana-Ulcinj.jpg"}],"twitter_misc":{"Written by":"ulqini","Est. reading time":"2 minutes"},"schema":{"@context":"https:\/\/schema.org","@graph":[{"@type":"WebSite","@id":"https:\/\/www.visit-ulcinj.com\/blog\/#website","url":"https:\/\/www.visit-ulcinj.com\/blog\/","name":"Lajme nga Ulqini","description":"Lajme,Vijesti,Ulqini,Ulqin,Crna Gora,Mali i Zi","potentialAction":[{"@type":"SearchAction","target":{"@type":"EntryPoint","urlTemplate":"https:\/\/www.visit-ulcinj.com\/blog\/?s={search_term_string}"},"query-input":"required name=search_term_string"}],"inLanguage":"en-US"},{"@type":"ImageObject","inLanguage":"en-US","@id":"https:\/\/www.visit-ulcinj.com\/blog\/2016\/03\/13\/gvozdenovic-nema-prijetnji-po-solanu\/#primaryimage","url":"https:\/\/www.visit-ulcinj.com\/blog\/wp-content\/uploads\/2016\/01\/Gvozdenovic-Solana-Ulcinj.jpg","contentUrl":"https:\/\/www.visit-ulcinj.com\/blog\/wp-content\/uploads\/2016\/01\/Gvozdenovic-Solana-Ulcinj.jpg","width":640,"height":480},{"@type":"WebPage","@id":"https:\/\/www.visit-ulcinj.com\/blog\/2016\/03\/13\/gvozdenovic-nema-prijetnji-po-solanu\/#webpage","url":"https:\/\/www.visit-ulcinj.com\/blog\/2016\/03\/13\/gvozdenovic-nema-prijetnji-po-solanu\/","name":"Gvozdenovi\u0107: Nema prijetnji po Solanu - Lajme nga Ulqini","isPartOf":{"@id":"https:\/\/www.visit-ulcinj.com\/blog\/#website"},"primaryImageOfPage":{"@id":"https:\/\/www.visit-ulcinj.com\/blog\/2016\/03\/13\/gvozdenovic-nema-prijetnji-po-solanu\/#primaryimage"},"datePublished":"2016-03-13T06:40:37+00:00","dateModified":"2016-03-13T06:40:37+00:00","author":{"@id":"https:\/\/www.visit-ulcinj.com\/blog\/#\/schema\/person\/dcab619c614d3038751c63bc2aadc06d"},"description":"Gvozdenovi\u0107 je, kako je saop\u0161teno iz njegovog resora, saop\u0161tio da je Nacrt nacionalne strategije aproksimacije za oblast \u017eivotne sredine kvalitetno","breadcrumb":{"@id":"https:\/\/www.visit-ulcinj.com\/blog\/2016\/03\/13\/gvozdenovic-nema-prijetnji-po-solanu\/#breadcrumb"},"inLanguage":"en-US","potentialAction":[{"@type":"ReadAction","target":["https:\/\/www.visit-ulcinj.com\/blog\/2016\/03\/13\/gvozdenovic-nema-prijetnji-po-solanu\/"]}]},{"@type":"BreadcrumbList","@id":"https:\/\/www.visit-ulcinj.com\/blog\/2016\/03\/13\/gvozdenovic-nema-prijetnji-po-solanu\/#breadcrumb","itemListElement":[{"@type":"ListItem","position":1,"name":"Gvozdenovi\u0107: Nema prijetnji po Solanu"}]},{"@type":"Person","@id":"https:\/\/www.visit-ulcinj.com\/blog\/#\/schema\/person\/dcab619c614d3038751c63bc2aadc06d","name":"ulqini","sameAs":["http:\/\/www.visit-ulcinj.com"],"url":"https:\/\/www.visit-ulcinj.com\/blog\/author\/admin\/"}]}},"jetpack_featured_media_url":"","jetpack_sharing_enabled":true,"jetpack_shortlink":"https:\/\/wp.me\/pe6lTn-oM4","_links":{"self":[{"href":"https:\/\/www.visit-ulcinj.com\/blog\/wp-json\/wp\/v2\/posts\/95236"}],"collection":[{"href":"https:\/\/www.visit-ulcinj.com\/blog\/wp-json\/wp\/v2\/posts"}],"about":[{"href":"https:\/\/www.visit-ulcinj.com\/blog\/wp-json\/wp\/v2\/types\/post"}],"author":[{"embeddable":true,"href":"https:\/\/www.visit-ulcinj.com\/blog\/wp-json\/wp\/v2\/users\/1"}],"replies":[{"embeddable":true,"href":"https:\/\/www.visit-ulcinj.com\/blog\/wp-json\/wp\/v2\/comments?post=95236"}],"version-history":[{"count":1,"href":"https:\/\/www.visit-ulcinj.com\/blog\/wp-json\/wp\/v2\/posts\/95236\/revisions"}],"predecessor-version":[{"id":95237,"href":"https:\/\/www.visit-ulcinj.com\/blog\/wp-json\/wp\/v2\/posts\/95236\/revisions\/95237"}],"wp:attachment":[{"href":"https:\/\/www.visit-ulcinj.com\/blog\/wp-json\/wp\/v2\/media?parent=95236"}],"wp:term":[{"taxonomy":"category","embeddable":true,"href":"https:\/\/www.visit-ulcinj.com\/blog\/wp-json\/wp\/v2\/categories?post=95236"},{"taxonomy":"post_tag","embeddable":true,"href":"https:\/\/www.visit-ulcinj.com\/blog\/wp-json\/wp\/v2\/tags?post=95236"}],"curies":[{"name":"wp","href":"https:\/\/api.w.org\/{rel}","templated":true}]}}