{"id":95238,"date":"2016-03-13T18:37:26","date_gmt":"2016-03-13T17:37:26","guid":{"rendered":"http:\/\/www.visit-ulcinj.com\/blog\/?p=95238"},"modified":"2016-03-13T23:24:13","modified_gmt":"2016-03-13T22:24:13","slug":"nenshkruhet-marreveshja-e-koalicionit-ne-te-gjere-ne-ulqin","status":"publish","type":"post","link":"https:\/\/www.visit-ulcinj.com\/blog\/2016\/03\/13\/nenshkruhet-marreveshja-e-koalicionit-ne-te-gjere-ne-ulqin\/","title":{"rendered":"N\u00ebnshkruhet marr\u00ebveshja e &#8220;koalicionit n\u00eb t\u00eb gjer\u00eb&#8221; n\u00eb Ulqin"},"content":{"rendered":"<p><a href=\"http:\/\/www.visit-ulcinj.com\/blog\/wp-content\/uploads\/2016\/03\/Marreveshtja-ne-ulqin.jpg\"><img loading=\"lazy\" class=\"alignleft wp-image-95239\" src=\"http:\/\/www.visit-ulcinj.com\/blog\/wp-content\/uploads\/2016\/03\/Marreveshtja-ne-ulqin.jpg\" alt=\"Marreveshtja ne ulqin\" width=\"508\" height=\"320\" srcset=\"https:\/\/www.visit-ulcinj.com\/blog\/wp-content\/uploads\/2016\/03\/Marreveshtja-ne-ulqin.jpg 999w, https:\/\/www.visit-ulcinj.com\/blog\/wp-content\/uploads\/2016\/03\/Marreveshtja-ne-ulqin-300x189.jpg 300w\" sizes=\"(max-width: 508px) 100vw, 508px\" \/><\/a>Gjate dites se sotme\u00a0 prane Komun\u00ebs se\u00a0 Ulqimit u be n\u00ebnshkrimi i marr\u00ebveshtjes n\u00eb mes subjekteve shqiptare dhe Partis\u00eb Demokratike t\u00eb Socialist\u00ebve, ku si\u00a0rezultat i krizes s\u00eb thell\u00eb poltike te ketyre koheve te fundit,p\u00ebrs\u00ebri erdhi deri tek rikompozimi i pushtetit, raporton portali TV Teuta.<\/p>\n<p>Edhe pse nga fillimi i funksionimit t\u00eb pushtetit aktual, nuk priteshin rezultate konkrete, ajo u deshmua me kriz\u00ebn e shkaktuar koh\u00ebve t\u00eb fundit, si politike ashtu edhe qeveris\u00ebse.Te pranishim gjate nenshkrimit te marreveshjes ishin perfaqesuesit nga te gjitha partite,Forces,Partise Demokratike,Unionit Demokratik te shqiptareve dhe nga PDS-ja.<\/p>\n<p>Te gjithe kryetaret e perfaqesuesit politik u shprehen shume te kenaqur para kamerave ne lidhje me kete nenshkrim edhe pse tensionet politike e personale\u00a0 mes tyre kane qene shume evidente edhe ne publik,duke cuar edhe ne zvarritjen e madhe te kesaj marreveshjeje.Por sa do te jete e suksesshme kjo marreveshje dhe bashkepunues ky kuOlicion kjo ngelet te shihet ne vazhdim.<\/p>\n","protected":false},"excerpt":{"rendered":"<p>Gjate dites se sotme\u00a0 prane Komun\u00ebs se\u00a0 Ulqimit u be n\u00ebnshkrimi i marr\u00ebveshtjes n\u00eb mes subjekteve shqiptare dhe Partis\u00eb Demokratike t\u00eb Socialist\u00ebve, ku si\u00a0rezultat i krizes s\u00eb thell\u00eb poltike te ketyre koheve te fundit,p\u00ebrs\u00ebri erdhi deri tek rikompozimi i pushtetit, raporton portali TV Teuta. Edhe pse nga fillimi i funksionimit t\u00eb pushtetit aktual, nuk priteshin [&hellip;]<\/p>\n","protected":false},"author":1,"featured_media":0,"comment_status":"closed","ping_status":"closed","sticky":false,"template":"","format":"standard","meta":{"spay_email":"","jetpack_publicize_message":"","jetpack_is_tweetstorm":false,"jetpack_publicize_feature_enabled":true},"categories":[1,6],"tags":[],"jetpack_publicize_connections":[],"yoast_head":"<!-- This site is optimized with the Yoast SEO plugin v19.1 - https:\/\/yoast.com\/wordpress\/plugins\/seo\/ -->\n<title>N\u00ebnshkruhet marr\u00ebveshja e &quot;koalicionit n\u00eb t\u00eb gjer\u00eb&quot; n\u00eb Ulqin - Lajme nga Ulqini<\/title>\n<meta name=\"description\" content=\"Gjate dites se sotme\u00a0 prane Komun\u00ebs se\u00a0 Ulqimit u be n\u00ebnshkrimi i marr\u00ebveshtjes n\u00eb mes subjekteve shqiptare dhe Partis\u00eb Demokratike t\u00eb Socialist\u00ebve, ku\" \/>\n<meta name=\"robots\" content=\"index, follow, max-snippet:-1, max-image-preview:large, max-video-preview:-1\" \/>\n<link rel=\"canonical\" href=\"https:\/\/www.visit-ulcinj.com\/blog\/2016\/03\/13\/nenshkruhet-marreveshja-e-koalicionit-ne-te-gjere-ne-ulqin\/\" \/>\n<meta property=\"og:locale\" content=\"en_US\" \/>\n<meta property=\"og:type\" content=\"article\" \/>\n<meta property=\"og:title\" content=\"N\u00ebnshkruhet marr\u00ebveshja e &quot;koalicionit n\u00eb t\u00eb gjer\u00eb&quot; n\u00eb Ulqin - Lajme nga Ulqini\" \/>\n<meta property=\"og:description\" content=\"Gjate dites se sotme\u00a0 prane Komun\u00ebs se\u00a0 Ulqimit u be n\u00ebnshkrimi i marr\u00ebveshtjes n\u00eb mes subjekteve shqiptare dhe Partis\u00eb Demokratike t\u00eb Socialist\u00ebve, ku\" \/>\n<meta property=\"og:url\" content=\"https:\/\/www.visit-ulcinj.com\/blog\/2016\/03\/13\/nenshkruhet-marreveshja-e-koalicionit-ne-te-gjere-ne-ulqin\/\" \/>\n<meta property=\"og:site_name\" content=\"Lajme nga Ulqini\" \/>\n<meta property=\"article:published_time\" content=\"2016-03-13T17:37:26+00:00\" \/>\n<meta property=\"article:modified_time\" content=\"2016-03-13T22:24:13+00:00\" \/>\n<meta property=\"og:image\" content=\"http:\/\/www.visit-ulcinj.com\/blog\/wp-content\/uploads\/2016\/03\/Marreveshtja-ne-ulqin.jpg\" \/>\n<meta name=\"twitter:label1\" content=\"Written by\" \/>\n\t<meta name=\"twitter:data1\" content=\"ulqini\" \/>\n\t<meta name=\"twitter:label2\" content=\"Est. reading time\" \/>\n\t<meta name=\"twitter:data2\" content=\"1 minute\" \/>\n<script type=\"application\/ld+json\" class=\"yoast-schema-graph\">{\"@context\":\"https:\/\/schema.org\",\"@graph\":[{\"@type\":\"WebSite\",\"@id\":\"https:\/\/www.visit-ulcinj.com\/blog\/#website\",\"url\":\"https:\/\/www.visit-ulcinj.com\/blog\/\",\"name\":\"Lajme nga Ulqini\",\"description\":\"Lajme,Vijesti,Ulqini,Ulqin,Crna Gora,Mali i Zi\",\"potentialAction\":[{\"@type\":\"SearchAction\",\"target\":{\"@type\":\"EntryPoint\",\"urlTemplate\":\"https:\/\/www.visit-ulcinj.com\/blog\/?s={search_term_string}\"},\"query-input\":\"required name=search_term_string\"}],\"inLanguage\":\"en-US\"},{\"@type\":\"ImageObject\",\"inLanguage\":\"en-US\",\"@id\":\"https:\/\/www.visit-ulcinj.com\/blog\/2016\/03\/13\/nenshkruhet-marreveshja-e-koalicionit-ne-te-gjere-ne-ulqin\/#primaryimage\",\"url\":\"https:\/\/www.visit-ulcinj.com\/blog\/wp-content\/uploads\/2016\/03\/Marreveshtja-ne-ulqin.jpg\",\"contentUrl\":\"https:\/\/www.visit-ulcinj.com\/blog\/wp-content\/uploads\/2016\/03\/Marreveshtja-ne-ulqin.jpg\",\"width\":999,\"height\":629},{\"@type\":\"WebPage\",\"@id\":\"https:\/\/www.visit-ulcinj.com\/blog\/2016\/03\/13\/nenshkruhet-marreveshja-e-koalicionit-ne-te-gjere-ne-ulqin\/#webpage\",\"url\":\"https:\/\/www.visit-ulcinj.com\/blog\/2016\/03\/13\/nenshkruhet-marreveshja-e-koalicionit-ne-te-gjere-ne-ulqin\/\",\"name\":\"N\u00ebnshkruhet marr\u00ebveshja e \\\"koalicionit n\u00eb t\u00eb gjer\u00eb\\\" n\u00eb Ulqin - Lajme nga Ulqini\",\"isPartOf\":{\"@id\":\"https:\/\/www.visit-ulcinj.com\/blog\/#website\"},\"primaryImageOfPage\":{\"@id\":\"https:\/\/www.visit-ulcinj.com\/blog\/2016\/03\/13\/nenshkruhet-marreveshja-e-koalicionit-ne-te-gjere-ne-ulqin\/#primaryimage\"},\"datePublished\":\"2016-03-13T17:37:26+00:00\",\"dateModified\":\"2016-03-13T22:24:13+00:00\",\"author\":{\"@id\":\"https:\/\/www.visit-ulcinj.com\/blog\/#\/schema\/person\/dcab619c614d3038751c63bc2aadc06d\"},\"description\":\"Gjate dites se sotme\u00a0 prane Komun\u00ebs se\u00a0 Ulqimit u be n\u00ebnshkrimi i marr\u00ebveshtjes n\u00eb mes subjekteve shqiptare dhe Partis\u00eb Demokratike t\u00eb Socialist\u00ebve, ku\",\"breadcrumb\":{\"@id\":\"https:\/\/www.visit-ulcinj.com\/blog\/2016\/03\/13\/nenshkruhet-marreveshja-e-koalicionit-ne-te-gjere-ne-ulqin\/#breadcrumb\"},\"inLanguage\":\"en-US\",\"potentialAction\":[{\"@type\":\"ReadAction\",\"target\":[\"https:\/\/www.visit-ulcinj.com\/blog\/2016\/03\/13\/nenshkruhet-marreveshja-e-koalicionit-ne-te-gjere-ne-ulqin\/\"]}]},{\"@type\":\"BreadcrumbList\",\"@id\":\"https:\/\/www.visit-ulcinj.com\/blog\/2016\/03\/13\/nenshkruhet-marreveshja-e-koalicionit-ne-te-gjere-ne-ulqin\/#breadcrumb\",\"itemListElement\":[{\"@type\":\"ListItem\",\"position\":1,\"name\":\"N\u00ebnshkruhet marr\u00ebveshja e &#8220;koalicionit n\u00eb t\u00eb gjer\u00eb&#8221; n\u00eb Ulqin\"}]},{\"@type\":\"Person\",\"@id\":\"https:\/\/www.visit-ulcinj.com\/blog\/#\/schema\/person\/dcab619c614d3038751c63bc2aadc06d\",\"name\":\"ulqini\",\"sameAs\":[\"http:\/\/www.visit-ulcinj.com\"],\"url\":\"https:\/\/www.visit-ulcinj.com\/blog\/author\/admin\/\"}]}<\/script>\n<!-- \/ Yoast SEO plugin. -->","yoast_head_json":{"title":"N\u00ebnshkruhet marr\u00ebveshja e \"koalicionit n\u00eb t\u00eb gjer\u00eb\" n\u00eb Ulqin - Lajme nga Ulqini","description":"Gjate dites se sotme\u00a0 prane Komun\u00ebs se\u00a0 Ulqimit u be n\u00ebnshkrimi i marr\u00ebveshtjes n\u00eb mes subjekteve shqiptare dhe Partis\u00eb Demokratike t\u00eb Socialist\u00ebve, ku","robots":{"index":"index","follow":"follow","max-snippet":"max-snippet:-1","max-image-preview":"max-image-preview:large","max-video-preview":"max-video-preview:-1"},"canonical":"https:\/\/www.visit-ulcinj.com\/blog\/2016\/03\/13\/nenshkruhet-marreveshja-e-koalicionit-ne-te-gjere-ne-ulqin\/","og_locale":"en_US","og_type":"article","og_title":"N\u00ebnshkruhet marr\u00ebveshja e \"koalicionit n\u00eb t\u00eb gjer\u00eb\" n\u00eb Ulqin - Lajme nga Ulqini","og_description":"Gjate dites se sotme\u00a0 prane Komun\u00ebs se\u00a0 Ulqimit u be n\u00ebnshkrimi i marr\u00ebveshtjes n\u00eb mes subjekteve shqiptare dhe Partis\u00eb Demokratike t\u00eb Socialist\u00ebve, ku","og_url":"https:\/\/www.visit-ulcinj.com\/blog\/2016\/03\/13\/nenshkruhet-marreveshja-e-koalicionit-ne-te-gjere-ne-ulqin\/","og_site_name":"Lajme nga Ulqini","article_published_time":"2016-03-13T17:37:26+00:00","article_modified_time":"2016-03-13T22:24:13+00:00","og_image":[{"url":"http:\/\/www.visit-ulcinj.com\/blog\/wp-content\/uploads\/2016\/03\/Marreveshtja-ne-ulqin.jpg"}],"twitter_misc":{"Written by":"ulqini","Est. reading time":"1 minute"},"schema":{"@context":"https:\/\/schema.org","@graph":[{"@type":"WebSite","@id":"https:\/\/www.visit-ulcinj.com\/blog\/#website","url":"https:\/\/www.visit-ulcinj.com\/blog\/","name":"Lajme nga Ulqini","description":"Lajme,Vijesti,Ulqini,Ulqin,Crna Gora,Mali i Zi","potentialAction":[{"@type":"SearchAction","target":{"@type":"EntryPoint","urlTemplate":"https:\/\/www.visit-ulcinj.com\/blog\/?s={search_term_string}"},"query-input":"required name=search_term_string"}],"inLanguage":"en-US"},{"@type":"ImageObject","inLanguage":"en-US","@id":"https:\/\/www.visit-ulcinj.com\/blog\/2016\/03\/13\/nenshkruhet-marreveshja-e-koalicionit-ne-te-gjere-ne-ulqin\/#primaryimage","url":"https:\/\/www.visit-ulcinj.com\/blog\/wp-content\/uploads\/2016\/03\/Marreveshtja-ne-ulqin.jpg","contentUrl":"https:\/\/www.visit-ulcinj.com\/blog\/wp-content\/uploads\/2016\/03\/Marreveshtja-ne-ulqin.jpg","width":999,"height":629},{"@type":"WebPage","@id":"https:\/\/www.visit-ulcinj.com\/blog\/2016\/03\/13\/nenshkruhet-marreveshja-e-koalicionit-ne-te-gjere-ne-ulqin\/#webpage","url":"https:\/\/www.visit-ulcinj.com\/blog\/2016\/03\/13\/nenshkruhet-marreveshja-e-koalicionit-ne-te-gjere-ne-ulqin\/","name":"N\u00ebnshkruhet marr\u00ebveshja e \"koalicionit n\u00eb t\u00eb gjer\u00eb\" n\u00eb Ulqin - Lajme nga Ulqini","isPartOf":{"@id":"https:\/\/www.visit-ulcinj.com\/blog\/#website"},"primaryImageOfPage":{"@id":"https:\/\/www.visit-ulcinj.com\/blog\/2016\/03\/13\/nenshkruhet-marreveshja-e-koalicionit-ne-te-gjere-ne-ulqin\/#primaryimage"},"datePublished":"2016-03-13T17:37:26+00:00","dateModified":"2016-03-13T22:24:13+00:00","author":{"@id":"https:\/\/www.visit-ulcinj.com\/blog\/#\/schema\/person\/dcab619c614d3038751c63bc2aadc06d"},"description":"Gjate dites se sotme\u00a0 prane Komun\u00ebs se\u00a0 Ulqimit u be n\u00ebnshkrimi i marr\u00ebveshtjes n\u00eb mes subjekteve shqiptare dhe Partis\u00eb Demokratike t\u00eb Socialist\u00ebve, ku","breadcrumb":{"@id":"https:\/\/www.visit-ulcinj.com\/blog\/2016\/03\/13\/nenshkruhet-marreveshja-e-koalicionit-ne-te-gjere-ne-ulqin\/#breadcrumb"},"inLanguage":"en-US","potentialAction":[{"@type":"ReadAction","target":["https:\/\/www.visit-ulcinj.com\/blog\/2016\/03\/13\/nenshkruhet-marreveshja-e-koalicionit-ne-te-gjere-ne-ulqin\/"]}]},{"@type":"BreadcrumbList","@id":"https:\/\/www.visit-ulcinj.com\/blog\/2016\/03\/13\/nenshkruhet-marreveshja-e-koalicionit-ne-te-gjere-ne-ulqin\/#breadcrumb","itemListElement":[{"@type":"ListItem","position":1,"name":"N\u00ebnshkruhet marr\u00ebveshja e &#8220;koalicionit n\u00eb t\u00eb gjer\u00eb&#8221; n\u00eb Ulqin"}]},{"@type":"Person","@id":"https:\/\/www.visit-ulcinj.com\/blog\/#\/schema\/person\/dcab619c614d3038751c63bc2aadc06d","name":"ulqini","sameAs":["http:\/\/www.visit-ulcinj.com"],"url":"https:\/\/www.visit-ulcinj.com\/blog\/author\/admin\/"}]}},"jetpack_featured_media_url":"","jetpack_sharing_enabled":true,"jetpack_shortlink":"https:\/\/wp.me\/pe6lTn-oM6","_links":{"self":[{"href":"https:\/\/www.visit-ulcinj.com\/blog\/wp-json\/wp\/v2\/posts\/95238"}],"collection":[{"href":"https:\/\/www.visit-ulcinj.com\/blog\/wp-json\/wp\/v2\/posts"}],"about":[{"href":"https:\/\/www.visit-ulcinj.com\/blog\/wp-json\/wp\/v2\/types\/post"}],"author":[{"embeddable":true,"href":"https:\/\/www.visit-ulcinj.com\/blog\/wp-json\/wp\/v2\/users\/1"}],"replies":[{"embeddable":true,"href":"https:\/\/www.visit-ulcinj.com\/blog\/wp-json\/wp\/v2\/comments?post=95238"}],"version-history":[{"count":1,"href":"https:\/\/www.visit-ulcinj.com\/blog\/wp-json\/wp\/v2\/posts\/95238\/revisions"}],"predecessor-version":[{"id":95240,"href":"https:\/\/www.visit-ulcinj.com\/blog\/wp-json\/wp\/v2\/posts\/95238\/revisions\/95240"}],"wp:attachment":[{"href":"https:\/\/www.visit-ulcinj.com\/blog\/wp-json\/wp\/v2\/media?parent=95238"}],"wp:term":[{"taxonomy":"category","embeddable":true,"href":"https:\/\/www.visit-ulcinj.com\/blog\/wp-json\/wp\/v2\/categories?post=95238"},{"taxonomy":"post_tag","embeddable":true,"href":"https:\/\/www.visit-ulcinj.com\/blog\/wp-json\/wp\/v2\/tags?post=95238"}],"curies":[{"name":"wp","href":"https:\/\/api.w.org\/{rel}","templated":true}]}}