{"id":95241,"date":"2016-03-13T18:52:55","date_gmt":"2016-03-13T17:52:55","guid":{"rendered":"http:\/\/www.visit-ulcinj.com\/blog\/?p=95241"},"modified":"2016-03-13T18:52:55","modified_gmt":"2016-03-13T17:52:55","slug":"formirana-siroka-koalicija-vlasti-u-ulcinju","status":"publish","type":"post","link":"https:\/\/www.visit-ulcinj.com\/blog\/2016\/03\/13\/formirana-siroka-koalicija-vlasti-u-ulcinju\/","title":{"rendered":"Formirana \u0161iroka koalicija vlasti u Ulcinju"},"content":{"rendered":"<p><strong><a href=\"http:\/\/www.visit-ulcinj.com\/blog\/wp-content\/uploads\/2016\/03\/Marreveshtja-ne-ulqin.jpg\"><img loading=\"lazy\" class=\"alignleft wp-image-95239\" src=\"http:\/\/www.visit-ulcinj.com\/blog\/wp-content\/uploads\/2016\/03\/Marreveshtja-ne-ulqin.jpg\" alt=\"Marreveshtja ne ulqin\" width=\"508\" height=\"320\" srcset=\"https:\/\/www.visit-ulcinj.com\/blog\/wp-content\/uploads\/2016\/03\/Marreveshtja-ne-ulqin.jpg 999w, https:\/\/www.visit-ulcinj.com\/blog\/wp-content\/uploads\/2016\/03\/Marreveshtja-ne-ulqin-300x189.jpg 300w\" sizes=\"(max-width: 508px) 100vw, 508px\" \/><\/a>DPS, Forca, Dua i Koalicija &#8220;Zajedno za budu\u0107nost Ulcinja&#8221; potpisali su sporazum i formirali vlast u toj op\u0161tini.<\/strong><\/p>\n<p>Na formiranje koalicije, ka\u017eu, bili su prinu\u0111eni zbog izlaska iz politi\u010dke krize.<\/p>\n<p>Nagla\u0161avaju da je najbitniji interes gra\u0111ana, zbog \u010dega novu vlast \u010deka mnogo posla. Najva\u017eniji je usvajanje bud\u017eeta za ovu godinu.<\/p>\n<p>Novina je da \u0107e Op\u0161tina imati \u010detiri potpredsjednika, jednog vi\u0161e nego do sada &#8211; po jednog iz svake \u010dlanice koalicije.<\/p>\n<p>Predsjednik Op\u0161tine bi\u0107e Nazif Cung iz Force, a predsjednik Skup\u0161tine Op\u0161tine Ljoro Nreki\u0107 iz DPS-a.<\/p>\n<p><strong>Izvor: RTCG<\/strong><\/p>\n","protected":false},"excerpt":{"rendered":"<p>DPS, Forca, Dua i Koalicija &#8220;Zajedno za budu\u0107nost Ulcinja&#8221; potpisali su sporazum i formirali vlast u toj op\u0161tini. Na formiranje koalicije, ka\u017eu, bili su prinu\u0111eni zbog izlaska iz politi\u010dke krize. Nagla\u0161avaju da je najbitniji interes gra\u0111ana, zbog \u010dega novu vlast \u010deka mnogo posla. Najva\u017eniji je usvajanje bud\u017eeta za ovu godinu. Novina je da \u0107e Op\u0161tina [&hellip;]<\/p>\n","protected":false},"author":1,"featured_media":0,"comment_status":"closed","ping_status":"closed","sticky":false,"template":"","format":"standard","meta":{"spay_email":"","jetpack_publicize_message":"","jetpack_is_tweetstorm":false,"jetpack_publicize_feature_enabled":true},"categories":[8337],"tags":[],"jetpack_publicize_connections":[],"yoast_head":"<!-- This site is optimized with the Yoast SEO plugin v19.1 - https:\/\/yoast.com\/wordpress\/plugins\/seo\/ -->\n<title>Formirana \u0161iroka koalicija vlasti u Ulcinju - Lajme nga Ulqini<\/title>\n<meta name=\"description\" content=\"DPS, Forca, Dua i Koalicija &quot;Zajedno za budu\u0107nost Ulcinja&quot; potpisali su sporazum i formirali vlast u toj op\u0161tini. Na formiranje koalicije, ka\u017eu, bili su\" \/>\n<meta name=\"robots\" content=\"index, follow, max-snippet:-1, max-image-preview:large, max-video-preview:-1\" \/>\n<link rel=\"canonical\" href=\"https:\/\/www.visit-ulcinj.com\/blog\/2016\/03\/13\/formirana-siroka-koalicija-vlasti-u-ulcinju\/\" \/>\n<meta property=\"og:locale\" content=\"en_US\" \/>\n<meta property=\"og:type\" content=\"article\" \/>\n<meta property=\"og:title\" content=\"Formirana \u0161iroka koalicija vlasti u Ulcinju - Lajme nga Ulqini\" \/>\n<meta property=\"og:description\" content=\"DPS, Forca, Dua i Koalicija &quot;Zajedno za budu\u0107nost Ulcinja&quot; potpisali su sporazum i formirali vlast u toj op\u0161tini. Na formiranje koalicije, ka\u017eu, bili su\" \/>\n<meta property=\"og:url\" content=\"https:\/\/www.visit-ulcinj.com\/blog\/2016\/03\/13\/formirana-siroka-koalicija-vlasti-u-ulcinju\/\" \/>\n<meta property=\"og:site_name\" content=\"Lajme nga Ulqini\" \/>\n<meta property=\"article:published_time\" content=\"2016-03-13T17:52:55+00:00\" \/>\n<meta property=\"og:image\" content=\"http:\/\/www.visit-ulcinj.com\/blog\/wp-content\/uploads\/2016\/03\/Marreveshtja-ne-ulqin.jpg\" \/>\n<meta name=\"twitter:label1\" content=\"Written by\" \/>\n\t<meta name=\"twitter:data1\" content=\"ulqini\" \/>\n\t<meta name=\"twitter:label2\" content=\"Est. reading time\" \/>\n\t<meta name=\"twitter:data2\" content=\"1 minute\" \/>\n<script type=\"application\/ld+json\" class=\"yoast-schema-graph\">{\"@context\":\"https:\/\/schema.org\",\"@graph\":[{\"@type\":\"WebSite\",\"@id\":\"https:\/\/www.visit-ulcinj.com\/blog\/#website\",\"url\":\"https:\/\/www.visit-ulcinj.com\/blog\/\",\"name\":\"Lajme nga Ulqini\",\"description\":\"Lajme,Vijesti,Ulqini,Ulqin,Crna Gora,Mali i Zi\",\"potentialAction\":[{\"@type\":\"SearchAction\",\"target\":{\"@type\":\"EntryPoint\",\"urlTemplate\":\"https:\/\/www.visit-ulcinj.com\/blog\/?s={search_term_string}\"},\"query-input\":\"required name=search_term_string\"}],\"inLanguage\":\"en-US\"},{\"@type\":\"ImageObject\",\"inLanguage\":\"en-US\",\"@id\":\"https:\/\/www.visit-ulcinj.com\/blog\/2016\/03\/13\/formirana-siroka-koalicija-vlasti-u-ulcinju\/#primaryimage\",\"url\":\"https:\/\/www.visit-ulcinj.com\/blog\/wp-content\/uploads\/2016\/03\/Marreveshtja-ne-ulqin.jpg\",\"contentUrl\":\"https:\/\/www.visit-ulcinj.com\/blog\/wp-content\/uploads\/2016\/03\/Marreveshtja-ne-ulqin.jpg\",\"width\":999,\"height\":629},{\"@type\":\"WebPage\",\"@id\":\"https:\/\/www.visit-ulcinj.com\/blog\/2016\/03\/13\/formirana-siroka-koalicija-vlasti-u-ulcinju\/#webpage\",\"url\":\"https:\/\/www.visit-ulcinj.com\/blog\/2016\/03\/13\/formirana-siroka-koalicija-vlasti-u-ulcinju\/\",\"name\":\"Formirana \u0161iroka koalicija vlasti u Ulcinju - Lajme nga Ulqini\",\"isPartOf\":{\"@id\":\"https:\/\/www.visit-ulcinj.com\/blog\/#website\"},\"primaryImageOfPage\":{\"@id\":\"https:\/\/www.visit-ulcinj.com\/blog\/2016\/03\/13\/formirana-siroka-koalicija-vlasti-u-ulcinju\/#primaryimage\"},\"datePublished\":\"2016-03-13T17:52:55+00:00\",\"dateModified\":\"2016-03-13T17:52:55+00:00\",\"author\":{\"@id\":\"https:\/\/www.visit-ulcinj.com\/blog\/#\/schema\/person\/dcab619c614d3038751c63bc2aadc06d\"},\"description\":\"DPS, Forca, Dua i Koalicija \\\"Zajedno za budu\u0107nost Ulcinja\\\" potpisali su sporazum i formirali vlast u toj op\u0161tini. Na formiranje koalicije, ka\u017eu, bili su\",\"breadcrumb\":{\"@id\":\"https:\/\/www.visit-ulcinj.com\/blog\/2016\/03\/13\/formirana-siroka-koalicija-vlasti-u-ulcinju\/#breadcrumb\"},\"inLanguage\":\"en-US\",\"potentialAction\":[{\"@type\":\"ReadAction\",\"target\":[\"https:\/\/www.visit-ulcinj.com\/blog\/2016\/03\/13\/formirana-siroka-koalicija-vlasti-u-ulcinju\/\"]}]},{\"@type\":\"BreadcrumbList\",\"@id\":\"https:\/\/www.visit-ulcinj.com\/blog\/2016\/03\/13\/formirana-siroka-koalicija-vlasti-u-ulcinju\/#breadcrumb\",\"itemListElement\":[{\"@type\":\"ListItem\",\"position\":1,\"name\":\"Formirana \u0161iroka koalicija vlasti u Ulcinju\"}]},{\"@type\":\"Person\",\"@id\":\"https:\/\/www.visit-ulcinj.com\/blog\/#\/schema\/person\/dcab619c614d3038751c63bc2aadc06d\",\"name\":\"ulqini\",\"sameAs\":[\"http:\/\/www.visit-ulcinj.com\"],\"url\":\"https:\/\/www.visit-ulcinj.com\/blog\/author\/admin\/\"}]}<\/script>\n<!-- \/ Yoast SEO plugin. -->","yoast_head_json":{"title":"Formirana \u0161iroka koalicija vlasti u Ulcinju - Lajme nga Ulqini","description":"DPS, Forca, Dua i Koalicija \"Zajedno za budu\u0107nost Ulcinja\" potpisali su sporazum i formirali vlast u toj op\u0161tini. Na formiranje koalicije, ka\u017eu, bili su","robots":{"index":"index","follow":"follow","max-snippet":"max-snippet:-1","max-image-preview":"max-image-preview:large","max-video-preview":"max-video-preview:-1"},"canonical":"https:\/\/www.visit-ulcinj.com\/blog\/2016\/03\/13\/formirana-siroka-koalicija-vlasti-u-ulcinju\/","og_locale":"en_US","og_type":"article","og_title":"Formirana \u0161iroka koalicija vlasti u Ulcinju - Lajme nga Ulqini","og_description":"DPS, Forca, Dua i Koalicija \"Zajedno za budu\u0107nost Ulcinja\" potpisali su sporazum i formirali vlast u toj op\u0161tini. Na formiranje koalicije, ka\u017eu, bili su","og_url":"https:\/\/www.visit-ulcinj.com\/blog\/2016\/03\/13\/formirana-siroka-koalicija-vlasti-u-ulcinju\/","og_site_name":"Lajme nga Ulqini","article_published_time":"2016-03-13T17:52:55+00:00","og_image":[{"url":"http:\/\/www.visit-ulcinj.com\/blog\/wp-content\/uploads\/2016\/03\/Marreveshtja-ne-ulqin.jpg"}],"twitter_misc":{"Written by":"ulqini","Est. reading time":"1 minute"},"schema":{"@context":"https:\/\/schema.org","@graph":[{"@type":"WebSite","@id":"https:\/\/www.visit-ulcinj.com\/blog\/#website","url":"https:\/\/www.visit-ulcinj.com\/blog\/","name":"Lajme nga Ulqini","description":"Lajme,Vijesti,Ulqini,Ulqin,Crna Gora,Mali i Zi","potentialAction":[{"@type":"SearchAction","target":{"@type":"EntryPoint","urlTemplate":"https:\/\/www.visit-ulcinj.com\/blog\/?s={search_term_string}"},"query-input":"required name=search_term_string"}],"inLanguage":"en-US"},{"@type":"ImageObject","inLanguage":"en-US","@id":"https:\/\/www.visit-ulcinj.com\/blog\/2016\/03\/13\/formirana-siroka-koalicija-vlasti-u-ulcinju\/#primaryimage","url":"https:\/\/www.visit-ulcinj.com\/blog\/wp-content\/uploads\/2016\/03\/Marreveshtja-ne-ulqin.jpg","contentUrl":"https:\/\/www.visit-ulcinj.com\/blog\/wp-content\/uploads\/2016\/03\/Marreveshtja-ne-ulqin.jpg","width":999,"height":629},{"@type":"WebPage","@id":"https:\/\/www.visit-ulcinj.com\/blog\/2016\/03\/13\/formirana-siroka-koalicija-vlasti-u-ulcinju\/#webpage","url":"https:\/\/www.visit-ulcinj.com\/blog\/2016\/03\/13\/formirana-siroka-koalicija-vlasti-u-ulcinju\/","name":"Formirana \u0161iroka koalicija vlasti u Ulcinju - Lajme nga Ulqini","isPartOf":{"@id":"https:\/\/www.visit-ulcinj.com\/blog\/#website"},"primaryImageOfPage":{"@id":"https:\/\/www.visit-ulcinj.com\/blog\/2016\/03\/13\/formirana-siroka-koalicija-vlasti-u-ulcinju\/#primaryimage"},"datePublished":"2016-03-13T17:52:55+00:00","dateModified":"2016-03-13T17:52:55+00:00","author":{"@id":"https:\/\/www.visit-ulcinj.com\/blog\/#\/schema\/person\/dcab619c614d3038751c63bc2aadc06d"},"description":"DPS, Forca, Dua i Koalicija \"Zajedno za budu\u0107nost Ulcinja\" potpisali su sporazum i formirali vlast u toj op\u0161tini. Na formiranje koalicije, ka\u017eu, bili su","breadcrumb":{"@id":"https:\/\/www.visit-ulcinj.com\/blog\/2016\/03\/13\/formirana-siroka-koalicija-vlasti-u-ulcinju\/#breadcrumb"},"inLanguage":"en-US","potentialAction":[{"@type":"ReadAction","target":["https:\/\/www.visit-ulcinj.com\/blog\/2016\/03\/13\/formirana-siroka-koalicija-vlasti-u-ulcinju\/"]}]},{"@type":"BreadcrumbList","@id":"https:\/\/www.visit-ulcinj.com\/blog\/2016\/03\/13\/formirana-siroka-koalicija-vlasti-u-ulcinju\/#breadcrumb","itemListElement":[{"@type":"ListItem","position":1,"name":"Formirana \u0161iroka koalicija vlasti u Ulcinju"}]},{"@type":"Person","@id":"https:\/\/www.visit-ulcinj.com\/blog\/#\/schema\/person\/dcab619c614d3038751c63bc2aadc06d","name":"ulqini","sameAs":["http:\/\/www.visit-ulcinj.com"],"url":"https:\/\/www.visit-ulcinj.com\/blog\/author\/admin\/"}]}},"jetpack_featured_media_url":"","jetpack_sharing_enabled":true,"jetpack_shortlink":"https:\/\/wp.me\/pe6lTn-oM9","_links":{"self":[{"href":"https:\/\/www.visit-ulcinj.com\/blog\/wp-json\/wp\/v2\/posts\/95241"}],"collection":[{"href":"https:\/\/www.visit-ulcinj.com\/blog\/wp-json\/wp\/v2\/posts"}],"about":[{"href":"https:\/\/www.visit-ulcinj.com\/blog\/wp-json\/wp\/v2\/types\/post"}],"author":[{"embeddable":true,"href":"https:\/\/www.visit-ulcinj.com\/blog\/wp-json\/wp\/v2\/users\/1"}],"replies":[{"embeddable":true,"href":"https:\/\/www.visit-ulcinj.com\/blog\/wp-json\/wp\/v2\/comments?post=95241"}],"version-history":[{"count":1,"href":"https:\/\/www.visit-ulcinj.com\/blog\/wp-json\/wp\/v2\/posts\/95241\/revisions"}],"predecessor-version":[{"id":95242,"href":"https:\/\/www.visit-ulcinj.com\/blog\/wp-json\/wp\/v2\/posts\/95241\/revisions\/95242"}],"wp:attachment":[{"href":"https:\/\/www.visit-ulcinj.com\/blog\/wp-json\/wp\/v2\/media?parent=95241"}],"wp:term":[{"taxonomy":"category","embeddable":true,"href":"https:\/\/www.visit-ulcinj.com\/blog\/wp-json\/wp\/v2\/categories?post=95241"},{"taxonomy":"post_tag","embeddable":true,"href":"https:\/\/www.visit-ulcinj.com\/blog\/wp-json\/wp\/v2\/tags?post=95241"}],"curies":[{"name":"wp","href":"https:\/\/api.w.org\/{rel}","templated":true}]}}