{"id":95252,"date":"2016-03-14T17:26:12","date_gmt":"2016-03-14T16:26:12","guid":{"rendered":"http:\/\/www.visit-ulcinj.com\/blog\/?p=95252"},"modified":"2016-03-14T17:26:12","modified_gmt":"2016-03-14T16:26:12","slug":"shota-baraliu-shqiptaret-e-kosoves-kane-race-sllave-video","status":"publish","type":"post","link":"https:\/\/www.visit-ulcinj.com\/blog\/2016\/03\/14\/shota-baraliu-shqiptaret-e-kosoves-kane-race-sllave-video\/","title":{"rendered":"Shota Baraliu: Shqiptar\u00ebt e Kosov\u00ebs kan\u00eb rac\u00eb sllave &#8211; Video"},"content":{"rendered":"<p><a href=\"http:\/\/www.visit-ulcinj.com\/blog\/wp-content\/uploads\/2016\/03\/Shota-Baraliu-.jpg\"><img loading=\"lazy\" class=\"alignleft wp-image-95253\" src=\"http:\/\/www.visit-ulcinj.com\/blog\/wp-content\/uploads\/2016\/03\/Shota-Baraliu-.jpg\" alt=\"Shota Baraliu-\" width=\"508\" height=\"278\" srcset=\"https:\/\/www.visit-ulcinj.com\/blog\/wp-content\/uploads\/2016\/03\/Shota-Baraliu-.jpg 633w, https:\/\/www.visit-ulcinj.com\/blog\/wp-content\/uploads\/2016\/03\/Shota-Baraliu--300x164.jpg 300w\" sizes=\"(max-width: 508px) 100vw, 508px\" \/><\/a>Aktorja dhe k\u00ebng\u00ebtarja kosovare, Shota Baraliu mendon se shqiptar\u00ebt e Kosov\u00ebs kan\u00eb rac\u00eb sllave.<br \/>\nBaraliu n\u00eb emisionin e Kastro Zizos, i pyetur nga ky i fundit pse femrat kosovare i kan\u00eb gjokset e m\u00ebdha ajo \u00ebsht\u00eb p\u00ebrgjigjur se \u201cne jemi si rac\u00eb sllave dhe jemi n\u00eb p\u00ebrgjith\u00ebsi k\u00ebshtu m\u00eb t\u00eb m\u00ebdha\u201d, ka th\u00ebn\u00eb Baraliu, p\u00ebrcjell ORAinfo.<\/p>\n<p>I pyetur nga moderatori i emisionit se si \u00ebsht\u00eb e mundur q\u00eb shqiptar\u00ebt t\u00eb ken\u00eb rac\u00eb sllave, ajo \u00ebsht\u00eb munduar t\u00eb arsyetohet se shum\u00eb shqiptar jan\u00eb t\u00eb martuar me boshnjake dhe serbe dhe anasjelltas.<\/p>\n<p>\u201cNj\u00eb p\u00ebrqindje shum\u00eb e madhe \u00ebsht\u00eb e p\u00ebrzier, kan\u00eb babin boshnjak, apo n\u00ebn\u00ebn boshnjake apo edhe serbe\u201d, ka th\u00ebn\u00eb Baraliu.<\/p>\n<p><b>Gazetablic<\/b><\/p>\n<!--YouTube Error: bad URL entered-->\n<p>&nbsp;<\/p>\n","protected":false},"excerpt":{"rendered":"<p>Aktorja dhe k\u00ebng\u00ebtarja kosovare, Shota Baraliu mendon se shqiptar\u00ebt e Kosov\u00ebs kan\u00eb rac\u00eb sllave. Baraliu n\u00eb emisionin e Kastro Zizos, i pyetur nga ky i fundit pse femrat kosovare i kan\u00eb gjokset e m\u00ebdha ajo \u00ebsht\u00eb p\u00ebrgjigjur se \u201cne jemi si rac\u00eb sllave dhe jemi n\u00eb p\u00ebrgjith\u00ebsi k\u00ebshtu m\u00eb t\u00eb m\u00ebdha\u201d, ka th\u00ebn\u00eb Baraliu, p\u00ebrcjell [&hellip;]<\/p>\n","protected":false},"author":1,"featured_media":0,"comment_status":"closed","ping_status":"closed","sticky":false,"template":"","format":"standard","meta":{"spay_email":"","jetpack_publicize_message":"","jetpack_is_tweetstorm":false,"jetpack_publicize_feature_enabled":true},"categories":[1],"tags":[],"jetpack_publicize_connections":[],"yoast_head":"<!-- This site is optimized with the Yoast SEO plugin v19.1 - https:\/\/yoast.com\/wordpress\/plugins\/seo\/ -->\n<title>Shota Baraliu: Shqiptar\u00ebt e Kosov\u00ebs kan\u00eb rac\u00eb sllave - Video - Lajme nga Ulqini<\/title>\n<meta name=\"description\" content=\"Aktorja dhe k\u00ebng\u00ebtarja kosovare, Shota Baraliu mendon se shqiptar\u00ebt e Kosov\u00ebs kan\u00eb rac\u00eb sllave. Baraliu n\u00eb emisionin e Kastro Zizos, i pyetur nga ky i\" \/>\n<meta name=\"robots\" content=\"index, follow, max-snippet:-1, max-image-preview:large, max-video-preview:-1\" \/>\n<link rel=\"canonical\" href=\"https:\/\/www.visit-ulcinj.com\/blog\/2016\/03\/14\/shota-baraliu-shqiptaret-e-kosoves-kane-race-sllave-video\/\" \/>\n<meta property=\"og:locale\" content=\"en_US\" \/>\n<meta property=\"og:type\" content=\"article\" \/>\n<meta property=\"og:title\" content=\"Shota Baraliu: Shqiptar\u00ebt e Kosov\u00ebs kan\u00eb rac\u00eb sllave - Video - Lajme nga Ulqini\" \/>\n<meta property=\"og:description\" content=\"Aktorja dhe k\u00ebng\u00ebtarja kosovare, Shota Baraliu mendon se shqiptar\u00ebt e Kosov\u00ebs kan\u00eb rac\u00eb sllave. Baraliu n\u00eb emisionin e Kastro Zizos, i pyetur nga ky i\" \/>\n<meta property=\"og:url\" content=\"https:\/\/www.visit-ulcinj.com\/blog\/2016\/03\/14\/shota-baraliu-shqiptaret-e-kosoves-kane-race-sllave-video\/\" \/>\n<meta property=\"og:site_name\" content=\"Lajme nga Ulqini\" \/>\n<meta property=\"article:published_time\" content=\"2016-03-14T16:26:12+00:00\" \/>\n<meta property=\"og:image\" content=\"http:\/\/www.visit-ulcinj.com\/blog\/wp-content\/uploads\/2016\/03\/Shota-Baraliu-.jpg\" \/>\n<meta name=\"twitter:label1\" content=\"Written by\" \/>\n\t<meta name=\"twitter:data1\" content=\"ulqini\" \/>\n\t<meta name=\"twitter:label2\" content=\"Est. reading time\" \/>\n\t<meta name=\"twitter:data2\" content=\"1 minute\" \/>\n<script type=\"application\/ld+json\" class=\"yoast-schema-graph\">{\"@context\":\"https:\/\/schema.org\",\"@graph\":[{\"@type\":\"WebSite\",\"@id\":\"https:\/\/www.visit-ulcinj.com\/blog\/#website\",\"url\":\"https:\/\/www.visit-ulcinj.com\/blog\/\",\"name\":\"Lajme nga Ulqini\",\"description\":\"Lajme,Vijesti,Ulqini,Ulqin,Crna Gora,Mali i Zi\",\"potentialAction\":[{\"@type\":\"SearchAction\",\"target\":{\"@type\":\"EntryPoint\",\"urlTemplate\":\"https:\/\/www.visit-ulcinj.com\/blog\/?s={search_term_string}\"},\"query-input\":\"required name=search_term_string\"}],\"inLanguage\":\"en-US\"},{\"@type\":\"ImageObject\",\"inLanguage\":\"en-US\",\"@id\":\"https:\/\/www.visit-ulcinj.com\/blog\/2016\/03\/14\/shota-baraliu-shqiptaret-e-kosoves-kane-race-sllave-video\/#primaryimage\",\"url\":\"https:\/\/www.visit-ulcinj.com\/blog\/wp-content\/uploads\/2016\/03\/Shota-Baraliu-.jpg\",\"contentUrl\":\"https:\/\/www.visit-ulcinj.com\/blog\/wp-content\/uploads\/2016\/03\/Shota-Baraliu-.jpg\",\"width\":633,\"height\":347},{\"@type\":\"WebPage\",\"@id\":\"https:\/\/www.visit-ulcinj.com\/blog\/2016\/03\/14\/shota-baraliu-shqiptaret-e-kosoves-kane-race-sllave-video\/#webpage\",\"url\":\"https:\/\/www.visit-ulcinj.com\/blog\/2016\/03\/14\/shota-baraliu-shqiptaret-e-kosoves-kane-race-sllave-video\/\",\"name\":\"Shota Baraliu: Shqiptar\u00ebt e Kosov\u00ebs kan\u00eb rac\u00eb sllave - Video - Lajme nga Ulqini\",\"isPartOf\":{\"@id\":\"https:\/\/www.visit-ulcinj.com\/blog\/#website\"},\"primaryImageOfPage\":{\"@id\":\"https:\/\/www.visit-ulcinj.com\/blog\/2016\/03\/14\/shota-baraliu-shqiptaret-e-kosoves-kane-race-sllave-video\/#primaryimage\"},\"datePublished\":\"2016-03-14T16:26:12+00:00\",\"dateModified\":\"2016-03-14T16:26:12+00:00\",\"author\":{\"@id\":\"https:\/\/www.visit-ulcinj.com\/blog\/#\/schema\/person\/dcab619c614d3038751c63bc2aadc06d\"},\"description\":\"Aktorja dhe k\u00ebng\u00ebtarja kosovare, Shota Baraliu mendon se shqiptar\u00ebt e Kosov\u00ebs kan\u00eb rac\u00eb sllave. Baraliu n\u00eb emisionin e Kastro Zizos, i pyetur nga ky i\",\"breadcrumb\":{\"@id\":\"https:\/\/www.visit-ulcinj.com\/blog\/2016\/03\/14\/shota-baraliu-shqiptaret-e-kosoves-kane-race-sllave-video\/#breadcrumb\"},\"inLanguage\":\"en-US\",\"potentialAction\":[{\"@type\":\"ReadAction\",\"target\":[\"https:\/\/www.visit-ulcinj.com\/blog\/2016\/03\/14\/shota-baraliu-shqiptaret-e-kosoves-kane-race-sllave-video\/\"]}]},{\"@type\":\"BreadcrumbList\",\"@id\":\"https:\/\/www.visit-ulcinj.com\/blog\/2016\/03\/14\/shota-baraliu-shqiptaret-e-kosoves-kane-race-sllave-video\/#breadcrumb\",\"itemListElement\":[{\"@type\":\"ListItem\",\"position\":1,\"name\":\"Shota Baraliu: Shqiptar\u00ebt e Kosov\u00ebs kan\u00eb rac\u00eb sllave &#8211; Video\"}]},{\"@type\":\"Person\",\"@id\":\"https:\/\/www.visit-ulcinj.com\/blog\/#\/schema\/person\/dcab619c614d3038751c63bc2aadc06d\",\"name\":\"ulqini\",\"sameAs\":[\"http:\/\/www.visit-ulcinj.com\"],\"url\":\"https:\/\/www.visit-ulcinj.com\/blog\/author\/admin\/\"}]}<\/script>\n<!-- \/ Yoast SEO plugin. -->","yoast_head_json":{"title":"Shota Baraliu: Shqiptar\u00ebt e Kosov\u00ebs kan\u00eb rac\u00eb sllave - Video - Lajme nga Ulqini","description":"Aktorja dhe k\u00ebng\u00ebtarja kosovare, Shota Baraliu mendon se shqiptar\u00ebt e Kosov\u00ebs kan\u00eb rac\u00eb sllave. Baraliu n\u00eb emisionin e Kastro Zizos, i pyetur nga ky i","robots":{"index":"index","follow":"follow","max-snippet":"max-snippet:-1","max-image-preview":"max-image-preview:large","max-video-preview":"max-video-preview:-1"},"canonical":"https:\/\/www.visit-ulcinj.com\/blog\/2016\/03\/14\/shota-baraliu-shqiptaret-e-kosoves-kane-race-sllave-video\/","og_locale":"en_US","og_type":"article","og_title":"Shota Baraliu: Shqiptar\u00ebt e Kosov\u00ebs kan\u00eb rac\u00eb sllave - Video - Lajme nga Ulqini","og_description":"Aktorja dhe k\u00ebng\u00ebtarja kosovare, Shota Baraliu mendon se shqiptar\u00ebt e Kosov\u00ebs kan\u00eb rac\u00eb sllave. Baraliu n\u00eb emisionin e Kastro Zizos, i pyetur nga ky i","og_url":"https:\/\/www.visit-ulcinj.com\/blog\/2016\/03\/14\/shota-baraliu-shqiptaret-e-kosoves-kane-race-sllave-video\/","og_site_name":"Lajme nga Ulqini","article_published_time":"2016-03-14T16:26:12+00:00","og_image":[{"url":"http:\/\/www.visit-ulcinj.com\/blog\/wp-content\/uploads\/2016\/03\/Shota-Baraliu-.jpg"}],"twitter_misc":{"Written by":"ulqini","Est. reading time":"1 minute"},"schema":{"@context":"https:\/\/schema.org","@graph":[{"@type":"WebSite","@id":"https:\/\/www.visit-ulcinj.com\/blog\/#website","url":"https:\/\/www.visit-ulcinj.com\/blog\/","name":"Lajme nga Ulqini","description":"Lajme,Vijesti,Ulqini,Ulqin,Crna Gora,Mali i Zi","potentialAction":[{"@type":"SearchAction","target":{"@type":"EntryPoint","urlTemplate":"https:\/\/www.visit-ulcinj.com\/blog\/?s={search_term_string}"},"query-input":"required name=search_term_string"}],"inLanguage":"en-US"},{"@type":"ImageObject","inLanguage":"en-US","@id":"https:\/\/www.visit-ulcinj.com\/blog\/2016\/03\/14\/shota-baraliu-shqiptaret-e-kosoves-kane-race-sllave-video\/#primaryimage","url":"https:\/\/www.visit-ulcinj.com\/blog\/wp-content\/uploads\/2016\/03\/Shota-Baraliu-.jpg","contentUrl":"https:\/\/www.visit-ulcinj.com\/blog\/wp-content\/uploads\/2016\/03\/Shota-Baraliu-.jpg","width":633,"height":347},{"@type":"WebPage","@id":"https:\/\/www.visit-ulcinj.com\/blog\/2016\/03\/14\/shota-baraliu-shqiptaret-e-kosoves-kane-race-sllave-video\/#webpage","url":"https:\/\/www.visit-ulcinj.com\/blog\/2016\/03\/14\/shota-baraliu-shqiptaret-e-kosoves-kane-race-sllave-video\/","name":"Shota Baraliu: Shqiptar\u00ebt e Kosov\u00ebs kan\u00eb rac\u00eb sllave - Video - Lajme nga Ulqini","isPartOf":{"@id":"https:\/\/www.visit-ulcinj.com\/blog\/#website"},"primaryImageOfPage":{"@id":"https:\/\/www.visit-ulcinj.com\/blog\/2016\/03\/14\/shota-baraliu-shqiptaret-e-kosoves-kane-race-sllave-video\/#primaryimage"},"datePublished":"2016-03-14T16:26:12+00:00","dateModified":"2016-03-14T16:26:12+00:00","author":{"@id":"https:\/\/www.visit-ulcinj.com\/blog\/#\/schema\/person\/dcab619c614d3038751c63bc2aadc06d"},"description":"Aktorja dhe k\u00ebng\u00ebtarja kosovare, Shota Baraliu mendon se shqiptar\u00ebt e Kosov\u00ebs kan\u00eb rac\u00eb sllave. Baraliu n\u00eb emisionin e Kastro Zizos, i pyetur nga ky i","breadcrumb":{"@id":"https:\/\/www.visit-ulcinj.com\/blog\/2016\/03\/14\/shota-baraliu-shqiptaret-e-kosoves-kane-race-sllave-video\/#breadcrumb"},"inLanguage":"en-US","potentialAction":[{"@type":"ReadAction","target":["https:\/\/www.visit-ulcinj.com\/blog\/2016\/03\/14\/shota-baraliu-shqiptaret-e-kosoves-kane-race-sllave-video\/"]}]},{"@type":"BreadcrumbList","@id":"https:\/\/www.visit-ulcinj.com\/blog\/2016\/03\/14\/shota-baraliu-shqiptaret-e-kosoves-kane-race-sllave-video\/#breadcrumb","itemListElement":[{"@type":"ListItem","position":1,"name":"Shota Baraliu: Shqiptar\u00ebt e Kosov\u00ebs kan\u00eb rac\u00eb sllave &#8211; Video"}]},{"@type":"Person","@id":"https:\/\/www.visit-ulcinj.com\/blog\/#\/schema\/person\/dcab619c614d3038751c63bc2aadc06d","name":"ulqini","sameAs":["http:\/\/www.visit-ulcinj.com"],"url":"https:\/\/www.visit-ulcinj.com\/blog\/author\/admin\/"}]}},"jetpack_featured_media_url":"","jetpack_sharing_enabled":true,"jetpack_shortlink":"https:\/\/wp.me\/pe6lTn-oMk","_links":{"self":[{"href":"https:\/\/www.visit-ulcinj.com\/blog\/wp-json\/wp\/v2\/posts\/95252"}],"collection":[{"href":"https:\/\/www.visit-ulcinj.com\/blog\/wp-json\/wp\/v2\/posts"}],"about":[{"href":"https:\/\/www.visit-ulcinj.com\/blog\/wp-json\/wp\/v2\/types\/post"}],"author":[{"embeddable":true,"href":"https:\/\/www.visit-ulcinj.com\/blog\/wp-json\/wp\/v2\/users\/1"}],"replies":[{"embeddable":true,"href":"https:\/\/www.visit-ulcinj.com\/blog\/wp-json\/wp\/v2\/comments?post=95252"}],"version-history":[{"count":1,"href":"https:\/\/www.visit-ulcinj.com\/blog\/wp-json\/wp\/v2\/posts\/95252\/revisions"}],"predecessor-version":[{"id":95254,"href":"https:\/\/www.visit-ulcinj.com\/blog\/wp-json\/wp\/v2\/posts\/95252\/revisions\/95254"}],"wp:attachment":[{"href":"https:\/\/www.visit-ulcinj.com\/blog\/wp-json\/wp\/v2\/media?parent=95252"}],"wp:term":[{"taxonomy":"category","embeddable":true,"href":"https:\/\/www.visit-ulcinj.com\/blog\/wp-json\/wp\/v2\/categories?post=95252"},{"taxonomy":"post_tag","embeddable":true,"href":"https:\/\/www.visit-ulcinj.com\/blog\/wp-json\/wp\/v2\/tags?post=95252"}],"curies":[{"name":"wp","href":"https:\/\/api.w.org\/{rel}","templated":true}]}}