{"id":95255,"date":"2016-03-15T16:26:51","date_gmt":"2016-03-15T15:26:51","guid":{"rendered":"http:\/\/www.visit-ulcinj.com\/blog\/?p=95255"},"modified":"2016-03-16T06:54:59","modified_gmt":"2016-03-16T05:54:59","slug":"nika-filluan-ethet-e-marreveshjes-ne-ulqin","status":"publish","type":"post","link":"https:\/\/www.visit-ulcinj.com\/blog\/2016\/03\/15\/nika-filluan-ethet-e-marreveshjes-ne-ulqin\/","title":{"rendered":"Nika: Filluan ethet e marr\u00ebveshjes n\u00eb Ulqin"},"content":{"rendered":"<p><strong><em><a href=\"http:\/\/www.visit-ulcinj.com\/blog\/wp-content\/uploads\/2016\/03\/Marreveshtja-ne-ulqin.jpg\"><img loading=\"lazy\" class=\"alignleft wp-image-95239\" src=\"http:\/\/www.visit-ulcinj.com\/blog\/wp-content\/uploads\/2016\/03\/Marreveshtja-ne-ulqin.jpg\" alt=\"Marreveshtja ne ulqin\" width=\"508\" height=\"320\" srcset=\"https:\/\/www.visit-ulcinj.com\/blog\/wp-content\/uploads\/2016\/03\/Marreveshtja-ne-ulqin.jpg 999w, https:\/\/www.visit-ulcinj.com\/blog\/wp-content\/uploads\/2016\/03\/Marreveshtja-ne-ulqin-300x189.jpg 300w\" sizes=\"(max-width: 508px) 100vw, 508px\" \/><\/a>Shkruan muhamet Nika<\/em><\/strong><\/p>\n<p><strong><em>Edhe pse nga portalet qe paralajm\u00ebruar se kuvendi i ri\u00a0\u00a0 i zhgarkimit t\u00eb Gjek\u00ebs dhe em\u00ebrimit \u00a0t\u00eb Cungut, do b\u00ebhej t\u00eb m\u00ebrrkur\u00ebn, \u00a0\u00a0\u00a0kjo nuk ndodhi?! Arsyet mendojm\u00eb q\u00eb jan\u00eb disa, e ne ve\u00e7ojm\u00eb m\u00eb kryesoret : <\/em><\/strong><\/p>\n<p><strong><em>Problemi num\u00ebr 1 ?!<\/em><\/strong><\/p>\n<p>Edhe pse si duket -Forca(8 k\u00ebshilltar\u00eb)e kaloi penges\u00ebn e par\u00eb duke sigruar mbi 40% t\u00eb pushtetit , n\u00eb raport me DPS(9 k\u00ebshilltar\u00eb)- t\u00eb cilit i takonin 33% , po themi se kjo u b\u00eb , p\u00ebr vet\u00eb faktin nag se partner\u00ebve t\u00eb saj \u00a0iu avulluan k\u00ebshilltar\u00ebt.Thjesht , \u00e7do nj\u00ebrit klub i mungojn\u00eb k\u00ebshilltar\u00ebt p\u00ebr mbledhje. DPS dit\u00ebn e mbledhjes s\u00eb kuvendit pritet t\u00eb ket\u00eb vet\u00ebm 7 prej tyre ..?! Koalicioni Gjek\u00ebs nga 7 do ket\u00eb 6, po edhe udsh , mund t\u00eb mos ket\u00eb 3&#8230;?!<\/p>\n<p>Si duket kjo edhe p\u00ebrfor\u00ebcoi pozitat negocuse t\u00eb Forc\u00ebs e cila iu tha n\u00eb sy k\u00ebt\u00eb. P\u00ebrndryshe ligji nuk e njeh mund\u00ebsin\u00eb e zhkarkimit t\u00eb k\u00ebshilltar\u00ebve duke em\u00ebruar t\u00eb tjer\u00ebt, sepse mandati \u00ebsht\u00eb i k\u00ebshilltar\u00ebve dhe jo i partis\u00eb. Mospasja e k\u00ebshilltar\u00ebve t\u00eb till\u00eb rezultoi q\u00eb partit\u00eb t\u00eb pajtohen me realitetin e ri pas zgjedhor duke ia l\u00ebn\u00eb primatin Forc\u00ebs, si parti me gjith\u00eb at\u00eb m\u00eb e organizuar.<\/p>\n<p><strong><em>Problemi num\u00ebr 2 ?!<\/em><\/strong><\/p>\n<p>Sipas procedur\u00ebs s\u00eb rregullt shkarkimi i kryetarit t\u00eb komun\u00ebs do t\u00eb duhej t\u00eb ndodhte , pas votimit t\u00eb shkarkimit t\u00eb tij n\u00eb kuvend \u2013 me votim . Kjo n\u00ebnkupton q\u00eb nga Nazifi t\u00eb num\u00ebroheshin deri n\u00eb nj\u00eb l\u00ebshimet e Gjek\u00ebs , e q\u00eb Gjeka do t\u00eb duhej t\u2019i pranonte n\u00eb heshtje, q\u00eb pak kamund\u00ebsi t\u00eb ngjas\u00eb. Dhe dy , si mund\u00ebsi tjeter \u00a0t\u00eb ofroj\u00eb vet\u00eb Gjeka dor\u00ebheqje e q\u00eb do t\u00eb n\u00ebnkuptonte pranimin e faji t\u00eb vet &#8211; Se ishte duke punuar n\u00eb kund\u00ebrshtim me ligje, duke r\u00ebn\u00eb vet\u00eb brenda me k\u00ebmb\u00ebt e veta. ..?!!<\/p>\n<p>K\u00ebt\u00eb t\u00eb fundit , kuptohet se do ta kish p\u00eblqyer edhe kryetari i ri Cungu ,sepse do t\u2019i shkonte n\u00eb favor t\u00eb vetin. Andaj Gjeka , mbase p\u00ebrcaktohet p\u00ebr zhkarkim tijin n\u00eb kuvend me vot\u00eb, mbi baz\u00ebn e nj\u00eb arsyetimi q\u00eb u cek e do ta paraqeste DPS- Cungu . Dhe pastaj arsyetimi do t\u00eb votohej apo jo nga kuvendi&#8230;?!<\/p>\n<p>N\u00eb k\u00ebt\u00eb situat\u00eb , mbase k\u00ebshilltar\u00ebt e mbetur mund t\u00eb rrebeloheshin duke mos d\u00ebgjuar rekomandimet partiake t\u00eb koalicionit t\u00eb ri..?!!<\/p>\n<p>Si duket k\u00ebt\u00eb s\u00eb fundmi e nuhati edhe Loro Ndrekiq- DPS, i cili p\u00ebr gjith\u00eb k\u00ebt\u00eb u shpreh , me fjal\u00ebt <strong><em>: \u201e nuk u besoj fort\u201c?!<\/em><\/strong><\/p>\n","protected":false},"excerpt":{"rendered":"<p>Shkruan muhamet Nika Edhe pse nga portalet qe paralajm\u00ebruar se kuvendi i ri\u00a0\u00a0 i zhgarkimit t\u00eb Gjek\u00ebs dhe em\u00ebrimit \u00a0t\u00eb Cungut, do b\u00ebhej t\u00eb m\u00ebrrkur\u00ebn, \u00a0\u00a0\u00a0kjo nuk ndodhi?! Arsyet mendojm\u00eb q\u00eb jan\u00eb disa, e ne ve\u00e7ojm\u00eb m\u00eb kryesoret : Problemi num\u00ebr 1 ?! Edhe pse si duket -Forca(8 k\u00ebshilltar\u00eb)e kaloi penges\u00ebn e par\u00eb duke sigruar [&hellip;]<\/p>\n","protected":false},"author":1,"featured_media":0,"comment_status":"closed","ping_status":"closed","sticky":false,"template":"","format":"standard","meta":{"spay_email":"","jetpack_publicize_message":"","jetpack_is_tweetstorm":false,"jetpack_publicize_feature_enabled":true},"categories":[1,14249],"tags":[],"jetpack_publicize_connections":[],"yoast_head":"<!-- This site is optimized with the Yoast SEO plugin v19.1 - https:\/\/yoast.com\/wordpress\/plugins\/seo\/ -->\n<title>Nika: Filluan ethet e marr\u00ebveshjes n\u00eb Ulqin - Lajme nga Ulqini<\/title>\n<meta name=\"description\" content=\"Shkruan muhamet Nika Edhe pse nga portalet qe paralajm\u00ebruar se kuvendi i ri\u00a0\u00a0 i zhgarkimit t\u00eb Gjek\u00ebs dhe em\u00ebrimit \u00a0t\u00eb Cungut, do b\u00ebhej t\u00eb m\u00ebrrkur\u00ebn,\" \/>\n<meta name=\"robots\" content=\"index, follow, max-snippet:-1, max-image-preview:large, max-video-preview:-1\" \/>\n<link rel=\"canonical\" href=\"https:\/\/www.visit-ulcinj.com\/blog\/2016\/03\/15\/nika-filluan-ethet-e-marreveshjes-ne-ulqin\/\" \/>\n<meta property=\"og:locale\" content=\"en_US\" \/>\n<meta property=\"og:type\" content=\"article\" \/>\n<meta property=\"og:title\" content=\"Nika: Filluan ethet e marr\u00ebveshjes n\u00eb Ulqin - Lajme nga Ulqini\" \/>\n<meta property=\"og:description\" content=\"Shkruan muhamet Nika Edhe pse nga portalet qe paralajm\u00ebruar se kuvendi i ri\u00a0\u00a0 i zhgarkimit t\u00eb Gjek\u00ebs dhe em\u00ebrimit \u00a0t\u00eb Cungut, do b\u00ebhej t\u00eb m\u00ebrrkur\u00ebn,\" \/>\n<meta property=\"og:url\" content=\"https:\/\/www.visit-ulcinj.com\/blog\/2016\/03\/15\/nika-filluan-ethet-e-marreveshjes-ne-ulqin\/\" \/>\n<meta property=\"og:site_name\" content=\"Lajme nga Ulqini\" \/>\n<meta property=\"article:published_time\" content=\"2016-03-15T15:26:51+00:00\" \/>\n<meta property=\"article:modified_time\" content=\"2016-03-16T05:54:59+00:00\" \/>\n<meta property=\"og:image\" content=\"http:\/\/www.visit-ulcinj.com\/blog\/wp-content\/uploads\/2016\/03\/Marreveshtja-ne-ulqin.jpg\" \/>\n<meta name=\"twitter:label1\" content=\"Written by\" \/>\n\t<meta name=\"twitter:data1\" content=\"ulqini\" \/>\n\t<meta name=\"twitter:label2\" content=\"Est. reading time\" \/>\n\t<meta name=\"twitter:data2\" content=\"2 minutes\" \/>\n<script type=\"application\/ld+json\" class=\"yoast-schema-graph\">{\"@context\":\"https:\/\/schema.org\",\"@graph\":[{\"@type\":\"WebSite\",\"@id\":\"https:\/\/www.visit-ulcinj.com\/blog\/#website\",\"url\":\"https:\/\/www.visit-ulcinj.com\/blog\/\",\"name\":\"Lajme nga Ulqini\",\"description\":\"Lajme,Vijesti,Ulqini,Ulqin,Crna Gora,Mali i Zi\",\"potentialAction\":[{\"@type\":\"SearchAction\",\"target\":{\"@type\":\"EntryPoint\",\"urlTemplate\":\"https:\/\/www.visit-ulcinj.com\/blog\/?s={search_term_string}\"},\"query-input\":\"required name=search_term_string\"}],\"inLanguage\":\"en-US\"},{\"@type\":\"ImageObject\",\"inLanguage\":\"en-US\",\"@id\":\"https:\/\/www.visit-ulcinj.com\/blog\/2016\/03\/15\/nika-filluan-ethet-e-marreveshjes-ne-ulqin\/#primaryimage\",\"url\":\"https:\/\/www.visit-ulcinj.com\/blog\/wp-content\/uploads\/2016\/03\/Marreveshtja-ne-ulqin.jpg\",\"contentUrl\":\"https:\/\/www.visit-ulcinj.com\/blog\/wp-content\/uploads\/2016\/03\/Marreveshtja-ne-ulqin.jpg\",\"width\":999,\"height\":629},{\"@type\":\"WebPage\",\"@id\":\"https:\/\/www.visit-ulcinj.com\/blog\/2016\/03\/15\/nika-filluan-ethet-e-marreveshjes-ne-ulqin\/#webpage\",\"url\":\"https:\/\/www.visit-ulcinj.com\/blog\/2016\/03\/15\/nika-filluan-ethet-e-marreveshjes-ne-ulqin\/\",\"name\":\"Nika: Filluan ethet e marr\u00ebveshjes n\u00eb Ulqin - Lajme nga Ulqini\",\"isPartOf\":{\"@id\":\"https:\/\/www.visit-ulcinj.com\/blog\/#website\"},\"primaryImageOfPage\":{\"@id\":\"https:\/\/www.visit-ulcinj.com\/blog\/2016\/03\/15\/nika-filluan-ethet-e-marreveshjes-ne-ulqin\/#primaryimage\"},\"datePublished\":\"2016-03-15T15:26:51+00:00\",\"dateModified\":\"2016-03-16T05:54:59+00:00\",\"author\":{\"@id\":\"https:\/\/www.visit-ulcinj.com\/blog\/#\/schema\/person\/dcab619c614d3038751c63bc2aadc06d\"},\"description\":\"Shkruan muhamet Nika Edhe pse nga portalet qe paralajm\u00ebruar se kuvendi i ri\u00a0\u00a0 i zhgarkimit t\u00eb Gjek\u00ebs dhe em\u00ebrimit \u00a0t\u00eb Cungut, do b\u00ebhej t\u00eb m\u00ebrrkur\u00ebn,\",\"breadcrumb\":{\"@id\":\"https:\/\/www.visit-ulcinj.com\/blog\/2016\/03\/15\/nika-filluan-ethet-e-marreveshjes-ne-ulqin\/#breadcrumb\"},\"inLanguage\":\"en-US\",\"potentialAction\":[{\"@type\":\"ReadAction\",\"target\":[\"https:\/\/www.visit-ulcinj.com\/blog\/2016\/03\/15\/nika-filluan-ethet-e-marreveshjes-ne-ulqin\/\"]}]},{\"@type\":\"BreadcrumbList\",\"@id\":\"https:\/\/www.visit-ulcinj.com\/blog\/2016\/03\/15\/nika-filluan-ethet-e-marreveshjes-ne-ulqin\/#breadcrumb\",\"itemListElement\":[{\"@type\":\"ListItem\",\"position\":1,\"name\":\"Nika: Filluan ethet e marr\u00ebveshjes n\u00eb Ulqin\"}]},{\"@type\":\"Person\",\"@id\":\"https:\/\/www.visit-ulcinj.com\/blog\/#\/schema\/person\/dcab619c614d3038751c63bc2aadc06d\",\"name\":\"ulqini\",\"sameAs\":[\"http:\/\/www.visit-ulcinj.com\"],\"url\":\"https:\/\/www.visit-ulcinj.com\/blog\/author\/admin\/\"}]}<\/script>\n<!-- \/ Yoast SEO plugin. -->","yoast_head_json":{"title":"Nika: Filluan ethet e marr\u00ebveshjes n\u00eb Ulqin - Lajme nga Ulqini","description":"Shkruan muhamet Nika Edhe pse nga portalet qe paralajm\u00ebruar se kuvendi i ri\u00a0\u00a0 i zhgarkimit t\u00eb Gjek\u00ebs dhe em\u00ebrimit \u00a0t\u00eb Cungut, do b\u00ebhej t\u00eb m\u00ebrrkur\u00ebn,","robots":{"index":"index","follow":"follow","max-snippet":"max-snippet:-1","max-image-preview":"max-image-preview:large","max-video-preview":"max-video-preview:-1"},"canonical":"https:\/\/www.visit-ulcinj.com\/blog\/2016\/03\/15\/nika-filluan-ethet-e-marreveshjes-ne-ulqin\/","og_locale":"en_US","og_type":"article","og_title":"Nika: Filluan ethet e marr\u00ebveshjes n\u00eb Ulqin - Lajme nga Ulqini","og_description":"Shkruan muhamet Nika Edhe pse nga portalet qe paralajm\u00ebruar se kuvendi i ri\u00a0\u00a0 i zhgarkimit t\u00eb Gjek\u00ebs dhe em\u00ebrimit \u00a0t\u00eb Cungut, do b\u00ebhej t\u00eb m\u00ebrrkur\u00ebn,","og_url":"https:\/\/www.visit-ulcinj.com\/blog\/2016\/03\/15\/nika-filluan-ethet-e-marreveshjes-ne-ulqin\/","og_site_name":"Lajme nga Ulqini","article_published_time":"2016-03-15T15:26:51+00:00","article_modified_time":"2016-03-16T05:54:59+00:00","og_image":[{"url":"http:\/\/www.visit-ulcinj.com\/blog\/wp-content\/uploads\/2016\/03\/Marreveshtja-ne-ulqin.jpg"}],"twitter_misc":{"Written by":"ulqini","Est. reading time":"2 minutes"},"schema":{"@context":"https:\/\/schema.org","@graph":[{"@type":"WebSite","@id":"https:\/\/www.visit-ulcinj.com\/blog\/#website","url":"https:\/\/www.visit-ulcinj.com\/blog\/","name":"Lajme nga Ulqini","description":"Lajme,Vijesti,Ulqini,Ulqin,Crna Gora,Mali i Zi","potentialAction":[{"@type":"SearchAction","target":{"@type":"EntryPoint","urlTemplate":"https:\/\/www.visit-ulcinj.com\/blog\/?s={search_term_string}"},"query-input":"required name=search_term_string"}],"inLanguage":"en-US"},{"@type":"ImageObject","inLanguage":"en-US","@id":"https:\/\/www.visit-ulcinj.com\/blog\/2016\/03\/15\/nika-filluan-ethet-e-marreveshjes-ne-ulqin\/#primaryimage","url":"https:\/\/www.visit-ulcinj.com\/blog\/wp-content\/uploads\/2016\/03\/Marreveshtja-ne-ulqin.jpg","contentUrl":"https:\/\/www.visit-ulcinj.com\/blog\/wp-content\/uploads\/2016\/03\/Marreveshtja-ne-ulqin.jpg","width":999,"height":629},{"@type":"WebPage","@id":"https:\/\/www.visit-ulcinj.com\/blog\/2016\/03\/15\/nika-filluan-ethet-e-marreveshjes-ne-ulqin\/#webpage","url":"https:\/\/www.visit-ulcinj.com\/blog\/2016\/03\/15\/nika-filluan-ethet-e-marreveshjes-ne-ulqin\/","name":"Nika: Filluan ethet e marr\u00ebveshjes n\u00eb Ulqin - Lajme nga Ulqini","isPartOf":{"@id":"https:\/\/www.visit-ulcinj.com\/blog\/#website"},"primaryImageOfPage":{"@id":"https:\/\/www.visit-ulcinj.com\/blog\/2016\/03\/15\/nika-filluan-ethet-e-marreveshjes-ne-ulqin\/#primaryimage"},"datePublished":"2016-03-15T15:26:51+00:00","dateModified":"2016-03-16T05:54:59+00:00","author":{"@id":"https:\/\/www.visit-ulcinj.com\/blog\/#\/schema\/person\/dcab619c614d3038751c63bc2aadc06d"},"description":"Shkruan muhamet Nika Edhe pse nga portalet qe paralajm\u00ebruar se kuvendi i ri\u00a0\u00a0 i zhgarkimit t\u00eb Gjek\u00ebs dhe em\u00ebrimit \u00a0t\u00eb Cungut, do b\u00ebhej t\u00eb m\u00ebrrkur\u00ebn,","breadcrumb":{"@id":"https:\/\/www.visit-ulcinj.com\/blog\/2016\/03\/15\/nika-filluan-ethet-e-marreveshjes-ne-ulqin\/#breadcrumb"},"inLanguage":"en-US","potentialAction":[{"@type":"ReadAction","target":["https:\/\/www.visit-ulcinj.com\/blog\/2016\/03\/15\/nika-filluan-ethet-e-marreveshjes-ne-ulqin\/"]}]},{"@type":"BreadcrumbList","@id":"https:\/\/www.visit-ulcinj.com\/blog\/2016\/03\/15\/nika-filluan-ethet-e-marreveshjes-ne-ulqin\/#breadcrumb","itemListElement":[{"@type":"ListItem","position":1,"name":"Nika: Filluan ethet e marr\u00ebveshjes n\u00eb Ulqin"}]},{"@type":"Person","@id":"https:\/\/www.visit-ulcinj.com\/blog\/#\/schema\/person\/dcab619c614d3038751c63bc2aadc06d","name":"ulqini","sameAs":["http:\/\/www.visit-ulcinj.com"],"url":"https:\/\/www.visit-ulcinj.com\/blog\/author\/admin\/"}]}},"jetpack_featured_media_url":"","jetpack_sharing_enabled":true,"jetpack_shortlink":"https:\/\/wp.me\/pe6lTn-oMn","_links":{"self":[{"href":"https:\/\/www.visit-ulcinj.com\/blog\/wp-json\/wp\/v2\/posts\/95255"}],"collection":[{"href":"https:\/\/www.visit-ulcinj.com\/blog\/wp-json\/wp\/v2\/posts"}],"about":[{"href":"https:\/\/www.visit-ulcinj.com\/blog\/wp-json\/wp\/v2\/types\/post"}],"author":[{"embeddable":true,"href":"https:\/\/www.visit-ulcinj.com\/blog\/wp-json\/wp\/v2\/users\/1"}],"replies":[{"embeddable":true,"href":"https:\/\/www.visit-ulcinj.com\/blog\/wp-json\/wp\/v2\/comments?post=95255"}],"version-history":[{"count":1,"href":"https:\/\/www.visit-ulcinj.com\/blog\/wp-json\/wp\/v2\/posts\/95255\/revisions"}],"predecessor-version":[{"id":95256,"href":"https:\/\/www.visit-ulcinj.com\/blog\/wp-json\/wp\/v2\/posts\/95255\/revisions\/95256"}],"wp:attachment":[{"href":"https:\/\/www.visit-ulcinj.com\/blog\/wp-json\/wp\/v2\/media?parent=95255"}],"wp:term":[{"taxonomy":"category","embeddable":true,"href":"https:\/\/www.visit-ulcinj.com\/blog\/wp-json\/wp\/v2\/categories?post=95255"},{"taxonomy":"post_tag","embeddable":true,"href":"https:\/\/www.visit-ulcinj.com\/blog\/wp-json\/wp\/v2\/tags?post=95255"}],"curies":[{"name":"wp","href":"https:\/\/api.w.org\/{rel}","templated":true}]}}