{"id":95264,"date":"2016-03-15T18:01:00","date_gmt":"2016-03-15T17:01:00","guid":{"rendered":"http:\/\/www.visit-ulcinj.com\/blog\/?p=95264"},"modified":"2016-03-15T18:01:00","modified_gmt":"2016-03-15T17:01:00","slug":"gjashte-muaj-burg-per-per-drejtorin-e-qendres-per-kulture","status":"publish","type":"post","link":"https:\/\/www.visit-ulcinj.com\/blog\/2016\/03\/15\/gjashte-muaj-burg-per-per-drejtorin-e-qendres-per-kulture\/","title":{"rendered":"Gjasht\u00eb muaj burg p\u00ebr p\u00ebr drejtorin e qendr\u00ebs p\u00ebr kultur\u00eb"},"content":{"rendered":"<p><a href=\"http:\/\/www.visit-ulcinj.com\/blog\/wp-content\/uploads\/2013\/11\/Qendra-per-kultur-Ulqin.jpg\"><img loading=\"lazy\" class=\"alignleft wp-image-76463\" src=\"http:\/\/www.visit-ulcinj.com\/blog\/wp-content\/uploads\/2013\/11\/Qendra-per-kultur-Ulqin.jpg\" alt=\"Qendra-per-kultur-Ulqin\" width=\"508\" height=\"360\" srcset=\"https:\/\/www.visit-ulcinj.com\/blog\/wp-content\/uploads\/2013\/11\/Qendra-per-kultur-Ulqin.jpg 694w, https:\/\/www.visit-ulcinj.com\/blog\/wp-content\/uploads\/2013\/11\/Qendra-per-kultur-Ulqin-300x212.jpg 300w\" sizes=\"(max-width: 508px) 100vw, 508px\" \/><\/a>Drejtori i \u201cQendr\u00ebs p\u00ebr kultur\u00eb\u201d n\u00eb Ulqin dr. Nail Draga u d\u00ebnua me gjasht\u00eb muaj burgim n\u00eb Gjykat\u00ebn e lart\u00eb n\u00eb Podgoric\u00eb p\u00ebr shkak t\u00eb keqp\u00ebrdorimit t\u00eb pozit\u00ebs zyrtare, m\u00ebson Portali Ul-info.<\/p>\n<p>Gjykata e lart\u00eb e p\u00ebrmbysi vendimin e Gjykat\u00ebs themelore n\u00eb Ulqin e cila n\u00eb shtator t\u00eb vitit 2015 e gjykoi Drag\u00ebn me nj\u00eb vit d\u00ebnim me kusht p\u00ebr vepr\u00ebn e nj\u00ebjt\u00eb penale.<\/p>\n<p>At\u00ebher\u00eb u tha se funksionari i lart\u00eb i Forc\u00ebs s\u00eb re demokratike \u201cka n\u00ebnshkruar kontrata t\u00eb paligjshme p\u00ebr qiramarrjen e objekteve n\u00eb pron\u00ebsi t\u00eb Qendr\u00ebs p\u00ebr kultur\u00eb, pa organizuar paraprakisht ankandin publik\u201d.<\/p>\n<p>Kjo para s\u00eb gjithash ka t\u00eb b\u00ebj\u00eb me objektin e Kino bah\u00e7es n\u00eb Ran\u00eb i cili me vite nuk u shfryt\u00ebzua n\u00eb baz\u00eb t\u00eb dedikimit q\u00eb kishte dhe i cili p\u00ebr k\u00ebt\u00eb arsye i \u00ebsht\u00eb kthyer pasardh\u00ebsve t\u00eb pronar\u00ebve t\u00eb m\u00ebparsh\u00ebm.<\/p>\n","protected":false},"excerpt":{"rendered":"<p>Drejtori i \u201cQendr\u00ebs p\u00ebr kultur\u00eb\u201d n\u00eb Ulqin dr. Nail Draga u d\u00ebnua me gjasht\u00eb muaj burgim n\u00eb Gjykat\u00ebn e lart\u00eb n\u00eb Podgoric\u00eb p\u00ebr shkak t\u00eb keqp\u00ebrdorimit t\u00eb pozit\u00ebs zyrtare, m\u00ebson Portali Ul-info. Gjykata e lart\u00eb e p\u00ebrmbysi vendimin e Gjykat\u00ebs themelore n\u00eb Ulqin e cila n\u00eb shtator t\u00eb vitit 2015 e gjykoi Drag\u00ebn me nj\u00eb [&hellip;]<\/p>\n","protected":false},"author":1,"featured_media":0,"comment_status":"closed","ping_status":"closed","sticky":false,"template":"","format":"standard","meta":{"spay_email":"","jetpack_publicize_message":"","jetpack_is_tweetstorm":false,"jetpack_publicize_feature_enabled":true},"categories":[4],"tags":[],"jetpack_publicize_connections":[],"yoast_head":"<!-- This site is optimized with the Yoast SEO plugin v19.1 - https:\/\/yoast.com\/wordpress\/plugins\/seo\/ -->\n<title>Gjasht\u00eb muaj burg p\u00ebr p\u00ebr drejtorin e qendr\u00ebs p\u00ebr kultur\u00eb - Lajme nga Ulqini<\/title>\n<meta name=\"description\" content=\"Drejtori i \u201cQendr\u00ebs p\u00ebr kultur\u00eb\u201d n\u00eb Ulqin dr. Nail Draga u d\u00ebnua me gjasht\u00eb muaj burgim n\u00eb Gjykat\u00ebn e lart\u00eb n\u00eb Podgoric\u00eb p\u00ebr shkak t\u00eb keqp\u00ebrdorimit t\u00eb\" \/>\n<meta name=\"robots\" content=\"index, follow, max-snippet:-1, max-image-preview:large, max-video-preview:-1\" \/>\n<link rel=\"canonical\" href=\"https:\/\/www.visit-ulcinj.com\/blog\/2016\/03\/15\/gjashte-muaj-burg-per-per-drejtorin-e-qendres-per-kulture\/\" \/>\n<meta property=\"og:locale\" content=\"en_US\" \/>\n<meta property=\"og:type\" content=\"article\" \/>\n<meta property=\"og:title\" content=\"Gjasht\u00eb muaj burg p\u00ebr p\u00ebr drejtorin e qendr\u00ebs p\u00ebr kultur\u00eb - Lajme nga Ulqini\" \/>\n<meta property=\"og:description\" content=\"Drejtori i \u201cQendr\u00ebs p\u00ebr kultur\u00eb\u201d n\u00eb Ulqin dr. Nail Draga u d\u00ebnua me gjasht\u00eb muaj burgim n\u00eb Gjykat\u00ebn e lart\u00eb n\u00eb Podgoric\u00eb p\u00ebr shkak t\u00eb keqp\u00ebrdorimit t\u00eb\" \/>\n<meta property=\"og:url\" content=\"https:\/\/www.visit-ulcinj.com\/blog\/2016\/03\/15\/gjashte-muaj-burg-per-per-drejtorin-e-qendres-per-kulture\/\" \/>\n<meta property=\"og:site_name\" content=\"Lajme nga Ulqini\" \/>\n<meta property=\"article:published_time\" content=\"2016-03-15T17:01:00+00:00\" \/>\n<meta property=\"og:image\" content=\"http:\/\/www.visit-ulcinj.com\/blog\/wp-content\/uploads\/2013\/11\/Qendra-per-kultur-Ulqin.jpg\" \/>\n<meta name=\"twitter:label1\" content=\"Written by\" \/>\n\t<meta name=\"twitter:data1\" content=\"ulqini\" \/>\n\t<meta name=\"twitter:label2\" content=\"Est. reading time\" \/>\n\t<meta name=\"twitter:data2\" content=\"1 minute\" \/>\n<script type=\"application\/ld+json\" class=\"yoast-schema-graph\">{\"@context\":\"https:\/\/schema.org\",\"@graph\":[{\"@type\":\"WebSite\",\"@id\":\"https:\/\/www.visit-ulcinj.com\/blog\/#website\",\"url\":\"https:\/\/www.visit-ulcinj.com\/blog\/\",\"name\":\"Lajme nga Ulqini\",\"description\":\"Lajme,Vijesti,Ulqini,Ulqin,Crna Gora,Mali i Zi\",\"potentialAction\":[{\"@type\":\"SearchAction\",\"target\":{\"@type\":\"EntryPoint\",\"urlTemplate\":\"https:\/\/www.visit-ulcinj.com\/blog\/?s={search_term_string}\"},\"query-input\":\"required name=search_term_string\"}],\"inLanguage\":\"en-US\"},{\"@type\":\"ImageObject\",\"inLanguage\":\"en-US\",\"@id\":\"https:\/\/www.visit-ulcinj.com\/blog\/2016\/03\/15\/gjashte-muaj-burg-per-per-drejtorin-e-qendres-per-kulture\/#primaryimage\",\"url\":\"https:\/\/www.visit-ulcinj.com\/blog\/wp-content\/uploads\/2013\/11\/Qendra-per-kultur-Ulqin.jpg\",\"contentUrl\":\"https:\/\/www.visit-ulcinj.com\/blog\/wp-content\/uploads\/2013\/11\/Qendra-per-kultur-Ulqin.jpg\",\"width\":694,\"height\":492},{\"@type\":\"WebPage\",\"@id\":\"https:\/\/www.visit-ulcinj.com\/blog\/2016\/03\/15\/gjashte-muaj-burg-per-per-drejtorin-e-qendres-per-kulture\/#webpage\",\"url\":\"https:\/\/www.visit-ulcinj.com\/blog\/2016\/03\/15\/gjashte-muaj-burg-per-per-drejtorin-e-qendres-per-kulture\/\",\"name\":\"Gjasht\u00eb muaj burg p\u00ebr p\u00ebr drejtorin e qendr\u00ebs p\u00ebr kultur\u00eb - Lajme nga Ulqini\",\"isPartOf\":{\"@id\":\"https:\/\/www.visit-ulcinj.com\/blog\/#website\"},\"primaryImageOfPage\":{\"@id\":\"https:\/\/www.visit-ulcinj.com\/blog\/2016\/03\/15\/gjashte-muaj-burg-per-per-drejtorin-e-qendres-per-kulture\/#primaryimage\"},\"datePublished\":\"2016-03-15T17:01:00+00:00\",\"dateModified\":\"2016-03-15T17:01:00+00:00\",\"author\":{\"@id\":\"https:\/\/www.visit-ulcinj.com\/blog\/#\/schema\/person\/dcab619c614d3038751c63bc2aadc06d\"},\"description\":\"Drejtori i \u201cQendr\u00ebs p\u00ebr kultur\u00eb\u201d n\u00eb Ulqin dr. Nail Draga u d\u00ebnua me gjasht\u00eb muaj burgim n\u00eb Gjykat\u00ebn e lart\u00eb n\u00eb Podgoric\u00eb p\u00ebr shkak t\u00eb keqp\u00ebrdorimit t\u00eb\",\"breadcrumb\":{\"@id\":\"https:\/\/www.visit-ulcinj.com\/blog\/2016\/03\/15\/gjashte-muaj-burg-per-per-drejtorin-e-qendres-per-kulture\/#breadcrumb\"},\"inLanguage\":\"en-US\",\"potentialAction\":[{\"@type\":\"ReadAction\",\"target\":[\"https:\/\/www.visit-ulcinj.com\/blog\/2016\/03\/15\/gjashte-muaj-burg-per-per-drejtorin-e-qendres-per-kulture\/\"]}]},{\"@type\":\"BreadcrumbList\",\"@id\":\"https:\/\/www.visit-ulcinj.com\/blog\/2016\/03\/15\/gjashte-muaj-burg-per-per-drejtorin-e-qendres-per-kulture\/#breadcrumb\",\"itemListElement\":[{\"@type\":\"ListItem\",\"position\":1,\"name\":\"Gjasht\u00eb muaj burg p\u00ebr p\u00ebr drejtorin e qendr\u00ebs p\u00ebr kultur\u00eb\"}]},{\"@type\":\"Person\",\"@id\":\"https:\/\/www.visit-ulcinj.com\/blog\/#\/schema\/person\/dcab619c614d3038751c63bc2aadc06d\",\"name\":\"ulqini\",\"sameAs\":[\"http:\/\/www.visit-ulcinj.com\"],\"url\":\"https:\/\/www.visit-ulcinj.com\/blog\/author\/admin\/\"}]}<\/script>\n<!-- \/ Yoast SEO plugin. -->","yoast_head_json":{"title":"Gjasht\u00eb muaj burg p\u00ebr p\u00ebr drejtorin e qendr\u00ebs p\u00ebr kultur\u00eb - Lajme nga Ulqini","description":"Drejtori i \u201cQendr\u00ebs p\u00ebr kultur\u00eb\u201d n\u00eb Ulqin dr. Nail Draga u d\u00ebnua me gjasht\u00eb muaj burgim n\u00eb Gjykat\u00ebn e lart\u00eb n\u00eb Podgoric\u00eb p\u00ebr shkak t\u00eb keqp\u00ebrdorimit t\u00eb","robots":{"index":"index","follow":"follow","max-snippet":"max-snippet:-1","max-image-preview":"max-image-preview:large","max-video-preview":"max-video-preview:-1"},"canonical":"https:\/\/www.visit-ulcinj.com\/blog\/2016\/03\/15\/gjashte-muaj-burg-per-per-drejtorin-e-qendres-per-kulture\/","og_locale":"en_US","og_type":"article","og_title":"Gjasht\u00eb muaj burg p\u00ebr p\u00ebr drejtorin e qendr\u00ebs p\u00ebr kultur\u00eb - Lajme nga Ulqini","og_description":"Drejtori i \u201cQendr\u00ebs p\u00ebr kultur\u00eb\u201d n\u00eb Ulqin dr. Nail Draga u d\u00ebnua me gjasht\u00eb muaj burgim n\u00eb Gjykat\u00ebn e lart\u00eb n\u00eb Podgoric\u00eb p\u00ebr shkak t\u00eb keqp\u00ebrdorimit t\u00eb","og_url":"https:\/\/www.visit-ulcinj.com\/blog\/2016\/03\/15\/gjashte-muaj-burg-per-per-drejtorin-e-qendres-per-kulture\/","og_site_name":"Lajme nga Ulqini","article_published_time":"2016-03-15T17:01:00+00:00","og_image":[{"url":"http:\/\/www.visit-ulcinj.com\/blog\/wp-content\/uploads\/2013\/11\/Qendra-per-kultur-Ulqin.jpg"}],"twitter_misc":{"Written by":"ulqini","Est. reading time":"1 minute"},"schema":{"@context":"https:\/\/schema.org","@graph":[{"@type":"WebSite","@id":"https:\/\/www.visit-ulcinj.com\/blog\/#website","url":"https:\/\/www.visit-ulcinj.com\/blog\/","name":"Lajme nga Ulqini","description":"Lajme,Vijesti,Ulqini,Ulqin,Crna Gora,Mali i Zi","potentialAction":[{"@type":"SearchAction","target":{"@type":"EntryPoint","urlTemplate":"https:\/\/www.visit-ulcinj.com\/blog\/?s={search_term_string}"},"query-input":"required name=search_term_string"}],"inLanguage":"en-US"},{"@type":"ImageObject","inLanguage":"en-US","@id":"https:\/\/www.visit-ulcinj.com\/blog\/2016\/03\/15\/gjashte-muaj-burg-per-per-drejtorin-e-qendres-per-kulture\/#primaryimage","url":"https:\/\/www.visit-ulcinj.com\/blog\/wp-content\/uploads\/2013\/11\/Qendra-per-kultur-Ulqin.jpg","contentUrl":"https:\/\/www.visit-ulcinj.com\/blog\/wp-content\/uploads\/2013\/11\/Qendra-per-kultur-Ulqin.jpg","width":694,"height":492},{"@type":"WebPage","@id":"https:\/\/www.visit-ulcinj.com\/blog\/2016\/03\/15\/gjashte-muaj-burg-per-per-drejtorin-e-qendres-per-kulture\/#webpage","url":"https:\/\/www.visit-ulcinj.com\/blog\/2016\/03\/15\/gjashte-muaj-burg-per-per-drejtorin-e-qendres-per-kulture\/","name":"Gjasht\u00eb muaj burg p\u00ebr p\u00ebr drejtorin e qendr\u00ebs p\u00ebr kultur\u00eb - Lajme nga Ulqini","isPartOf":{"@id":"https:\/\/www.visit-ulcinj.com\/blog\/#website"},"primaryImageOfPage":{"@id":"https:\/\/www.visit-ulcinj.com\/blog\/2016\/03\/15\/gjashte-muaj-burg-per-per-drejtorin-e-qendres-per-kulture\/#primaryimage"},"datePublished":"2016-03-15T17:01:00+00:00","dateModified":"2016-03-15T17:01:00+00:00","author":{"@id":"https:\/\/www.visit-ulcinj.com\/blog\/#\/schema\/person\/dcab619c614d3038751c63bc2aadc06d"},"description":"Drejtori i \u201cQendr\u00ebs p\u00ebr kultur\u00eb\u201d n\u00eb Ulqin dr. Nail Draga u d\u00ebnua me gjasht\u00eb muaj burgim n\u00eb Gjykat\u00ebn e lart\u00eb n\u00eb Podgoric\u00eb p\u00ebr shkak t\u00eb keqp\u00ebrdorimit t\u00eb","breadcrumb":{"@id":"https:\/\/www.visit-ulcinj.com\/blog\/2016\/03\/15\/gjashte-muaj-burg-per-per-drejtorin-e-qendres-per-kulture\/#breadcrumb"},"inLanguage":"en-US","potentialAction":[{"@type":"ReadAction","target":["https:\/\/www.visit-ulcinj.com\/blog\/2016\/03\/15\/gjashte-muaj-burg-per-per-drejtorin-e-qendres-per-kulture\/"]}]},{"@type":"BreadcrumbList","@id":"https:\/\/www.visit-ulcinj.com\/blog\/2016\/03\/15\/gjashte-muaj-burg-per-per-drejtorin-e-qendres-per-kulture\/#breadcrumb","itemListElement":[{"@type":"ListItem","position":1,"name":"Gjasht\u00eb muaj burg p\u00ebr p\u00ebr drejtorin e qendr\u00ebs p\u00ebr kultur\u00eb"}]},{"@type":"Person","@id":"https:\/\/www.visit-ulcinj.com\/blog\/#\/schema\/person\/dcab619c614d3038751c63bc2aadc06d","name":"ulqini","sameAs":["http:\/\/www.visit-ulcinj.com"],"url":"https:\/\/www.visit-ulcinj.com\/blog\/author\/admin\/"}]}},"jetpack_featured_media_url":"","jetpack_sharing_enabled":true,"jetpack_shortlink":"https:\/\/wp.me\/pe6lTn-oMw","_links":{"self":[{"href":"https:\/\/www.visit-ulcinj.com\/blog\/wp-json\/wp\/v2\/posts\/95264"}],"collection":[{"href":"https:\/\/www.visit-ulcinj.com\/blog\/wp-json\/wp\/v2\/posts"}],"about":[{"href":"https:\/\/www.visit-ulcinj.com\/blog\/wp-json\/wp\/v2\/types\/post"}],"author":[{"embeddable":true,"href":"https:\/\/www.visit-ulcinj.com\/blog\/wp-json\/wp\/v2\/users\/1"}],"replies":[{"embeddable":true,"href":"https:\/\/www.visit-ulcinj.com\/blog\/wp-json\/wp\/v2\/comments?post=95264"}],"version-history":[{"count":1,"href":"https:\/\/www.visit-ulcinj.com\/blog\/wp-json\/wp\/v2\/posts\/95264\/revisions"}],"predecessor-version":[{"id":95265,"href":"https:\/\/www.visit-ulcinj.com\/blog\/wp-json\/wp\/v2\/posts\/95264\/revisions\/95265"}],"wp:attachment":[{"href":"https:\/\/www.visit-ulcinj.com\/blog\/wp-json\/wp\/v2\/media?parent=95264"}],"wp:term":[{"taxonomy":"category","embeddable":true,"href":"https:\/\/www.visit-ulcinj.com\/blog\/wp-json\/wp\/v2\/categories?post=95264"},{"taxonomy":"post_tag","embeddable":true,"href":"https:\/\/www.visit-ulcinj.com\/blog\/wp-json\/wp\/v2\/tags?post=95264"}],"curies":[{"name":"wp","href":"https:\/\/api.w.org\/{rel}","templated":true}]}}