{"id":95272,"date":"2016-03-16T15:51:32","date_gmt":"2016-03-16T14:51:32","guid":{"rendered":"http:\/\/www.visit-ulcinj.com\/blog\/?p=95272"},"modified":"2016-03-16T18:13:54","modified_gmt":"2016-03-16T17:13:54","slug":"jep-doreheqje-kryetari-ulqinit-fatmir-gjeka","status":"publish","type":"post","link":"https:\/\/www.visit-ulcinj.com\/blog\/2016\/03\/16\/jep-doreheqje-kryetari-ulqinit-fatmir-gjeka\/","title":{"rendered":"Jep dor\u00ebheqje kryetari i Ulqinit, Fatmir Gjeka"},"content":{"rendered":"<p><strong><a href=\"http:\/\/www.visit-ulcinj.com\/blog\/wp-content\/uploads\/2016\/03\/Jep-dor\u00ebheqje-kryetari-i-Ulqinit-Fatmir-Gjeka-.jpg\"><img loading=\"lazy\" class=\"alignleft wp-image-95273\" src=\"http:\/\/www.visit-ulcinj.com\/blog\/wp-content\/uploads\/2016\/03\/Jep-dor\u00ebheqje-kryetari-i-Ulqinit-Fatmir-Gjeka-.jpg\" alt=\"Jep dor\u00ebheqje kryetari i Ulqinit, Fatmir Gjeka-\" width=\"508\" height=\"331\" srcset=\"https:\/\/www.visit-ulcinj.com\/blog\/wp-content\/uploads\/2016\/03\/Jep-dor\u00ebheqje-kryetari-i-Ulqinit-Fatmir-Gjeka-.jpg 516w, https:\/\/www.visit-ulcinj.com\/blog\/wp-content\/uploads\/2016\/03\/Jep-dor\u00ebheqje-kryetari-i-Ulqinit-Fatmir-Gjeka--300x195.jpg 300w\" sizes=\"(max-width: 508px) 100vw, 508px\" \/><\/a>Njoftim p\u00ebr opinjonin publik, q\u00eb n\u00eb komun\u00eb t\u00eb Ulqinit sot u mbajt konferenca p\u00ebr shtyp n\u00eb t\u00eb cil\u00ebn kryetari Fatmir Gjeka dha dor\u00ebheqje nga ky funksion, njofton portali Ul.info.<br \/>\n<\/strong><\/p>\n<p>\u201cJav\u00ebn e kaluar n\u00eb qytetin ton\u00eb erdhi deri tek n\u00ebnshkrimi i marr\u00ebveshjes p\u00ebr rikompozim, gjegj\u00ebsisht formim t\u00eb pushtetit t\u00eb ri, e pjes\u00eb e marr\u00ebveshjes t\u00eb kat\u00ebr subjekteve politike t\u00eb cil\u00ebt do t\u00eb p\u00ebrb\u00ebjn\u00eb pushtetin e ardhsh\u00ebm \u00ebsht\u00eb q\u00eb drejtuesit e deritash\u00ebm t\u00eb komun\u00ebs t\u00eb japin dor\u00ebheqje. P\u00ebr k\u00ebt\u00eb arsye ky veprim i imi \u00ebsht\u00eb d\u00ebshir\u00eb q\u00eb Ulqini sa m\u00eb par\u00eb t\u00eb dal nga kriza politike\u201d, tha ai duke theksuar se me marr\u00ebveshje \u00ebsht\u00eb krijuar realiteti i ri.<\/p>\n<p>Gjeka tha se ai dhe administrata q\u00eb ai drejtoi kan\u00eb tentuar q\u00eb n\u00eb dy vitet e kaluara t\u00eb punojn\u00eb n\u00eb t\u00eb mir\u00eb t\u00eb qytetar\u00ebve t\u00eb Ulqinit p\u00ebrkund\u00ebr t\u00eb gjitha bllokadave, obstruksioneve dhe problemeve q\u00eb kishin.<\/p>\n<p>\u201cE dim\u00eb q\u00eb mund t\u00eb ishte m\u00eb mir\u00eb dhe m\u00eb efikas, dhe k\u00ebt\u00eb e gjykojn\u00eb qytetar\u00ebt dhe do ta gjykojn\u00eb votuesit, por me nd\u00ebrgjegje t\u00eb qet\u00eb them se kam punuar m\u00eb s\u00eb miri q\u00eb kisha mund\u00ebsi, i p\u00ebrkushtuar p\u00ebr t\u00eb mir\u00ebn e t\u00eb gjith\u00eb njer\u00ebzve n\u00eb k\u00ebt\u00eb komun\u00eb\u201d, tha ai duke shtuar se nuk \u00ebsht\u00eb lidhur p\u00ebr k\u00ebt\u00eb funksion. \u201cQ\u00eb nga mesi i n\u00ebntorit ia ofrova atyre q\u00eb kishin m\u00eb s\u00eb shumti vende n\u00eb Parlamentin komunal. Tash 15 vite jam n\u00eb pozita t\u00eb ndryshme udh\u00ebheq\u00ebse. P\u00ebr k\u00ebt\u00eb arsye e di q\u00eb funksionet jan\u00eb kaluese, nd\u00ebrsa Ulqini \u00ebsht\u00eb i p\u00ebrhersh\u00ebm\u201d, tha Gjeka duke fal\u00ebnderuar p\u00ebr bashk\u00ebpunim bashk\u00ebpun\u00ebtor\u00ebt dhe t\u00eb pun\u00ebsuarit n\u00eb organet e qeverisjes lokale dhe nd\u00ebrmarrjet ku themelues \u00ebsht\u00eb Kuvendi komunal, p\u00ebrfaq\u00ebsuesit e medieve dhe qytetar\u00ebt.<\/p>\n<p><iframe loading=\"lazy\" src=\"\/\/www.dailymotion.com\/embed\/video\/x3xkenx?autoPlay=1\" width=\"508\" height=\"315\" frameborder=\"0\" allowfullscreen=\"allowfullscreen\"><\/iframe><\/p>\n","protected":false},"excerpt":{"rendered":"<p>Njoftim p\u00ebr opinjonin publik, q\u00eb n\u00eb komun\u00eb t\u00eb Ulqinit sot u mbajt konferenca p\u00ebr shtyp n\u00eb t\u00eb cil\u00ebn kryetari Fatmir Gjeka dha dor\u00ebheqje nga ky funksion, njofton portali Ul.info. \u201cJav\u00ebn e kaluar n\u00eb qytetin ton\u00eb erdhi deri tek n\u00ebnshkrimi i marr\u00ebveshjes p\u00ebr rikompozim, gjegj\u00ebsisht formim t\u00eb pushtetit t\u00eb ri, e pjes\u00eb e marr\u00ebveshjes t\u00eb kat\u00ebr [&hellip;]<\/p>\n","protected":false},"author":1,"featured_media":0,"comment_status":"closed","ping_status":"closed","sticky":false,"template":"","format":"standard","meta":{"spay_email":"","jetpack_publicize_message":"","jetpack_is_tweetstorm":false,"jetpack_publicize_feature_enabled":true},"categories":[1,6],"tags":[],"jetpack_publicize_connections":[],"yoast_head":"<!-- This site is optimized with the Yoast SEO plugin v19.1 - https:\/\/yoast.com\/wordpress\/plugins\/seo\/ -->\n<title>Jep dor\u00ebheqje kryetari i Ulqinit, Fatmir Gjeka - Lajme nga Ulqini<\/title>\n<meta name=\"description\" content=\"Njoftim p\u00ebr opinjonin publik, q\u00eb n\u00eb komun\u00eb t\u00eb Ulqinit sot u mbajt konferenca p\u00ebr shtyp n\u00eb t\u00eb cil\u00ebn kryetari Fatmir Gjeka dha dor\u00ebheqje nga ky funksion,\" \/>\n<meta name=\"robots\" content=\"index, follow, max-snippet:-1, max-image-preview:large, max-video-preview:-1\" \/>\n<link rel=\"canonical\" href=\"https:\/\/www.visit-ulcinj.com\/blog\/2016\/03\/16\/jep-doreheqje-kryetari-ulqinit-fatmir-gjeka\/\" \/>\n<meta property=\"og:locale\" content=\"en_US\" \/>\n<meta property=\"og:type\" content=\"article\" \/>\n<meta property=\"og:title\" content=\"Jep dor\u00ebheqje kryetari i Ulqinit, Fatmir Gjeka - Lajme nga Ulqini\" \/>\n<meta property=\"og:description\" content=\"Njoftim p\u00ebr opinjonin publik, q\u00eb n\u00eb komun\u00eb t\u00eb Ulqinit sot u mbajt konferenca p\u00ebr shtyp n\u00eb t\u00eb cil\u00ebn kryetari Fatmir Gjeka dha dor\u00ebheqje nga ky funksion,\" \/>\n<meta property=\"og:url\" content=\"https:\/\/www.visit-ulcinj.com\/blog\/2016\/03\/16\/jep-doreheqje-kryetari-ulqinit-fatmir-gjeka\/\" \/>\n<meta property=\"og:site_name\" content=\"Lajme nga Ulqini\" \/>\n<meta property=\"article:published_time\" content=\"2016-03-16T14:51:32+00:00\" \/>\n<meta property=\"article:modified_time\" content=\"2016-03-16T17:13:54+00:00\" \/>\n<meta name=\"twitter:label1\" content=\"Written by\" \/>\n\t<meta name=\"twitter:data1\" content=\"ulqini\" \/>\n\t<meta name=\"twitter:label2\" content=\"Est. reading time\" \/>\n\t<meta name=\"twitter:data2\" content=\"2 minutes\" \/>\n<script type=\"application\/ld+json\" class=\"yoast-schema-graph\">{\"@context\":\"https:\/\/schema.org\",\"@graph\":[{\"@type\":\"WebSite\",\"@id\":\"https:\/\/www.visit-ulcinj.com\/blog\/#website\",\"url\":\"https:\/\/www.visit-ulcinj.com\/blog\/\",\"name\":\"Lajme nga Ulqini\",\"description\":\"Lajme,Vijesti,Ulqini,Ulqin,Crna Gora,Mali i Zi\",\"potentialAction\":[{\"@type\":\"SearchAction\",\"target\":{\"@type\":\"EntryPoint\",\"urlTemplate\":\"https:\/\/www.visit-ulcinj.com\/blog\/?s={search_term_string}\"},\"query-input\":\"required name=search_term_string\"}],\"inLanguage\":\"en-US\"},{\"@type\":\"WebPage\",\"@id\":\"https:\/\/www.visit-ulcinj.com\/blog\/2016\/03\/16\/jep-doreheqje-kryetari-ulqinit-fatmir-gjeka\/#webpage\",\"url\":\"https:\/\/www.visit-ulcinj.com\/blog\/2016\/03\/16\/jep-doreheqje-kryetari-ulqinit-fatmir-gjeka\/\",\"name\":\"Jep dor\u00ebheqje kryetari i Ulqinit, Fatmir Gjeka - Lajme nga Ulqini\",\"isPartOf\":{\"@id\":\"https:\/\/www.visit-ulcinj.com\/blog\/#website\"},\"datePublished\":\"2016-03-16T14:51:32+00:00\",\"dateModified\":\"2016-03-16T17:13:54+00:00\",\"author\":{\"@id\":\"https:\/\/www.visit-ulcinj.com\/blog\/#\/schema\/person\/dcab619c614d3038751c63bc2aadc06d\"},\"description\":\"Njoftim p\u00ebr opinjonin publik, q\u00eb n\u00eb komun\u00eb t\u00eb Ulqinit sot u mbajt konferenca p\u00ebr shtyp n\u00eb t\u00eb cil\u00ebn kryetari Fatmir Gjeka dha dor\u00ebheqje nga ky funksion,\",\"breadcrumb\":{\"@id\":\"https:\/\/www.visit-ulcinj.com\/blog\/2016\/03\/16\/jep-doreheqje-kryetari-ulqinit-fatmir-gjeka\/#breadcrumb\"},\"inLanguage\":\"en-US\",\"potentialAction\":[{\"@type\":\"ReadAction\",\"target\":[\"https:\/\/www.visit-ulcinj.com\/blog\/2016\/03\/16\/jep-doreheqje-kryetari-ulqinit-fatmir-gjeka\/\"]}]},{\"@type\":\"BreadcrumbList\",\"@id\":\"https:\/\/www.visit-ulcinj.com\/blog\/2016\/03\/16\/jep-doreheqje-kryetari-ulqinit-fatmir-gjeka\/#breadcrumb\",\"itemListElement\":[{\"@type\":\"ListItem\",\"position\":1,\"name\":\"Jep dor\u00ebheqje kryetari i Ulqinit, Fatmir Gjeka\"}]},{\"@type\":\"Person\",\"@id\":\"https:\/\/www.visit-ulcinj.com\/blog\/#\/schema\/person\/dcab619c614d3038751c63bc2aadc06d\",\"name\":\"ulqini\",\"sameAs\":[\"http:\/\/www.visit-ulcinj.com\"],\"url\":\"https:\/\/www.visit-ulcinj.com\/blog\/author\/admin\/\"}]}<\/script>\n<!-- \/ Yoast SEO plugin. -->","yoast_head_json":{"title":"Jep dor\u00ebheqje kryetari i Ulqinit, Fatmir Gjeka - Lajme nga Ulqini","description":"Njoftim p\u00ebr opinjonin publik, q\u00eb n\u00eb komun\u00eb t\u00eb Ulqinit sot u mbajt konferenca p\u00ebr shtyp n\u00eb t\u00eb cil\u00ebn kryetari Fatmir Gjeka dha dor\u00ebheqje nga ky funksion,","robots":{"index":"index","follow":"follow","max-snippet":"max-snippet:-1","max-image-preview":"max-image-preview:large","max-video-preview":"max-video-preview:-1"},"canonical":"https:\/\/www.visit-ulcinj.com\/blog\/2016\/03\/16\/jep-doreheqje-kryetari-ulqinit-fatmir-gjeka\/","og_locale":"en_US","og_type":"article","og_title":"Jep dor\u00ebheqje kryetari i Ulqinit, Fatmir Gjeka - Lajme nga Ulqini","og_description":"Njoftim p\u00ebr opinjonin publik, q\u00eb n\u00eb komun\u00eb t\u00eb Ulqinit sot u mbajt konferenca p\u00ebr shtyp n\u00eb t\u00eb cil\u00ebn kryetari Fatmir Gjeka dha dor\u00ebheqje nga ky funksion,","og_url":"https:\/\/www.visit-ulcinj.com\/blog\/2016\/03\/16\/jep-doreheqje-kryetari-ulqinit-fatmir-gjeka\/","og_site_name":"Lajme nga Ulqini","article_published_time":"2016-03-16T14:51:32+00:00","article_modified_time":"2016-03-16T17:13:54+00:00","twitter_misc":{"Written by":"ulqini","Est. reading time":"2 minutes"},"schema":{"@context":"https:\/\/schema.org","@graph":[{"@type":"WebSite","@id":"https:\/\/www.visit-ulcinj.com\/blog\/#website","url":"https:\/\/www.visit-ulcinj.com\/blog\/","name":"Lajme nga Ulqini","description":"Lajme,Vijesti,Ulqini,Ulqin,Crna Gora,Mali i Zi","potentialAction":[{"@type":"SearchAction","target":{"@type":"EntryPoint","urlTemplate":"https:\/\/www.visit-ulcinj.com\/blog\/?s={search_term_string}"},"query-input":"required name=search_term_string"}],"inLanguage":"en-US"},{"@type":"WebPage","@id":"https:\/\/www.visit-ulcinj.com\/blog\/2016\/03\/16\/jep-doreheqje-kryetari-ulqinit-fatmir-gjeka\/#webpage","url":"https:\/\/www.visit-ulcinj.com\/blog\/2016\/03\/16\/jep-doreheqje-kryetari-ulqinit-fatmir-gjeka\/","name":"Jep dor\u00ebheqje kryetari i Ulqinit, Fatmir Gjeka - Lajme nga Ulqini","isPartOf":{"@id":"https:\/\/www.visit-ulcinj.com\/blog\/#website"},"datePublished":"2016-03-16T14:51:32+00:00","dateModified":"2016-03-16T17:13:54+00:00","author":{"@id":"https:\/\/www.visit-ulcinj.com\/blog\/#\/schema\/person\/dcab619c614d3038751c63bc2aadc06d"},"description":"Njoftim p\u00ebr opinjonin publik, q\u00eb n\u00eb komun\u00eb t\u00eb Ulqinit sot u mbajt konferenca p\u00ebr shtyp n\u00eb t\u00eb cil\u00ebn kryetari Fatmir Gjeka dha dor\u00ebheqje nga ky funksion,","breadcrumb":{"@id":"https:\/\/www.visit-ulcinj.com\/blog\/2016\/03\/16\/jep-doreheqje-kryetari-ulqinit-fatmir-gjeka\/#breadcrumb"},"inLanguage":"en-US","potentialAction":[{"@type":"ReadAction","target":["https:\/\/www.visit-ulcinj.com\/blog\/2016\/03\/16\/jep-doreheqje-kryetari-ulqinit-fatmir-gjeka\/"]}]},{"@type":"BreadcrumbList","@id":"https:\/\/www.visit-ulcinj.com\/blog\/2016\/03\/16\/jep-doreheqje-kryetari-ulqinit-fatmir-gjeka\/#breadcrumb","itemListElement":[{"@type":"ListItem","position":1,"name":"Jep dor\u00ebheqje kryetari i Ulqinit, Fatmir Gjeka"}]},{"@type":"Person","@id":"https:\/\/www.visit-ulcinj.com\/blog\/#\/schema\/person\/dcab619c614d3038751c63bc2aadc06d","name":"ulqini","sameAs":["http:\/\/www.visit-ulcinj.com"],"url":"https:\/\/www.visit-ulcinj.com\/blog\/author\/admin\/"}]}},"jetpack_featured_media_url":"","jetpack_sharing_enabled":true,"jetpack_shortlink":"https:\/\/wp.me\/pe6lTn-oME","_links":{"self":[{"href":"https:\/\/www.visit-ulcinj.com\/blog\/wp-json\/wp\/v2\/posts\/95272"}],"collection":[{"href":"https:\/\/www.visit-ulcinj.com\/blog\/wp-json\/wp\/v2\/posts"}],"about":[{"href":"https:\/\/www.visit-ulcinj.com\/blog\/wp-json\/wp\/v2\/types\/post"}],"author":[{"embeddable":true,"href":"https:\/\/www.visit-ulcinj.com\/blog\/wp-json\/wp\/v2\/users\/1"}],"replies":[{"embeddable":true,"href":"https:\/\/www.visit-ulcinj.com\/blog\/wp-json\/wp\/v2\/comments?post=95272"}],"version-history":[{"count":3,"href":"https:\/\/www.visit-ulcinj.com\/blog\/wp-json\/wp\/v2\/posts\/95272\/revisions"}],"predecessor-version":[{"id":95282,"href":"https:\/\/www.visit-ulcinj.com\/blog\/wp-json\/wp\/v2\/posts\/95272\/revisions\/95282"}],"wp:attachment":[{"href":"https:\/\/www.visit-ulcinj.com\/blog\/wp-json\/wp\/v2\/media?parent=95272"}],"wp:term":[{"taxonomy":"category","embeddable":true,"href":"https:\/\/www.visit-ulcinj.com\/blog\/wp-json\/wp\/v2\/categories?post=95272"},{"taxonomy":"post_tag","embeddable":true,"href":"https:\/\/www.visit-ulcinj.com\/blog\/wp-json\/wp\/v2\/tags?post=95272"}],"curies":[{"name":"wp","href":"https:\/\/api.w.org\/{rel}","templated":true}]}}