{"id":95278,"date":"2016-03-16T18:04:30","date_gmt":"2016-03-16T17:04:30","guid":{"rendered":"http:\/\/www.visit-ulcinj.com\/blog\/?p=95278"},"modified":"2016-03-19T16:46:55","modified_gmt":"2016-03-19T15:46:55","slug":"nazif-cungu-rikthehet-ne-postin-e-kryetarit-te-ulqinit","status":"publish","type":"post","link":"https:\/\/www.visit-ulcinj.com\/blog\/2016\/03\/16\/nazif-cungu-rikthehet-ne-postin-e-kryetarit-te-ulqinit\/","title":{"rendered":"Nazif Cungu rikthehet n\u00eb postin e kryetarit t\u00eb Ulqinit"},"content":{"rendered":"<p><a href=\"http:\/\/www.visit-ulcinj.com\/blog\/wp-content\/uploads\/2016\/03\/Kryetari-Ulqinit-Nazif-Cungu-.jpg\"><img loading=\"lazy\" class=\"alignleft wp-image-95279\" src=\"http:\/\/www.visit-ulcinj.com\/blog\/wp-content\/uploads\/2016\/03\/Kryetari-Ulqinit-Nazif-Cungu-.jpg\" alt=\"Kryetari-Ulqinit-Nazif-Cungu-\" width=\"508\" height=\"389\" srcset=\"https:\/\/www.visit-ulcinj.com\/blog\/wp-content\/uploads\/2016\/03\/Kryetari-Ulqinit-Nazif-Cungu-.jpg 627w, https:\/\/www.visit-ulcinj.com\/blog\/wp-content\/uploads\/2016\/03\/Kryetari-Ulqinit-Nazif-Cungu--300x230.jpg 300w\" sizes=\"(max-width: 508px) 100vw, 508px\" \/><\/a><strong>Nga Besim Toska<\/strong><\/p>\n<p>Pas shum\u00eb problemeve e p\u00ebrqarjeve nd\u00ebrmjet p\u00ebrfaq\u00ebsuesve politik t\u00eb shqiptar\u00ebve t\u00eb Ulqinit viteve t\u00eb fundit, ato jan\u00eb shtuar edhe m\u00eb shum\u00eb tash s\u00eb fundi duke krijuar edhe kriz\u00eb politike, duke k\u00ebrkuar largimin e kryetarit Fatmir Gjeka.<\/p>\n<p>P\u00ebrfaq\u00ebsuesit shqiptar\u00eb politik t\u00eb Ulqinit, pas k\u00ebsaj situate kishin arritur marr\u00ebveshje p\u00ebr formimin e pushtetit t\u00eb ri dhe ndarjen e pozitave e q\u00eb posti i kryetarit t\u00eb Komun\u00ebs ti takoj Forc\u00ebs.<\/p>\n<p>Fatmir Gjeka, sot zyrtarisht ka dh\u00ebn\u00eb dor\u00ebheqje nga posti i t\u00eb parit t\u00eb Ulqinit, sipas tij k\u00ebt\u00eb e ka b\u00ebr\u00eb q\u00eb Ulqini sa m\u00eb par\u00eb t\u00eb dal\u00eb nga kriza poltike.<\/p>\n<p>E n\u00eb an\u00ebn tjet\u00ebr \u00a0pritet q\u00eb zyrtarisht kryetari i ri i Komun\u00ebs s\u00eb Ulqinit t\u00eb zgjidhet Nazif Cungu, kjo do t\u00eb ndodh t\u00eb h\u00ebn\u00ebn, kur edhe pritet t\u00eb mbidhen k\u00ebshilltar\u00ebt e k\u00ebsaj komune.<\/p>\n<p>Portali \u201cToskanapress.info\u201d, ka kontakuar \u00a0Nazif Cungun, kryetar i ri i Komun\u00ebs Ulqinit p\u00ebr t\u00eb informuar qytetar\u00ebt lidhur me marrjen e mandatit t\u00eb ri.<\/p>\n<p>Ai tregoi p\u00ebr \u201cToskanapress.info\u201d se mbledhja e Kuvendit Komunal, parashihet t\u00eb mbahet t\u00eb h\u00ebn\u00ebn ku dhe do t\u00eb zgjidhet kryetari dhe udh\u00ebheqja e re e Komun\u00ebs s\u00eb Ulqinit. \u00a0Sipas tij nuk pritet t\u00eb ket\u00eb vonesa dhe kriz\u00eb politike e cila ishte tash nj\u00eb koh\u00eb dhe shpreson se nuk duhet humbur m\u00eb koh\u00eb e t\u00eb punohet n\u00eb dobi t\u00eb qytetar\u00ebve t\u00eb Ulqinit.<\/p>\n<p>Marr\u00ebveshja e n\u00ebnshkruar nga p\u00ebrfaq\u00ebsuesit politik t\u00eb\u00a0Forc\u00ebs, Partis\u00eb Demokratike, Unionit Demokratik t\u00eb Shqiptar\u00ebve dhe PDS-\u00eb, pritet q\u00eb t\u00eb gjith\u00eb t\u00eb ken\u00eb pozita udh\u00ebheq\u00ebse, sipas votava t\u00eb fituara n\u00eb zgjehdjet lokale.<\/p>\n<p>Historik- T\u00eb rikujtojm\u00eb se nga vitit\u00a02002 deri me 24 shtator t\u00eb vitit 2006 \u00a0kryetar i Ulqinit ishte Fuad Nimani nga Unioni Demkratik i Shqip\u00ebtar\u00ebve.<\/p>\n<p>Nga 24 shtatori apo\u00a0vjeshta e vitit 2006 deri \u00a0ver\u00ebn \u00a0e nxeht\u00eb me 25 gusht t\u00eb vitit 2011 kryetar i Komun\u00ebs ishte G\u00ebzim Hajdinaga, i cili nuk mundi t\u00eb fitoi mandatin e dyt\u00eb.<\/p>\n<p>Shk\u00ebputja e deg\u00ebs s\u00eb An\u00ebs s\u00eb Malit prej UDSH-s\u00eb me kat\u00ebr k\u00ebshill\u00ebtar\u00eb q\u00eb iu bashk\u00ebngjit\u00ebn Forc\u00ebs dhe Partis Socialdemokrate arrit\u00ebn ta krijojn\u00eb shumic\u00ebn p\u00ebr t\u00eb marr\u00eb pushtetin.<\/p>\n<p>Me 22 gusht Forca e re ka treguar se ka fituar shumic\u00ebn e re t\u00eb Kuvendit Komunal t\u00eb Ulqinit dhe e cila\u00a0i \u00ebsht\u00eb dor\u00ebzuar sh\u00ebrbimit t\u00eb Kuvendit me iniciativ\u00ebn p\u00ebr shkarkimin e kryetarit t\u00eb Kuvendit, propozimi i kryetarit t\u00eb ri t\u00eb Kuvendit dhe iniciativa p\u00ebr shkarkimin e G\u00ebzim Hajdinag\u00ebs nga posti kryetarit te Komun\u00ebs se Ulqinit.<\/p>\n<p>Me 25 shtator t\u00eb vitit 2011 Kuvendi Komunal zgjodhi Nazif Cungun, kryetar t\u00eb Ulqinit, at\u00eb koh\u00eb partia m\u00eb e madhe opozitare n\u00eb Ulqin dhe n\u00eb fund t\u00eb vitit 2013 nisen k\u00ebrkesat p\u00ebr shkarkimin e tij e q\u00eb dha dor\u00ebheqje \u00a0n\u00eb shkurt t\u00eb vitit 2014.<\/p>\n<p>Me 24 shkurt t\u00eb vitit 2014, kryetar i Ulqinit, u zgjedh nga k\u00ebshilltar\u00ebt komunal Fatmir Gjekaj, nga Partia Demokratike apo koalicionit \u201cBashk\u00eb p\u00ebr Ulqinin\u201d.\u00a0P\u00ebr t\u00eb votuan 17 k\u00ebshilltar\u00eb t\u00eb Forc\u00ebs, koalicionit t\u00eb tij dhe Malit t\u00eb Zi Pozitiv, \u00a0nd\u00ebrkaq Gjeka\u00a0\u00a0dha dor\u00ebheqje sot me 16 mars 2016.<\/p>\n<p><strong>Toskanapress.info<\/strong><\/p>\n","protected":false},"excerpt":{"rendered":"<p>Nga Besim Toska Pas shum\u00eb problemeve e p\u00ebrqarjeve nd\u00ebrmjet p\u00ebrfaq\u00ebsuesve politik t\u00eb shqiptar\u00ebve t\u00eb Ulqinit viteve t\u00eb fundit, ato jan\u00eb shtuar edhe m\u00eb shum\u00eb tash s\u00eb fundi duke krijuar edhe kriz\u00eb politike, duke k\u00ebrkuar largimin e kryetarit Fatmir Gjeka. P\u00ebrfaq\u00ebsuesit shqiptar\u00eb politik t\u00eb Ulqinit, pas k\u00ebsaj situate kishin arritur marr\u00ebveshje p\u00ebr formimin e pushtetit t\u00eb [&hellip;]<\/p>\n","protected":false},"author":1,"featured_media":0,"comment_status":"closed","ping_status":"closed","sticky":false,"template":"","format":"standard","meta":{"spay_email":"","jetpack_publicize_message":"","jetpack_is_tweetstorm":false,"jetpack_publicize_feature_enabled":true},"categories":[5,1],"tags":[],"jetpack_publicize_connections":[],"yoast_head":"<!-- This site is optimized with the Yoast SEO plugin v19.1 - https:\/\/yoast.com\/wordpress\/plugins\/seo\/ -->\n<title>Nazif Cungu rikthehet n\u00eb postin e kryetarit t\u00eb Ulqinit - Lajme nga Ulqini<\/title>\n<meta name=\"description\" content=\"Nga Besim Toska Pas shum\u00eb problemeve e p\u00ebrqarjeve nd\u00ebrmjet p\u00ebrfaq\u00ebsuesve politik t\u00eb shqiptar\u00ebve t\u00eb Ulqinit viteve t\u00eb fundit, ato jan\u00eb shtuar edhe m\u00eb shum\u00eb\" \/>\n<meta name=\"robots\" content=\"index, follow, max-snippet:-1, max-image-preview:large, max-video-preview:-1\" \/>\n<link rel=\"canonical\" href=\"https:\/\/www.visit-ulcinj.com\/blog\/2016\/03\/16\/nazif-cungu-rikthehet-ne-postin-e-kryetarit-te-ulqinit\/\" \/>\n<meta property=\"og:locale\" content=\"en_US\" \/>\n<meta property=\"og:type\" content=\"article\" \/>\n<meta property=\"og:title\" content=\"Nazif Cungu rikthehet n\u00eb postin e kryetarit t\u00eb Ulqinit - Lajme nga Ulqini\" \/>\n<meta property=\"og:description\" content=\"Nga Besim Toska Pas shum\u00eb problemeve e p\u00ebrqarjeve nd\u00ebrmjet p\u00ebrfaq\u00ebsuesve politik t\u00eb shqiptar\u00ebve t\u00eb Ulqinit viteve t\u00eb fundit, ato jan\u00eb shtuar edhe m\u00eb shum\u00eb\" \/>\n<meta property=\"og:url\" content=\"https:\/\/www.visit-ulcinj.com\/blog\/2016\/03\/16\/nazif-cungu-rikthehet-ne-postin-e-kryetarit-te-ulqinit\/\" \/>\n<meta property=\"og:site_name\" content=\"Lajme nga Ulqini\" \/>\n<meta property=\"article:published_time\" content=\"2016-03-16T17:04:30+00:00\" \/>\n<meta property=\"article:modified_time\" content=\"2016-03-19T15:46:55+00:00\" \/>\n<meta property=\"og:image\" content=\"http:\/\/www.visit-ulcinj.com\/blog\/wp-content\/uploads\/2016\/03\/Kryetari-Ulqinit-Nazif-Cungu-.jpg\" \/>\n<meta name=\"twitter:label1\" content=\"Written by\" \/>\n\t<meta name=\"twitter:data1\" content=\"ulqini\" \/>\n\t<meta name=\"twitter:label2\" content=\"Est. reading time\" \/>\n\t<meta name=\"twitter:data2\" content=\"3 minutes\" \/>\n<script type=\"application\/ld+json\" class=\"yoast-schema-graph\">{\"@context\":\"https:\/\/schema.org\",\"@graph\":[{\"@type\":\"WebSite\",\"@id\":\"https:\/\/www.visit-ulcinj.com\/blog\/#website\",\"url\":\"https:\/\/www.visit-ulcinj.com\/blog\/\",\"name\":\"Lajme nga Ulqini\",\"description\":\"Lajme,Vijesti,Ulqini,Ulqin,Crna Gora,Mali i Zi\",\"potentialAction\":[{\"@type\":\"SearchAction\",\"target\":{\"@type\":\"EntryPoint\",\"urlTemplate\":\"https:\/\/www.visit-ulcinj.com\/blog\/?s={search_term_string}\"},\"query-input\":\"required name=search_term_string\"}],\"inLanguage\":\"en-US\"},{\"@type\":\"ImageObject\",\"inLanguage\":\"en-US\",\"@id\":\"https:\/\/www.visit-ulcinj.com\/blog\/2016\/03\/16\/nazif-cungu-rikthehet-ne-postin-e-kryetarit-te-ulqinit\/#primaryimage\",\"url\":\"https:\/\/www.visit-ulcinj.com\/blog\/wp-content\/uploads\/2016\/03\/Kryetari-Ulqinit-Nazif-Cungu-.jpg\",\"contentUrl\":\"https:\/\/www.visit-ulcinj.com\/blog\/wp-content\/uploads\/2016\/03\/Kryetari-Ulqinit-Nazif-Cungu-.jpg\",\"width\":627,\"height\":480},{\"@type\":\"WebPage\",\"@id\":\"https:\/\/www.visit-ulcinj.com\/blog\/2016\/03\/16\/nazif-cungu-rikthehet-ne-postin-e-kryetarit-te-ulqinit\/#webpage\",\"url\":\"https:\/\/www.visit-ulcinj.com\/blog\/2016\/03\/16\/nazif-cungu-rikthehet-ne-postin-e-kryetarit-te-ulqinit\/\",\"name\":\"Nazif Cungu rikthehet n\u00eb postin e kryetarit t\u00eb Ulqinit - Lajme nga Ulqini\",\"isPartOf\":{\"@id\":\"https:\/\/www.visit-ulcinj.com\/blog\/#website\"},\"primaryImageOfPage\":{\"@id\":\"https:\/\/www.visit-ulcinj.com\/blog\/2016\/03\/16\/nazif-cungu-rikthehet-ne-postin-e-kryetarit-te-ulqinit\/#primaryimage\"},\"datePublished\":\"2016-03-16T17:04:30+00:00\",\"dateModified\":\"2016-03-19T15:46:55+00:00\",\"author\":{\"@id\":\"https:\/\/www.visit-ulcinj.com\/blog\/#\/schema\/person\/dcab619c614d3038751c63bc2aadc06d\"},\"description\":\"Nga Besim Toska Pas shum\u00eb problemeve e p\u00ebrqarjeve nd\u00ebrmjet p\u00ebrfaq\u00ebsuesve politik t\u00eb shqiptar\u00ebve t\u00eb Ulqinit viteve t\u00eb fundit, ato jan\u00eb shtuar edhe m\u00eb shum\u00eb\",\"breadcrumb\":{\"@id\":\"https:\/\/www.visit-ulcinj.com\/blog\/2016\/03\/16\/nazif-cungu-rikthehet-ne-postin-e-kryetarit-te-ulqinit\/#breadcrumb\"},\"inLanguage\":\"en-US\",\"potentialAction\":[{\"@type\":\"ReadAction\",\"target\":[\"https:\/\/www.visit-ulcinj.com\/blog\/2016\/03\/16\/nazif-cungu-rikthehet-ne-postin-e-kryetarit-te-ulqinit\/\"]}]},{\"@type\":\"BreadcrumbList\",\"@id\":\"https:\/\/www.visit-ulcinj.com\/blog\/2016\/03\/16\/nazif-cungu-rikthehet-ne-postin-e-kryetarit-te-ulqinit\/#breadcrumb\",\"itemListElement\":[{\"@type\":\"ListItem\",\"position\":1,\"name\":\"Nazif Cungu rikthehet n\u00eb postin e kryetarit t\u00eb Ulqinit\"}]},{\"@type\":\"Person\",\"@id\":\"https:\/\/www.visit-ulcinj.com\/blog\/#\/schema\/person\/dcab619c614d3038751c63bc2aadc06d\",\"name\":\"ulqini\",\"sameAs\":[\"http:\/\/www.visit-ulcinj.com\"],\"url\":\"https:\/\/www.visit-ulcinj.com\/blog\/author\/admin\/\"}]}<\/script>\n<!-- \/ Yoast SEO plugin. -->","yoast_head_json":{"title":"Nazif Cungu rikthehet n\u00eb postin e kryetarit t\u00eb Ulqinit - Lajme nga Ulqini","description":"Nga Besim Toska Pas shum\u00eb problemeve e p\u00ebrqarjeve nd\u00ebrmjet p\u00ebrfaq\u00ebsuesve politik t\u00eb shqiptar\u00ebve t\u00eb Ulqinit viteve t\u00eb fundit, ato jan\u00eb shtuar edhe m\u00eb shum\u00eb","robots":{"index":"index","follow":"follow","max-snippet":"max-snippet:-1","max-image-preview":"max-image-preview:large","max-video-preview":"max-video-preview:-1"},"canonical":"https:\/\/www.visit-ulcinj.com\/blog\/2016\/03\/16\/nazif-cungu-rikthehet-ne-postin-e-kryetarit-te-ulqinit\/","og_locale":"en_US","og_type":"article","og_title":"Nazif Cungu rikthehet n\u00eb postin e kryetarit t\u00eb Ulqinit - Lajme nga Ulqini","og_description":"Nga Besim Toska Pas shum\u00eb problemeve e p\u00ebrqarjeve nd\u00ebrmjet p\u00ebrfaq\u00ebsuesve politik t\u00eb shqiptar\u00ebve t\u00eb Ulqinit viteve t\u00eb fundit, ato jan\u00eb shtuar edhe m\u00eb shum\u00eb","og_url":"https:\/\/www.visit-ulcinj.com\/blog\/2016\/03\/16\/nazif-cungu-rikthehet-ne-postin-e-kryetarit-te-ulqinit\/","og_site_name":"Lajme nga Ulqini","article_published_time":"2016-03-16T17:04:30+00:00","article_modified_time":"2016-03-19T15:46:55+00:00","og_image":[{"url":"http:\/\/www.visit-ulcinj.com\/blog\/wp-content\/uploads\/2016\/03\/Kryetari-Ulqinit-Nazif-Cungu-.jpg"}],"twitter_misc":{"Written by":"ulqini","Est. reading time":"3 minutes"},"schema":{"@context":"https:\/\/schema.org","@graph":[{"@type":"WebSite","@id":"https:\/\/www.visit-ulcinj.com\/blog\/#website","url":"https:\/\/www.visit-ulcinj.com\/blog\/","name":"Lajme nga Ulqini","description":"Lajme,Vijesti,Ulqini,Ulqin,Crna Gora,Mali i Zi","potentialAction":[{"@type":"SearchAction","target":{"@type":"EntryPoint","urlTemplate":"https:\/\/www.visit-ulcinj.com\/blog\/?s={search_term_string}"},"query-input":"required name=search_term_string"}],"inLanguage":"en-US"},{"@type":"ImageObject","inLanguage":"en-US","@id":"https:\/\/www.visit-ulcinj.com\/blog\/2016\/03\/16\/nazif-cungu-rikthehet-ne-postin-e-kryetarit-te-ulqinit\/#primaryimage","url":"https:\/\/www.visit-ulcinj.com\/blog\/wp-content\/uploads\/2016\/03\/Kryetari-Ulqinit-Nazif-Cungu-.jpg","contentUrl":"https:\/\/www.visit-ulcinj.com\/blog\/wp-content\/uploads\/2016\/03\/Kryetari-Ulqinit-Nazif-Cungu-.jpg","width":627,"height":480},{"@type":"WebPage","@id":"https:\/\/www.visit-ulcinj.com\/blog\/2016\/03\/16\/nazif-cungu-rikthehet-ne-postin-e-kryetarit-te-ulqinit\/#webpage","url":"https:\/\/www.visit-ulcinj.com\/blog\/2016\/03\/16\/nazif-cungu-rikthehet-ne-postin-e-kryetarit-te-ulqinit\/","name":"Nazif Cungu rikthehet n\u00eb postin e kryetarit t\u00eb Ulqinit - Lajme nga Ulqini","isPartOf":{"@id":"https:\/\/www.visit-ulcinj.com\/blog\/#website"},"primaryImageOfPage":{"@id":"https:\/\/www.visit-ulcinj.com\/blog\/2016\/03\/16\/nazif-cungu-rikthehet-ne-postin-e-kryetarit-te-ulqinit\/#primaryimage"},"datePublished":"2016-03-16T17:04:30+00:00","dateModified":"2016-03-19T15:46:55+00:00","author":{"@id":"https:\/\/www.visit-ulcinj.com\/blog\/#\/schema\/person\/dcab619c614d3038751c63bc2aadc06d"},"description":"Nga Besim Toska Pas shum\u00eb problemeve e p\u00ebrqarjeve nd\u00ebrmjet p\u00ebrfaq\u00ebsuesve politik t\u00eb shqiptar\u00ebve t\u00eb Ulqinit viteve t\u00eb fundit, ato jan\u00eb shtuar edhe m\u00eb shum\u00eb","breadcrumb":{"@id":"https:\/\/www.visit-ulcinj.com\/blog\/2016\/03\/16\/nazif-cungu-rikthehet-ne-postin-e-kryetarit-te-ulqinit\/#breadcrumb"},"inLanguage":"en-US","potentialAction":[{"@type":"ReadAction","target":["https:\/\/www.visit-ulcinj.com\/blog\/2016\/03\/16\/nazif-cungu-rikthehet-ne-postin-e-kryetarit-te-ulqinit\/"]}]},{"@type":"BreadcrumbList","@id":"https:\/\/www.visit-ulcinj.com\/blog\/2016\/03\/16\/nazif-cungu-rikthehet-ne-postin-e-kryetarit-te-ulqinit\/#breadcrumb","itemListElement":[{"@type":"ListItem","position":1,"name":"Nazif Cungu rikthehet n\u00eb postin e kryetarit t\u00eb Ulqinit"}]},{"@type":"Person","@id":"https:\/\/www.visit-ulcinj.com\/blog\/#\/schema\/person\/dcab619c614d3038751c63bc2aadc06d","name":"ulqini","sameAs":["http:\/\/www.visit-ulcinj.com"],"url":"https:\/\/www.visit-ulcinj.com\/blog\/author\/admin\/"}]}},"jetpack_featured_media_url":"","jetpack_sharing_enabled":true,"jetpack_shortlink":"https:\/\/wp.me\/pe6lTn-oMK","_links":{"self":[{"href":"https:\/\/www.visit-ulcinj.com\/blog\/wp-json\/wp\/v2\/posts\/95278"}],"collection":[{"href":"https:\/\/www.visit-ulcinj.com\/blog\/wp-json\/wp\/v2\/posts"}],"about":[{"href":"https:\/\/www.visit-ulcinj.com\/blog\/wp-json\/wp\/v2\/types\/post"}],"author":[{"embeddable":true,"href":"https:\/\/www.visit-ulcinj.com\/blog\/wp-json\/wp\/v2\/users\/1"}],"replies":[{"embeddable":true,"href":"https:\/\/www.visit-ulcinj.com\/blog\/wp-json\/wp\/v2\/comments?post=95278"}],"version-history":[{"count":2,"href":"https:\/\/www.visit-ulcinj.com\/blog\/wp-json\/wp\/v2\/posts\/95278\/revisions"}],"predecessor-version":[{"id":95281,"href":"https:\/\/www.visit-ulcinj.com\/blog\/wp-json\/wp\/v2\/posts\/95278\/revisions\/95281"}],"wp:attachment":[{"href":"https:\/\/www.visit-ulcinj.com\/blog\/wp-json\/wp\/v2\/media?parent=95278"}],"wp:term":[{"taxonomy":"category","embeddable":true,"href":"https:\/\/www.visit-ulcinj.com\/blog\/wp-json\/wp\/v2\/categories?post=95278"},{"taxonomy":"post_tag","embeddable":true,"href":"https:\/\/www.visit-ulcinj.com\/blog\/wp-json\/wp\/v2\/tags?post=95278"}],"curies":[{"name":"wp","href":"https:\/\/api.w.org\/{rel}","templated":true}]}}