{"id":95294,"date":"2016-03-17T08:41:47","date_gmt":"2016-03-17T07:41:47","guid":{"rendered":"http:\/\/www.visit-ulcinj.com\/blog\/?p=95294"},"modified":"2016-03-17T08:41:47","modified_gmt":"2016-03-17T07:41:47","slug":"hana-cakuli-linde-binjake-elena-dhe-dorela","status":"publish","type":"post","link":"https:\/\/www.visit-ulcinj.com\/blog\/2016\/03\/17\/hana-cakuli-linde-binjake-elena-dhe-dorela\/","title":{"rendered":"Hana Cakuli lind\u00eb binjake &#8211; Elena dhe Dorela"},"content":{"rendered":"<p><strong>Ka lindur n\u00eb Munih, aty ku nisi t\u00eb jetoj q\u00eb prej studimeve master. Dhe prej 5 muajsh k\u00ebng\u00ebtarja Hana Cakuli po g\u00ebzon \u00e7do moment me binjaket Elena dhe Dorela, t\u00eb cilat i solli n\u00eb jet\u00eb n\u00eb tetor t\u00eb vitit t\u00eb kaluar\u2026 <\/strong><\/p>\n<p><a href=\"http:\/\/www.visit-ulcinj.com\/blog\/wp-content\/uploads\/2016\/03\/Hana-Cakuli-lind\u00eb-binjake.jpg\"><img loading=\"lazy\" class=\"alignleft wp-image-95295\" src=\"http:\/\/www.visit-ulcinj.com\/blog\/wp-content\/uploads\/2016\/03\/Hana-Cakuli-lind\u00eb-binjake.jpg\" alt=\"Hana Cakuli lind\u00eb binjake\" width=\"508\" height=\"677\" srcset=\"https:\/\/www.visit-ulcinj.com\/blog\/wp-content\/uploads\/2016\/03\/Hana-Cakuli-lind\u00eb-binjake.jpg 360w, https:\/\/www.visit-ulcinj.com\/blog\/wp-content\/uploads\/2016\/03\/Hana-Cakuli-lind\u00eb-binjake-225x300.jpg 225w\" sizes=\"(max-width: 508px) 100vw, 508px\" \/><\/a><\/p>\n<p>K\u00ebng\u00ebtarja e njohur dhe shum\u00eb e dashur p\u00ebr publikun Hana Cakuli \u00ebsht\u00eb b\u00ebr\u00eb n\u00ebn\u00eb e dy vajzave. K\u00ebt\u00eb e ka njoftuar p\u00ebr Kolona.al ajo, ku ka treguar se k\u00ebt\u00eb bekim e morri qysh me 25 tetor t\u00eb vitit 2015.<\/p>\n<p>\u201cKam lind\u00eb 2 vajza binjake qysh m\u00eb 25 tetor 2015. E kam mbajt sekret deri tash pasi q\u00eb nuk kam pas d\u00ebshir\u00eb q\u00eb t\u00eb flitet shum\u00eb n\u00ebp\u00ebr media\u201d, ka treguar Hana, duke b\u00ebr\u00eb me dije se lajmin ekskluzivisht ka dashur ta jap p\u00ebr k\u00ebt\u00eb portal.<\/p>\n<p>K\u00ebng\u00ebtarja ulqinake, e cila p\u00ebr vite jetoi dhe studioi n\u00eb Prishtin\u00eb, vajzat ka vendosur t\u2019i quaj Elena dhe Dorela. Ajo gjithashtu ka treguar se t\u00eb voglat e saj nuk ngjajn\u00eb me nj\u00ebra tjetr\u00ebn. \u201cNuk jan\u00eb identike. Do t\u00eb thot\u00eb jan\u00eb 2 vezor\u00ebsh\u201d, ka treguar tutje n\u00ebn\u00eb Hana.<\/p>\n<p>\u201c\u00cbsht\u00eb bekim i dyfisht\u00eb, por edhe angazhim i dyfisht\u00eb n\u00eb kujdes\u201d, \u00ebsht\u00eb shprehur ajo.<\/p>\n<p>Lindja \u00ebsht\u00eb b\u00ebr\u00eb n\u00eb Munih, aty ku Hana bashk\u00eb me bashk\u00ebshortin e saj ulqinak\/prishtinas, ka koh\u00eb q\u00eb jeton. Ndryshe k\u00ebng\u00ebtarja \u00ebsht\u00eb martuar me 2 korrik 2014, ku dashurin\u00eb e saj e ka kuror\u00ebzuar me tri ceremoni martesore, n\u00eb Prishtin\u00eb, Ulqin e Munih.\/Kolona.al<\/p>\n","protected":false},"excerpt":{"rendered":"<p>Ka lindur n\u00eb Munih, aty ku nisi t\u00eb jetoj q\u00eb prej studimeve master. Dhe prej 5 muajsh k\u00ebng\u00ebtarja Hana Cakuli po g\u00ebzon \u00e7do moment me binjaket Elena dhe Dorela, t\u00eb cilat i solli n\u00eb jet\u00eb n\u00eb tetor t\u00eb vitit t\u00eb kaluar\u2026 K\u00ebng\u00ebtarja e njohur dhe shum\u00eb e dashur p\u00ebr publikun Hana Cakuli \u00ebsht\u00eb b\u00ebr\u00eb n\u00ebn\u00eb [&hellip;]<\/p>\n","protected":false},"author":1,"featured_media":0,"comment_status":"closed","ping_status":"closed","sticky":false,"template":"","format":"standard","meta":{"spay_email":"","jetpack_publicize_message":"","jetpack_is_tweetstorm":false,"jetpack_publicize_feature_enabled":true},"categories":[1],"tags":[],"jetpack_publicize_connections":[],"yoast_head":"<!-- This site is optimized with the Yoast SEO plugin v19.1 - https:\/\/yoast.com\/wordpress\/plugins\/seo\/ -->\n<title>Hana Cakuli lind\u00eb binjake - Elena dhe Dorela - Lajme nga Ulqini<\/title>\n<meta name=\"description\" content=\"Ka lindur n\u00eb Munih, aty ku nisi t\u00eb jetoj q\u00eb prej studimeve master. Dhe prej 5 muajsh k\u00ebng\u00ebtarja Hana Cakuli po g\u00ebzon \u00e7do moment me binjaket Elena dhe\" \/>\n<meta name=\"robots\" content=\"index, follow, max-snippet:-1, max-image-preview:large, max-video-preview:-1\" \/>\n<link rel=\"canonical\" href=\"https:\/\/www.visit-ulcinj.com\/blog\/2016\/03\/17\/hana-cakuli-linde-binjake-elena-dhe-dorela\/\" \/>\n<meta property=\"og:locale\" content=\"en_US\" \/>\n<meta property=\"og:type\" content=\"article\" \/>\n<meta property=\"og:title\" content=\"Hana Cakuli lind\u00eb binjake - Elena dhe Dorela - Lajme nga Ulqini\" \/>\n<meta property=\"og:description\" content=\"Ka lindur n\u00eb Munih, aty ku nisi t\u00eb jetoj q\u00eb prej studimeve master. Dhe prej 5 muajsh k\u00ebng\u00ebtarja Hana Cakuli po g\u00ebzon \u00e7do moment me binjaket Elena dhe\" \/>\n<meta property=\"og:url\" content=\"https:\/\/www.visit-ulcinj.com\/blog\/2016\/03\/17\/hana-cakuli-linde-binjake-elena-dhe-dorela\/\" \/>\n<meta property=\"og:site_name\" content=\"Lajme nga Ulqini\" \/>\n<meta property=\"article:published_time\" content=\"2016-03-17T07:41:47+00:00\" \/>\n<meta name=\"twitter:label1\" content=\"Written by\" \/>\n\t<meta name=\"twitter:data1\" content=\"ulqini\" \/>\n\t<meta name=\"twitter:label2\" content=\"Est. reading time\" \/>\n\t<meta name=\"twitter:data2\" content=\"1 minute\" \/>\n<script type=\"application\/ld+json\" class=\"yoast-schema-graph\">{\"@context\":\"https:\/\/schema.org\",\"@graph\":[{\"@type\":\"WebSite\",\"@id\":\"https:\/\/www.visit-ulcinj.com\/blog\/#website\",\"url\":\"https:\/\/www.visit-ulcinj.com\/blog\/\",\"name\":\"Lajme nga Ulqini\",\"description\":\"Lajme,Vijesti,Ulqini,Ulqin,Crna Gora,Mali i Zi\",\"potentialAction\":[{\"@type\":\"SearchAction\",\"target\":{\"@type\":\"EntryPoint\",\"urlTemplate\":\"https:\/\/www.visit-ulcinj.com\/blog\/?s={search_term_string}\"},\"query-input\":\"required name=search_term_string\"}],\"inLanguage\":\"en-US\"},{\"@type\":\"WebPage\",\"@id\":\"https:\/\/www.visit-ulcinj.com\/blog\/2016\/03\/17\/hana-cakuli-linde-binjake-elena-dhe-dorela\/#webpage\",\"url\":\"https:\/\/www.visit-ulcinj.com\/blog\/2016\/03\/17\/hana-cakuli-linde-binjake-elena-dhe-dorela\/\",\"name\":\"Hana Cakuli lind\u00eb binjake - Elena dhe Dorela - Lajme nga Ulqini\",\"isPartOf\":{\"@id\":\"https:\/\/www.visit-ulcinj.com\/blog\/#website\"},\"datePublished\":\"2016-03-17T07:41:47+00:00\",\"dateModified\":\"2016-03-17T07:41:47+00:00\",\"author\":{\"@id\":\"https:\/\/www.visit-ulcinj.com\/blog\/#\/schema\/person\/dcab619c614d3038751c63bc2aadc06d\"},\"description\":\"Ka lindur n\u00eb Munih, aty ku nisi t\u00eb jetoj q\u00eb prej studimeve master. Dhe prej 5 muajsh k\u00ebng\u00ebtarja Hana Cakuli po g\u00ebzon \u00e7do moment me binjaket Elena dhe\",\"breadcrumb\":{\"@id\":\"https:\/\/www.visit-ulcinj.com\/blog\/2016\/03\/17\/hana-cakuli-linde-binjake-elena-dhe-dorela\/#breadcrumb\"},\"inLanguage\":\"en-US\",\"potentialAction\":[{\"@type\":\"ReadAction\",\"target\":[\"https:\/\/www.visit-ulcinj.com\/blog\/2016\/03\/17\/hana-cakuli-linde-binjake-elena-dhe-dorela\/\"]}]},{\"@type\":\"BreadcrumbList\",\"@id\":\"https:\/\/www.visit-ulcinj.com\/blog\/2016\/03\/17\/hana-cakuli-linde-binjake-elena-dhe-dorela\/#breadcrumb\",\"itemListElement\":[{\"@type\":\"ListItem\",\"position\":1,\"name\":\"Hana Cakuli lind\u00eb binjake &#8211; Elena dhe Dorela\"}]},{\"@type\":\"Person\",\"@id\":\"https:\/\/www.visit-ulcinj.com\/blog\/#\/schema\/person\/dcab619c614d3038751c63bc2aadc06d\",\"name\":\"ulqini\",\"sameAs\":[\"http:\/\/www.visit-ulcinj.com\"],\"url\":\"https:\/\/www.visit-ulcinj.com\/blog\/author\/admin\/\"}]}<\/script>\n<!-- \/ Yoast SEO plugin. -->","yoast_head_json":{"title":"Hana Cakuli lind\u00eb binjake - Elena dhe Dorela - Lajme nga Ulqini","description":"Ka lindur n\u00eb Munih, aty ku nisi t\u00eb jetoj q\u00eb prej studimeve master. Dhe prej 5 muajsh k\u00ebng\u00ebtarja Hana Cakuli po g\u00ebzon \u00e7do moment me binjaket Elena dhe","robots":{"index":"index","follow":"follow","max-snippet":"max-snippet:-1","max-image-preview":"max-image-preview:large","max-video-preview":"max-video-preview:-1"},"canonical":"https:\/\/www.visit-ulcinj.com\/blog\/2016\/03\/17\/hana-cakuli-linde-binjake-elena-dhe-dorela\/","og_locale":"en_US","og_type":"article","og_title":"Hana Cakuli lind\u00eb binjake - Elena dhe Dorela - Lajme nga Ulqini","og_description":"Ka lindur n\u00eb Munih, aty ku nisi t\u00eb jetoj q\u00eb prej studimeve master. Dhe prej 5 muajsh k\u00ebng\u00ebtarja Hana Cakuli po g\u00ebzon \u00e7do moment me binjaket Elena dhe","og_url":"https:\/\/www.visit-ulcinj.com\/blog\/2016\/03\/17\/hana-cakuli-linde-binjake-elena-dhe-dorela\/","og_site_name":"Lajme nga Ulqini","article_published_time":"2016-03-17T07:41:47+00:00","twitter_misc":{"Written by":"ulqini","Est. reading time":"1 minute"},"schema":{"@context":"https:\/\/schema.org","@graph":[{"@type":"WebSite","@id":"https:\/\/www.visit-ulcinj.com\/blog\/#website","url":"https:\/\/www.visit-ulcinj.com\/blog\/","name":"Lajme nga Ulqini","description":"Lajme,Vijesti,Ulqini,Ulqin,Crna Gora,Mali i Zi","potentialAction":[{"@type":"SearchAction","target":{"@type":"EntryPoint","urlTemplate":"https:\/\/www.visit-ulcinj.com\/blog\/?s={search_term_string}"},"query-input":"required name=search_term_string"}],"inLanguage":"en-US"},{"@type":"WebPage","@id":"https:\/\/www.visit-ulcinj.com\/blog\/2016\/03\/17\/hana-cakuli-linde-binjake-elena-dhe-dorela\/#webpage","url":"https:\/\/www.visit-ulcinj.com\/blog\/2016\/03\/17\/hana-cakuli-linde-binjake-elena-dhe-dorela\/","name":"Hana Cakuli lind\u00eb binjake - Elena dhe Dorela - Lajme nga Ulqini","isPartOf":{"@id":"https:\/\/www.visit-ulcinj.com\/blog\/#website"},"datePublished":"2016-03-17T07:41:47+00:00","dateModified":"2016-03-17T07:41:47+00:00","author":{"@id":"https:\/\/www.visit-ulcinj.com\/blog\/#\/schema\/person\/dcab619c614d3038751c63bc2aadc06d"},"description":"Ka lindur n\u00eb Munih, aty ku nisi t\u00eb jetoj q\u00eb prej studimeve master. Dhe prej 5 muajsh k\u00ebng\u00ebtarja Hana Cakuli po g\u00ebzon \u00e7do moment me binjaket Elena dhe","breadcrumb":{"@id":"https:\/\/www.visit-ulcinj.com\/blog\/2016\/03\/17\/hana-cakuli-linde-binjake-elena-dhe-dorela\/#breadcrumb"},"inLanguage":"en-US","potentialAction":[{"@type":"ReadAction","target":["https:\/\/www.visit-ulcinj.com\/blog\/2016\/03\/17\/hana-cakuli-linde-binjake-elena-dhe-dorela\/"]}]},{"@type":"BreadcrumbList","@id":"https:\/\/www.visit-ulcinj.com\/blog\/2016\/03\/17\/hana-cakuli-linde-binjake-elena-dhe-dorela\/#breadcrumb","itemListElement":[{"@type":"ListItem","position":1,"name":"Hana Cakuli lind\u00eb binjake &#8211; Elena dhe Dorela"}]},{"@type":"Person","@id":"https:\/\/www.visit-ulcinj.com\/blog\/#\/schema\/person\/dcab619c614d3038751c63bc2aadc06d","name":"ulqini","sameAs":["http:\/\/www.visit-ulcinj.com"],"url":"https:\/\/www.visit-ulcinj.com\/blog\/author\/admin\/"}]}},"jetpack_featured_media_url":"","jetpack_sharing_enabled":true,"jetpack_shortlink":"https:\/\/wp.me\/pe6lTn-oN0","_links":{"self":[{"href":"https:\/\/www.visit-ulcinj.com\/blog\/wp-json\/wp\/v2\/posts\/95294"}],"collection":[{"href":"https:\/\/www.visit-ulcinj.com\/blog\/wp-json\/wp\/v2\/posts"}],"about":[{"href":"https:\/\/www.visit-ulcinj.com\/blog\/wp-json\/wp\/v2\/types\/post"}],"author":[{"embeddable":true,"href":"https:\/\/www.visit-ulcinj.com\/blog\/wp-json\/wp\/v2\/users\/1"}],"replies":[{"embeddable":true,"href":"https:\/\/www.visit-ulcinj.com\/blog\/wp-json\/wp\/v2\/comments?post=95294"}],"version-history":[{"count":1,"href":"https:\/\/www.visit-ulcinj.com\/blog\/wp-json\/wp\/v2\/posts\/95294\/revisions"}],"predecessor-version":[{"id":95296,"href":"https:\/\/www.visit-ulcinj.com\/blog\/wp-json\/wp\/v2\/posts\/95294\/revisions\/95296"}],"wp:attachment":[{"href":"https:\/\/www.visit-ulcinj.com\/blog\/wp-json\/wp\/v2\/media?parent=95294"}],"wp:term":[{"taxonomy":"category","embeddable":true,"href":"https:\/\/www.visit-ulcinj.com\/blog\/wp-json\/wp\/v2\/categories?post=95294"},{"taxonomy":"post_tag","embeddable":true,"href":"https:\/\/www.visit-ulcinj.com\/blog\/wp-json\/wp\/v2\/tags?post=95294"}],"curies":[{"name":"wp","href":"https:\/\/api.w.org\/{rel}","templated":true}]}}