{"id":95300,"date":"2016-03-17T13:28:02","date_gmt":"2016-03-17T12:28:02","guid":{"rendered":"http:\/\/www.visit-ulcinj.com\/blog\/?p=95300"},"modified":"2016-03-28T22:27:38","modified_gmt":"2016-03-28T21:27:38","slug":"po-thahen-dhe-po-zhduken-palmat-e-bregdetit-te-ulqinit","status":"publish","type":"post","link":"https:\/\/www.visit-ulcinj.com\/blog\/2016\/03\/17\/po-thahen-dhe-po-zhduken-palmat-e-bregdetit-te-ulqinit\/","title":{"rendered":"Po thahen dhe po zhduken palmat e bregdetit t\u00eb Ulqinit &#8211; Video"},"content":{"rendered":"<p><a href=\"http:\/\/www.visit-ulcinj.com\/blog\/wp-content\/uploads\/2016\/03\/Dos\u00ebza-e-kuqe-ne-Palmat-e-Ulqinit-1.jpg\"><img loading=\"lazy\" class=\"alignleft wp-image-95301\" src=\"http:\/\/www.visit-ulcinj.com\/blog\/wp-content\/uploads\/2016\/03\/Dos\u00ebza-e-kuqe-ne-Palmat-e-Ulqinit-1.jpg\" alt=\"Dos\u00ebza e kuqe ne Palmat e Ulqinit-1\" width=\"508\" height=\"318\" srcset=\"https:\/\/www.visit-ulcinj.com\/blog\/wp-content\/uploads\/2016\/03\/Dos\u00ebza-e-kuqe-ne-Palmat-e-Ulqinit-1.jpg 640w, https:\/\/www.visit-ulcinj.com\/blog\/wp-content\/uploads\/2016\/03\/Dos\u00ebza-e-kuqe-ne-Palmat-e-Ulqinit-1-300x188.jpg 300w\" sizes=\"(max-width: 508px) 100vw, 508px\" \/><\/a>Ne qytetin bregdetar t\u00eb Ulqinit po priten palmat te cilat jane infektuar prej 3 viteve. Paraziti mesohet se ka bere deme edhe ne shtete si Spanje Greqi e Italine e Jugut.<\/p>\n<p>Mbi palmat pemen simbol te qytetit bregdetar te Ulqinit ku numron af\u00ebr\u00a0364 palma, tashme ka filluar te degjohet zhurma e motosharrave, k\u00ebshtu q\u00eb p\u00ebr momentin ju \u00ebsht\u00eb prer\u00eb vet\u00ebm maja.<\/p>\n<p>Duhet cekur se qyteti i Ulqinit \u00ebsht\u00eb vler\u00ebsuar si qyteti i palmave q\u00eb prej vitit\u00a01960 kur n\u00eb plazhin e vog\u00ebl t\u00eb Ulqinit u mboll\u00ebn masivisht palma gjat shetitores.<\/p>\n<p><strong>Sipas Gani Rexh\u00ebs\u00a0k\u00ebshilltari p\u00ebr bujq\u00ebsi pran\u00eb komun\u00ebs s\u00eb Ulqinit, prej vitit 2012 kur u konstatua s\u00ebmundja dos\u00ebza e kuqe, n\u00eb Ulqin jan\u00eb thar\u00eb rreth tridhjet\u00eb palma, nga ato m\u00eb t\u00eb bukurat, t\u00eb llojit Phoenix theophrasti, i cili s\u00eb bashku me Chamaerops humilis konsiderohet si lloji i vet\u00ebm autokton n\u00eb Europ\u00eb.<\/strong><\/p>\n<p><a href=\"http:\/\/www.visit-ulcinj.com\/blog\/wp-content\/uploads\/2016\/03\/Dos\u00ebza-e-kuqe-ne-Palmat-e-Ulqinit.jpg\"><img loading=\"lazy\" class=\"alignleft wp-image-95302\" src=\"http:\/\/www.visit-ulcinj.com\/blog\/wp-content\/uploads\/2016\/03\/Dos\u00ebza-e-kuqe-ne-Palmat-e-Ulqinit.jpg\" alt=\"Dos\u00ebza e kuqe ne Palmat e Ulqinit\" width=\"508\" height=\"381\" srcset=\"https:\/\/www.visit-ulcinj.com\/blog\/wp-content\/uploads\/2016\/03\/Dos\u00ebza-e-kuqe-ne-Palmat-e-Ulqinit.jpg 640w, https:\/\/www.visit-ulcinj.com\/blog\/wp-content\/uploads\/2016\/03\/Dos\u00ebza-e-kuqe-ne-Palmat-e-Ulqinit-300x225.jpg 300w\" sizes=\"(max-width: 508px) 100vw, 508px\" \/><\/a><\/p>\n<p><strong>\u201eDos\u00ebza e kuqe&#8221;<\/strong> (<strong><i>Rhynchophorus ferrugineus)<\/i>&#8221; <\/strong>nga maje futet n\u00eb bim\u00eb, strehohet dhe vepron. At\u00ebher\u00eb \u00ebsht\u00eb shum\u00eb v\u00ebshtir t\u00eb veprosh kund\u00ebr saj. P\u00ebr k\u00ebt\u00eb arsye nga ngelet vet\u00ebm preventiva\u201c, tha k\u00ebshilltari p\u00ebr bujq\u00ebsi pran\u00eb komun\u00ebs s\u00eb Ulqinit Gani Rexha para disa muaj\u00ebve.<\/p>\n<p>Por mesa duket \u201c Dos\u00ebza e kuqe \u201d po e kusht\u00ebzon nga dita n\u00eb dite ekzistenc\u00ebn e palmave p\u00ebrgjat\u00eb \u00a0shetitores t\u00eb qytetit. Palmat n\u00eb shetitore jan ato t\u00eb cilat zbukurojn\u00eb shetitoren dhe q\u00eb kan\u00eb nj\u00eb mosh\u00eb gati 60 vje\u00e7are.<\/p>\n<p>Por ajo \u00e7\u2019ka na l\u00eb t\u00eb gjith\u00ebve pa fjal\u00eb \u00ebsht\u00eb fakti q\u00eb ky virus u cili po zhduk p\u00ebrdit\u00eb palmat e bregdetit ka ardhur pik\u00ebrisht n\u00ebp\u00ebrmjet importit, \u00e7\u2019ka \u00ebsht\u00eb nj\u00eb d\u00ebshmi e qart\u00eb\u00a0\u00a0e pun\u00ebs s\u00eb dob\u00ebt t\u00eb t\u00eb gjitha strukturave n\u00eb vendin ton\u00eb .<\/p>\n<p>Ne i vram\u00eb sot palmat ashtu sikurse n\u00eb 25 vite kemi masakruar mjedisin, e p\u00ebr k\u00ebt\u00eb faji gjithnj\u00eb mbetet jetim!<\/p>\n<p><iframe loading=\"lazy\" frameborder=\"0\" width=\"508\" height=\"315\" src=\"\/\/www.dailymotion.com\/embed\/video\/x404u0g?autoPlay=1\" allowfullscreen><\/iframe><\/p>\n","protected":false},"excerpt":{"rendered":"<p>Ne qytetin bregdetar t\u00eb Ulqinit po priten palmat te cilat jane infektuar prej 3 viteve. Paraziti mesohet se ka bere deme edhe ne shtete si Spanje Greqi e Italine e Jugut. Mbi palmat pemen simbol te qytetit bregdetar te Ulqinit ku numron af\u00ebr\u00a0364 palma, tashme ka filluar te degjohet zhurma e motosharrave, k\u00ebshtu q\u00eb p\u00ebr [&hellip;]<\/p>\n","protected":false},"author":1,"featured_media":0,"comment_status":"closed","ping_status":"closed","sticky":false,"template":"","format":"standard","meta":{"spay_email":"","jetpack_publicize_message":"","jetpack_is_tweetstorm":false,"jetpack_publicize_feature_enabled":true},"categories":[1,2451],"tags":[],"jetpack_publicize_connections":[],"yoast_head":"<!-- This site is optimized with the Yoast SEO plugin v19.1 - https:\/\/yoast.com\/wordpress\/plugins\/seo\/ -->\n<title>Po thahen dhe po zhduken palmat e bregdetit t\u00eb Ulqinit - Video - Lajme nga Ulqini<\/title>\n<meta name=\"description\" content=\"Ne qytetin bregdetar t\u00eb Ulqinit po priten palmat te cilat jane infektuar prej 3 viteve. Paraziti mesohet se ka bere deme edhe ne shtete si Spanje Greqi e\" \/>\n<meta name=\"robots\" content=\"index, follow, max-snippet:-1, max-image-preview:large, max-video-preview:-1\" \/>\n<link rel=\"canonical\" href=\"https:\/\/www.visit-ulcinj.com\/blog\/2016\/03\/17\/po-thahen-dhe-po-zhduken-palmat-e-bregdetit-te-ulqinit\/\" \/>\n<meta property=\"og:locale\" content=\"en_US\" \/>\n<meta property=\"og:type\" content=\"article\" \/>\n<meta property=\"og:title\" content=\"Po thahen dhe po zhduken palmat e bregdetit t\u00eb Ulqinit - Video - Lajme nga Ulqini\" \/>\n<meta property=\"og:description\" content=\"Ne qytetin bregdetar t\u00eb Ulqinit po priten palmat te cilat jane infektuar prej 3 viteve. Paraziti mesohet se ka bere deme edhe ne shtete si Spanje Greqi e\" \/>\n<meta property=\"og:url\" content=\"https:\/\/www.visit-ulcinj.com\/blog\/2016\/03\/17\/po-thahen-dhe-po-zhduken-palmat-e-bregdetit-te-ulqinit\/\" \/>\n<meta property=\"og:site_name\" content=\"Lajme nga Ulqini\" \/>\n<meta property=\"article:published_time\" content=\"2016-03-17T12:28:02+00:00\" \/>\n<meta property=\"article:modified_time\" content=\"2016-03-28T21:27:38+00:00\" \/>\n<meta name=\"twitter:label1\" content=\"Written by\" \/>\n\t<meta name=\"twitter:data1\" content=\"ulqini\" \/>\n\t<meta name=\"twitter:label2\" content=\"Est. reading time\" \/>\n\t<meta name=\"twitter:data2\" content=\"2 minutes\" \/>\n<script type=\"application\/ld+json\" class=\"yoast-schema-graph\">{\"@context\":\"https:\/\/schema.org\",\"@graph\":[{\"@type\":\"WebSite\",\"@id\":\"https:\/\/www.visit-ulcinj.com\/blog\/#website\",\"url\":\"https:\/\/www.visit-ulcinj.com\/blog\/\",\"name\":\"Lajme nga Ulqini\",\"description\":\"Lajme,Vijesti,Ulqini,Ulqin,Crna Gora,Mali i Zi\",\"potentialAction\":[{\"@type\":\"SearchAction\",\"target\":{\"@type\":\"EntryPoint\",\"urlTemplate\":\"https:\/\/www.visit-ulcinj.com\/blog\/?s={search_term_string}\"},\"query-input\":\"required name=search_term_string\"}],\"inLanguage\":\"en-US\"},{\"@type\":\"WebPage\",\"@id\":\"https:\/\/www.visit-ulcinj.com\/blog\/2016\/03\/17\/po-thahen-dhe-po-zhduken-palmat-e-bregdetit-te-ulqinit\/#webpage\",\"url\":\"https:\/\/www.visit-ulcinj.com\/blog\/2016\/03\/17\/po-thahen-dhe-po-zhduken-palmat-e-bregdetit-te-ulqinit\/\",\"name\":\"Po thahen dhe po zhduken palmat e bregdetit t\u00eb Ulqinit - Video - Lajme nga Ulqini\",\"isPartOf\":{\"@id\":\"https:\/\/www.visit-ulcinj.com\/blog\/#website\"},\"datePublished\":\"2016-03-17T12:28:02+00:00\",\"dateModified\":\"2016-03-28T21:27:38+00:00\",\"author\":{\"@id\":\"https:\/\/www.visit-ulcinj.com\/blog\/#\/schema\/person\/dcab619c614d3038751c63bc2aadc06d\"},\"description\":\"Ne qytetin bregdetar t\u00eb Ulqinit po priten palmat te cilat jane infektuar prej 3 viteve. Paraziti mesohet se ka bere deme edhe ne shtete si Spanje Greqi e\",\"breadcrumb\":{\"@id\":\"https:\/\/www.visit-ulcinj.com\/blog\/2016\/03\/17\/po-thahen-dhe-po-zhduken-palmat-e-bregdetit-te-ulqinit\/#breadcrumb\"},\"inLanguage\":\"en-US\",\"potentialAction\":[{\"@type\":\"ReadAction\",\"target\":[\"https:\/\/www.visit-ulcinj.com\/blog\/2016\/03\/17\/po-thahen-dhe-po-zhduken-palmat-e-bregdetit-te-ulqinit\/\"]}]},{\"@type\":\"BreadcrumbList\",\"@id\":\"https:\/\/www.visit-ulcinj.com\/blog\/2016\/03\/17\/po-thahen-dhe-po-zhduken-palmat-e-bregdetit-te-ulqinit\/#breadcrumb\",\"itemListElement\":[{\"@type\":\"ListItem\",\"position\":1,\"name\":\"Po thahen dhe po zhduken palmat e bregdetit t\u00eb Ulqinit &#8211; Video\"}]},{\"@type\":\"Person\",\"@id\":\"https:\/\/www.visit-ulcinj.com\/blog\/#\/schema\/person\/dcab619c614d3038751c63bc2aadc06d\",\"name\":\"ulqini\",\"sameAs\":[\"http:\/\/www.visit-ulcinj.com\"],\"url\":\"https:\/\/www.visit-ulcinj.com\/blog\/author\/admin\/\"}]}<\/script>\n<!-- \/ Yoast SEO plugin. -->","yoast_head_json":{"title":"Po thahen dhe po zhduken palmat e bregdetit t\u00eb Ulqinit - Video - Lajme nga Ulqini","description":"Ne qytetin bregdetar t\u00eb Ulqinit po priten palmat te cilat jane infektuar prej 3 viteve. Paraziti mesohet se ka bere deme edhe ne shtete si Spanje Greqi e","robots":{"index":"index","follow":"follow","max-snippet":"max-snippet:-1","max-image-preview":"max-image-preview:large","max-video-preview":"max-video-preview:-1"},"canonical":"https:\/\/www.visit-ulcinj.com\/blog\/2016\/03\/17\/po-thahen-dhe-po-zhduken-palmat-e-bregdetit-te-ulqinit\/","og_locale":"en_US","og_type":"article","og_title":"Po thahen dhe po zhduken palmat e bregdetit t\u00eb Ulqinit - Video - Lajme nga Ulqini","og_description":"Ne qytetin bregdetar t\u00eb Ulqinit po priten palmat te cilat jane infektuar prej 3 viteve. Paraziti mesohet se ka bere deme edhe ne shtete si Spanje Greqi e","og_url":"https:\/\/www.visit-ulcinj.com\/blog\/2016\/03\/17\/po-thahen-dhe-po-zhduken-palmat-e-bregdetit-te-ulqinit\/","og_site_name":"Lajme nga Ulqini","article_published_time":"2016-03-17T12:28:02+00:00","article_modified_time":"2016-03-28T21:27:38+00:00","twitter_misc":{"Written by":"ulqini","Est. reading time":"2 minutes"},"schema":{"@context":"https:\/\/schema.org","@graph":[{"@type":"WebSite","@id":"https:\/\/www.visit-ulcinj.com\/blog\/#website","url":"https:\/\/www.visit-ulcinj.com\/blog\/","name":"Lajme nga Ulqini","description":"Lajme,Vijesti,Ulqini,Ulqin,Crna Gora,Mali i Zi","potentialAction":[{"@type":"SearchAction","target":{"@type":"EntryPoint","urlTemplate":"https:\/\/www.visit-ulcinj.com\/blog\/?s={search_term_string}"},"query-input":"required name=search_term_string"}],"inLanguage":"en-US"},{"@type":"WebPage","@id":"https:\/\/www.visit-ulcinj.com\/blog\/2016\/03\/17\/po-thahen-dhe-po-zhduken-palmat-e-bregdetit-te-ulqinit\/#webpage","url":"https:\/\/www.visit-ulcinj.com\/blog\/2016\/03\/17\/po-thahen-dhe-po-zhduken-palmat-e-bregdetit-te-ulqinit\/","name":"Po thahen dhe po zhduken palmat e bregdetit t\u00eb Ulqinit - Video - Lajme nga Ulqini","isPartOf":{"@id":"https:\/\/www.visit-ulcinj.com\/blog\/#website"},"datePublished":"2016-03-17T12:28:02+00:00","dateModified":"2016-03-28T21:27:38+00:00","author":{"@id":"https:\/\/www.visit-ulcinj.com\/blog\/#\/schema\/person\/dcab619c614d3038751c63bc2aadc06d"},"description":"Ne qytetin bregdetar t\u00eb Ulqinit po priten palmat te cilat jane infektuar prej 3 viteve. Paraziti mesohet se ka bere deme edhe ne shtete si Spanje Greqi e","breadcrumb":{"@id":"https:\/\/www.visit-ulcinj.com\/blog\/2016\/03\/17\/po-thahen-dhe-po-zhduken-palmat-e-bregdetit-te-ulqinit\/#breadcrumb"},"inLanguage":"en-US","potentialAction":[{"@type":"ReadAction","target":["https:\/\/www.visit-ulcinj.com\/blog\/2016\/03\/17\/po-thahen-dhe-po-zhduken-palmat-e-bregdetit-te-ulqinit\/"]}]},{"@type":"BreadcrumbList","@id":"https:\/\/www.visit-ulcinj.com\/blog\/2016\/03\/17\/po-thahen-dhe-po-zhduken-palmat-e-bregdetit-te-ulqinit\/#breadcrumb","itemListElement":[{"@type":"ListItem","position":1,"name":"Po thahen dhe po zhduken palmat e bregdetit t\u00eb Ulqinit &#8211; Video"}]},{"@type":"Person","@id":"https:\/\/www.visit-ulcinj.com\/blog\/#\/schema\/person\/dcab619c614d3038751c63bc2aadc06d","name":"ulqini","sameAs":["http:\/\/www.visit-ulcinj.com"],"url":"https:\/\/www.visit-ulcinj.com\/blog\/author\/admin\/"}]}},"jetpack_featured_media_url":"","jetpack_sharing_enabled":true,"jetpack_shortlink":"https:\/\/wp.me\/pe6lTn-oN6","_links":{"self":[{"href":"https:\/\/www.visit-ulcinj.com\/blog\/wp-json\/wp\/v2\/posts\/95300"}],"collection":[{"href":"https:\/\/www.visit-ulcinj.com\/blog\/wp-json\/wp\/v2\/posts"}],"about":[{"href":"https:\/\/www.visit-ulcinj.com\/blog\/wp-json\/wp\/v2\/types\/post"}],"author":[{"embeddable":true,"href":"https:\/\/www.visit-ulcinj.com\/blog\/wp-json\/wp\/v2\/users\/1"}],"replies":[{"embeddable":true,"href":"https:\/\/www.visit-ulcinj.com\/blog\/wp-json\/wp\/v2\/comments?post=95300"}],"version-history":[{"count":7,"href":"https:\/\/www.visit-ulcinj.com\/blog\/wp-json\/wp\/v2\/posts\/95300\/revisions"}],"predecessor-version":[{"id":95651,"href":"https:\/\/www.visit-ulcinj.com\/blog\/wp-json\/wp\/v2\/posts\/95300\/revisions\/95651"}],"wp:attachment":[{"href":"https:\/\/www.visit-ulcinj.com\/blog\/wp-json\/wp\/v2\/media?parent=95300"}],"wp:term":[{"taxonomy":"category","embeddable":true,"href":"https:\/\/www.visit-ulcinj.com\/blog\/wp-json\/wp\/v2\/categories?post=95300"},{"taxonomy":"post_tag","embeddable":true,"href":"https:\/\/www.visit-ulcinj.com\/blog\/wp-json\/wp\/v2\/tags?post=95300"}],"curies":[{"name":"wp","href":"https:\/\/api.w.org\/{rel}","templated":true}]}}