{"id":9531,"date":"2009-01-21T11:25:35","date_gmt":"2009-01-21T10:25:35","guid":{"rendered":"http:\/\/www.visit-ulcinj.com\/blog\/?p=9531"},"modified":"2009-01-21T11:25:39","modified_gmt":"2009-01-21T10:25:39","slug":"semuret-ciljeta-merziten-fansat","status":"publish","type":"post","link":"https:\/\/www.visit-ulcinj.com\/blog\/2009\/01\/21\/semuret-ciljeta-merziten-fansat\/","title":{"rendered":"S\u00ebmuret \u00c7iljeta, m\u00ebrziten fansat"},"content":{"rendered":"<p><a rel=\"attachment wp-att-9539\" href=\"http:\/\/www.visit-ulcinj.com\/blog\/2009\/01\/21\/semuret-ciljeta-merziten-fansat\/ciljeta-xhilaga_1\/\"><img loading=\"lazy\" class=\"alignleft size-full wp-image-9539\" title=\"ciljeta-xhilaga_1\" src=\"http:\/\/www.visit-ulcinj.com\/blog\/wp-content\/uploads\/2009\/01\/ciljeta-xhilaga_1.jpg\" alt=\"ciljeta-xhilaga_1\" width=\"570\" height=\"400\" \/><\/a>Viroza e gripit q\u00eb po qarkullon k\u00ebto dit\u00eb p\u00ebr shkak t\u00eb temperaturave t\u00eb ul\u00ebta ka kapur edhe Ciljet\u00ebn e cila po q\u00ebndron disa dit\u00eb n\u00eb sht\u00ebpi, me k\u00ebt\u00eb rast edhe duke pushuar. I ka th\u00ebn\u00eb \u201cJo\u201d, \u00e7do koncerti q\u00eb ka patur n\u00eb plan t\u00eb shkoj\u00eb duke anulluar disa data n\u00eb axhend\u00eb. \u00c7\u2019\u00ebsht\u00eb e v\u00ebrteta koh\u00ebt e fundit Ciljeta ka qen\u00eb e ftuar n\u00eb shum\u00eb aktivitete muzikore koh\u00ebt e fundit, pjesa m\u00eb e madhe e tyre jasht\u00eb Shqip\u00ebrie. Vendet ku ka qen\u00eb me t\u00ebp\u00ebr jan\u00eb Italia, Greqia dhe Kosova. E duke u ndalur tek kjo e fundit. Ciljet\u00ebs iu desh t\u00eb q\u00ebndronte disa dit\u00eb m\u00eb shum\u00eb n\u00eb Kosov\u00eb, p\u00ebr shkak t\u00eb pezullimit p\u00ebr gati dy dit\u00eb t\u00eb fluturimeve n\u00eb vendin fqinj, s\u00ebbashku me mikesh\u00ebn e saj Skandinada Lala. Dhe me t\u00eb mb\u00ebrritur n\u00eb Shqip\u00ebri, k\u00ebng\u00ebtarja simpatike po q\u00ebndron disa dit\u00eb n\u00eb shtrat p\u00ebr shkak t\u00eb gripit. Ne s\u2019na mbetet gj\u00eb tjet\u00ebr ve\u00e7se t\u2019i urojm\u00eb Ciljet\u00ebs sh\u00ebrim t\u00eb shpejt\u00eb.<\/p>\n<p><strong>Bluetooth<\/strong><\/p>\n\n<!--YouTube Error: bad URL entered-->\n","protected":false},"excerpt":{"rendered":"<p>Viroza e gripit q\u00eb po qarkullon k\u00ebto dit\u00eb p\u00ebr shkak t\u00eb temperaturave t\u00eb ul\u00ebta ka kapur edhe Ciljet\u00ebn e cila po q\u00ebndron disa dit\u00eb n\u00eb sht\u00ebpi, me k\u00ebt\u00eb rast edhe duke pushuar. I ka th\u00ebn\u00eb \u201cJo\u201d, \u00e7do koncerti q\u00eb ka patur n\u00eb plan t\u00eb shkoj\u00eb duke anulluar disa data n\u00eb axhend\u00eb. \u00c7\u2019\u00ebsht\u00eb e v\u00ebrteta koh\u00ebt [&hellip;]<\/p>\n","protected":false},"author":1,"featured_media":0,"comment_status":"open","ping_status":"closed","sticky":false,"template":"","format":"standard","meta":{"spay_email":"","jetpack_publicize_message":"","jetpack_is_tweetstorm":false,"jetpack_publicize_feature_enabled":true},"categories":[1],"tags":[5191,5456],"jetpack_publicize_connections":[],"yoast_head":"<!-- This site is optimized with the Yoast SEO plugin v19.1 - https:\/\/yoast.com\/wordpress\/plugins\/seo\/ -->\n<title>S\u00ebmuret \u00c7iljeta, m\u00ebrziten fansat - Lajme nga Ulqini<\/title>\n<meta name=\"description\" content=\"Viroza e gripit q\u00eb po qarkullon k\u00ebto dit\u00eb p\u00ebr shkak t\u00eb temperaturave t\u00eb ul\u00ebta ka kapur edhe Ciljet\u00ebn e cila po q\u00ebndron disa dit\u00eb n\u00eb sht\u00ebpi, me k\u00ebt\u00eb rast\" \/>\n<meta name=\"robots\" content=\"index, follow, max-snippet:-1, max-image-preview:large, max-video-preview:-1\" \/>\n<link rel=\"canonical\" href=\"https:\/\/www.visit-ulcinj.com\/blog\/2009\/01\/21\/semuret-ciljeta-merziten-fansat\/\" \/>\n<meta property=\"og:locale\" content=\"en_US\" \/>\n<meta property=\"og:type\" content=\"article\" \/>\n<meta property=\"og:title\" content=\"S\u00ebmuret \u00c7iljeta, m\u00ebrziten fansat - Lajme nga Ulqini\" \/>\n<meta property=\"og:description\" content=\"Viroza e gripit q\u00eb po qarkullon k\u00ebto dit\u00eb p\u00ebr shkak t\u00eb temperaturave t\u00eb ul\u00ebta ka kapur edhe Ciljet\u00ebn e cila po q\u00ebndron disa dit\u00eb n\u00eb sht\u00ebpi, me k\u00ebt\u00eb rast\" \/>\n<meta property=\"og:url\" content=\"https:\/\/www.visit-ulcinj.com\/blog\/2009\/01\/21\/semuret-ciljeta-merziten-fansat\/\" \/>\n<meta property=\"og:site_name\" content=\"Lajme nga Ulqini\" \/>\n<meta property=\"article:published_time\" content=\"2009-01-21T10:25:35+00:00\" \/>\n<meta property=\"article:modified_time\" content=\"2009-01-21T10:25:39+00:00\" \/>\n<meta property=\"og:image\" content=\"https:\/\/www.visit-ulcinj.com\/blog\/wp-content\/uploads\/2009\/01\/ciljeta-xhilaga-1-150x150.jpg\" \/>\n<meta name=\"twitter:label1\" content=\"Written by\" \/>\n\t<meta name=\"twitter:data1\" content=\"ulqini\" \/>\n\t<meta name=\"twitter:label2\" content=\"Est. reading time\" \/>\n\t<meta name=\"twitter:data2\" content=\"1 minute\" \/>\n<script type=\"application\/ld+json\" class=\"yoast-schema-graph\">{\"@context\":\"https:\/\/schema.org\",\"@graph\":[{\"@type\":\"WebSite\",\"@id\":\"https:\/\/www.visit-ulcinj.com\/blog\/#website\",\"url\":\"https:\/\/www.visit-ulcinj.com\/blog\/\",\"name\":\"Lajme nga Ulqini\",\"description\":\"Lajme,Vijesti,Ulqini,Ulqin,Crna Gora,Mali i Zi\",\"potentialAction\":[{\"@type\":\"SearchAction\",\"target\":{\"@type\":\"EntryPoint\",\"urlTemplate\":\"https:\/\/www.visit-ulcinj.com\/blog\/?s={search_term_string}\"},\"query-input\":\"required name=search_term_string\"}],\"inLanguage\":\"en-US\"},{\"@type\":\"ImageObject\",\"inLanguage\":\"en-US\",\"@id\":\"https:\/\/www.visit-ulcinj.com\/blog\/2009\/01\/21\/semuret-ciljeta-merziten-fansat\/#primaryimage\",\"url\":\"http:\/\/www.visit-ulcinj.com\/blog\/wp-content\/uploads\/2009\/01\/ciljeta-xhilaga_1.jpg\",\"contentUrl\":\"http:\/\/www.visit-ulcinj.com\/blog\/wp-content\/uploads\/2009\/01\/ciljeta-xhilaga_1.jpg\"},{\"@type\":\"WebPage\",\"@id\":\"https:\/\/www.visit-ulcinj.com\/blog\/2009\/01\/21\/semuret-ciljeta-merziten-fansat\/#webpage\",\"url\":\"https:\/\/www.visit-ulcinj.com\/blog\/2009\/01\/21\/semuret-ciljeta-merziten-fansat\/\",\"name\":\"S\u00ebmuret \u00c7iljeta, m\u00ebrziten fansat - Lajme nga Ulqini\",\"isPartOf\":{\"@id\":\"https:\/\/www.visit-ulcinj.com\/blog\/#website\"},\"primaryImageOfPage\":{\"@id\":\"https:\/\/www.visit-ulcinj.com\/blog\/2009\/01\/21\/semuret-ciljeta-merziten-fansat\/#primaryimage\"},\"datePublished\":\"2009-01-21T10:25:35+00:00\",\"dateModified\":\"2009-01-21T10:25:39+00:00\",\"author\":{\"@id\":\"https:\/\/www.visit-ulcinj.com\/blog\/#\/schema\/person\/dcab619c614d3038751c63bc2aadc06d\"},\"description\":\"Viroza e gripit q\u00eb po qarkullon k\u00ebto dit\u00eb p\u00ebr shkak t\u00eb temperaturave t\u00eb ul\u00ebta ka kapur edhe Ciljet\u00ebn e cila po q\u00ebndron disa dit\u00eb n\u00eb sht\u00ebpi, me k\u00ebt\u00eb rast\",\"breadcrumb\":{\"@id\":\"https:\/\/www.visit-ulcinj.com\/blog\/2009\/01\/21\/semuret-ciljeta-merziten-fansat\/#breadcrumb\"},\"inLanguage\":\"en-US\",\"potentialAction\":[{\"@type\":\"ReadAction\",\"target\":[\"https:\/\/www.visit-ulcinj.com\/blog\/2009\/01\/21\/semuret-ciljeta-merziten-fansat\/\"]}]},{\"@type\":\"BreadcrumbList\",\"@id\":\"https:\/\/www.visit-ulcinj.com\/blog\/2009\/01\/21\/semuret-ciljeta-merziten-fansat\/#breadcrumb\",\"itemListElement\":[{\"@type\":\"ListItem\",\"position\":1,\"name\":\"S\u00ebmuret \u00c7iljeta, m\u00ebrziten fansat\"}]},{\"@type\":\"Person\",\"@id\":\"https:\/\/www.visit-ulcinj.com\/blog\/#\/schema\/person\/dcab619c614d3038751c63bc2aadc06d\",\"name\":\"ulqini\",\"sameAs\":[\"http:\/\/www.visit-ulcinj.com\"],\"url\":\"https:\/\/www.visit-ulcinj.com\/blog\/author\/admin\/\"}]}<\/script>\n<!-- \/ Yoast SEO plugin. -->","yoast_head_json":{"title":"S\u00ebmuret \u00c7iljeta, m\u00ebrziten fansat - Lajme nga Ulqini","description":"Viroza e gripit q\u00eb po qarkullon k\u00ebto dit\u00eb p\u00ebr shkak t\u00eb temperaturave t\u00eb ul\u00ebta ka kapur edhe Ciljet\u00ebn e cila po q\u00ebndron disa dit\u00eb n\u00eb sht\u00ebpi, me k\u00ebt\u00eb rast","robots":{"index":"index","follow":"follow","max-snippet":"max-snippet:-1","max-image-preview":"max-image-preview:large","max-video-preview":"max-video-preview:-1"},"canonical":"https:\/\/www.visit-ulcinj.com\/blog\/2009\/01\/21\/semuret-ciljeta-merziten-fansat\/","og_locale":"en_US","og_type":"article","og_title":"S\u00ebmuret \u00c7iljeta, m\u00ebrziten fansat - Lajme nga Ulqini","og_description":"Viroza e gripit q\u00eb po qarkullon k\u00ebto dit\u00eb p\u00ebr shkak t\u00eb temperaturave t\u00eb ul\u00ebta ka kapur edhe Ciljet\u00ebn e cila po q\u00ebndron disa dit\u00eb n\u00eb sht\u00ebpi, me k\u00ebt\u00eb rast","og_url":"https:\/\/www.visit-ulcinj.com\/blog\/2009\/01\/21\/semuret-ciljeta-merziten-fansat\/","og_site_name":"Lajme nga Ulqini","article_published_time":"2009-01-21T10:25:35+00:00","article_modified_time":"2009-01-21T10:25:39+00:00","og_image":[{"url":"https:\/\/www.visit-ulcinj.com\/blog\/wp-content\/uploads\/2009\/01\/ciljeta-xhilaga-1-150x150.jpg"}],"twitter_misc":{"Written by":"ulqini","Est. reading time":"1 minute"},"schema":{"@context":"https:\/\/schema.org","@graph":[{"@type":"WebSite","@id":"https:\/\/www.visit-ulcinj.com\/blog\/#website","url":"https:\/\/www.visit-ulcinj.com\/blog\/","name":"Lajme nga Ulqini","description":"Lajme,Vijesti,Ulqini,Ulqin,Crna Gora,Mali i Zi","potentialAction":[{"@type":"SearchAction","target":{"@type":"EntryPoint","urlTemplate":"https:\/\/www.visit-ulcinj.com\/blog\/?s={search_term_string}"},"query-input":"required name=search_term_string"}],"inLanguage":"en-US"},{"@type":"ImageObject","inLanguage":"en-US","@id":"https:\/\/www.visit-ulcinj.com\/blog\/2009\/01\/21\/semuret-ciljeta-merziten-fansat\/#primaryimage","url":"http:\/\/www.visit-ulcinj.com\/blog\/wp-content\/uploads\/2009\/01\/ciljeta-xhilaga_1.jpg","contentUrl":"http:\/\/www.visit-ulcinj.com\/blog\/wp-content\/uploads\/2009\/01\/ciljeta-xhilaga_1.jpg"},{"@type":"WebPage","@id":"https:\/\/www.visit-ulcinj.com\/blog\/2009\/01\/21\/semuret-ciljeta-merziten-fansat\/#webpage","url":"https:\/\/www.visit-ulcinj.com\/blog\/2009\/01\/21\/semuret-ciljeta-merziten-fansat\/","name":"S\u00ebmuret \u00c7iljeta, m\u00ebrziten fansat - Lajme nga Ulqini","isPartOf":{"@id":"https:\/\/www.visit-ulcinj.com\/blog\/#website"},"primaryImageOfPage":{"@id":"https:\/\/www.visit-ulcinj.com\/blog\/2009\/01\/21\/semuret-ciljeta-merziten-fansat\/#primaryimage"},"datePublished":"2009-01-21T10:25:35+00:00","dateModified":"2009-01-21T10:25:39+00:00","author":{"@id":"https:\/\/www.visit-ulcinj.com\/blog\/#\/schema\/person\/dcab619c614d3038751c63bc2aadc06d"},"description":"Viroza e gripit q\u00eb po qarkullon k\u00ebto dit\u00eb p\u00ebr shkak t\u00eb temperaturave t\u00eb ul\u00ebta ka kapur edhe Ciljet\u00ebn e cila po q\u00ebndron disa dit\u00eb n\u00eb sht\u00ebpi, me k\u00ebt\u00eb rast","breadcrumb":{"@id":"https:\/\/www.visit-ulcinj.com\/blog\/2009\/01\/21\/semuret-ciljeta-merziten-fansat\/#breadcrumb"},"inLanguage":"en-US","potentialAction":[{"@type":"ReadAction","target":["https:\/\/www.visit-ulcinj.com\/blog\/2009\/01\/21\/semuret-ciljeta-merziten-fansat\/"]}]},{"@type":"BreadcrumbList","@id":"https:\/\/www.visit-ulcinj.com\/blog\/2009\/01\/21\/semuret-ciljeta-merziten-fansat\/#breadcrumb","itemListElement":[{"@type":"ListItem","position":1,"name":"S\u00ebmuret \u00c7iljeta, m\u00ebrziten fansat"}]},{"@type":"Person","@id":"https:\/\/www.visit-ulcinj.com\/blog\/#\/schema\/person\/dcab619c614d3038751c63bc2aadc06d","name":"ulqini","sameAs":["http:\/\/www.visit-ulcinj.com"],"url":"https:\/\/www.visit-ulcinj.com\/blog\/author\/admin\/"}]}},"jetpack_featured_media_url":"","jetpack_sharing_enabled":true,"jetpack_shortlink":"https:\/\/wp.me\/pe6lTn-2tJ","_links":{"self":[{"href":"https:\/\/www.visit-ulcinj.com\/blog\/wp-json\/wp\/v2\/posts\/9531"}],"collection":[{"href":"https:\/\/www.visit-ulcinj.com\/blog\/wp-json\/wp\/v2\/posts"}],"about":[{"href":"https:\/\/www.visit-ulcinj.com\/blog\/wp-json\/wp\/v2\/types\/post"}],"author":[{"embeddable":true,"href":"https:\/\/www.visit-ulcinj.com\/blog\/wp-json\/wp\/v2\/users\/1"}],"replies":[{"embeddable":true,"href":"https:\/\/www.visit-ulcinj.com\/blog\/wp-json\/wp\/v2\/comments?post=9531"}],"version-history":[{"count":0,"href":"https:\/\/www.visit-ulcinj.com\/blog\/wp-json\/wp\/v2\/posts\/9531\/revisions"}],"wp:attachment":[{"href":"https:\/\/www.visit-ulcinj.com\/blog\/wp-json\/wp\/v2\/media?parent=9531"}],"wp:term":[{"taxonomy":"category","embeddable":true,"href":"https:\/\/www.visit-ulcinj.com\/blog\/wp-json\/wp\/v2\/categories?post=9531"},{"taxonomy":"post_tag","embeddable":true,"href":"https:\/\/www.visit-ulcinj.com\/blog\/wp-json\/wp\/v2\/tags?post=9531"}],"curies":[{"name":"wp","href":"https:\/\/api.w.org\/{rel}","templated":true}]}}