{"id":95325,"date":"2016-03-19T16:40:48","date_gmt":"2016-03-19T15:40:48","guid":{"rendered":"http:\/\/www.visit-ulcinj.com\/blog\/?p=95325"},"modified":"2016-03-19T16:48:44","modified_gmt":"2016-03-19T15:48:44","slug":"svjetski-dan-oralnog-zdravlja-obiljezava-se-u-ulcinju","status":"publish","type":"post","link":"https:\/\/www.visit-ulcinj.com\/blog\/2016\/03\/19\/svjetski-dan-oralnog-zdravlja-obiljezava-se-u-ulcinju\/","title":{"rendered":"Svjetski dan oralnog zdravlja obilje\u017eava se i u Ulcinju"},"content":{"rendered":"<p>Stomatolo\u0161ko Udru\u017eenje \u201eCRM\u201d, u nedjelju 20 marta, obilje\u017ei\u0107e Svjetski Dan oralnog zdravlja, datum koji je ustanovljen od strane Svjetske Stomatolo\u0161ke Federacije (FDI).<\/p>\n<p><a href=\"http:\/\/www.visit-ulcinj.com\/blog\/wp-content\/uploads\/2016\/03\/Svjetski-dan-oralnog-zdravlja-Ulcinj-.jpg\"><img loading=\"lazy\" class=\"alignleft wp-image-95326\" src=\"http:\/\/www.visit-ulcinj.com\/blog\/wp-content\/uploads\/2016\/03\/Svjetski-dan-oralnog-zdravlja-Ulcinj-.jpg\" alt=\"Svjetski dan oralnog zdravlja-Ulcinj-\" width=\"508\" height=\"654\" \/><\/a><\/p>\n<p>Novoformirano Udru\u017eenje stomatologa \u0107e sjutra na Pristanu od 13:00 \u2013 16:00h, dijeliti liflete sa osnovnim informacijama o oralnom zdravlju. Ovom skromnom manifestacijom ujedno promovi\u0161emo po\u010detne aktivnosti na\u0161eg Udru\u017eenja CRM.<\/p>\n<p>Ciljevi Udru\u017eenje stomatologa CRM su: podizanje profesionalnog nivoa, informisanje javnosti, podizanje svijesti gra\u0111ana o zna\u010daju oralnog zdravlja, i dr.<\/p>\n<p><a href=\"http:\/\/www.visit-ulcinj.com\/blog\/wp-content\/uploads\/2016\/03\/Svjetski-dan-oralnog-zdravlja-Ulcinj-1.jpg\"><img loading=\"lazy\" class=\"alignleft wp-image-95332\" src=\"http:\/\/www.visit-ulcinj.com\/blog\/wp-content\/uploads\/2016\/03\/Svjetski-dan-oralnog-zdravlja-Ulcinj-1.jpg\" alt=\"Svjetski dan oralnog zdravlja-Ulcinj-1\" width=\"508\" height=\"721\" srcset=\"https:\/\/www.visit-ulcinj.com\/blog\/wp-content\/uploads\/2016\/03\/Svjetski-dan-oralnog-zdravlja-Ulcinj-1.jpg 700w, https:\/\/www.visit-ulcinj.com\/blog\/wp-content\/uploads\/2016\/03\/Svjetski-dan-oralnog-zdravlja-Ulcinj-1-211x300.jpg 211w\" sizes=\"(max-width: 508px) 100vw, 508px\" \/><\/a><\/p>\n","protected":false},"excerpt":{"rendered":"<p>Stomatolo\u0161ko Udru\u017eenje \u201eCRM\u201d, u nedjelju 20 marta, obilje\u017ei\u0107e Svjetski Dan oralnog zdravlja, datum koji je ustanovljen od strane Svjetske Stomatolo\u0161ke Federacije (FDI). Novoformirano Udru\u017eenje stomatologa \u0107e sjutra na Pristanu od 13:00 \u2013 16:00h, dijeliti liflete sa osnovnim informacijama o oralnom zdravlju. Ovom skromnom manifestacijom ujedno promovi\u0161emo po\u010detne aktivnosti na\u0161eg Udru\u017eenja CRM. Ciljevi Udru\u017eenje stomatologa CRM [&hellip;]<\/p>\n","protected":false},"author":1,"featured_media":0,"comment_status":"closed","ping_status":"closed","sticky":false,"template":"","format":"standard","meta":{"spay_email":"","jetpack_publicize_message":"","jetpack_is_tweetstorm":false,"jetpack_publicize_feature_enabled":true},"categories":[6950],"tags":[],"jetpack_publicize_connections":[],"yoast_head":"<!-- This site is optimized with the Yoast SEO plugin v19.1 - https:\/\/yoast.com\/wordpress\/plugins\/seo\/ -->\n<title>Svjetski dan oralnog zdravlja obilje\u017eava se i u Ulcinju - Lajme nga Ulqini<\/title>\n<meta name=\"description\" content=\"Stomatolo\u0161ko Udru\u017eenje \u201eCRM\u201d, u nedjelju 20 marta, obilje\u017ei\u0107e Svjetski Dan oralnog zdravlja, datum koji je ustanovljen od strane Svjetske Stomatolo\u0161ke\" \/>\n<meta name=\"robots\" content=\"index, follow, max-snippet:-1, max-image-preview:large, max-video-preview:-1\" \/>\n<link rel=\"canonical\" href=\"https:\/\/www.visit-ulcinj.com\/blog\/2016\/03\/19\/svjetski-dan-oralnog-zdravlja-obiljezava-se-u-ulcinju\/\" \/>\n<meta property=\"og:locale\" content=\"en_US\" \/>\n<meta property=\"og:type\" content=\"article\" \/>\n<meta property=\"og:title\" content=\"Svjetski dan oralnog zdravlja obilje\u017eava se i u Ulcinju - Lajme nga Ulqini\" \/>\n<meta property=\"og:description\" content=\"Stomatolo\u0161ko Udru\u017eenje \u201eCRM\u201d, u nedjelju 20 marta, obilje\u017ei\u0107e Svjetski Dan oralnog zdravlja, datum koji je ustanovljen od strane Svjetske Stomatolo\u0161ke\" \/>\n<meta property=\"og:url\" content=\"https:\/\/www.visit-ulcinj.com\/blog\/2016\/03\/19\/svjetski-dan-oralnog-zdravlja-obiljezava-se-u-ulcinju\/\" \/>\n<meta property=\"og:site_name\" content=\"Lajme nga Ulqini\" \/>\n<meta property=\"article:published_time\" content=\"2016-03-19T15:40:48+00:00\" \/>\n<meta property=\"article:modified_time\" content=\"2016-03-19T15:48:44+00:00\" \/>\n<meta property=\"og:image\" content=\"http:\/\/www.visit-ulcinj.com\/blog\/wp-content\/uploads\/2016\/03\/Svjetski-dan-oralnog-zdravlja-Ulcinj-.jpg\" \/>\n<meta name=\"twitter:label1\" content=\"Written by\" \/>\n\t<meta name=\"twitter:data1\" content=\"ulqini\" \/>\n<script type=\"application\/ld+json\" class=\"yoast-schema-graph\">{\"@context\":\"https:\/\/schema.org\",\"@graph\":[{\"@type\":\"WebSite\",\"@id\":\"https:\/\/www.visit-ulcinj.com\/blog\/#website\",\"url\":\"https:\/\/www.visit-ulcinj.com\/blog\/\",\"name\":\"Lajme nga Ulqini\",\"description\":\"Lajme,Vijesti,Ulqini,Ulqin,Crna Gora,Mali i Zi\",\"potentialAction\":[{\"@type\":\"SearchAction\",\"target\":{\"@type\":\"EntryPoint\",\"urlTemplate\":\"https:\/\/www.visit-ulcinj.com\/blog\/?s={search_term_string}\"},\"query-input\":\"required name=search_term_string\"}],\"inLanguage\":\"en-US\"},{\"@type\":\"ImageObject\",\"inLanguage\":\"en-US\",\"@id\":\"https:\/\/www.visit-ulcinj.com\/blog\/2016\/03\/19\/svjetski-dan-oralnog-zdravlja-obiljezava-se-u-ulcinju\/#primaryimage\",\"url\":\"http:\/\/www.visit-ulcinj.com\/blog\/wp-content\/uploads\/2016\/03\/Svjetski-dan-oralnog-zdravlja-Ulcinj-.jpg\",\"contentUrl\":\"http:\/\/www.visit-ulcinj.com\/blog\/wp-content\/uploads\/2016\/03\/Svjetski-dan-oralnog-zdravlja-Ulcinj-.jpg\"},{\"@type\":\"WebPage\",\"@id\":\"https:\/\/www.visit-ulcinj.com\/blog\/2016\/03\/19\/svjetski-dan-oralnog-zdravlja-obiljezava-se-u-ulcinju\/#webpage\",\"url\":\"https:\/\/www.visit-ulcinj.com\/blog\/2016\/03\/19\/svjetski-dan-oralnog-zdravlja-obiljezava-se-u-ulcinju\/\",\"name\":\"Svjetski dan oralnog zdravlja obilje\u017eava se i u Ulcinju - Lajme nga Ulqini\",\"isPartOf\":{\"@id\":\"https:\/\/www.visit-ulcinj.com\/blog\/#website\"},\"primaryImageOfPage\":{\"@id\":\"https:\/\/www.visit-ulcinj.com\/blog\/2016\/03\/19\/svjetski-dan-oralnog-zdravlja-obiljezava-se-u-ulcinju\/#primaryimage\"},\"datePublished\":\"2016-03-19T15:40:48+00:00\",\"dateModified\":\"2016-03-19T15:48:44+00:00\",\"author\":{\"@id\":\"https:\/\/www.visit-ulcinj.com\/blog\/#\/schema\/person\/dcab619c614d3038751c63bc2aadc06d\"},\"description\":\"Stomatolo\u0161ko Udru\u017eenje \u201eCRM\u201d, u nedjelju 20 marta, obilje\u017ei\u0107e Svjetski Dan oralnog zdravlja, datum koji je ustanovljen od strane Svjetske Stomatolo\u0161ke\",\"breadcrumb\":{\"@id\":\"https:\/\/www.visit-ulcinj.com\/blog\/2016\/03\/19\/svjetski-dan-oralnog-zdravlja-obiljezava-se-u-ulcinju\/#breadcrumb\"},\"inLanguage\":\"en-US\",\"potentialAction\":[{\"@type\":\"ReadAction\",\"target\":[\"https:\/\/www.visit-ulcinj.com\/blog\/2016\/03\/19\/svjetski-dan-oralnog-zdravlja-obiljezava-se-u-ulcinju\/\"]}]},{\"@type\":\"BreadcrumbList\",\"@id\":\"https:\/\/www.visit-ulcinj.com\/blog\/2016\/03\/19\/svjetski-dan-oralnog-zdravlja-obiljezava-se-u-ulcinju\/#breadcrumb\",\"itemListElement\":[{\"@type\":\"ListItem\",\"position\":1,\"name\":\"Svjetski dan oralnog zdravlja obilje\u017eava se i u Ulcinju\"}]},{\"@type\":\"Person\",\"@id\":\"https:\/\/www.visit-ulcinj.com\/blog\/#\/schema\/person\/dcab619c614d3038751c63bc2aadc06d\",\"name\":\"ulqini\",\"sameAs\":[\"http:\/\/www.visit-ulcinj.com\"],\"url\":\"https:\/\/www.visit-ulcinj.com\/blog\/author\/admin\/\"}]}<\/script>\n<!-- \/ Yoast SEO plugin. -->","yoast_head_json":{"title":"Svjetski dan oralnog zdravlja obilje\u017eava se i u Ulcinju - Lajme nga Ulqini","description":"Stomatolo\u0161ko Udru\u017eenje \u201eCRM\u201d, u nedjelju 20 marta, obilje\u017ei\u0107e Svjetski Dan oralnog zdravlja, datum koji je ustanovljen od strane Svjetske Stomatolo\u0161ke","robots":{"index":"index","follow":"follow","max-snippet":"max-snippet:-1","max-image-preview":"max-image-preview:large","max-video-preview":"max-video-preview:-1"},"canonical":"https:\/\/www.visit-ulcinj.com\/blog\/2016\/03\/19\/svjetski-dan-oralnog-zdravlja-obiljezava-se-u-ulcinju\/","og_locale":"en_US","og_type":"article","og_title":"Svjetski dan oralnog zdravlja obilje\u017eava se i u Ulcinju - Lajme nga Ulqini","og_description":"Stomatolo\u0161ko Udru\u017eenje \u201eCRM\u201d, u nedjelju 20 marta, obilje\u017ei\u0107e Svjetski Dan oralnog zdravlja, datum koji je ustanovljen od strane Svjetske Stomatolo\u0161ke","og_url":"https:\/\/www.visit-ulcinj.com\/blog\/2016\/03\/19\/svjetski-dan-oralnog-zdravlja-obiljezava-se-u-ulcinju\/","og_site_name":"Lajme nga Ulqini","article_published_time":"2016-03-19T15:40:48+00:00","article_modified_time":"2016-03-19T15:48:44+00:00","og_image":[{"url":"http:\/\/www.visit-ulcinj.com\/blog\/wp-content\/uploads\/2016\/03\/Svjetski-dan-oralnog-zdravlja-Ulcinj-.jpg"}],"twitter_misc":{"Written by":"ulqini"},"schema":{"@context":"https:\/\/schema.org","@graph":[{"@type":"WebSite","@id":"https:\/\/www.visit-ulcinj.com\/blog\/#website","url":"https:\/\/www.visit-ulcinj.com\/blog\/","name":"Lajme nga Ulqini","description":"Lajme,Vijesti,Ulqini,Ulqin,Crna Gora,Mali i Zi","potentialAction":[{"@type":"SearchAction","target":{"@type":"EntryPoint","urlTemplate":"https:\/\/www.visit-ulcinj.com\/blog\/?s={search_term_string}"},"query-input":"required name=search_term_string"}],"inLanguage":"en-US"},{"@type":"ImageObject","inLanguage":"en-US","@id":"https:\/\/www.visit-ulcinj.com\/blog\/2016\/03\/19\/svjetski-dan-oralnog-zdravlja-obiljezava-se-u-ulcinju\/#primaryimage","url":"http:\/\/www.visit-ulcinj.com\/blog\/wp-content\/uploads\/2016\/03\/Svjetski-dan-oralnog-zdravlja-Ulcinj-.jpg","contentUrl":"http:\/\/www.visit-ulcinj.com\/blog\/wp-content\/uploads\/2016\/03\/Svjetski-dan-oralnog-zdravlja-Ulcinj-.jpg"},{"@type":"WebPage","@id":"https:\/\/www.visit-ulcinj.com\/blog\/2016\/03\/19\/svjetski-dan-oralnog-zdravlja-obiljezava-se-u-ulcinju\/#webpage","url":"https:\/\/www.visit-ulcinj.com\/blog\/2016\/03\/19\/svjetski-dan-oralnog-zdravlja-obiljezava-se-u-ulcinju\/","name":"Svjetski dan oralnog zdravlja obilje\u017eava se i u Ulcinju - Lajme nga Ulqini","isPartOf":{"@id":"https:\/\/www.visit-ulcinj.com\/blog\/#website"},"primaryImageOfPage":{"@id":"https:\/\/www.visit-ulcinj.com\/blog\/2016\/03\/19\/svjetski-dan-oralnog-zdravlja-obiljezava-se-u-ulcinju\/#primaryimage"},"datePublished":"2016-03-19T15:40:48+00:00","dateModified":"2016-03-19T15:48:44+00:00","author":{"@id":"https:\/\/www.visit-ulcinj.com\/blog\/#\/schema\/person\/dcab619c614d3038751c63bc2aadc06d"},"description":"Stomatolo\u0161ko Udru\u017eenje \u201eCRM\u201d, u nedjelju 20 marta, obilje\u017ei\u0107e Svjetski Dan oralnog zdravlja, datum koji je ustanovljen od strane Svjetske Stomatolo\u0161ke","breadcrumb":{"@id":"https:\/\/www.visit-ulcinj.com\/blog\/2016\/03\/19\/svjetski-dan-oralnog-zdravlja-obiljezava-se-u-ulcinju\/#breadcrumb"},"inLanguage":"en-US","potentialAction":[{"@type":"ReadAction","target":["https:\/\/www.visit-ulcinj.com\/blog\/2016\/03\/19\/svjetski-dan-oralnog-zdravlja-obiljezava-se-u-ulcinju\/"]}]},{"@type":"BreadcrumbList","@id":"https:\/\/www.visit-ulcinj.com\/blog\/2016\/03\/19\/svjetski-dan-oralnog-zdravlja-obiljezava-se-u-ulcinju\/#breadcrumb","itemListElement":[{"@type":"ListItem","position":1,"name":"Svjetski dan oralnog zdravlja obilje\u017eava se i u Ulcinju"}]},{"@type":"Person","@id":"https:\/\/www.visit-ulcinj.com\/blog\/#\/schema\/person\/dcab619c614d3038751c63bc2aadc06d","name":"ulqini","sameAs":["http:\/\/www.visit-ulcinj.com"],"url":"https:\/\/www.visit-ulcinj.com\/blog\/author\/admin\/"}]}},"jetpack_featured_media_url":"","jetpack_sharing_enabled":true,"jetpack_shortlink":"https:\/\/wp.me\/pe6lTn-oNv","_links":{"self":[{"href":"https:\/\/www.visit-ulcinj.com\/blog\/wp-json\/wp\/v2\/posts\/95325"}],"collection":[{"href":"https:\/\/www.visit-ulcinj.com\/blog\/wp-json\/wp\/v2\/posts"}],"about":[{"href":"https:\/\/www.visit-ulcinj.com\/blog\/wp-json\/wp\/v2\/types\/post"}],"author":[{"embeddable":true,"href":"https:\/\/www.visit-ulcinj.com\/blog\/wp-json\/wp\/v2\/users\/1"}],"replies":[{"embeddable":true,"href":"https:\/\/www.visit-ulcinj.com\/blog\/wp-json\/wp\/v2\/comments?post=95325"}],"version-history":[{"count":2,"href":"https:\/\/www.visit-ulcinj.com\/blog\/wp-json\/wp\/v2\/posts\/95325\/revisions"}],"predecessor-version":[{"id":95333,"href":"https:\/\/www.visit-ulcinj.com\/blog\/wp-json\/wp\/v2\/posts\/95325\/revisions\/95333"}],"wp:attachment":[{"href":"https:\/\/www.visit-ulcinj.com\/blog\/wp-json\/wp\/v2\/media?parent=95325"}],"wp:term":[{"taxonomy":"category","embeddable":true,"href":"https:\/\/www.visit-ulcinj.com\/blog\/wp-json\/wp\/v2\/categories?post=95325"},{"taxonomy":"post_tag","embeddable":true,"href":"https:\/\/www.visit-ulcinj.com\/blog\/wp-json\/wp\/v2\/tags?post=95325"}],"curies":[{"name":"wp","href":"https:\/\/api.w.org\/{rel}","templated":true}]}}