{"id":95328,"date":"2016-03-19T16:45:18","date_gmt":"2016-03-19T15:45:18","guid":{"rendered":"http:\/\/www.visit-ulcinj.com\/blog\/?p=95328"},"modified":"2016-03-19T16:45:18","modified_gmt":"2016-03-19T15:45:18","slug":"dita-boterore-e-shendetit-oral-shenohet-edhe-ne-ulqin","status":"publish","type":"post","link":"https:\/\/www.visit-ulcinj.com\/blog\/2016\/03\/19\/dita-boterore-e-shendetit-oral-shenohet-edhe-ne-ulqin\/","title":{"rendered":"Dita Bot\u00ebrore e Sh\u00ebndetit Oral sh\u00ebnohet edhe n\u00eb Ulqin"},"content":{"rendered":"<p><a href=\"http:\/\/www.visit-ulcinj.com\/blog\/wp-content\/uploads\/2016\/03\/Shoqata-dentare-CRM-Ulqin.jpg\"><img loading=\"lazy\" class=\"alignleft wp-image-95329\" src=\"http:\/\/www.visit-ulcinj.com\/blog\/wp-content\/uploads\/2016\/03\/Shoqata-dentare-CRM-Ulqin.jpg\" alt=\"Shoqata dentare CRM-Ulqin\" width=\"508\" height=\"654\" srcset=\"https:\/\/www.visit-ulcinj.com\/blog\/wp-content\/uploads\/2016\/03\/Shoqata-dentare-CRM-Ulqin.jpg 700w, https:\/\/www.visit-ulcinj.com\/blog\/wp-content\/uploads\/2016\/03\/Shoqata-dentare-CRM-Ulqin-233x300.jpg 233w\" sizes=\"(max-width: 508px) 100vw, 508px\" \/><\/a>Shoqata dentare \u201eCRM\u201d t\u00eb diel\u00ebn m\u00eb 20 mars do sh\u00ebnoj\u00eb Dit\u00ebn Bot\u00ebrore t\u00eb Sh\u00ebndetit oral, dat\u00eb kjo e vendosur nga Federata Dentare Bot\u00ebrore (FDI),<\/p>\n<p>Me k\u00ebt\u00eb rast shoqata e posaformuar nes\u00ebr n\u00eb Ran\u00eb nga ora 13:00 \u2013 16:00 do shp\u00ebrndaj fletushka me informacion mbi sh\u00ebndetin oral e q\u00eb aktiviteti modest sh\u00ebnon edhe \u00a0fillimin e veprimit t\u00eb CRM.<\/p>\n<p>Shoqata dentare u themelua me synim ngritjen e nivelit profesional, si dhe informimin, nj\u00ebherit vet\u00ebdij\u00ebsimin e popullat\u00ebs p\u00ebr r\u00ebnd\u00ebsin\u00eb e sh\u00ebndetit oral.<\/p>\n<p><a href=\"http:\/\/www.visit-ulcinj.com\/blog\/wp-content\/uploads\/2016\/03\/Shoqata-dentare-CRM-Ulqin-1.jpg\"><img loading=\"lazy\" class=\"alignleft wp-image-95330\" src=\"http:\/\/www.visit-ulcinj.com\/blog\/wp-content\/uploads\/2016\/03\/Shoqata-dentare-CRM-Ulqin-1.jpg\" alt=\"Shoqata dentare CRM-Ulqin-1\" width=\"508\" height=\"721\" srcset=\"https:\/\/www.visit-ulcinj.com\/blog\/wp-content\/uploads\/2016\/03\/Shoqata-dentare-CRM-Ulqin-1.jpg 700w, https:\/\/www.visit-ulcinj.com\/blog\/wp-content\/uploads\/2016\/03\/Shoqata-dentare-CRM-Ulqin-1-211x300.jpg 211w\" sizes=\"(max-width: 508px) 100vw, 508px\" \/><\/a><\/p>\n","protected":false},"excerpt":{"rendered":"<p>Shoqata dentare \u201eCRM\u201d t\u00eb diel\u00ebn m\u00eb 20 mars do sh\u00ebnoj\u00eb Dit\u00ebn Bot\u00ebrore t\u00eb Sh\u00ebndetit oral, dat\u00eb kjo e vendosur nga Federata Dentare Bot\u00ebrore (FDI), Me k\u00ebt\u00eb rast shoqata e posaformuar nes\u00ebr n\u00eb Ran\u00eb nga ora 13:00 \u2013 16:00 do shp\u00ebrndaj fletushka me informacion mbi sh\u00ebndetin oral e q\u00eb aktiviteti modest sh\u00ebnon edhe \u00a0fillimin e veprimit [&hellip;]<\/p>\n","protected":false},"author":1,"featured_media":0,"comment_status":"closed","ping_status":"closed","sticky":false,"template":"","format":"standard","meta":{"spay_email":"","jetpack_publicize_message":"","jetpack_is_tweetstorm":false,"jetpack_publicize_feature_enabled":true},"categories":[11],"tags":[],"jetpack_publicize_connections":[],"yoast_head":"<!-- This site is optimized with the Yoast SEO plugin v19.1 - https:\/\/yoast.com\/wordpress\/plugins\/seo\/ -->\n<title>Dita Bot\u00ebrore e Sh\u00ebndetit Oral sh\u00ebnohet edhe n\u00eb Ulqin - Lajme nga Ulqini<\/title>\n<meta name=\"description\" content=\"Shoqata dentare \u201eCRM\u201d t\u00eb diel\u00ebn m\u00eb 20 mars do sh\u00ebnoj\u00eb Dit\u00ebn Bot\u00ebrore t\u00eb Sh\u00ebndetit oral, dat\u00eb kjo e vendosur nga Federata Dentare Bot\u00ebrore (FDI), Me k\u00ebt\u00eb\" \/>\n<meta name=\"robots\" content=\"index, follow, max-snippet:-1, max-image-preview:large, max-video-preview:-1\" \/>\n<link rel=\"canonical\" href=\"https:\/\/www.visit-ulcinj.com\/blog\/2016\/03\/19\/dita-boterore-e-shendetit-oral-shenohet-edhe-ne-ulqin\/\" \/>\n<meta property=\"og:locale\" content=\"en_US\" \/>\n<meta property=\"og:type\" content=\"article\" \/>\n<meta property=\"og:title\" content=\"Dita Bot\u00ebrore e Sh\u00ebndetit Oral sh\u00ebnohet edhe n\u00eb Ulqin - Lajme nga Ulqini\" \/>\n<meta property=\"og:description\" content=\"Shoqata dentare \u201eCRM\u201d t\u00eb diel\u00ebn m\u00eb 20 mars do sh\u00ebnoj\u00eb Dit\u00ebn Bot\u00ebrore t\u00eb Sh\u00ebndetit oral, dat\u00eb kjo e vendosur nga Federata Dentare Bot\u00ebrore (FDI), Me k\u00ebt\u00eb\" \/>\n<meta property=\"og:url\" content=\"https:\/\/www.visit-ulcinj.com\/blog\/2016\/03\/19\/dita-boterore-e-shendetit-oral-shenohet-edhe-ne-ulqin\/\" \/>\n<meta property=\"og:site_name\" content=\"Lajme nga Ulqini\" \/>\n<meta property=\"article:published_time\" content=\"2016-03-19T15:45:18+00:00\" \/>\n<meta property=\"og:image\" content=\"http:\/\/www.visit-ulcinj.com\/blog\/wp-content\/uploads\/2016\/03\/Shoqata-dentare-CRM-Ulqin.jpg\" \/>\n<meta name=\"twitter:label1\" content=\"Written by\" \/>\n\t<meta name=\"twitter:data1\" content=\"ulqini\" \/>\n<script type=\"application\/ld+json\" class=\"yoast-schema-graph\">{\"@context\":\"https:\/\/schema.org\",\"@graph\":[{\"@type\":\"WebSite\",\"@id\":\"https:\/\/www.visit-ulcinj.com\/blog\/#website\",\"url\":\"https:\/\/www.visit-ulcinj.com\/blog\/\",\"name\":\"Lajme nga Ulqini\",\"description\":\"Lajme,Vijesti,Ulqini,Ulqin,Crna Gora,Mali i Zi\",\"potentialAction\":[{\"@type\":\"SearchAction\",\"target\":{\"@type\":\"EntryPoint\",\"urlTemplate\":\"https:\/\/www.visit-ulcinj.com\/blog\/?s={search_term_string}\"},\"query-input\":\"required name=search_term_string\"}],\"inLanguage\":\"en-US\"},{\"@type\":\"ImageObject\",\"inLanguage\":\"en-US\",\"@id\":\"https:\/\/www.visit-ulcinj.com\/blog\/2016\/03\/19\/dita-boterore-e-shendetit-oral-shenohet-edhe-ne-ulqin\/#primaryimage\",\"url\":\"https:\/\/www.visit-ulcinj.com\/blog\/wp-content\/uploads\/2016\/03\/Shoqata-dentare-CRM-Ulqin.jpg\",\"contentUrl\":\"https:\/\/www.visit-ulcinj.com\/blog\/wp-content\/uploads\/2016\/03\/Shoqata-dentare-CRM-Ulqin.jpg\",\"width\":700,\"height\":901},{\"@type\":\"WebPage\",\"@id\":\"https:\/\/www.visit-ulcinj.com\/blog\/2016\/03\/19\/dita-boterore-e-shendetit-oral-shenohet-edhe-ne-ulqin\/#webpage\",\"url\":\"https:\/\/www.visit-ulcinj.com\/blog\/2016\/03\/19\/dita-boterore-e-shendetit-oral-shenohet-edhe-ne-ulqin\/\",\"name\":\"Dita Bot\u00ebrore e Sh\u00ebndetit Oral sh\u00ebnohet edhe n\u00eb Ulqin - Lajme nga Ulqini\",\"isPartOf\":{\"@id\":\"https:\/\/www.visit-ulcinj.com\/blog\/#website\"},\"primaryImageOfPage\":{\"@id\":\"https:\/\/www.visit-ulcinj.com\/blog\/2016\/03\/19\/dita-boterore-e-shendetit-oral-shenohet-edhe-ne-ulqin\/#primaryimage\"},\"datePublished\":\"2016-03-19T15:45:18+00:00\",\"dateModified\":\"2016-03-19T15:45:18+00:00\",\"author\":{\"@id\":\"https:\/\/www.visit-ulcinj.com\/blog\/#\/schema\/person\/dcab619c614d3038751c63bc2aadc06d\"},\"description\":\"Shoqata dentare \u201eCRM\u201d t\u00eb diel\u00ebn m\u00eb 20 mars do sh\u00ebnoj\u00eb Dit\u00ebn Bot\u00ebrore t\u00eb Sh\u00ebndetit oral, dat\u00eb kjo e vendosur nga Federata Dentare Bot\u00ebrore (FDI), Me k\u00ebt\u00eb\",\"breadcrumb\":{\"@id\":\"https:\/\/www.visit-ulcinj.com\/blog\/2016\/03\/19\/dita-boterore-e-shendetit-oral-shenohet-edhe-ne-ulqin\/#breadcrumb\"},\"inLanguage\":\"en-US\",\"potentialAction\":[{\"@type\":\"ReadAction\",\"target\":[\"https:\/\/www.visit-ulcinj.com\/blog\/2016\/03\/19\/dita-boterore-e-shendetit-oral-shenohet-edhe-ne-ulqin\/\"]}]},{\"@type\":\"BreadcrumbList\",\"@id\":\"https:\/\/www.visit-ulcinj.com\/blog\/2016\/03\/19\/dita-boterore-e-shendetit-oral-shenohet-edhe-ne-ulqin\/#breadcrumb\",\"itemListElement\":[{\"@type\":\"ListItem\",\"position\":1,\"name\":\"Dita Bot\u00ebrore e Sh\u00ebndetit Oral sh\u00ebnohet edhe n\u00eb Ulqin\"}]},{\"@type\":\"Person\",\"@id\":\"https:\/\/www.visit-ulcinj.com\/blog\/#\/schema\/person\/dcab619c614d3038751c63bc2aadc06d\",\"name\":\"ulqini\",\"sameAs\":[\"http:\/\/www.visit-ulcinj.com\"],\"url\":\"https:\/\/www.visit-ulcinj.com\/blog\/author\/admin\/\"}]}<\/script>\n<!-- \/ Yoast SEO plugin. -->","yoast_head_json":{"title":"Dita Bot\u00ebrore e Sh\u00ebndetit Oral sh\u00ebnohet edhe n\u00eb Ulqin - Lajme nga Ulqini","description":"Shoqata dentare \u201eCRM\u201d t\u00eb diel\u00ebn m\u00eb 20 mars do sh\u00ebnoj\u00eb Dit\u00ebn Bot\u00ebrore t\u00eb Sh\u00ebndetit oral, dat\u00eb kjo e vendosur nga Federata Dentare Bot\u00ebrore (FDI), Me k\u00ebt\u00eb","robots":{"index":"index","follow":"follow","max-snippet":"max-snippet:-1","max-image-preview":"max-image-preview:large","max-video-preview":"max-video-preview:-1"},"canonical":"https:\/\/www.visit-ulcinj.com\/blog\/2016\/03\/19\/dita-boterore-e-shendetit-oral-shenohet-edhe-ne-ulqin\/","og_locale":"en_US","og_type":"article","og_title":"Dita Bot\u00ebrore e Sh\u00ebndetit Oral sh\u00ebnohet edhe n\u00eb Ulqin - Lajme nga Ulqini","og_description":"Shoqata dentare \u201eCRM\u201d t\u00eb diel\u00ebn m\u00eb 20 mars do sh\u00ebnoj\u00eb Dit\u00ebn Bot\u00ebrore t\u00eb Sh\u00ebndetit oral, dat\u00eb kjo e vendosur nga Federata Dentare Bot\u00ebrore (FDI), Me k\u00ebt\u00eb","og_url":"https:\/\/www.visit-ulcinj.com\/blog\/2016\/03\/19\/dita-boterore-e-shendetit-oral-shenohet-edhe-ne-ulqin\/","og_site_name":"Lajme nga Ulqini","article_published_time":"2016-03-19T15:45:18+00:00","og_image":[{"url":"http:\/\/www.visit-ulcinj.com\/blog\/wp-content\/uploads\/2016\/03\/Shoqata-dentare-CRM-Ulqin.jpg"}],"twitter_misc":{"Written by":"ulqini"},"schema":{"@context":"https:\/\/schema.org","@graph":[{"@type":"WebSite","@id":"https:\/\/www.visit-ulcinj.com\/blog\/#website","url":"https:\/\/www.visit-ulcinj.com\/blog\/","name":"Lajme nga Ulqini","description":"Lajme,Vijesti,Ulqini,Ulqin,Crna Gora,Mali i Zi","potentialAction":[{"@type":"SearchAction","target":{"@type":"EntryPoint","urlTemplate":"https:\/\/www.visit-ulcinj.com\/blog\/?s={search_term_string}"},"query-input":"required name=search_term_string"}],"inLanguage":"en-US"},{"@type":"ImageObject","inLanguage":"en-US","@id":"https:\/\/www.visit-ulcinj.com\/blog\/2016\/03\/19\/dita-boterore-e-shendetit-oral-shenohet-edhe-ne-ulqin\/#primaryimage","url":"https:\/\/www.visit-ulcinj.com\/blog\/wp-content\/uploads\/2016\/03\/Shoqata-dentare-CRM-Ulqin.jpg","contentUrl":"https:\/\/www.visit-ulcinj.com\/blog\/wp-content\/uploads\/2016\/03\/Shoqata-dentare-CRM-Ulqin.jpg","width":700,"height":901},{"@type":"WebPage","@id":"https:\/\/www.visit-ulcinj.com\/blog\/2016\/03\/19\/dita-boterore-e-shendetit-oral-shenohet-edhe-ne-ulqin\/#webpage","url":"https:\/\/www.visit-ulcinj.com\/blog\/2016\/03\/19\/dita-boterore-e-shendetit-oral-shenohet-edhe-ne-ulqin\/","name":"Dita Bot\u00ebrore e Sh\u00ebndetit Oral sh\u00ebnohet edhe n\u00eb Ulqin - Lajme nga Ulqini","isPartOf":{"@id":"https:\/\/www.visit-ulcinj.com\/blog\/#website"},"primaryImageOfPage":{"@id":"https:\/\/www.visit-ulcinj.com\/blog\/2016\/03\/19\/dita-boterore-e-shendetit-oral-shenohet-edhe-ne-ulqin\/#primaryimage"},"datePublished":"2016-03-19T15:45:18+00:00","dateModified":"2016-03-19T15:45:18+00:00","author":{"@id":"https:\/\/www.visit-ulcinj.com\/blog\/#\/schema\/person\/dcab619c614d3038751c63bc2aadc06d"},"description":"Shoqata dentare \u201eCRM\u201d t\u00eb diel\u00ebn m\u00eb 20 mars do sh\u00ebnoj\u00eb Dit\u00ebn Bot\u00ebrore t\u00eb Sh\u00ebndetit oral, dat\u00eb kjo e vendosur nga Federata Dentare Bot\u00ebrore (FDI), Me k\u00ebt\u00eb","breadcrumb":{"@id":"https:\/\/www.visit-ulcinj.com\/blog\/2016\/03\/19\/dita-boterore-e-shendetit-oral-shenohet-edhe-ne-ulqin\/#breadcrumb"},"inLanguage":"en-US","potentialAction":[{"@type":"ReadAction","target":["https:\/\/www.visit-ulcinj.com\/blog\/2016\/03\/19\/dita-boterore-e-shendetit-oral-shenohet-edhe-ne-ulqin\/"]}]},{"@type":"BreadcrumbList","@id":"https:\/\/www.visit-ulcinj.com\/blog\/2016\/03\/19\/dita-boterore-e-shendetit-oral-shenohet-edhe-ne-ulqin\/#breadcrumb","itemListElement":[{"@type":"ListItem","position":1,"name":"Dita Bot\u00ebrore e Sh\u00ebndetit Oral sh\u00ebnohet edhe n\u00eb Ulqin"}]},{"@type":"Person","@id":"https:\/\/www.visit-ulcinj.com\/blog\/#\/schema\/person\/dcab619c614d3038751c63bc2aadc06d","name":"ulqini","sameAs":["http:\/\/www.visit-ulcinj.com"],"url":"https:\/\/www.visit-ulcinj.com\/blog\/author\/admin\/"}]}},"jetpack_featured_media_url":"","jetpack_sharing_enabled":true,"jetpack_shortlink":"https:\/\/wp.me\/pe6lTn-oNy","_links":{"self":[{"href":"https:\/\/www.visit-ulcinj.com\/blog\/wp-json\/wp\/v2\/posts\/95328"}],"collection":[{"href":"https:\/\/www.visit-ulcinj.com\/blog\/wp-json\/wp\/v2\/posts"}],"about":[{"href":"https:\/\/www.visit-ulcinj.com\/blog\/wp-json\/wp\/v2\/types\/post"}],"author":[{"embeddable":true,"href":"https:\/\/www.visit-ulcinj.com\/blog\/wp-json\/wp\/v2\/users\/1"}],"replies":[{"embeddable":true,"href":"https:\/\/www.visit-ulcinj.com\/blog\/wp-json\/wp\/v2\/comments?post=95328"}],"version-history":[{"count":1,"href":"https:\/\/www.visit-ulcinj.com\/blog\/wp-json\/wp\/v2\/posts\/95328\/revisions"}],"predecessor-version":[{"id":95331,"href":"https:\/\/www.visit-ulcinj.com\/blog\/wp-json\/wp\/v2\/posts\/95328\/revisions\/95331"}],"wp:attachment":[{"href":"https:\/\/www.visit-ulcinj.com\/blog\/wp-json\/wp\/v2\/media?parent=95328"}],"wp:term":[{"taxonomy":"category","embeddable":true,"href":"https:\/\/www.visit-ulcinj.com\/blog\/wp-json\/wp\/v2\/categories?post=95328"},{"taxonomy":"post_tag","embeddable":true,"href":"https:\/\/www.visit-ulcinj.com\/blog\/wp-json\/wp\/v2\/tags?post=95328"}],"curies":[{"name":"wp","href":"https:\/\/api.w.org\/{rel}","templated":true}]}}