{"id":95353,"date":"2016-03-21T18:07:42","date_gmt":"2016-03-21T17:07:42","guid":{"rendered":"http:\/\/www.visit-ulcinj.com\/blog\/?p=95353"},"modified":"2016-03-21T18:07:42","modified_gmt":"2016-03-21T17:07:42","slug":"nazif-cungu-izabran-za-predsjednika-opstine-ulcinj","status":"publish","type":"post","link":"https:\/\/www.visit-ulcinj.com\/blog\/2016\/03\/21\/nazif-cungu-izabran-za-predsjednika-opstine-ulcinj\/","title":{"rendered":"Nazif Cungu izabran za predsjednika Op\u0161tine Ulcinj"},"content":{"rendered":"<p><strong><a href=\"http:\/\/www.visit-ulcinj.com\/blog\/wp-content\/uploads\/2014\/01\/Nazif-Cungu-Ulcinj.jpg\"><img loading=\"lazy\" class=\"alignleft wp-image-78147\" src=\"http:\/\/www.visit-ulcinj.com\/blog\/wp-content\/uploads\/2014\/01\/Nazif-Cungu-Ulcinj.jpg\" alt=\"Nazif-Cungu-Ulcinj\" width=\"508\" height=\"337\" srcset=\"https:\/\/www.visit-ulcinj.com\/blog\/wp-content\/uploads\/2014\/01\/Nazif-Cungu-Ulcinj.jpg 768w, https:\/\/www.visit-ulcinj.com\/blog\/wp-content\/uploads\/2014\/01\/Nazif-Cungu-Ulcinj-300x198.jpg 300w\" sizes=\"(max-width: 508px) 100vw, 508px\" \/><\/a>Odbornici Skup\u0161tine op\u0161tine Ulcinj ve\u0107inom glasova za predsjednika Op\u0161tine izabrali su Nazifa Cungua, lidera Nove demokratske snage \u2013 Forca, a za \u0161efa lokalnog Parlamenta predsjednika Op\u0161tinskog odbora DPS-a Ljora Nreki\u0107a. <\/strong><\/p>\n<p>Izbor Cungua i Nreki\u0107a podr\u017eali su predstavnici novostvorene ve\u0107ine u Op\u0161tini Ulcinj: DPS, Force, Koalicije \u201eZajedno za budu\u0107nost Ulcinja\u201c i Demokratske unije Albanaca.<\/p>\n<p>Navode\u0107i da ne\u0107e da bude dio politi\u010dkih igara u glasanju nije u\u010destvovao Hajredin Kova\u010di, odbornik Demokratskog saveza u Crnoj Gori, a koji je dio Koalicije \u201eZajedno za budu\u0107nost Ulcinja\u201c.<\/p>\n<p>Odbornik DPS-a Borislav Ba\u0161ovi\u0107 kazao je da o\u010dekuje da \u0107e se kriza u Ulcinju ovom sjednicom okon\u010dati. \u201eSmatramo da razvoj op\u0161tine treba da pokrenu neki novi ljudi\u201c, kazao je Ba\u0161ovi\u0107.<\/p>\n<p>\u201eOvo su stara lica, koja ve\u0107 dugo egzistiraju na politi\u010dkoj sceni\u201c, rekao je odbornik SNP-a Andrija \u0106etkovi\u0107.<\/p>\n<p>Nezadovoljstvo na\u010dinom stvaranja nove vlasti iskazali su odbornici SDP-a i DF-a, dok odbornici URA-e nijesu bili prisutni na dana\u0161njim sjednicama.<\/p>\n<p>Novoizabrani \u010delnici istakli su da treba brzo i zajedni\u010dki raditi kako bi Ulcinj iza\u0161ao iz trenutne situacije.<\/p>\n<p><strong>Izvor: RTCG<\/strong><\/p>\n","protected":false},"excerpt":{"rendered":"<p>Odbornici Skup\u0161tine op\u0161tine Ulcinj ve\u0107inom glasova za predsjednika Op\u0161tine izabrali su Nazifa Cungua, lidera Nove demokratske snage \u2013 Forca, a za \u0161efa lokalnog Parlamenta predsjednika Op\u0161tinskog odbora DPS-a Ljora Nreki\u0107a. Izbor Cungua i Nreki\u0107a podr\u017eali su predstavnici novostvorene ve\u0107ine u Op\u0161tini Ulcinj: DPS, Force, Koalicije \u201eZajedno za budu\u0107nost Ulcinja\u201c i Demokratske unije Albanaca. Navode\u0107i da [&hellip;]<\/p>\n","protected":false},"author":1,"featured_media":0,"comment_status":"closed","ping_status":"closed","sticky":false,"template":"","format":"standard","meta":{"spay_email":"","jetpack_publicize_message":"","jetpack_is_tweetstorm":false,"jetpack_publicize_feature_enabled":true},"categories":[8337],"tags":[],"jetpack_publicize_connections":[],"yoast_head":"<!-- This site is optimized with the Yoast SEO plugin v19.1 - https:\/\/yoast.com\/wordpress\/plugins\/seo\/ -->\n<title>Nazif Cungu izabran za predsjednika Op\u0161tine Ulcinj - Lajme nga Ulqini<\/title>\n<meta name=\"description\" content=\"Odbornici Skup\u0161tine op\u0161tine Ulcinj ve\u0107inom glasova za predsjednika Op\u0161tine izabrali su Nazifa Cungua, lidera Nove demokratske snage \u2013 Forca, a za \u0161efa\" \/>\n<meta name=\"robots\" content=\"index, follow, max-snippet:-1, max-image-preview:large, max-video-preview:-1\" \/>\n<link rel=\"canonical\" href=\"https:\/\/www.visit-ulcinj.com\/blog\/2016\/03\/21\/nazif-cungu-izabran-za-predsjednika-opstine-ulcinj\/\" \/>\n<meta property=\"og:locale\" content=\"en_US\" \/>\n<meta property=\"og:type\" content=\"article\" \/>\n<meta property=\"og:title\" content=\"Nazif Cungu izabran za predsjednika Op\u0161tine Ulcinj - Lajme nga Ulqini\" \/>\n<meta property=\"og:description\" content=\"Odbornici Skup\u0161tine op\u0161tine Ulcinj ve\u0107inom glasova za predsjednika Op\u0161tine izabrali su Nazifa Cungua, lidera Nove demokratske snage \u2013 Forca, a za \u0161efa\" \/>\n<meta property=\"og:url\" content=\"https:\/\/www.visit-ulcinj.com\/blog\/2016\/03\/21\/nazif-cungu-izabran-za-predsjednika-opstine-ulcinj\/\" \/>\n<meta property=\"og:site_name\" content=\"Lajme nga Ulqini\" \/>\n<meta property=\"article:published_time\" content=\"2016-03-21T17:07:42+00:00\" \/>\n<meta property=\"og:image\" content=\"http:\/\/www.visit-ulcinj.com\/blog\/wp-content\/uploads\/2014\/01\/Nazif-Cungu-Ulcinj.jpg\" \/>\n<meta name=\"twitter:label1\" content=\"Written by\" \/>\n\t<meta name=\"twitter:data1\" content=\"ulqini\" \/>\n\t<meta name=\"twitter:label2\" content=\"Est. reading time\" \/>\n\t<meta name=\"twitter:data2\" content=\"1 minute\" \/>\n<script type=\"application\/ld+json\" class=\"yoast-schema-graph\">{\"@context\":\"https:\/\/schema.org\",\"@graph\":[{\"@type\":\"WebSite\",\"@id\":\"https:\/\/www.visit-ulcinj.com\/blog\/#website\",\"url\":\"https:\/\/www.visit-ulcinj.com\/blog\/\",\"name\":\"Lajme nga Ulqini\",\"description\":\"Lajme,Vijesti,Ulqini,Ulqin,Crna Gora,Mali i Zi\",\"potentialAction\":[{\"@type\":\"SearchAction\",\"target\":{\"@type\":\"EntryPoint\",\"urlTemplate\":\"https:\/\/www.visit-ulcinj.com\/blog\/?s={search_term_string}\"},\"query-input\":\"required name=search_term_string\"}],\"inLanguage\":\"en-US\"},{\"@type\":\"ImageObject\",\"inLanguage\":\"en-US\",\"@id\":\"https:\/\/www.visit-ulcinj.com\/blog\/2016\/03\/21\/nazif-cungu-izabran-za-predsjednika-opstine-ulcinj\/#primaryimage\",\"url\":\"https:\/\/www.visit-ulcinj.com\/blog\/wp-content\/uploads\/2014\/01\/Nazif-Cungu-Ulcinj.jpg\",\"contentUrl\":\"https:\/\/www.visit-ulcinj.com\/blog\/wp-content\/uploads\/2014\/01\/Nazif-Cungu-Ulcinj.jpg\",\"width\":768,\"height\":509},{\"@type\":\"WebPage\",\"@id\":\"https:\/\/www.visit-ulcinj.com\/blog\/2016\/03\/21\/nazif-cungu-izabran-za-predsjednika-opstine-ulcinj\/#webpage\",\"url\":\"https:\/\/www.visit-ulcinj.com\/blog\/2016\/03\/21\/nazif-cungu-izabran-za-predsjednika-opstine-ulcinj\/\",\"name\":\"Nazif Cungu izabran za predsjednika Op\u0161tine Ulcinj - Lajme nga Ulqini\",\"isPartOf\":{\"@id\":\"https:\/\/www.visit-ulcinj.com\/blog\/#website\"},\"primaryImageOfPage\":{\"@id\":\"https:\/\/www.visit-ulcinj.com\/blog\/2016\/03\/21\/nazif-cungu-izabran-za-predsjednika-opstine-ulcinj\/#primaryimage\"},\"datePublished\":\"2016-03-21T17:07:42+00:00\",\"dateModified\":\"2016-03-21T17:07:42+00:00\",\"author\":{\"@id\":\"https:\/\/www.visit-ulcinj.com\/blog\/#\/schema\/person\/dcab619c614d3038751c63bc2aadc06d\"},\"description\":\"Odbornici Skup\u0161tine op\u0161tine Ulcinj ve\u0107inom glasova za predsjednika Op\u0161tine izabrali su Nazifa Cungua, lidera Nove demokratske snage \u2013 Forca, a za \u0161efa\",\"breadcrumb\":{\"@id\":\"https:\/\/www.visit-ulcinj.com\/blog\/2016\/03\/21\/nazif-cungu-izabran-za-predsjednika-opstine-ulcinj\/#breadcrumb\"},\"inLanguage\":\"en-US\",\"potentialAction\":[{\"@type\":\"ReadAction\",\"target\":[\"https:\/\/www.visit-ulcinj.com\/blog\/2016\/03\/21\/nazif-cungu-izabran-za-predsjednika-opstine-ulcinj\/\"]}]},{\"@type\":\"BreadcrumbList\",\"@id\":\"https:\/\/www.visit-ulcinj.com\/blog\/2016\/03\/21\/nazif-cungu-izabran-za-predsjednika-opstine-ulcinj\/#breadcrumb\",\"itemListElement\":[{\"@type\":\"ListItem\",\"position\":1,\"name\":\"Nazif Cungu izabran za predsjednika Op\u0161tine Ulcinj\"}]},{\"@type\":\"Person\",\"@id\":\"https:\/\/www.visit-ulcinj.com\/blog\/#\/schema\/person\/dcab619c614d3038751c63bc2aadc06d\",\"name\":\"ulqini\",\"sameAs\":[\"http:\/\/www.visit-ulcinj.com\"],\"url\":\"https:\/\/www.visit-ulcinj.com\/blog\/author\/admin\/\"}]}<\/script>\n<!-- \/ Yoast SEO plugin. -->","yoast_head_json":{"title":"Nazif Cungu izabran za predsjednika Op\u0161tine Ulcinj - Lajme nga Ulqini","description":"Odbornici Skup\u0161tine op\u0161tine Ulcinj ve\u0107inom glasova za predsjednika Op\u0161tine izabrali su Nazifa Cungua, lidera Nove demokratske snage \u2013 Forca, a za \u0161efa","robots":{"index":"index","follow":"follow","max-snippet":"max-snippet:-1","max-image-preview":"max-image-preview:large","max-video-preview":"max-video-preview:-1"},"canonical":"https:\/\/www.visit-ulcinj.com\/blog\/2016\/03\/21\/nazif-cungu-izabran-za-predsjednika-opstine-ulcinj\/","og_locale":"en_US","og_type":"article","og_title":"Nazif Cungu izabran za predsjednika Op\u0161tine Ulcinj - Lajme nga Ulqini","og_description":"Odbornici Skup\u0161tine op\u0161tine Ulcinj ve\u0107inom glasova za predsjednika Op\u0161tine izabrali su Nazifa Cungua, lidera Nove demokratske snage \u2013 Forca, a za \u0161efa","og_url":"https:\/\/www.visit-ulcinj.com\/blog\/2016\/03\/21\/nazif-cungu-izabran-za-predsjednika-opstine-ulcinj\/","og_site_name":"Lajme nga Ulqini","article_published_time":"2016-03-21T17:07:42+00:00","og_image":[{"url":"http:\/\/www.visit-ulcinj.com\/blog\/wp-content\/uploads\/2014\/01\/Nazif-Cungu-Ulcinj.jpg"}],"twitter_misc":{"Written by":"ulqini","Est. reading time":"1 minute"},"schema":{"@context":"https:\/\/schema.org","@graph":[{"@type":"WebSite","@id":"https:\/\/www.visit-ulcinj.com\/blog\/#website","url":"https:\/\/www.visit-ulcinj.com\/blog\/","name":"Lajme nga Ulqini","description":"Lajme,Vijesti,Ulqini,Ulqin,Crna Gora,Mali i Zi","potentialAction":[{"@type":"SearchAction","target":{"@type":"EntryPoint","urlTemplate":"https:\/\/www.visit-ulcinj.com\/blog\/?s={search_term_string}"},"query-input":"required name=search_term_string"}],"inLanguage":"en-US"},{"@type":"ImageObject","inLanguage":"en-US","@id":"https:\/\/www.visit-ulcinj.com\/blog\/2016\/03\/21\/nazif-cungu-izabran-za-predsjednika-opstine-ulcinj\/#primaryimage","url":"https:\/\/www.visit-ulcinj.com\/blog\/wp-content\/uploads\/2014\/01\/Nazif-Cungu-Ulcinj.jpg","contentUrl":"https:\/\/www.visit-ulcinj.com\/blog\/wp-content\/uploads\/2014\/01\/Nazif-Cungu-Ulcinj.jpg","width":768,"height":509},{"@type":"WebPage","@id":"https:\/\/www.visit-ulcinj.com\/blog\/2016\/03\/21\/nazif-cungu-izabran-za-predsjednika-opstine-ulcinj\/#webpage","url":"https:\/\/www.visit-ulcinj.com\/blog\/2016\/03\/21\/nazif-cungu-izabran-za-predsjednika-opstine-ulcinj\/","name":"Nazif Cungu izabran za predsjednika Op\u0161tine Ulcinj - Lajme nga Ulqini","isPartOf":{"@id":"https:\/\/www.visit-ulcinj.com\/blog\/#website"},"primaryImageOfPage":{"@id":"https:\/\/www.visit-ulcinj.com\/blog\/2016\/03\/21\/nazif-cungu-izabran-za-predsjednika-opstine-ulcinj\/#primaryimage"},"datePublished":"2016-03-21T17:07:42+00:00","dateModified":"2016-03-21T17:07:42+00:00","author":{"@id":"https:\/\/www.visit-ulcinj.com\/blog\/#\/schema\/person\/dcab619c614d3038751c63bc2aadc06d"},"description":"Odbornici Skup\u0161tine op\u0161tine Ulcinj ve\u0107inom glasova za predsjednika Op\u0161tine izabrali su Nazifa Cungua, lidera Nove demokratske snage \u2013 Forca, a za \u0161efa","breadcrumb":{"@id":"https:\/\/www.visit-ulcinj.com\/blog\/2016\/03\/21\/nazif-cungu-izabran-za-predsjednika-opstine-ulcinj\/#breadcrumb"},"inLanguage":"en-US","potentialAction":[{"@type":"ReadAction","target":["https:\/\/www.visit-ulcinj.com\/blog\/2016\/03\/21\/nazif-cungu-izabran-za-predsjednika-opstine-ulcinj\/"]}]},{"@type":"BreadcrumbList","@id":"https:\/\/www.visit-ulcinj.com\/blog\/2016\/03\/21\/nazif-cungu-izabran-za-predsjednika-opstine-ulcinj\/#breadcrumb","itemListElement":[{"@type":"ListItem","position":1,"name":"Nazif Cungu izabran za predsjednika Op\u0161tine Ulcinj"}]},{"@type":"Person","@id":"https:\/\/www.visit-ulcinj.com\/blog\/#\/schema\/person\/dcab619c614d3038751c63bc2aadc06d","name":"ulqini","sameAs":["http:\/\/www.visit-ulcinj.com"],"url":"https:\/\/www.visit-ulcinj.com\/blog\/author\/admin\/"}]}},"jetpack_featured_media_url":"","jetpack_sharing_enabled":true,"jetpack_shortlink":"https:\/\/wp.me\/pe6lTn-oNX","_links":{"self":[{"href":"https:\/\/www.visit-ulcinj.com\/blog\/wp-json\/wp\/v2\/posts\/95353"}],"collection":[{"href":"https:\/\/www.visit-ulcinj.com\/blog\/wp-json\/wp\/v2\/posts"}],"about":[{"href":"https:\/\/www.visit-ulcinj.com\/blog\/wp-json\/wp\/v2\/types\/post"}],"author":[{"embeddable":true,"href":"https:\/\/www.visit-ulcinj.com\/blog\/wp-json\/wp\/v2\/users\/1"}],"replies":[{"embeddable":true,"href":"https:\/\/www.visit-ulcinj.com\/blog\/wp-json\/wp\/v2\/comments?post=95353"}],"version-history":[{"count":1,"href":"https:\/\/www.visit-ulcinj.com\/blog\/wp-json\/wp\/v2\/posts\/95353\/revisions"}],"predecessor-version":[{"id":95354,"href":"https:\/\/www.visit-ulcinj.com\/blog\/wp-json\/wp\/v2\/posts\/95353\/revisions\/95354"}],"wp:attachment":[{"href":"https:\/\/www.visit-ulcinj.com\/blog\/wp-json\/wp\/v2\/media?parent=95353"}],"wp:term":[{"taxonomy":"category","embeddable":true,"href":"https:\/\/www.visit-ulcinj.com\/blog\/wp-json\/wp\/v2\/categories?post=95353"},{"taxonomy":"post_tag","embeddable":true,"href":"https:\/\/www.visit-ulcinj.com\/blog\/wp-json\/wp\/v2\/tags?post=95353"}],"curies":[{"name":"wp","href":"https:\/\/api.w.org\/{rel}","templated":true}]}}