{"id":95363,"date":"2016-03-21T18:55:35","date_gmt":"2016-03-21T17:55:35","guid":{"rendered":"http:\/\/www.visit-ulcinj.com\/blog\/?p=95363"},"modified":"2016-03-22T17:46:17","modified_gmt":"2016-03-22T16:46:17","slug":"markoviq-modeli-ulqinit-edhe-per-veriun-e-malit-te-zi","status":"publish","type":"post","link":"https:\/\/www.visit-ulcinj.com\/blog\/2016\/03\/21\/markoviq-modeli-ulqinit-edhe-per-veriun-e-malit-te-zi\/","title":{"rendered":"Markoviq: Modeli i Ulqinit edhe p\u00ebr veriun e Malit t\u00eb Zi"},"content":{"rendered":"<p><a href=\"http:\/\/www.visit-ulcinj.com\/blog\/wp-content\/uploads\/2016\/03\/dushko-markoviq.jpg\"><img loading=\"lazy\" class=\"alignleft wp-image-95364\" src=\"http:\/\/www.visit-ulcinj.com\/blog\/wp-content\/uploads\/2016\/03\/dushko-markoviq.jpg\" alt=\"dushko-markoviq\" width=\"508\" height=\"380\" srcset=\"https:\/\/www.visit-ulcinj.com\/blog\/wp-content\/uploads\/2016\/03\/dushko-markoviq.jpg 800w, https:\/\/www.visit-ulcinj.com\/blog\/wp-content\/uploads\/2016\/03\/dushko-markoviq-300x224.jpg 300w\" sizes=\"(max-width: 508px) 100vw, 508px\" \/><\/a>Formimi i pushtetit t\u00eb ri n\u00eb Ulqin nuk \u00ebsht\u00eb rezultat\u00a0 i tregtive partiake , por fryt i marr\u00ebveshjes i funksioneve t\u00eb ndryshme politike n\u00eb interes t\u00eb qytetar\u00ebve s\u00eb shpejti mund t\u00eb zbatohet edhe n\u00eb Komunat tjera, por edhe n\u00eb nivelin shtet\u00ebror , konsiderojn\u00eb n\u00eb PDS.<\/p>\n<p>Z\u00ebvend\u00ebs kryetari i PDS Dushko Markoviq ka vler\u00ebsuar se formimi i pushtetit t\u00eb ri n\u00eb Ulqin tregon se si bashk\u00ebpunimi i PDS me partit\u00eb e popujve pakic\u00eb dhe opsionet e ndryshme politike mund t\u00eb jet\u00eb model i mir\u00eb edhe p\u00ebr qytetet e tjera , por edhe p\u00ebr nivelin shtet\u00ebror.<\/p>\n<p>Bashk\u00ebpunimi n\u00eb interes t\u00eb qytetar\u00ebve\u00a0 ,e jo luft\u00eb e zhvesht\u00eb partiake ose personale p\u00ebr funksion , mund t\u00eb jet\u00eb model i mir\u00eb i bashkimit t\u00eb opsioneve t\u00eb ndryshme ,jo vet\u00ebm n\u00eb Ulqin ,por edhe p\u00ebr mjedise tjera shum\u00eb nacionale ,si\u00e7 jan\u00eb Plava , Rozhaja dhe Gucia, sepse promovohet ideja e bashk\u00ebjetes\u00ebs dhe bashk\u00ebpunimit politik\u00eb .<\/p>\n<p>Nj\u00ebkoh\u00ebsisht p\u00ebrvoja e bashk\u00ebpunimit n\u00eb komuna mund t jet\u00eb sinjal edhe p\u00ebr arritjen e marr\u00ebveshjes n\u00eb interes t\u00eb qytetar\u00ebve n\u00eb nivelin shtet\u00ebror, ka theksuar Markoviq p\u00ebr gazet\u00ebn POBJEDA.<\/p>\n<p>RTCG<\/p>\n","protected":false},"excerpt":{"rendered":"<p>Formimi i pushtetit t\u00eb ri n\u00eb Ulqin nuk \u00ebsht\u00eb rezultat\u00a0 i tregtive partiake , por fryt i marr\u00ebveshjes i funksioneve t\u00eb ndryshme politike n\u00eb interes t\u00eb qytetar\u00ebve s\u00eb shpejti mund t\u00eb zbatohet edhe n\u00eb Komunat tjera, por edhe n\u00eb nivelin shtet\u00ebror , konsiderojn\u00eb n\u00eb PDS. Z\u00ebvend\u00ebs kryetari i PDS Dushko Markoviq ka vler\u00ebsuar se formimi [&hellip;]<\/p>\n","protected":false},"author":1,"featured_media":0,"comment_status":"closed","ping_status":"closed","sticky":false,"template":"","format":"standard","meta":{"spay_email":"","jetpack_publicize_message":"","jetpack_is_tweetstorm":false,"jetpack_publicize_feature_enabled":true},"categories":[6950,12],"tags":[],"jetpack_publicize_connections":[],"yoast_head":"<!-- This site is optimized with the Yoast SEO plugin v19.1 - https:\/\/yoast.com\/wordpress\/plugins\/seo\/ -->\n<title>Markoviq: Modeli i Ulqinit edhe p\u00ebr veriun e Malit t\u00eb Zi - Lajme nga Ulqini<\/title>\n<meta name=\"description\" content=\"Formimi i pushtetit t\u00eb ri n\u00eb Ulqin nuk \u00ebsht\u00eb rezultat\u00a0 i tregtive partiake , por fryt i marr\u00ebveshjes i funksioneve t\u00eb ndryshme politike n\u00eb interes t\u00eb\" \/>\n<meta name=\"robots\" content=\"index, follow, max-snippet:-1, max-image-preview:large, max-video-preview:-1\" \/>\n<link rel=\"canonical\" href=\"https:\/\/www.visit-ulcinj.com\/blog\/2016\/03\/21\/markoviq-modeli-ulqinit-edhe-per-veriun-e-malit-te-zi\/\" \/>\n<meta property=\"og:locale\" content=\"en_US\" \/>\n<meta property=\"og:type\" content=\"article\" \/>\n<meta property=\"og:title\" content=\"Markoviq: Modeli i Ulqinit edhe p\u00ebr veriun e Malit t\u00eb Zi - Lajme nga Ulqini\" \/>\n<meta property=\"og:description\" content=\"Formimi i pushtetit t\u00eb ri n\u00eb Ulqin nuk \u00ebsht\u00eb rezultat\u00a0 i tregtive partiake , por fryt i marr\u00ebveshjes i funksioneve t\u00eb ndryshme politike n\u00eb interes t\u00eb\" \/>\n<meta property=\"og:url\" content=\"https:\/\/www.visit-ulcinj.com\/blog\/2016\/03\/21\/markoviq-modeli-ulqinit-edhe-per-veriun-e-malit-te-zi\/\" \/>\n<meta property=\"og:site_name\" content=\"Lajme nga Ulqini\" \/>\n<meta property=\"article:published_time\" content=\"2016-03-21T17:55:35+00:00\" \/>\n<meta property=\"article:modified_time\" content=\"2016-03-22T16:46:17+00:00\" \/>\n<meta property=\"og:image\" content=\"http:\/\/www.visit-ulcinj.com\/blog\/wp-content\/uploads\/2016\/03\/dushko-markoviq.jpg\" \/>\n<meta name=\"twitter:label1\" content=\"Written by\" \/>\n\t<meta name=\"twitter:data1\" content=\"ulqini\" \/>\n\t<meta name=\"twitter:label2\" content=\"Est. reading time\" \/>\n\t<meta name=\"twitter:data2\" content=\"1 minute\" \/>\n<script type=\"application\/ld+json\" class=\"yoast-schema-graph\">{\"@context\":\"https:\/\/schema.org\",\"@graph\":[{\"@type\":\"WebSite\",\"@id\":\"https:\/\/www.visit-ulcinj.com\/blog\/#website\",\"url\":\"https:\/\/www.visit-ulcinj.com\/blog\/\",\"name\":\"Lajme nga Ulqini\",\"description\":\"Lajme,Vijesti,Ulqini,Ulqin,Crna Gora,Mali i Zi\",\"potentialAction\":[{\"@type\":\"SearchAction\",\"target\":{\"@type\":\"EntryPoint\",\"urlTemplate\":\"https:\/\/www.visit-ulcinj.com\/blog\/?s={search_term_string}\"},\"query-input\":\"required name=search_term_string\"}],\"inLanguage\":\"en-US\"},{\"@type\":\"ImageObject\",\"inLanguage\":\"en-US\",\"@id\":\"https:\/\/www.visit-ulcinj.com\/blog\/2016\/03\/21\/markoviq-modeli-ulqinit-edhe-per-veriun-e-malit-te-zi\/#primaryimage\",\"url\":\"https:\/\/www.visit-ulcinj.com\/blog\/wp-content\/uploads\/2016\/03\/dushko-markoviq.jpg\",\"contentUrl\":\"https:\/\/www.visit-ulcinj.com\/blog\/wp-content\/uploads\/2016\/03\/dushko-markoviq.jpg\",\"width\":800,\"height\":598},{\"@type\":\"WebPage\",\"@id\":\"https:\/\/www.visit-ulcinj.com\/blog\/2016\/03\/21\/markoviq-modeli-ulqinit-edhe-per-veriun-e-malit-te-zi\/#webpage\",\"url\":\"https:\/\/www.visit-ulcinj.com\/blog\/2016\/03\/21\/markoviq-modeli-ulqinit-edhe-per-veriun-e-malit-te-zi\/\",\"name\":\"Markoviq: Modeli i Ulqinit edhe p\u00ebr veriun e Malit t\u00eb Zi - Lajme nga Ulqini\",\"isPartOf\":{\"@id\":\"https:\/\/www.visit-ulcinj.com\/blog\/#website\"},\"primaryImageOfPage\":{\"@id\":\"https:\/\/www.visit-ulcinj.com\/blog\/2016\/03\/21\/markoviq-modeli-ulqinit-edhe-per-veriun-e-malit-te-zi\/#primaryimage\"},\"datePublished\":\"2016-03-21T17:55:35+00:00\",\"dateModified\":\"2016-03-22T16:46:17+00:00\",\"author\":{\"@id\":\"https:\/\/www.visit-ulcinj.com\/blog\/#\/schema\/person\/dcab619c614d3038751c63bc2aadc06d\"},\"description\":\"Formimi i pushtetit t\u00eb ri n\u00eb Ulqin nuk \u00ebsht\u00eb rezultat\u00a0 i tregtive partiake , por fryt i marr\u00ebveshjes i funksioneve t\u00eb ndryshme politike n\u00eb interes t\u00eb\",\"breadcrumb\":{\"@id\":\"https:\/\/www.visit-ulcinj.com\/blog\/2016\/03\/21\/markoviq-modeli-ulqinit-edhe-per-veriun-e-malit-te-zi\/#breadcrumb\"},\"inLanguage\":\"en-US\",\"potentialAction\":[{\"@type\":\"ReadAction\",\"target\":[\"https:\/\/www.visit-ulcinj.com\/blog\/2016\/03\/21\/markoviq-modeli-ulqinit-edhe-per-veriun-e-malit-te-zi\/\"]}]},{\"@type\":\"BreadcrumbList\",\"@id\":\"https:\/\/www.visit-ulcinj.com\/blog\/2016\/03\/21\/markoviq-modeli-ulqinit-edhe-per-veriun-e-malit-te-zi\/#breadcrumb\",\"itemListElement\":[{\"@type\":\"ListItem\",\"position\":1,\"name\":\"Markoviq: Modeli i Ulqinit edhe p\u00ebr veriun e Malit t\u00eb Zi\"}]},{\"@type\":\"Person\",\"@id\":\"https:\/\/www.visit-ulcinj.com\/blog\/#\/schema\/person\/dcab619c614d3038751c63bc2aadc06d\",\"name\":\"ulqini\",\"sameAs\":[\"http:\/\/www.visit-ulcinj.com\"],\"url\":\"https:\/\/www.visit-ulcinj.com\/blog\/author\/admin\/\"}]}<\/script>\n<!-- \/ Yoast SEO plugin. -->","yoast_head_json":{"title":"Markoviq: Modeli i Ulqinit edhe p\u00ebr veriun e Malit t\u00eb Zi - Lajme nga Ulqini","description":"Formimi i pushtetit t\u00eb ri n\u00eb Ulqin nuk \u00ebsht\u00eb rezultat\u00a0 i tregtive partiake , por fryt i marr\u00ebveshjes i funksioneve t\u00eb ndryshme politike n\u00eb interes t\u00eb","robots":{"index":"index","follow":"follow","max-snippet":"max-snippet:-1","max-image-preview":"max-image-preview:large","max-video-preview":"max-video-preview:-1"},"canonical":"https:\/\/www.visit-ulcinj.com\/blog\/2016\/03\/21\/markoviq-modeli-ulqinit-edhe-per-veriun-e-malit-te-zi\/","og_locale":"en_US","og_type":"article","og_title":"Markoviq: Modeli i Ulqinit edhe p\u00ebr veriun e Malit t\u00eb Zi - Lajme nga Ulqini","og_description":"Formimi i pushtetit t\u00eb ri n\u00eb Ulqin nuk \u00ebsht\u00eb rezultat\u00a0 i tregtive partiake , por fryt i marr\u00ebveshjes i funksioneve t\u00eb ndryshme politike n\u00eb interes t\u00eb","og_url":"https:\/\/www.visit-ulcinj.com\/blog\/2016\/03\/21\/markoviq-modeli-ulqinit-edhe-per-veriun-e-malit-te-zi\/","og_site_name":"Lajme nga Ulqini","article_published_time":"2016-03-21T17:55:35+00:00","article_modified_time":"2016-03-22T16:46:17+00:00","og_image":[{"url":"http:\/\/www.visit-ulcinj.com\/blog\/wp-content\/uploads\/2016\/03\/dushko-markoviq.jpg"}],"twitter_misc":{"Written by":"ulqini","Est. reading time":"1 minute"},"schema":{"@context":"https:\/\/schema.org","@graph":[{"@type":"WebSite","@id":"https:\/\/www.visit-ulcinj.com\/blog\/#website","url":"https:\/\/www.visit-ulcinj.com\/blog\/","name":"Lajme nga Ulqini","description":"Lajme,Vijesti,Ulqini,Ulqin,Crna Gora,Mali i Zi","potentialAction":[{"@type":"SearchAction","target":{"@type":"EntryPoint","urlTemplate":"https:\/\/www.visit-ulcinj.com\/blog\/?s={search_term_string}"},"query-input":"required name=search_term_string"}],"inLanguage":"en-US"},{"@type":"ImageObject","inLanguage":"en-US","@id":"https:\/\/www.visit-ulcinj.com\/blog\/2016\/03\/21\/markoviq-modeli-ulqinit-edhe-per-veriun-e-malit-te-zi\/#primaryimage","url":"https:\/\/www.visit-ulcinj.com\/blog\/wp-content\/uploads\/2016\/03\/dushko-markoviq.jpg","contentUrl":"https:\/\/www.visit-ulcinj.com\/blog\/wp-content\/uploads\/2016\/03\/dushko-markoviq.jpg","width":800,"height":598},{"@type":"WebPage","@id":"https:\/\/www.visit-ulcinj.com\/blog\/2016\/03\/21\/markoviq-modeli-ulqinit-edhe-per-veriun-e-malit-te-zi\/#webpage","url":"https:\/\/www.visit-ulcinj.com\/blog\/2016\/03\/21\/markoviq-modeli-ulqinit-edhe-per-veriun-e-malit-te-zi\/","name":"Markoviq: Modeli i Ulqinit edhe p\u00ebr veriun e Malit t\u00eb Zi - Lajme nga Ulqini","isPartOf":{"@id":"https:\/\/www.visit-ulcinj.com\/blog\/#website"},"primaryImageOfPage":{"@id":"https:\/\/www.visit-ulcinj.com\/blog\/2016\/03\/21\/markoviq-modeli-ulqinit-edhe-per-veriun-e-malit-te-zi\/#primaryimage"},"datePublished":"2016-03-21T17:55:35+00:00","dateModified":"2016-03-22T16:46:17+00:00","author":{"@id":"https:\/\/www.visit-ulcinj.com\/blog\/#\/schema\/person\/dcab619c614d3038751c63bc2aadc06d"},"description":"Formimi i pushtetit t\u00eb ri n\u00eb Ulqin nuk \u00ebsht\u00eb rezultat\u00a0 i tregtive partiake , por fryt i marr\u00ebveshjes i funksioneve t\u00eb ndryshme politike n\u00eb interes t\u00eb","breadcrumb":{"@id":"https:\/\/www.visit-ulcinj.com\/blog\/2016\/03\/21\/markoviq-modeli-ulqinit-edhe-per-veriun-e-malit-te-zi\/#breadcrumb"},"inLanguage":"en-US","potentialAction":[{"@type":"ReadAction","target":["https:\/\/www.visit-ulcinj.com\/blog\/2016\/03\/21\/markoviq-modeli-ulqinit-edhe-per-veriun-e-malit-te-zi\/"]}]},{"@type":"BreadcrumbList","@id":"https:\/\/www.visit-ulcinj.com\/blog\/2016\/03\/21\/markoviq-modeli-ulqinit-edhe-per-veriun-e-malit-te-zi\/#breadcrumb","itemListElement":[{"@type":"ListItem","position":1,"name":"Markoviq: Modeli i Ulqinit edhe p\u00ebr veriun e Malit t\u00eb Zi"}]},{"@type":"Person","@id":"https:\/\/www.visit-ulcinj.com\/blog\/#\/schema\/person\/dcab619c614d3038751c63bc2aadc06d","name":"ulqini","sameAs":["http:\/\/www.visit-ulcinj.com"],"url":"https:\/\/www.visit-ulcinj.com\/blog\/author\/admin\/"}]}},"jetpack_featured_media_url":"","jetpack_sharing_enabled":true,"jetpack_shortlink":"https:\/\/wp.me\/pe6lTn-oO7","_links":{"self":[{"href":"https:\/\/www.visit-ulcinj.com\/blog\/wp-json\/wp\/v2\/posts\/95363"}],"collection":[{"href":"https:\/\/www.visit-ulcinj.com\/blog\/wp-json\/wp\/v2\/posts"}],"about":[{"href":"https:\/\/www.visit-ulcinj.com\/blog\/wp-json\/wp\/v2\/types\/post"}],"author":[{"embeddable":true,"href":"https:\/\/www.visit-ulcinj.com\/blog\/wp-json\/wp\/v2\/users\/1"}],"replies":[{"embeddable":true,"href":"https:\/\/www.visit-ulcinj.com\/blog\/wp-json\/wp\/v2\/comments?post=95363"}],"version-history":[{"count":1,"href":"https:\/\/www.visit-ulcinj.com\/blog\/wp-json\/wp\/v2\/posts\/95363\/revisions"}],"predecessor-version":[{"id":95365,"href":"https:\/\/www.visit-ulcinj.com\/blog\/wp-json\/wp\/v2\/posts\/95363\/revisions\/95365"}],"wp:attachment":[{"href":"https:\/\/www.visit-ulcinj.com\/blog\/wp-json\/wp\/v2\/media?parent=95363"}],"wp:term":[{"taxonomy":"category","embeddable":true,"href":"https:\/\/www.visit-ulcinj.com\/blog\/wp-json\/wp\/v2\/categories?post=95363"},{"taxonomy":"post_tag","embeddable":true,"href":"https:\/\/www.visit-ulcinj.com\/blog\/wp-json\/wp\/v2\/tags?post=95363"}],"curies":[{"name":"wp","href":"https:\/\/api.w.org\/{rel}","templated":true}]}}