{"id":95372,"date":"2016-03-21T19:53:40","date_gmt":"2016-03-21T18:53:40","guid":{"rendered":"http:\/\/www.visit-ulcinj.com\/blog\/?p=95372"},"modified":"2016-03-21T19:53:40","modified_gmt":"2016-03-21T18:53:40","slug":"dusko-markovic-ulcinjski-model-za-sjever-crne-gore","status":"publish","type":"post","link":"https:\/\/www.visit-ulcinj.com\/blog\/2016\/03\/21\/dusko-markovic-ulcinjski-model-za-sjever-crne-gore\/","title":{"rendered":"Du\u0161ko Markovi\u0107: Ulcinjski model i za sjever Crne Gore?"},"content":{"rendered":"<p><strong> <a href=\"http:\/\/www.visit-ulcinj.com\/blog\/wp-content\/uploads\/2016\/03\/Dusko-Markovic.jpg\"><img loading=\"lazy\" class=\"alignleft wp-image-95373 size-medium\" src=\"http:\/\/www.visit-ulcinj.com\/blog\/wp-content\/uploads\/2016\/03\/Dusko-Markovic-225x300.jpg\" alt=\"Dusko Markovic\" width=\"225\" height=\"300\" srcset=\"https:\/\/www.visit-ulcinj.com\/blog\/wp-content\/uploads\/2016\/03\/Dusko-Markovic-225x300.jpg 225w, https:\/\/www.visit-ulcinj.com\/blog\/wp-content\/uploads\/2016\/03\/Dusko-Markovic.jpg 300w\" sizes=\"(max-width: 225px) 100vw, 225px\" \/><\/a>Zamjenik predsjednika Demokratske partije socijalista Du\u0161ko Markovi\u0107 ocjenjuje da formiranje nove vlasti u Ulcinju pokazuje kako saradnja DPS-a i stranaka manjinskih naroda i razli\u010ditih politi\u010dkih opcija mo\u017ee biti dobar model i za druge gradove, ali i obrazac za dogovor na dr\u017eavnom nivou. <\/strong><\/p>\n<p>\u201eSaradnja u interesu gra\u0111ana, a ne gola strana\u010dka ili liderska borba za funkcije to mo\u017ee biti dobar model spajanja razli\u010ditih opcija, ne samo za Ulcinj, ve\u0107 i za druge vi\u0161enacionalne sredine kao \u0161to su Plav, Ro\u017eaje ili Gusinje jer se promovi\u0161e ideja politi\u010dkog su\u017eivota i saradnje. Istovremeno, iskustvo saradnje u op\u0161tinama mogao bi biti signal i za postizanje dogovora u interesu gra\u0111ana na dr\u017eavnom nivou\u201c, ka\u017ee Markovi\u0107 za Pobjedu.<\/p>\n<p>Predsjednik Skup\u0161tine op\u0161tine u ostavci Fuad Had\u017eibeti sazvao je za danas sjednicu na kojoj \u0107e biti izabran novi \u0161ef lokalnog parlamenta. Shodno koalicionom sporazumu, koji su 13. marta potpisali predstavnici DPS-a, Force, DUA i Koalicije ,,Zajedno za budu\u0107nost Ulcinja\u201c, novi predsjednik Skup\u0161tine Ulcinja bi\u0107e aktuelni predsjednik Op\u0161tinskog odbora Demokratske partije socijalista Ljoro Nreki\u0107.<\/p>\n<p>Prema ranije sklopljenom dogovoru, Nreki\u0107 \u0107e potom zakazati novu sjednicu Skup\u0161tine op\u0161tine sa po\u010detkom u 13 \u010dasova, na kojoj \u0107e biti izabran gradona\u010delnik Ulcinja. Na tu funkciju trebalo bi da stupi lider Nove demokratske snage Forca Nazif Cungu. Op\u0161tina \u0107e imati \u010detiri predsjednika, jednog vi\u0161e nego do sada, a bi\u0107e iz svake stranke potpisnice sporazuma.<\/p>\n<p><strong>Iskorak<\/strong><\/p>\n<p>DPS i tri stranke koje mahom okupljaju ulcinjske Albance nijesu se samo dogovarale o raspodjeli funkcija.<\/p>\n<p>U sporazumu se potencira za\u0161tita Solane, \u0160asa, u\u0161\u0107a Bojane i Valdanosa, ali se insistira i na brzom dobijanju dozvola za gradnju hotelskih kapaciteta. Tako\u0111e se navodi da treba razmotriti formiranje lokalne TV stanice Ulcinj i isti\u010de da mora postojati bolja saradnja sa dijasporom.<\/p>\n<p>Predsjednik Force Nazif Cungu isti\u010de da je sporazum \u010detiri stranke bio neminovnost i nada se da \u0107e novi model biti dobro rje\u0161enje.<\/p>\n<p><strong>Pilot-projekat<\/strong><\/p>\n<p>Dugo su trajali pregovori DPSa i predstavnika albanskih partija u Ulcinju i te\u0161ko je procijeniti kako \u0107e funkcionisati nova ulcinjska vlast.<\/p>\n<p>Ipak, dogovor raznorodnih politi\u010dkih opcija jeste novost na politi\u010dkoj sceni Crne Gore, kao i potez DPS-a da odbije ponudu o preuzimanju funkcija lokalne vlasti.<\/p>\n<p>\u201eSaradnja u interesu gra\u0111ana, a ne gola borba za funkcije to mo\u017ee biti dobar model spajanja razli\u010ditih opcija i za druge lokalne, vi\u0161enacionalne sredine kao \u0161to su Plav, Ro\u017eaje ili Gusinje jer se promovi\u0161e ideja politi\u010dkog su\u017eivota i saradnje, na lokalnom, ali i na dr\u017eavnom nivou\u201c, isti\u010de zamjenik predsjednika DPS-a Du\u0161ko Markovi\u0107.<\/p>\n<p>O\u010dito da su u vrhu DPS-a posmatrali \u0161iru sliku: model formiranja nove vlasti u Ulcinju, koja je plod dogovora razli\u010ditih politi\u010dkih opcija u interesu gra\u0111ana, mogao bi uskoro biti primijenjen i u drugim op\u0161tinama. I to ne samo u nacionalno mje\u0161ovitim sredinama i ne samo na sjeveru Crne Gore kako se najavljuje.<\/p>\n<p>Promovi\u0161u\u0107i partiju kao, kako ka\u017ee Markovi\u0107, ,,kohezioni faktor\u201c, DPS je poslala poruku doma\u0107oj i me\u0111unarodnoj javnosti da je dio rje\u0161enja, a ne dio problema i da imaju koalicioni kapacitet za stvaranje funkcionalne lokalne i dr\u017eavne uprave.<\/p>\n<p>Zato na model iz Ulcinja treba gledati i kao pilot-projekat budu\u0107eg dogovora na dr\u017eavnom nivou, \u010diji se obrisi pomaljaju nakon pro\u0161lonedjeljnih pregovora DPS-a, URA, Demosa i SDP-a.<\/p>\n<p>\u201eNa primjeru Ulcinja DPS je pokazala i politi\u010dku odgovornost i koalicioni kapacitet. Pokazalo se da nam zauzimanje funkcija i vlasti nije ispred politike razvoja grada i dobrobiti gra\u0111ana\u201c, ka\u017ee za Pobjedu zamjenik predsjednika DPS-a Du\u0161ko Markovi\u0107 i nagla\u0161ava daje Demokratska partija socijalista svojevremeno odbila ponudu da preuzme klju\u010dne funkcije u gradu.<\/p>\n<p>\u201eImali smo ponudu da preuzmemo odgovorne funkcije u izvr\u0161noj vlasti Ulcinja, ali nijesmo htjeli da to prihvatimo jer smo znali da se, pukom smjenom \u010delnih ljudi, ne\u0107e brzo razrije\u0161iti nagomilani problemi op\u0161tine Ulcinj i evidentna neefikasnost institucija. Zato smo strpljivo razgovarali sa pred stavnicima DUA, Force i Koalicije \u201eZajedno za budu\u0107nost Ulcinja\u201c, i na taj na\u010din smo iskazali spremnost na zajedni\u010dki rad u interesu svih gra\u0111ana. To je i rezultiralo dogovorom i potpisivanjem koalicionog sporazuma. Demokratska partija socijalista je bila kohezioni faktor za stvaranje nove vlasti u Ulcinju, a ne faktor preuzimanja poluga vlasti\u201c, zaklju\u010duje Markovi\u0107.<\/p>\n<p><strong>Izvor: CDM<\/strong><\/p>\n","protected":false},"excerpt":{"rendered":"<p>Zamjenik predsjednika Demokratske partije socijalista Du\u0161ko Markovi\u0107 ocjenjuje da formiranje nove vlasti u Ulcinju pokazuje kako saradnja DPS-a i stranaka manjinskih naroda i razli\u010ditih politi\u010dkih opcija mo\u017ee biti dobar model i za druge gradove, ali i obrazac za dogovor na dr\u017eavnom nivou. \u201eSaradnja u interesu gra\u0111ana, a ne gola strana\u010dka ili liderska borba za funkcije [&hellip;]<\/p>\n","protected":false},"author":1,"featured_media":0,"comment_status":"closed","ping_status":"closed","sticky":false,"template":"","format":"standard","meta":{"spay_email":"","jetpack_publicize_message":"","jetpack_is_tweetstorm":false,"jetpack_publicize_feature_enabled":true},"categories":[6950],"tags":[],"jetpack_publicize_connections":[],"yoast_head":"<!-- This site is optimized with the Yoast SEO plugin v19.1 - https:\/\/yoast.com\/wordpress\/plugins\/seo\/ -->\n<title>Du\u0161ko Markovi\u0107: Ulcinjski model i za sjever Crne Gore? - Lajme nga Ulqini<\/title>\n<meta name=\"description\" content=\"Zamjenik predsjednika Demokratske partije socijalista Du\u0161ko Markovi\u0107 ocjenjuje da formiranje nove vlasti u Ulcinju pokazuje kako saradnja DPS-a i stranaka\" \/>\n<meta name=\"robots\" content=\"index, follow, max-snippet:-1, max-image-preview:large, max-video-preview:-1\" \/>\n<link rel=\"canonical\" href=\"https:\/\/www.visit-ulcinj.com\/blog\/2016\/03\/21\/dusko-markovic-ulcinjski-model-za-sjever-crne-gore\/\" \/>\n<meta property=\"og:locale\" content=\"en_US\" \/>\n<meta property=\"og:type\" content=\"article\" \/>\n<meta property=\"og:title\" content=\"Du\u0161ko Markovi\u0107: Ulcinjski model i za sjever Crne Gore? - Lajme nga Ulqini\" \/>\n<meta property=\"og:description\" content=\"Zamjenik predsjednika Demokratske partije socijalista Du\u0161ko Markovi\u0107 ocjenjuje da formiranje nove vlasti u Ulcinju pokazuje kako saradnja DPS-a i stranaka\" \/>\n<meta property=\"og:url\" content=\"https:\/\/www.visit-ulcinj.com\/blog\/2016\/03\/21\/dusko-markovic-ulcinjski-model-za-sjever-crne-gore\/\" \/>\n<meta property=\"og:site_name\" content=\"Lajme nga Ulqini\" \/>\n<meta property=\"article:published_time\" content=\"2016-03-21T18:53:40+00:00\" \/>\n<meta property=\"og:image\" content=\"http:\/\/www.visit-ulcinj.com\/blog\/wp-content\/uploads\/2016\/03\/Dusko-Markovic-225x300.jpg\" \/>\n<meta name=\"twitter:label1\" content=\"Written by\" \/>\n\t<meta name=\"twitter:data1\" content=\"ulqini\" \/>\n\t<meta name=\"twitter:label2\" content=\"Est. reading time\" \/>\n\t<meta name=\"twitter:data2\" content=\"4 minutes\" \/>\n<script type=\"application\/ld+json\" class=\"yoast-schema-graph\">{\"@context\":\"https:\/\/schema.org\",\"@graph\":[{\"@type\":\"WebSite\",\"@id\":\"https:\/\/www.visit-ulcinj.com\/blog\/#website\",\"url\":\"https:\/\/www.visit-ulcinj.com\/blog\/\",\"name\":\"Lajme nga Ulqini\",\"description\":\"Lajme,Vijesti,Ulqini,Ulqin,Crna Gora,Mali i Zi\",\"potentialAction\":[{\"@type\":\"SearchAction\",\"target\":{\"@type\":\"EntryPoint\",\"urlTemplate\":\"https:\/\/www.visit-ulcinj.com\/blog\/?s={search_term_string}\"},\"query-input\":\"required name=search_term_string\"}],\"inLanguage\":\"en-US\"},{\"@type\":\"ImageObject\",\"inLanguage\":\"en-US\",\"@id\":\"https:\/\/www.visit-ulcinj.com\/blog\/2016\/03\/21\/dusko-markovic-ulcinjski-model-za-sjever-crne-gore\/#primaryimage\",\"url\":\"https:\/\/www.visit-ulcinj.com\/blog\/wp-content\/uploads\/2016\/03\/Dusko-Markovic.jpg\",\"contentUrl\":\"https:\/\/www.visit-ulcinj.com\/blog\/wp-content\/uploads\/2016\/03\/Dusko-Markovic.jpg\",\"width\":300,\"height\":400},{\"@type\":\"WebPage\",\"@id\":\"https:\/\/www.visit-ulcinj.com\/blog\/2016\/03\/21\/dusko-markovic-ulcinjski-model-za-sjever-crne-gore\/#webpage\",\"url\":\"https:\/\/www.visit-ulcinj.com\/blog\/2016\/03\/21\/dusko-markovic-ulcinjski-model-za-sjever-crne-gore\/\",\"name\":\"Du\u0161ko Markovi\u0107: Ulcinjski model i za sjever Crne Gore? - Lajme nga Ulqini\",\"isPartOf\":{\"@id\":\"https:\/\/www.visit-ulcinj.com\/blog\/#website\"},\"primaryImageOfPage\":{\"@id\":\"https:\/\/www.visit-ulcinj.com\/blog\/2016\/03\/21\/dusko-markovic-ulcinjski-model-za-sjever-crne-gore\/#primaryimage\"},\"datePublished\":\"2016-03-21T18:53:40+00:00\",\"dateModified\":\"2016-03-21T18:53:40+00:00\",\"author\":{\"@id\":\"https:\/\/www.visit-ulcinj.com\/blog\/#\/schema\/person\/dcab619c614d3038751c63bc2aadc06d\"},\"description\":\"Zamjenik predsjednika Demokratske partije socijalista Du\u0161ko Markovi\u0107 ocjenjuje da formiranje nove vlasti u Ulcinju pokazuje kako saradnja DPS-a i stranaka\",\"breadcrumb\":{\"@id\":\"https:\/\/www.visit-ulcinj.com\/blog\/2016\/03\/21\/dusko-markovic-ulcinjski-model-za-sjever-crne-gore\/#breadcrumb\"},\"inLanguage\":\"en-US\",\"potentialAction\":[{\"@type\":\"ReadAction\",\"target\":[\"https:\/\/www.visit-ulcinj.com\/blog\/2016\/03\/21\/dusko-markovic-ulcinjski-model-za-sjever-crne-gore\/\"]}]},{\"@type\":\"BreadcrumbList\",\"@id\":\"https:\/\/www.visit-ulcinj.com\/blog\/2016\/03\/21\/dusko-markovic-ulcinjski-model-za-sjever-crne-gore\/#breadcrumb\",\"itemListElement\":[{\"@type\":\"ListItem\",\"position\":1,\"name\":\"Du\u0161ko Markovi\u0107: Ulcinjski model i za sjever Crne Gore?\"}]},{\"@type\":\"Person\",\"@id\":\"https:\/\/www.visit-ulcinj.com\/blog\/#\/schema\/person\/dcab619c614d3038751c63bc2aadc06d\",\"name\":\"ulqini\",\"sameAs\":[\"http:\/\/www.visit-ulcinj.com\"],\"url\":\"https:\/\/www.visit-ulcinj.com\/blog\/author\/admin\/\"}]}<\/script>\n<!-- \/ Yoast SEO plugin. -->","yoast_head_json":{"title":"Du\u0161ko Markovi\u0107: Ulcinjski model i za sjever Crne Gore? - Lajme nga Ulqini","description":"Zamjenik predsjednika Demokratske partije socijalista Du\u0161ko Markovi\u0107 ocjenjuje da formiranje nove vlasti u Ulcinju pokazuje kako saradnja DPS-a i stranaka","robots":{"index":"index","follow":"follow","max-snippet":"max-snippet:-1","max-image-preview":"max-image-preview:large","max-video-preview":"max-video-preview:-1"},"canonical":"https:\/\/www.visit-ulcinj.com\/blog\/2016\/03\/21\/dusko-markovic-ulcinjski-model-za-sjever-crne-gore\/","og_locale":"en_US","og_type":"article","og_title":"Du\u0161ko Markovi\u0107: Ulcinjski model i za sjever Crne Gore? - Lajme nga Ulqini","og_description":"Zamjenik predsjednika Demokratske partije socijalista Du\u0161ko Markovi\u0107 ocjenjuje da formiranje nove vlasti u Ulcinju pokazuje kako saradnja DPS-a i stranaka","og_url":"https:\/\/www.visit-ulcinj.com\/blog\/2016\/03\/21\/dusko-markovic-ulcinjski-model-za-sjever-crne-gore\/","og_site_name":"Lajme nga Ulqini","article_published_time":"2016-03-21T18:53:40+00:00","og_image":[{"url":"http:\/\/www.visit-ulcinj.com\/blog\/wp-content\/uploads\/2016\/03\/Dusko-Markovic-225x300.jpg"}],"twitter_misc":{"Written by":"ulqini","Est. reading time":"4 minutes"},"schema":{"@context":"https:\/\/schema.org","@graph":[{"@type":"WebSite","@id":"https:\/\/www.visit-ulcinj.com\/blog\/#website","url":"https:\/\/www.visit-ulcinj.com\/blog\/","name":"Lajme nga Ulqini","description":"Lajme,Vijesti,Ulqini,Ulqin,Crna Gora,Mali i Zi","potentialAction":[{"@type":"SearchAction","target":{"@type":"EntryPoint","urlTemplate":"https:\/\/www.visit-ulcinj.com\/blog\/?s={search_term_string}"},"query-input":"required name=search_term_string"}],"inLanguage":"en-US"},{"@type":"ImageObject","inLanguage":"en-US","@id":"https:\/\/www.visit-ulcinj.com\/blog\/2016\/03\/21\/dusko-markovic-ulcinjski-model-za-sjever-crne-gore\/#primaryimage","url":"https:\/\/www.visit-ulcinj.com\/blog\/wp-content\/uploads\/2016\/03\/Dusko-Markovic.jpg","contentUrl":"https:\/\/www.visit-ulcinj.com\/blog\/wp-content\/uploads\/2016\/03\/Dusko-Markovic.jpg","width":300,"height":400},{"@type":"WebPage","@id":"https:\/\/www.visit-ulcinj.com\/blog\/2016\/03\/21\/dusko-markovic-ulcinjski-model-za-sjever-crne-gore\/#webpage","url":"https:\/\/www.visit-ulcinj.com\/blog\/2016\/03\/21\/dusko-markovic-ulcinjski-model-za-sjever-crne-gore\/","name":"Du\u0161ko Markovi\u0107: Ulcinjski model i za sjever Crne Gore? - Lajme nga Ulqini","isPartOf":{"@id":"https:\/\/www.visit-ulcinj.com\/blog\/#website"},"primaryImageOfPage":{"@id":"https:\/\/www.visit-ulcinj.com\/blog\/2016\/03\/21\/dusko-markovic-ulcinjski-model-za-sjever-crne-gore\/#primaryimage"},"datePublished":"2016-03-21T18:53:40+00:00","dateModified":"2016-03-21T18:53:40+00:00","author":{"@id":"https:\/\/www.visit-ulcinj.com\/blog\/#\/schema\/person\/dcab619c614d3038751c63bc2aadc06d"},"description":"Zamjenik predsjednika Demokratske partije socijalista Du\u0161ko Markovi\u0107 ocjenjuje da formiranje nove vlasti u Ulcinju pokazuje kako saradnja DPS-a i stranaka","breadcrumb":{"@id":"https:\/\/www.visit-ulcinj.com\/blog\/2016\/03\/21\/dusko-markovic-ulcinjski-model-za-sjever-crne-gore\/#breadcrumb"},"inLanguage":"en-US","potentialAction":[{"@type":"ReadAction","target":["https:\/\/www.visit-ulcinj.com\/blog\/2016\/03\/21\/dusko-markovic-ulcinjski-model-za-sjever-crne-gore\/"]}]},{"@type":"BreadcrumbList","@id":"https:\/\/www.visit-ulcinj.com\/blog\/2016\/03\/21\/dusko-markovic-ulcinjski-model-za-sjever-crne-gore\/#breadcrumb","itemListElement":[{"@type":"ListItem","position":1,"name":"Du\u0161ko Markovi\u0107: Ulcinjski model i za sjever Crne Gore?"}]},{"@type":"Person","@id":"https:\/\/www.visit-ulcinj.com\/blog\/#\/schema\/person\/dcab619c614d3038751c63bc2aadc06d","name":"ulqini","sameAs":["http:\/\/www.visit-ulcinj.com"],"url":"https:\/\/www.visit-ulcinj.com\/blog\/author\/admin\/"}]}},"jetpack_featured_media_url":"","jetpack_sharing_enabled":true,"jetpack_shortlink":"https:\/\/wp.me\/pe6lTn-oOg","_links":{"self":[{"href":"https:\/\/www.visit-ulcinj.com\/blog\/wp-json\/wp\/v2\/posts\/95372"}],"collection":[{"href":"https:\/\/www.visit-ulcinj.com\/blog\/wp-json\/wp\/v2\/posts"}],"about":[{"href":"https:\/\/www.visit-ulcinj.com\/blog\/wp-json\/wp\/v2\/types\/post"}],"author":[{"embeddable":true,"href":"https:\/\/www.visit-ulcinj.com\/blog\/wp-json\/wp\/v2\/users\/1"}],"replies":[{"embeddable":true,"href":"https:\/\/www.visit-ulcinj.com\/blog\/wp-json\/wp\/v2\/comments?post=95372"}],"version-history":[{"count":1,"href":"https:\/\/www.visit-ulcinj.com\/blog\/wp-json\/wp\/v2\/posts\/95372\/revisions"}],"predecessor-version":[{"id":95374,"href":"https:\/\/www.visit-ulcinj.com\/blog\/wp-json\/wp\/v2\/posts\/95372\/revisions\/95374"}],"wp:attachment":[{"href":"https:\/\/www.visit-ulcinj.com\/blog\/wp-json\/wp\/v2\/media?parent=95372"}],"wp:term":[{"taxonomy":"category","embeddable":true,"href":"https:\/\/www.visit-ulcinj.com\/blog\/wp-json\/wp\/v2\/categories?post=95372"},{"taxonomy":"post_tag","embeddable":true,"href":"https:\/\/www.visit-ulcinj.com\/blog\/wp-json\/wp\/v2\/tags?post=95372"}],"curies":[{"name":"wp","href":"https:\/\/api.w.org\/{rel}","templated":true}]}}