{"id":95457,"date":"2016-03-22T00:02:20","date_gmt":"2016-03-21T23:02:20","guid":{"rendered":"http:\/\/www.visit-ulcinj.com\/blog\/?p=95457"},"modified":"2016-03-22T00:02:20","modified_gmt":"2016-03-21T23:02:20","slug":"nik-delosaj-sa-abazovicem-konatarom-osniva-klub-poslanika-alternativa-ura","status":"publish","type":"post","link":"https:\/\/www.visit-ulcinj.com\/blog\/2016\/03\/22\/nik-delosaj-sa-abazovicem-konatarom-osniva-klub-poslanika-alternativa-ura\/","title":{"rendered":"Nik \u0110elo\u0161aj sa Abazovi\u0107em i Konatarom osniva Klub poslanika Alternativa-URA"},"content":{"rendered":"<p><strong> <a href=\"http:\/\/www.visit-ulcinj.com\/blog\/wp-content\/uploads\/2016\/03\/Nik-Djelosaj-Dritan-Abazovic-.jpg\"><img loading=\"lazy\" class=\"alignleft wp-image-95458\" src=\"http:\/\/www.visit-ulcinj.com\/blog\/wp-content\/uploads\/2016\/03\/Nik-Djelosaj-Dritan-Abazovic-.jpg\" alt=\"Nik-Djelosaj-Dritan-Abazovic-\" width=\"508\" height=\"319\" srcset=\"https:\/\/www.visit-ulcinj.com\/blog\/wp-content\/uploads\/2016\/03\/Nik-Djelosaj-Dritan-Abazovic-.jpg 564w, https:\/\/www.visit-ulcinj.com\/blog\/wp-content\/uploads\/2016\/03\/Nik-Djelosaj-Dritan-Abazovic--300x188.jpg 300w\" sizes=\"(max-width: 508px) 100vw, 508px\" \/><\/a>Poslanik Albanske Alternative Nik \u0110elo\u0161aj je rekao da je odluku o napu\u0161tanju Kluba poslanika albanskih partija (Forca, AA), HGI i LP donio nakon niza neprihvatljivih akata i radnji nekih njegovih \u010dlanova, posebno niski nivo saradnje i interakcije izme\u0111u albanskih stranaka u ovom Klubu. On je poru\u010dio da \u0107e narednih dana formirati novi parlamentarni klub Alternativa-URA sa poslanicima Dritanom Abazovi\u0107em i Milo\u0161em Konatarom. <\/strong><\/p>\n<p>\u0110elo\u0161aj je danas poslao predsjedniku Skup\u0161tine Crne Gore Ranku Krivokapi\u0107u odluku da napusti Klub albanskih partijan (Forca, AA), HGI i LP.<\/p>\n<p>\u201eIzrazio sam svoju zabrinutost nedavno u medijima o pitanju nedostatatka saradnje, a to nije moja krivica, ali krivicom Gencija Nimanbegua koji je \u201e\u010dudno\u201c prestao komunicirati sa mnom. Ja sam poslao poruke, e-mailove, i nazvao sam nekoliko puta, ali Nimanbegu nije izrazio nikakvo interesovanje za najmanju saradnju izme\u0111u albanskih politi\u010dkih stranaka zastupljenih u parlamentu\u201c, objasnio je \u0110elo\u0161aj.<\/p>\n<p>Zbog tih i, kako je rekao, mnogih drugih razloga, odlu\u010dio se na ovaj potez.<\/p>\n<p>\u201eJedan od njih je i zahtjev za raspravu o pitanju \u010delnika parlamentarnog Kluba jer je po mom mi\u0161ljenju to mjesto trebalo da pripadne Nimanbeguu, ne zbog zasluga, nego predstavljanja Albanaca u kolegijumu. Stoga, odlu\u010dio sam napustiti parlamentarni Klub, jer smatram da ima ko da brine o zastupljenosti Bo\u0161njaka i Hrvata i da to ne bi trabalo da je briga Force\u201c, naglasio je \u0110elo\u0161aj.<\/p>\n<p>On je poru\u010dio da \u0107e narednih dana formirati novi parlamentarni klub Alternativa-URA sa poslanicima Dritanom Abazovi\u0107em i Milo\u0161em Konatarom. \u0160ef kluba \u0107e biti poslanik Dritan Abazovi\u0107.<\/p>\n<p>\u201eIako izme\u0111u nas ima politi\u010dkih razlika, imamo dosta i zajedni\u010dkog, a pogotovo prostora za promociju Albanaca i njihovog u\u010de\u0161\u0107a u svim sferama dru\u0161tva, jer je Dritan dosta u\u010dinio da se predrasude koje postoje prema Albancima i koje se dokazuju raznim istra\u017eivanjima u dobroj mjeri sru\u0161e i ja to po\u0161tujem. Vjerujem u gra\u0111ansku dr\u017eavu, gdje nema predrasuda i konkretnim rje\u0161enjima mo\u017eemo dokazati to\u201c, zaklju\u010dio je \u0110elo\u0161aj.<\/p>\n<p><strong>Izvor: CDM<\/strong><\/p>\n","protected":false},"excerpt":{"rendered":"<p>Poslanik Albanske Alternative Nik \u0110elo\u0161aj je rekao da je odluku o napu\u0161tanju Kluba poslanika albanskih partija (Forca, AA), HGI i LP donio nakon niza neprihvatljivih akata i radnji nekih njegovih \u010dlanova, posebno niski nivo saradnje i interakcije izme\u0111u albanskih stranaka u ovom Klubu. On je poru\u010dio da \u0107e narednih dana formirati novi parlamentarni klub Alternativa-URA [&hellip;]<\/p>\n","protected":false},"author":1,"featured_media":0,"comment_status":"closed","ping_status":"closed","sticky":false,"template":"","format":"standard","meta":{"spay_email":"","jetpack_publicize_message":"","jetpack_is_tweetstorm":false,"jetpack_publicize_feature_enabled":true},"categories":[6950],"tags":[],"jetpack_publicize_connections":[],"yoast_head":"<!-- This site is optimized with the Yoast SEO plugin v19.1 - https:\/\/yoast.com\/wordpress\/plugins\/seo\/ -->\n<title>Nik \u0110elo\u0161aj sa Abazovi\u0107em i Konatarom osniva Klub poslanika Alternativa-URA - Lajme nga Ulqini<\/title>\n<meta name=\"description\" content=\"Poslanik Albanske Alternative Nik \u0110elo\u0161aj je rekao da je odluku o napu\u0161tanju Kluba poslanika albanskih partija (Forca, AA), HGI i LP donio nakon niza\" \/>\n<meta name=\"robots\" content=\"index, follow, max-snippet:-1, max-image-preview:large, max-video-preview:-1\" \/>\n<link rel=\"canonical\" href=\"https:\/\/www.visit-ulcinj.com\/blog\/2016\/03\/22\/nik-delosaj-sa-abazovicem-konatarom-osniva-klub-poslanika-alternativa-ura\/\" \/>\n<meta property=\"og:locale\" content=\"en_US\" \/>\n<meta property=\"og:type\" content=\"article\" \/>\n<meta property=\"og:title\" content=\"Nik \u0110elo\u0161aj sa Abazovi\u0107em i Konatarom osniva Klub poslanika Alternativa-URA - Lajme nga Ulqini\" \/>\n<meta property=\"og:description\" content=\"Poslanik Albanske Alternative Nik \u0110elo\u0161aj je rekao da je odluku o napu\u0161tanju Kluba poslanika albanskih partija (Forca, AA), HGI i LP donio nakon niza\" \/>\n<meta property=\"og:url\" content=\"https:\/\/www.visit-ulcinj.com\/blog\/2016\/03\/22\/nik-delosaj-sa-abazovicem-konatarom-osniva-klub-poslanika-alternativa-ura\/\" \/>\n<meta property=\"og:site_name\" content=\"Lajme nga Ulqini\" \/>\n<meta property=\"article:published_time\" content=\"2016-03-21T23:02:20+00:00\" \/>\n<meta property=\"og:image\" content=\"http:\/\/www.visit-ulcinj.com\/blog\/wp-content\/uploads\/2016\/03\/Nik-Djelosaj-Dritan-Abazovic-.jpg\" \/>\n<meta name=\"twitter:label1\" content=\"Written by\" \/>\n\t<meta name=\"twitter:data1\" content=\"ulqini\" \/>\n\t<meta name=\"twitter:label2\" content=\"Est. reading time\" \/>\n\t<meta name=\"twitter:data2\" content=\"2 minutes\" \/>\n<script type=\"application\/ld+json\" class=\"yoast-schema-graph\">{\"@context\":\"https:\/\/schema.org\",\"@graph\":[{\"@type\":\"WebSite\",\"@id\":\"https:\/\/www.visit-ulcinj.com\/blog\/#website\",\"url\":\"https:\/\/www.visit-ulcinj.com\/blog\/\",\"name\":\"Lajme nga Ulqini\",\"description\":\"Lajme,Vijesti,Ulqini,Ulqin,Crna Gora,Mali i Zi\",\"potentialAction\":[{\"@type\":\"SearchAction\",\"target\":{\"@type\":\"EntryPoint\",\"urlTemplate\":\"https:\/\/www.visit-ulcinj.com\/blog\/?s={search_term_string}\"},\"query-input\":\"required name=search_term_string\"}],\"inLanguage\":\"en-US\"},{\"@type\":\"ImageObject\",\"inLanguage\":\"en-US\",\"@id\":\"https:\/\/www.visit-ulcinj.com\/blog\/2016\/03\/22\/nik-delosaj-sa-abazovicem-konatarom-osniva-klub-poslanika-alternativa-ura\/#primaryimage\",\"url\":\"https:\/\/www.visit-ulcinj.com\/blog\/wp-content\/uploads\/2016\/03\/Nik-Djelosaj-Dritan-Abazovic-.jpg\",\"contentUrl\":\"https:\/\/www.visit-ulcinj.com\/blog\/wp-content\/uploads\/2016\/03\/Nik-Djelosaj-Dritan-Abazovic-.jpg\",\"width\":564,\"height\":354},{\"@type\":\"WebPage\",\"@id\":\"https:\/\/www.visit-ulcinj.com\/blog\/2016\/03\/22\/nik-delosaj-sa-abazovicem-konatarom-osniva-klub-poslanika-alternativa-ura\/#webpage\",\"url\":\"https:\/\/www.visit-ulcinj.com\/blog\/2016\/03\/22\/nik-delosaj-sa-abazovicem-konatarom-osniva-klub-poslanika-alternativa-ura\/\",\"name\":\"Nik \u0110elo\u0161aj sa Abazovi\u0107em i Konatarom osniva Klub poslanika Alternativa-URA - Lajme nga Ulqini\",\"isPartOf\":{\"@id\":\"https:\/\/www.visit-ulcinj.com\/blog\/#website\"},\"primaryImageOfPage\":{\"@id\":\"https:\/\/www.visit-ulcinj.com\/blog\/2016\/03\/22\/nik-delosaj-sa-abazovicem-konatarom-osniva-klub-poslanika-alternativa-ura\/#primaryimage\"},\"datePublished\":\"2016-03-21T23:02:20+00:00\",\"dateModified\":\"2016-03-21T23:02:20+00:00\",\"author\":{\"@id\":\"https:\/\/www.visit-ulcinj.com\/blog\/#\/schema\/person\/dcab619c614d3038751c63bc2aadc06d\"},\"description\":\"Poslanik Albanske Alternative Nik \u0110elo\u0161aj je rekao da je odluku o napu\u0161tanju Kluba poslanika albanskih partija (Forca, AA), HGI i LP donio nakon niza\",\"breadcrumb\":{\"@id\":\"https:\/\/www.visit-ulcinj.com\/blog\/2016\/03\/22\/nik-delosaj-sa-abazovicem-konatarom-osniva-klub-poslanika-alternativa-ura\/#breadcrumb\"},\"inLanguage\":\"en-US\",\"potentialAction\":[{\"@type\":\"ReadAction\",\"target\":[\"https:\/\/www.visit-ulcinj.com\/blog\/2016\/03\/22\/nik-delosaj-sa-abazovicem-konatarom-osniva-klub-poslanika-alternativa-ura\/\"]}]},{\"@type\":\"BreadcrumbList\",\"@id\":\"https:\/\/www.visit-ulcinj.com\/blog\/2016\/03\/22\/nik-delosaj-sa-abazovicem-konatarom-osniva-klub-poslanika-alternativa-ura\/#breadcrumb\",\"itemListElement\":[{\"@type\":\"ListItem\",\"position\":1,\"name\":\"Nik \u0110elo\u0161aj sa Abazovi\u0107em i Konatarom osniva Klub poslanika Alternativa-URA\"}]},{\"@type\":\"Person\",\"@id\":\"https:\/\/www.visit-ulcinj.com\/blog\/#\/schema\/person\/dcab619c614d3038751c63bc2aadc06d\",\"name\":\"ulqini\",\"sameAs\":[\"http:\/\/www.visit-ulcinj.com\"],\"url\":\"https:\/\/www.visit-ulcinj.com\/blog\/author\/admin\/\"}]}<\/script>\n<!-- \/ Yoast SEO plugin. -->","yoast_head_json":{"title":"Nik \u0110elo\u0161aj sa Abazovi\u0107em i Konatarom osniva Klub poslanika Alternativa-URA - Lajme nga Ulqini","description":"Poslanik Albanske Alternative Nik \u0110elo\u0161aj je rekao da je odluku o napu\u0161tanju Kluba poslanika albanskih partija (Forca, AA), HGI i LP donio nakon niza","robots":{"index":"index","follow":"follow","max-snippet":"max-snippet:-1","max-image-preview":"max-image-preview:large","max-video-preview":"max-video-preview:-1"},"canonical":"https:\/\/www.visit-ulcinj.com\/blog\/2016\/03\/22\/nik-delosaj-sa-abazovicem-konatarom-osniva-klub-poslanika-alternativa-ura\/","og_locale":"en_US","og_type":"article","og_title":"Nik \u0110elo\u0161aj sa Abazovi\u0107em i Konatarom osniva Klub poslanika Alternativa-URA - Lajme nga Ulqini","og_description":"Poslanik Albanske Alternative Nik \u0110elo\u0161aj je rekao da je odluku o napu\u0161tanju Kluba poslanika albanskih partija (Forca, AA), HGI i LP donio nakon niza","og_url":"https:\/\/www.visit-ulcinj.com\/blog\/2016\/03\/22\/nik-delosaj-sa-abazovicem-konatarom-osniva-klub-poslanika-alternativa-ura\/","og_site_name":"Lajme nga Ulqini","article_published_time":"2016-03-21T23:02:20+00:00","og_image":[{"url":"http:\/\/www.visit-ulcinj.com\/blog\/wp-content\/uploads\/2016\/03\/Nik-Djelosaj-Dritan-Abazovic-.jpg"}],"twitter_misc":{"Written by":"ulqini","Est. reading time":"2 minutes"},"schema":{"@context":"https:\/\/schema.org","@graph":[{"@type":"WebSite","@id":"https:\/\/www.visit-ulcinj.com\/blog\/#website","url":"https:\/\/www.visit-ulcinj.com\/blog\/","name":"Lajme nga Ulqini","description":"Lajme,Vijesti,Ulqini,Ulqin,Crna Gora,Mali i Zi","potentialAction":[{"@type":"SearchAction","target":{"@type":"EntryPoint","urlTemplate":"https:\/\/www.visit-ulcinj.com\/blog\/?s={search_term_string}"},"query-input":"required name=search_term_string"}],"inLanguage":"en-US"},{"@type":"ImageObject","inLanguage":"en-US","@id":"https:\/\/www.visit-ulcinj.com\/blog\/2016\/03\/22\/nik-delosaj-sa-abazovicem-konatarom-osniva-klub-poslanika-alternativa-ura\/#primaryimage","url":"https:\/\/www.visit-ulcinj.com\/blog\/wp-content\/uploads\/2016\/03\/Nik-Djelosaj-Dritan-Abazovic-.jpg","contentUrl":"https:\/\/www.visit-ulcinj.com\/blog\/wp-content\/uploads\/2016\/03\/Nik-Djelosaj-Dritan-Abazovic-.jpg","width":564,"height":354},{"@type":"WebPage","@id":"https:\/\/www.visit-ulcinj.com\/blog\/2016\/03\/22\/nik-delosaj-sa-abazovicem-konatarom-osniva-klub-poslanika-alternativa-ura\/#webpage","url":"https:\/\/www.visit-ulcinj.com\/blog\/2016\/03\/22\/nik-delosaj-sa-abazovicem-konatarom-osniva-klub-poslanika-alternativa-ura\/","name":"Nik \u0110elo\u0161aj sa Abazovi\u0107em i Konatarom osniva Klub poslanika Alternativa-URA - Lajme nga Ulqini","isPartOf":{"@id":"https:\/\/www.visit-ulcinj.com\/blog\/#website"},"primaryImageOfPage":{"@id":"https:\/\/www.visit-ulcinj.com\/blog\/2016\/03\/22\/nik-delosaj-sa-abazovicem-konatarom-osniva-klub-poslanika-alternativa-ura\/#primaryimage"},"datePublished":"2016-03-21T23:02:20+00:00","dateModified":"2016-03-21T23:02:20+00:00","author":{"@id":"https:\/\/www.visit-ulcinj.com\/blog\/#\/schema\/person\/dcab619c614d3038751c63bc2aadc06d"},"description":"Poslanik Albanske Alternative Nik \u0110elo\u0161aj je rekao da je odluku o napu\u0161tanju Kluba poslanika albanskih partija (Forca, AA), HGI i LP donio nakon niza","breadcrumb":{"@id":"https:\/\/www.visit-ulcinj.com\/blog\/2016\/03\/22\/nik-delosaj-sa-abazovicem-konatarom-osniva-klub-poslanika-alternativa-ura\/#breadcrumb"},"inLanguage":"en-US","potentialAction":[{"@type":"ReadAction","target":["https:\/\/www.visit-ulcinj.com\/blog\/2016\/03\/22\/nik-delosaj-sa-abazovicem-konatarom-osniva-klub-poslanika-alternativa-ura\/"]}]},{"@type":"BreadcrumbList","@id":"https:\/\/www.visit-ulcinj.com\/blog\/2016\/03\/22\/nik-delosaj-sa-abazovicem-konatarom-osniva-klub-poslanika-alternativa-ura\/#breadcrumb","itemListElement":[{"@type":"ListItem","position":1,"name":"Nik \u0110elo\u0161aj sa Abazovi\u0107em i Konatarom osniva Klub poslanika Alternativa-URA"}]},{"@type":"Person","@id":"https:\/\/www.visit-ulcinj.com\/blog\/#\/schema\/person\/dcab619c614d3038751c63bc2aadc06d","name":"ulqini","sameAs":["http:\/\/www.visit-ulcinj.com"],"url":"https:\/\/www.visit-ulcinj.com\/blog\/author\/admin\/"}]}},"jetpack_featured_media_url":"","jetpack_sharing_enabled":true,"jetpack_shortlink":"https:\/\/wp.me\/pe6lTn-oPD","_links":{"self":[{"href":"https:\/\/www.visit-ulcinj.com\/blog\/wp-json\/wp\/v2\/posts\/95457"}],"collection":[{"href":"https:\/\/www.visit-ulcinj.com\/blog\/wp-json\/wp\/v2\/posts"}],"about":[{"href":"https:\/\/www.visit-ulcinj.com\/blog\/wp-json\/wp\/v2\/types\/post"}],"author":[{"embeddable":true,"href":"https:\/\/www.visit-ulcinj.com\/blog\/wp-json\/wp\/v2\/users\/1"}],"replies":[{"embeddable":true,"href":"https:\/\/www.visit-ulcinj.com\/blog\/wp-json\/wp\/v2\/comments?post=95457"}],"version-history":[{"count":1,"href":"https:\/\/www.visit-ulcinj.com\/blog\/wp-json\/wp\/v2\/posts\/95457\/revisions"}],"predecessor-version":[{"id":95459,"href":"https:\/\/www.visit-ulcinj.com\/blog\/wp-json\/wp\/v2\/posts\/95457\/revisions\/95459"}],"wp:attachment":[{"href":"https:\/\/www.visit-ulcinj.com\/blog\/wp-json\/wp\/v2\/media?parent=95457"}],"wp:term":[{"taxonomy":"category","embeddable":true,"href":"https:\/\/www.visit-ulcinj.com\/blog\/wp-json\/wp\/v2\/categories?post=95457"},{"taxonomy":"post_tag","embeddable":true,"href":"https:\/\/www.visit-ulcinj.com\/blog\/wp-json\/wp\/v2\/tags?post=95457"}],"curies":[{"name":"wp","href":"https:\/\/api.w.org\/{rel}","templated":true}]}}