{"id":95464,"date":"2016-03-22T10:12:55","date_gmt":"2016-03-22T09:12:55","guid":{"rendered":"http:\/\/www.visit-ulcinj.com\/blog\/?p=95464"},"modified":"2016-03-22T10:13:22","modified_gmt":"2016-03-22T09:13:22","slug":"emisioni-portreti-protagoniste-gjylie-muharremi-rapsode-e-folklorit-te-ulqinit","status":"publish","type":"post","link":"https:\/\/www.visit-ulcinj.com\/blog\/2016\/03\/22\/emisioni-portreti-protagoniste-gjylie-muharremi-rapsode-e-folklorit-te-ulqinit\/","title":{"rendered":"Emisioni \u201cPortreti\u201d: Protagoniste Gjylie Muharremi, rapsode e folklorit t\u00eb Ulqinit"},"content":{"rendered":"<p><a href=\"http:\/\/www.visit-ulcinj.com\/blog\/wp-content\/uploads\/2016\/03\/Gjylie-Muharremi-hatixhe-nelaj-tv-teuta.jpg\"><img loading=\"lazy\" class=\"alignleft wp-image-95465\" src=\"http:\/\/www.visit-ulcinj.com\/blog\/wp-content\/uploads\/2016\/03\/Gjylie-Muharremi-hatixhe-nelaj-tv-teuta.jpg\" alt=\"Gjylie Muharremi-hatixhe-nelaj-tv-teuta\" width=\"508\" height=\"243\" srcset=\"https:\/\/www.visit-ulcinj.com\/blog\/wp-content\/uploads\/2016\/03\/Gjylie-Muharremi-hatixhe-nelaj-tv-teuta.jpg 702w, https:\/\/www.visit-ulcinj.com\/blog\/wp-content\/uploads\/2016\/03\/Gjylie-Muharremi-hatixhe-nelaj-tv-teuta-300x144.jpg 300w\" sizes=\"(max-width: 508px) 100vw, 508px\" \/><\/a>Gjylije Sadiku Muharremi, legjenda e gjall\u00eb e k\u00ebng\u00ebs shqiptare, ruajt\u00ebse e tradit\u00ebs muzikore popullore t\u00eb Ulqinit dhe interpretuese e keng\u00ebve t\u00eb vjetra ulqinake e shkodrane, sot 82 vje\u00e7are\u00a0 flet mbi veprimtarin e saj muzikore 60-vje\u00e7are n\u00eb prezenc\u00ebn e moderatores Hatixhe Nelaj gazetare e Tv Teut\u00ebs.<\/p>\n<p><a href=\"http:\/\/www.visit-ulcinj.com\/blog\/wp-content\/uploads\/2011\/12\/gjylije-muharremi.jpg\"><img loading=\"lazy\" class=\"alignleft wp-image-54055\" src=\"http:\/\/www.visit-ulcinj.com\/blog\/wp-content\/uploads\/2011\/12\/gjylije-muharremi.jpg\" alt=\"gjylije-muharremi\" width=\"508\" height=\"546\" srcset=\"https:\/\/www.visit-ulcinj.com\/blog\/wp-content\/uploads\/2011\/12\/gjylije-muharremi.jpg 361w, https:\/\/www.visit-ulcinj.com\/blog\/wp-content\/uploads\/2011\/12\/gjylije-muharremi-279x300.jpg 279w\" sizes=\"(max-width: 508px) 100vw, 508px\" \/><\/a><\/p>\n<p>K\u00ebnga e vallja popullore qytetare, folklori burimor shqiptar n\u00eb trev\u00ebn e Ulqinit jan\u00eb trash\u00ebguar me fanatiz\u00ebm gjeneratave nd\u00ebr vite nga paraardh\u00ebsit e tyre, p\u00ebr ta ruajtur dhe demonstruar k\u00ebt\u00eb fond kulturor me t\u00ebr\u00eb past\u00ebrtin\u00eb dhe origjinalitetin e saj. E si t\u00eb till\u00eb q\u00eb kontribuojn\u00eb p\u00ebr mbajtjen gjall\u00eb t\u00eb kultur\u00ebs n\u00eb qytez\u00ebn e tyre, e sidomos t\u00eb folklorit n\u00eb Shoqat\u00ebn Kulturore t\u00eb Ulqinit.<\/p>\n<p><a href=\"http:\/\/www.visit-ulcinj.com\/blog\/wp-content\/uploads\/2008\/02\/gjylije-muharremi-sadiku_januzi_nexhati.jpg\"><img loading=\"lazy\" class=\"alignleft wp-image-462\" src=\"http:\/\/www.visit-ulcinj.com\/blog\/wp-content\/uploads\/2008\/02\/gjylije-muharremi-sadiku_januzi_nexhati.jpg\" alt=\"Gjylije Muharremi (Sadiku)_januzi_nexhati\" width=\"508\" height=\"478\" \/><\/a><\/p>\n<p>Jo t\u00eb pakta jan\u00eb familje e individ\u00eb q\u00eb kan\u00eb trash\u00ebguar t\u00eb past\u00ebr dhe origjinale k\u00ebng\u00ebn popullore qytetare. K\u00ebtu mund t\u00eb v\u00ebrejm\u00eb familjen Muharremi, si trash\u00ebgues me fanatiz\u00ebm t\u00eb k\u00ebng\u00ebs origjinale. Zonja Gjylije Muharremi \u00ebsht\u00eb nj\u00eb thesar i \u00e7muar me vlera t\u00eb gjalla artistike. N\u00eb fondin e saj muzikor si k\u00ebng\u00ebtare ka nj\u00eb repertor me t\u00eb v\u00ebrtet\u00eb p\u00ebr t\u2019u admiruar. 450 k\u00ebng\u00eb s\u00eb bashku me muzik\u00ebn origjinale jetojn\u00eb t\u00eb gjalla n\u00eb mendjen e z. Gjylije. 450 tekste k\u00ebng\u00ebsh t\u00eb trash\u00ebguara si familje. Mendoj se \u00ebsht\u00eb nj\u00eb thesar me shum\u00eb interes, p\u00ebr radiot lokale, shtet\u00ebrore apo private n\u00eb Mal t\u00eb Zi, p\u00ebr pasurimin e fondit t\u00eb tyre muzikor. Ndon\u00ebse 82 vje\u00e7are ajo \u00ebsht\u00eb bart\u00ebse e nj\u00eb videoklipi dhe nj\u00eb kasete me k\u00ebng\u00eb t\u00eb vjetra popullore qytetare ulqinake, ku vlen t\u00eb p\u00ebrmendet in\u00e7izimit live si dhe trajtimi me shum\u00eb fines\u00eb q\u00eb zonja Gjylije i ka b\u00ebr\u00eb z\u00ebrit t\u00eb saj nd\u00ebr vite.<\/p>\n<p><a href=\"http:\/\/www.visit-ulcinj.com\/blog\/wp-content\/uploads\/2008\/02\/gjylije-dhe-januz-muharremi.jpg\"><img loading=\"lazy\" class=\"alignleft wp-image-463\" src=\"http:\/\/www.visit-ulcinj.com\/blog\/wp-content\/uploads\/2008\/02\/gjylije-dhe-januz-muharremi.jpg\" alt=\"Gjylije dhe Januz  Muharremi \" width=\"508\" height=\"476\" \/><\/a><\/p>\n<p>Gjylije Muharremi \u00ebsht\u00eb nj\u00ebra prej k\u00ebng\u00ebtareve m\u00eb t\u00eb vjetra shqiptare t\u00eb ish-Jugosllavis\u00eb. V\u00ebrsnike me Nexhmije Pagarush\u00ebn, q\u00eb e ka shoqe, ajo ka k\u00ebnduar jo vet\u00ebm n\u00eb Ulqin, por edhe n\u00eb vende t\u00eb tjera dhe ka qen\u00eb \u201can\u00ebtare e folklorit\u201dqysh n\u00eb mosh\u00ebn shtat\u00eb vje\u00e7, kur aq shum\u00eb e p\u00ebrk\u00ebdhelnin prind\u00ebrit q\u00eb nuk i rrojn\u00eb m\u00eb. P\u00ebrve\u00e7se k\u00ebng\u00ebtare q\u00eb ka dal\u00eb t\u00eb k\u00ebndonte para njer\u00ebzve , at\u00ebher\u00eb kur gruaja ulqinake ishte e ndrydhur prej mentaliteteve t\u00eb vjetra, ajo \u00ebsht\u00eb n\u00ebna e nj\u00eb k\u00ebng\u00ebtari t\u00eb njohur n\u00eb Ulqin, q\u00eb quhet Januz Muharremi.<\/p>\n<p><iframe loading=\"lazy\" frameborder=\"0\" width=\"508\" height=\"315\" src=\"\/\/www.dailymotion.com\/embed\/video\/x3y077m?autoPlay=1\" allowfullscreen><\/iframe><\/p>\n","protected":false},"excerpt":{"rendered":"<p>Gjylije Sadiku Muharremi, legjenda e gjall\u00eb e k\u00ebng\u00ebs shqiptare, ruajt\u00ebse e tradit\u00ebs muzikore popullore t\u00eb Ulqinit dhe interpretuese e keng\u00ebve t\u00eb vjetra ulqinake e shkodrane, sot 82 vje\u00e7are\u00a0 flet mbi veprimtarin e saj muzikore 60-vje\u00e7are n\u00eb prezenc\u00ebn e moderatores Hatixhe Nelaj gazetare e Tv Teut\u00ebs. K\u00ebnga e vallja popullore qytetare, folklori burimor shqiptar n\u00eb trev\u00ebn [&hellip;]<\/p>\n","protected":false},"author":1,"featured_media":0,"comment_status":"closed","ping_status":"closed","sticky":false,"template":"","format":"standard","meta":{"spay_email":"","jetpack_publicize_message":"","jetpack_is_tweetstorm":false,"jetpack_publicize_feature_enabled":true},"categories":[5],"tags":[],"jetpack_publicize_connections":[],"yoast_head":"<!-- This site is optimized with the Yoast SEO plugin v19.1 - https:\/\/yoast.com\/wordpress\/plugins\/seo\/ -->\n<title>Emisioni \u201cPortreti\u201d: Protagoniste Gjylie Muharremi, rapsode e folklorit t\u00eb Ulqinit - Lajme nga Ulqini<\/title>\n<meta name=\"description\" content=\"Gjylije Sadiku Muharremi, legjenda e gjall\u00eb e k\u00ebng\u00ebs shqiptare, ruajt\u00ebse e tradit\u00ebs muzikore popullore t\u00eb Ulqinit dhe interpretuese e keng\u00ebve t\u00eb vjetra\" \/>\n<meta name=\"robots\" content=\"index, follow, max-snippet:-1, max-image-preview:large, max-video-preview:-1\" \/>\n<link rel=\"canonical\" href=\"https:\/\/www.visit-ulcinj.com\/blog\/2016\/03\/22\/emisioni-portreti-protagoniste-gjylie-muharremi-rapsode-e-folklorit-te-ulqinit\/\" \/>\n<meta property=\"og:locale\" content=\"en_US\" \/>\n<meta property=\"og:type\" content=\"article\" \/>\n<meta property=\"og:title\" content=\"Emisioni \u201cPortreti\u201d: Protagoniste Gjylie Muharremi, rapsode e folklorit t\u00eb Ulqinit - Lajme nga Ulqini\" \/>\n<meta property=\"og:description\" content=\"Gjylije Sadiku Muharremi, legjenda e gjall\u00eb e k\u00ebng\u00ebs shqiptare, ruajt\u00ebse e tradit\u00ebs muzikore popullore t\u00eb Ulqinit dhe interpretuese e keng\u00ebve t\u00eb vjetra\" \/>\n<meta property=\"og:url\" content=\"https:\/\/www.visit-ulcinj.com\/blog\/2016\/03\/22\/emisioni-portreti-protagoniste-gjylie-muharremi-rapsode-e-folklorit-te-ulqinit\/\" \/>\n<meta property=\"og:site_name\" content=\"Lajme nga Ulqini\" \/>\n<meta property=\"article:published_time\" content=\"2016-03-22T09:12:55+00:00\" \/>\n<meta property=\"article:modified_time\" content=\"2016-03-22T09:13:22+00:00\" \/>\n<meta property=\"og:image\" content=\"http:\/\/www.visit-ulcinj.com\/blog\/wp-content\/uploads\/2016\/03\/Gjylie-Muharremi-hatixhe-nelaj-tv-teuta.jpg\" \/>\n<meta name=\"twitter:label1\" content=\"Written by\" \/>\n\t<meta name=\"twitter:data1\" content=\"ulqini\" \/>\n\t<meta name=\"twitter:label2\" content=\"Est. reading time\" \/>\n\t<meta name=\"twitter:data2\" content=\"2 minutes\" \/>\n<script type=\"application\/ld+json\" class=\"yoast-schema-graph\">{\"@context\":\"https:\/\/schema.org\",\"@graph\":[{\"@type\":\"WebSite\",\"@id\":\"https:\/\/www.visit-ulcinj.com\/blog\/#website\",\"url\":\"https:\/\/www.visit-ulcinj.com\/blog\/\",\"name\":\"Lajme nga Ulqini\",\"description\":\"Lajme,Vijesti,Ulqini,Ulqin,Crna Gora,Mali i Zi\",\"potentialAction\":[{\"@type\":\"SearchAction\",\"target\":{\"@type\":\"EntryPoint\",\"urlTemplate\":\"https:\/\/www.visit-ulcinj.com\/blog\/?s={search_term_string}\"},\"query-input\":\"required name=search_term_string\"}],\"inLanguage\":\"en-US\"},{\"@type\":\"ImageObject\",\"inLanguage\":\"en-US\",\"@id\":\"https:\/\/www.visit-ulcinj.com\/blog\/2016\/03\/22\/emisioni-portreti-protagoniste-gjylie-muharremi-rapsode-e-folklorit-te-ulqinit\/#primaryimage\",\"url\":\"https:\/\/www.visit-ulcinj.com\/blog\/wp-content\/uploads\/2016\/03\/Gjylie-Muharremi-hatixhe-nelaj-tv-teuta.jpg\",\"contentUrl\":\"https:\/\/www.visit-ulcinj.com\/blog\/wp-content\/uploads\/2016\/03\/Gjylie-Muharremi-hatixhe-nelaj-tv-teuta.jpg\",\"width\":702,\"height\":336},{\"@type\":\"WebPage\",\"@id\":\"https:\/\/www.visit-ulcinj.com\/blog\/2016\/03\/22\/emisioni-portreti-protagoniste-gjylie-muharremi-rapsode-e-folklorit-te-ulqinit\/#webpage\",\"url\":\"https:\/\/www.visit-ulcinj.com\/blog\/2016\/03\/22\/emisioni-portreti-protagoniste-gjylie-muharremi-rapsode-e-folklorit-te-ulqinit\/\",\"name\":\"Emisioni \u201cPortreti\u201d: Protagoniste Gjylie Muharremi, rapsode e folklorit t\u00eb Ulqinit - Lajme nga Ulqini\",\"isPartOf\":{\"@id\":\"https:\/\/www.visit-ulcinj.com\/blog\/#website\"},\"primaryImageOfPage\":{\"@id\":\"https:\/\/www.visit-ulcinj.com\/blog\/2016\/03\/22\/emisioni-portreti-protagoniste-gjylie-muharremi-rapsode-e-folklorit-te-ulqinit\/#primaryimage\"},\"datePublished\":\"2016-03-22T09:12:55+00:00\",\"dateModified\":\"2016-03-22T09:13:22+00:00\",\"author\":{\"@id\":\"https:\/\/www.visit-ulcinj.com\/blog\/#\/schema\/person\/dcab619c614d3038751c63bc2aadc06d\"},\"description\":\"Gjylije Sadiku Muharremi, legjenda e gjall\u00eb e k\u00ebng\u00ebs shqiptare, ruajt\u00ebse e tradit\u00ebs muzikore popullore t\u00eb Ulqinit dhe interpretuese e keng\u00ebve t\u00eb vjetra\",\"breadcrumb\":{\"@id\":\"https:\/\/www.visit-ulcinj.com\/blog\/2016\/03\/22\/emisioni-portreti-protagoniste-gjylie-muharremi-rapsode-e-folklorit-te-ulqinit\/#breadcrumb\"},\"inLanguage\":\"en-US\",\"potentialAction\":[{\"@type\":\"ReadAction\",\"target\":[\"https:\/\/www.visit-ulcinj.com\/blog\/2016\/03\/22\/emisioni-portreti-protagoniste-gjylie-muharremi-rapsode-e-folklorit-te-ulqinit\/\"]}]},{\"@type\":\"BreadcrumbList\",\"@id\":\"https:\/\/www.visit-ulcinj.com\/blog\/2016\/03\/22\/emisioni-portreti-protagoniste-gjylie-muharremi-rapsode-e-folklorit-te-ulqinit\/#breadcrumb\",\"itemListElement\":[{\"@type\":\"ListItem\",\"position\":1,\"name\":\"Emisioni \u201cPortreti\u201d: Protagoniste Gjylie Muharremi, rapsode e folklorit t\u00eb Ulqinit\"}]},{\"@type\":\"Person\",\"@id\":\"https:\/\/www.visit-ulcinj.com\/blog\/#\/schema\/person\/dcab619c614d3038751c63bc2aadc06d\",\"name\":\"ulqini\",\"sameAs\":[\"http:\/\/www.visit-ulcinj.com\"],\"url\":\"https:\/\/www.visit-ulcinj.com\/blog\/author\/admin\/\"}]}<\/script>\n<!-- \/ Yoast SEO plugin. -->","yoast_head_json":{"title":"Emisioni \u201cPortreti\u201d: Protagoniste Gjylie Muharremi, rapsode e folklorit t\u00eb Ulqinit - Lajme nga Ulqini","description":"Gjylije Sadiku Muharremi, legjenda e gjall\u00eb e k\u00ebng\u00ebs shqiptare, ruajt\u00ebse e tradit\u00ebs muzikore popullore t\u00eb Ulqinit dhe interpretuese e keng\u00ebve t\u00eb vjetra","robots":{"index":"index","follow":"follow","max-snippet":"max-snippet:-1","max-image-preview":"max-image-preview:large","max-video-preview":"max-video-preview:-1"},"canonical":"https:\/\/www.visit-ulcinj.com\/blog\/2016\/03\/22\/emisioni-portreti-protagoniste-gjylie-muharremi-rapsode-e-folklorit-te-ulqinit\/","og_locale":"en_US","og_type":"article","og_title":"Emisioni \u201cPortreti\u201d: Protagoniste Gjylie Muharremi, rapsode e folklorit t\u00eb Ulqinit - Lajme nga Ulqini","og_description":"Gjylije Sadiku Muharremi, legjenda e gjall\u00eb e k\u00ebng\u00ebs shqiptare, ruajt\u00ebse e tradit\u00ebs muzikore popullore t\u00eb Ulqinit dhe interpretuese e keng\u00ebve t\u00eb vjetra","og_url":"https:\/\/www.visit-ulcinj.com\/blog\/2016\/03\/22\/emisioni-portreti-protagoniste-gjylie-muharremi-rapsode-e-folklorit-te-ulqinit\/","og_site_name":"Lajme nga Ulqini","article_published_time":"2016-03-22T09:12:55+00:00","article_modified_time":"2016-03-22T09:13:22+00:00","og_image":[{"url":"http:\/\/www.visit-ulcinj.com\/blog\/wp-content\/uploads\/2016\/03\/Gjylie-Muharremi-hatixhe-nelaj-tv-teuta.jpg"}],"twitter_misc":{"Written by":"ulqini","Est. reading time":"2 minutes"},"schema":{"@context":"https:\/\/schema.org","@graph":[{"@type":"WebSite","@id":"https:\/\/www.visit-ulcinj.com\/blog\/#website","url":"https:\/\/www.visit-ulcinj.com\/blog\/","name":"Lajme nga Ulqini","description":"Lajme,Vijesti,Ulqini,Ulqin,Crna Gora,Mali i Zi","potentialAction":[{"@type":"SearchAction","target":{"@type":"EntryPoint","urlTemplate":"https:\/\/www.visit-ulcinj.com\/blog\/?s={search_term_string}"},"query-input":"required name=search_term_string"}],"inLanguage":"en-US"},{"@type":"ImageObject","inLanguage":"en-US","@id":"https:\/\/www.visit-ulcinj.com\/blog\/2016\/03\/22\/emisioni-portreti-protagoniste-gjylie-muharremi-rapsode-e-folklorit-te-ulqinit\/#primaryimage","url":"https:\/\/www.visit-ulcinj.com\/blog\/wp-content\/uploads\/2016\/03\/Gjylie-Muharremi-hatixhe-nelaj-tv-teuta.jpg","contentUrl":"https:\/\/www.visit-ulcinj.com\/blog\/wp-content\/uploads\/2016\/03\/Gjylie-Muharremi-hatixhe-nelaj-tv-teuta.jpg","width":702,"height":336},{"@type":"WebPage","@id":"https:\/\/www.visit-ulcinj.com\/blog\/2016\/03\/22\/emisioni-portreti-protagoniste-gjylie-muharremi-rapsode-e-folklorit-te-ulqinit\/#webpage","url":"https:\/\/www.visit-ulcinj.com\/blog\/2016\/03\/22\/emisioni-portreti-protagoniste-gjylie-muharremi-rapsode-e-folklorit-te-ulqinit\/","name":"Emisioni \u201cPortreti\u201d: Protagoniste Gjylie Muharremi, rapsode e folklorit t\u00eb Ulqinit - Lajme nga Ulqini","isPartOf":{"@id":"https:\/\/www.visit-ulcinj.com\/blog\/#website"},"primaryImageOfPage":{"@id":"https:\/\/www.visit-ulcinj.com\/blog\/2016\/03\/22\/emisioni-portreti-protagoniste-gjylie-muharremi-rapsode-e-folklorit-te-ulqinit\/#primaryimage"},"datePublished":"2016-03-22T09:12:55+00:00","dateModified":"2016-03-22T09:13:22+00:00","author":{"@id":"https:\/\/www.visit-ulcinj.com\/blog\/#\/schema\/person\/dcab619c614d3038751c63bc2aadc06d"},"description":"Gjylije Sadiku Muharremi, legjenda e gjall\u00eb e k\u00ebng\u00ebs shqiptare, ruajt\u00ebse e tradit\u00ebs muzikore popullore t\u00eb Ulqinit dhe interpretuese e keng\u00ebve t\u00eb vjetra","breadcrumb":{"@id":"https:\/\/www.visit-ulcinj.com\/blog\/2016\/03\/22\/emisioni-portreti-protagoniste-gjylie-muharremi-rapsode-e-folklorit-te-ulqinit\/#breadcrumb"},"inLanguage":"en-US","potentialAction":[{"@type":"ReadAction","target":["https:\/\/www.visit-ulcinj.com\/blog\/2016\/03\/22\/emisioni-portreti-protagoniste-gjylie-muharremi-rapsode-e-folklorit-te-ulqinit\/"]}]},{"@type":"BreadcrumbList","@id":"https:\/\/www.visit-ulcinj.com\/blog\/2016\/03\/22\/emisioni-portreti-protagoniste-gjylie-muharremi-rapsode-e-folklorit-te-ulqinit\/#breadcrumb","itemListElement":[{"@type":"ListItem","position":1,"name":"Emisioni \u201cPortreti\u201d: Protagoniste Gjylie Muharremi, rapsode e folklorit t\u00eb Ulqinit"}]},{"@type":"Person","@id":"https:\/\/www.visit-ulcinj.com\/blog\/#\/schema\/person\/dcab619c614d3038751c63bc2aadc06d","name":"ulqini","sameAs":["http:\/\/www.visit-ulcinj.com"],"url":"https:\/\/www.visit-ulcinj.com\/blog\/author\/admin\/"}]}},"jetpack_featured_media_url":"","jetpack_sharing_enabled":true,"jetpack_shortlink":"https:\/\/wp.me\/pe6lTn-oPK","_links":{"self":[{"href":"https:\/\/www.visit-ulcinj.com\/blog\/wp-json\/wp\/v2\/posts\/95464"}],"collection":[{"href":"https:\/\/www.visit-ulcinj.com\/blog\/wp-json\/wp\/v2\/posts"}],"about":[{"href":"https:\/\/www.visit-ulcinj.com\/blog\/wp-json\/wp\/v2\/types\/post"}],"author":[{"embeddable":true,"href":"https:\/\/www.visit-ulcinj.com\/blog\/wp-json\/wp\/v2\/users\/1"}],"replies":[{"embeddable":true,"href":"https:\/\/www.visit-ulcinj.com\/blog\/wp-json\/wp\/v2\/comments?post=95464"}],"version-history":[{"count":2,"href":"https:\/\/www.visit-ulcinj.com\/blog\/wp-json\/wp\/v2\/posts\/95464\/revisions"}],"predecessor-version":[{"id":95467,"href":"https:\/\/www.visit-ulcinj.com\/blog\/wp-json\/wp\/v2\/posts\/95464\/revisions\/95467"}],"wp:attachment":[{"href":"https:\/\/www.visit-ulcinj.com\/blog\/wp-json\/wp\/v2\/media?parent=95464"}],"wp:term":[{"taxonomy":"category","embeddable":true,"href":"https:\/\/www.visit-ulcinj.com\/blog\/wp-json\/wp\/v2\/categories?post=95464"},{"taxonomy":"post_tag","embeddable":true,"href":"https:\/\/www.visit-ulcinj.com\/blog\/wp-json\/wp\/v2\/tags?post=95464"}],"curies":[{"name":"wp","href":"https:\/\/api.w.org\/{rel}","templated":true}]}}