{"id":95468,"date":"2016-03-22T17:05:28","date_gmt":"2016-03-22T16:05:28","guid":{"rendered":"http:\/\/www.visit-ulcinj.com\/blog\/?p=95468"},"modified":"2016-03-23T10:23:43","modified_gmt":"2016-03-23T09:23:43","slug":"nuk-dihet-nese-ka-persona-te-lenduar-nga-mali-zi-sidomos-nga-ulqini-ne-bruksel-live","status":"publish","type":"post","link":"https:\/\/www.visit-ulcinj.com\/blog\/2016\/03\/22\/nuk-dihet-nese-ka-persona-te-lenduar-nga-mali-zi-sidomos-nga-ulqini-ne-bruksel-live\/","title":{"rendered":"Nuk dihet n\u00ebse ka persona t\u00eb l\u00ebnduar nga Mali i Zi, sidomos nga Ulqini n\u00eb Bruksel &#8211; LIVE"},"content":{"rendered":"<div class=\"post_content\">\n<p><a href=\"http:\/\/www.visit-ulcinj.com\/blog\/wp-content\/uploads\/2016\/03\/atentati-ne-brusel.jpg\"><img loading=\"lazy\" class=\"alignleft wp-image-95469\" src=\"http:\/\/www.visit-ulcinj.com\/blog\/wp-content\/uploads\/2016\/03\/atentati-ne-brusel.jpg\" alt=\"atentati ne brusel\" width=\"508\" height=\"286\" srcset=\"https:\/\/www.visit-ulcinj.com\/blog\/wp-content\/uploads\/2016\/03\/atentati-ne-brusel.jpg 640w, https:\/\/www.visit-ulcinj.com\/blog\/wp-content\/uploads\/2016\/03\/atentati-ne-brusel-300x169.jpg 300w\" sizes=\"(max-width: 508px) 100vw, 508px\" \/><\/a>N\u00eb m\u00ebngjesin e sot\u00ebm nj\u00eb seri shp\u00ebrthimesh eksplozive e kan\u00eb tronditur Brukselin e Belgjik\u00ebs, n\u00eb t\u00eb cilat, sipas informative t\u00eb fundit, t\u00eb pakt\u00ebn 34 persona kan\u00eb humbur jet\u00ebn, nd\u00ebrkaq dhjet\u00ebra t\u00eb tjer\u00eb jan\u00eb plagosur.<\/p>\n<p>N\u00eb Belgjik\u00eb jeton nj\u00eb num\u00ebr i konsideruesh\u00ebm i shtetasve t\u00eb Malit t\u00eb Zi e sidomos nga qyteti i Ulqinit ku disa persona punojn ne af\u00ebrsi t\u00eb ngjarjeve, por nga Ambasada thon\u00eb q\u00eb deri m\u00eb tani nuk ka ndonj\u00eb informat\u00eb p\u00ebr t\u00eb plagosur ose t\u00eb vdekur dikush nga Mali i Zi.<\/p>\n<p>Ashtu si\u00e7 njoftojn\u00eb p\u00ebr agjensin e lajmeve &#8220;Belga\u201d nga Ambasada e\u00a0 Mali i Zi n\u00eb Bruksel, n\u00ebp\u00ebr qytet vazhdimisht d\u00ebgjohen sirenat e automjeteve t\u00eb policis\u00eb dhe t\u00eb ndihm\u00ebs s\u00eb shpejt, situata \u00ebsht\u00eb e tensionuar.\u00a0Ambasada e\u00a0 Mali i Zi n\u00eb Bruksel ka b\u00ebr\u00eb t\u00eb ditur se deri m\u00eb tani nuk ka t\u00eb dh\u00ebna se n\u00eb mesin e viktimave nuk ka shtetas nga Mali i Zi. .<\/p>\n<p><strong>Kliko ne Video Live<\/strong><\/p>\n<p><iframe loading=\"lazy\" src=\"https:\/\/www.youtube.com\/embed\/RE8vaMgR10c?rel=0&amp;autoplay=1\" width=\"508\" height=\"360\" frameborder=\"0\" allowfullscreen=\"allowfullscreen\"><\/iframe><\/p>\n<\/div>\n","protected":false},"excerpt":{"rendered":"<p>N\u00eb m\u00ebngjesin e sot\u00ebm nj\u00eb seri shp\u00ebrthimesh eksplozive e kan\u00eb tronditur Brukselin e Belgjik\u00ebs, n\u00eb t\u00eb cilat, sipas informative t\u00eb fundit, t\u00eb pakt\u00ebn 34 persona kan\u00eb humbur jet\u00ebn, nd\u00ebrkaq dhjet\u00ebra t\u00eb tjer\u00eb jan\u00eb plagosur. N\u00eb Belgjik\u00eb jeton nj\u00eb num\u00ebr i konsideruesh\u00ebm i shtetasve t\u00eb Malit t\u00eb Zi e sidomos nga qyteti i Ulqinit ku disa [&hellip;]<\/p>\n","protected":false},"author":1,"featured_media":0,"comment_status":"closed","ping_status":"closed","sticky":false,"template":"","format":"standard","meta":{"spay_email":"","jetpack_publicize_message":"","jetpack_is_tweetstorm":false,"jetpack_publicize_feature_enabled":true},"categories":[7,1],"tags":[],"jetpack_publicize_connections":[],"yoast_head":"<!-- This site is optimized with the Yoast SEO plugin v19.1 - https:\/\/yoast.com\/wordpress\/plugins\/seo\/ -->\n<title>Nuk dihet n\u00ebse ka persona t\u00eb l\u00ebnduar nga Mali i Zi, sidomos nga Ulqini n\u00eb Bruksel - LIVE - Lajme nga Ulqini<\/title>\n<meta name=\"description\" content=\"N\u00eb m\u00ebngjesin e sot\u00ebm nj\u00eb seri shp\u00ebrthimesh eksplozive e kan\u00eb tronditur Brukselin e Belgjik\u00ebs, n\u00eb t\u00eb cilat, sipas informative t\u00eb fundit, t\u00eb pakt\u00ebn 34\" \/>\n<meta name=\"robots\" content=\"index, follow, max-snippet:-1, max-image-preview:large, max-video-preview:-1\" \/>\n<link rel=\"canonical\" href=\"https:\/\/www.visit-ulcinj.com\/blog\/2016\/03\/22\/nuk-dihet-nese-ka-persona-te-lenduar-nga-mali-zi-sidomos-nga-ulqini-ne-bruksel-live\/\" \/>\n<meta property=\"og:locale\" content=\"en_US\" \/>\n<meta property=\"og:type\" content=\"article\" \/>\n<meta property=\"og:title\" content=\"Nuk dihet n\u00ebse ka persona t\u00eb l\u00ebnduar nga Mali i Zi, sidomos nga Ulqini n\u00eb Bruksel - LIVE - Lajme nga Ulqini\" \/>\n<meta property=\"og:description\" content=\"N\u00eb m\u00ebngjesin e sot\u00ebm nj\u00eb seri shp\u00ebrthimesh eksplozive e kan\u00eb tronditur Brukselin e Belgjik\u00ebs, n\u00eb t\u00eb cilat, sipas informative t\u00eb fundit, t\u00eb pakt\u00ebn 34\" \/>\n<meta property=\"og:url\" content=\"https:\/\/www.visit-ulcinj.com\/blog\/2016\/03\/22\/nuk-dihet-nese-ka-persona-te-lenduar-nga-mali-zi-sidomos-nga-ulqini-ne-bruksel-live\/\" \/>\n<meta property=\"og:site_name\" content=\"Lajme nga Ulqini\" \/>\n<meta property=\"article:published_time\" content=\"2016-03-22T16:05:28+00:00\" \/>\n<meta property=\"article:modified_time\" content=\"2016-03-23T09:23:43+00:00\" \/>\n<meta property=\"og:image\" content=\"http:\/\/www.visit-ulcinj.com\/blog\/wp-content\/uploads\/2016\/03\/atentati-ne-brusel.jpg\" \/>\n<meta name=\"twitter:label1\" content=\"Written by\" \/>\n\t<meta name=\"twitter:data1\" content=\"ulqini\" \/>\n\t<meta name=\"twitter:label2\" content=\"Est. reading time\" \/>\n\t<meta name=\"twitter:data2\" content=\"1 minute\" \/>\n<script type=\"application\/ld+json\" class=\"yoast-schema-graph\">{\"@context\":\"https:\/\/schema.org\",\"@graph\":[{\"@type\":\"WebSite\",\"@id\":\"https:\/\/www.visit-ulcinj.com\/blog\/#website\",\"url\":\"https:\/\/www.visit-ulcinj.com\/blog\/\",\"name\":\"Lajme nga Ulqini\",\"description\":\"Lajme,Vijesti,Ulqini,Ulqin,Crna Gora,Mali i Zi\",\"potentialAction\":[{\"@type\":\"SearchAction\",\"target\":{\"@type\":\"EntryPoint\",\"urlTemplate\":\"https:\/\/www.visit-ulcinj.com\/blog\/?s={search_term_string}\"},\"query-input\":\"required name=search_term_string\"}],\"inLanguage\":\"en-US\"},{\"@type\":\"ImageObject\",\"inLanguage\":\"en-US\",\"@id\":\"https:\/\/www.visit-ulcinj.com\/blog\/2016\/03\/22\/nuk-dihet-nese-ka-persona-te-lenduar-nga-mali-zi-sidomos-nga-ulqini-ne-bruksel-live\/#primaryimage\",\"url\":\"https:\/\/www.visit-ulcinj.com\/blog\/wp-content\/uploads\/2016\/03\/atentati-ne-brusel.jpg\",\"contentUrl\":\"https:\/\/www.visit-ulcinj.com\/blog\/wp-content\/uploads\/2016\/03\/atentati-ne-brusel.jpg\",\"width\":640,\"height\":360},{\"@type\":\"WebPage\",\"@id\":\"https:\/\/www.visit-ulcinj.com\/blog\/2016\/03\/22\/nuk-dihet-nese-ka-persona-te-lenduar-nga-mali-zi-sidomos-nga-ulqini-ne-bruksel-live\/#webpage\",\"url\":\"https:\/\/www.visit-ulcinj.com\/blog\/2016\/03\/22\/nuk-dihet-nese-ka-persona-te-lenduar-nga-mali-zi-sidomos-nga-ulqini-ne-bruksel-live\/\",\"name\":\"Nuk dihet n\u00ebse ka persona t\u00eb l\u00ebnduar nga Mali i Zi, sidomos nga Ulqini n\u00eb Bruksel - LIVE - Lajme nga Ulqini\",\"isPartOf\":{\"@id\":\"https:\/\/www.visit-ulcinj.com\/blog\/#website\"},\"primaryImageOfPage\":{\"@id\":\"https:\/\/www.visit-ulcinj.com\/blog\/2016\/03\/22\/nuk-dihet-nese-ka-persona-te-lenduar-nga-mali-zi-sidomos-nga-ulqini-ne-bruksel-live\/#primaryimage\"},\"datePublished\":\"2016-03-22T16:05:28+00:00\",\"dateModified\":\"2016-03-23T09:23:43+00:00\",\"author\":{\"@id\":\"https:\/\/www.visit-ulcinj.com\/blog\/#\/schema\/person\/dcab619c614d3038751c63bc2aadc06d\"},\"description\":\"N\u00eb m\u00ebngjesin e sot\u00ebm nj\u00eb seri shp\u00ebrthimesh eksplozive e kan\u00eb tronditur Brukselin e Belgjik\u00ebs, n\u00eb t\u00eb cilat, sipas informative t\u00eb fundit, t\u00eb pakt\u00ebn 34\",\"breadcrumb\":{\"@id\":\"https:\/\/www.visit-ulcinj.com\/blog\/2016\/03\/22\/nuk-dihet-nese-ka-persona-te-lenduar-nga-mali-zi-sidomos-nga-ulqini-ne-bruksel-live\/#breadcrumb\"},\"inLanguage\":\"en-US\",\"potentialAction\":[{\"@type\":\"ReadAction\",\"target\":[\"https:\/\/www.visit-ulcinj.com\/blog\/2016\/03\/22\/nuk-dihet-nese-ka-persona-te-lenduar-nga-mali-zi-sidomos-nga-ulqini-ne-bruksel-live\/\"]}]},{\"@type\":\"BreadcrumbList\",\"@id\":\"https:\/\/www.visit-ulcinj.com\/blog\/2016\/03\/22\/nuk-dihet-nese-ka-persona-te-lenduar-nga-mali-zi-sidomos-nga-ulqini-ne-bruksel-live\/#breadcrumb\",\"itemListElement\":[{\"@type\":\"ListItem\",\"position\":1,\"name\":\"Nuk dihet n\u00ebse ka persona t\u00eb l\u00ebnduar nga Mali i Zi, sidomos nga Ulqini n\u00eb Bruksel &#8211; LIVE\"}]},{\"@type\":\"Person\",\"@id\":\"https:\/\/www.visit-ulcinj.com\/blog\/#\/schema\/person\/dcab619c614d3038751c63bc2aadc06d\",\"name\":\"ulqini\",\"sameAs\":[\"http:\/\/www.visit-ulcinj.com\"],\"url\":\"https:\/\/www.visit-ulcinj.com\/blog\/author\/admin\/\"}]}<\/script>\n<!-- \/ Yoast SEO plugin. -->","yoast_head_json":{"title":"Nuk dihet n\u00ebse ka persona t\u00eb l\u00ebnduar nga Mali i Zi, sidomos nga Ulqini n\u00eb Bruksel - LIVE - Lajme nga Ulqini","description":"N\u00eb m\u00ebngjesin e sot\u00ebm nj\u00eb seri shp\u00ebrthimesh eksplozive e kan\u00eb tronditur Brukselin e Belgjik\u00ebs, n\u00eb t\u00eb cilat, sipas informative t\u00eb fundit, t\u00eb pakt\u00ebn 34","robots":{"index":"index","follow":"follow","max-snippet":"max-snippet:-1","max-image-preview":"max-image-preview:large","max-video-preview":"max-video-preview:-1"},"canonical":"https:\/\/www.visit-ulcinj.com\/blog\/2016\/03\/22\/nuk-dihet-nese-ka-persona-te-lenduar-nga-mali-zi-sidomos-nga-ulqini-ne-bruksel-live\/","og_locale":"en_US","og_type":"article","og_title":"Nuk dihet n\u00ebse ka persona t\u00eb l\u00ebnduar nga Mali i Zi, sidomos nga Ulqini n\u00eb Bruksel - LIVE - Lajme nga Ulqini","og_description":"N\u00eb m\u00ebngjesin e sot\u00ebm nj\u00eb seri shp\u00ebrthimesh eksplozive e kan\u00eb tronditur Brukselin e Belgjik\u00ebs, n\u00eb t\u00eb cilat, sipas informative t\u00eb fundit, t\u00eb pakt\u00ebn 34","og_url":"https:\/\/www.visit-ulcinj.com\/blog\/2016\/03\/22\/nuk-dihet-nese-ka-persona-te-lenduar-nga-mali-zi-sidomos-nga-ulqini-ne-bruksel-live\/","og_site_name":"Lajme nga Ulqini","article_published_time":"2016-03-22T16:05:28+00:00","article_modified_time":"2016-03-23T09:23:43+00:00","og_image":[{"url":"http:\/\/www.visit-ulcinj.com\/blog\/wp-content\/uploads\/2016\/03\/atentati-ne-brusel.jpg"}],"twitter_misc":{"Written by":"ulqini","Est. reading time":"1 minute"},"schema":{"@context":"https:\/\/schema.org","@graph":[{"@type":"WebSite","@id":"https:\/\/www.visit-ulcinj.com\/blog\/#website","url":"https:\/\/www.visit-ulcinj.com\/blog\/","name":"Lajme nga Ulqini","description":"Lajme,Vijesti,Ulqini,Ulqin,Crna Gora,Mali i Zi","potentialAction":[{"@type":"SearchAction","target":{"@type":"EntryPoint","urlTemplate":"https:\/\/www.visit-ulcinj.com\/blog\/?s={search_term_string}"},"query-input":"required name=search_term_string"}],"inLanguage":"en-US"},{"@type":"ImageObject","inLanguage":"en-US","@id":"https:\/\/www.visit-ulcinj.com\/blog\/2016\/03\/22\/nuk-dihet-nese-ka-persona-te-lenduar-nga-mali-zi-sidomos-nga-ulqini-ne-bruksel-live\/#primaryimage","url":"https:\/\/www.visit-ulcinj.com\/blog\/wp-content\/uploads\/2016\/03\/atentati-ne-brusel.jpg","contentUrl":"https:\/\/www.visit-ulcinj.com\/blog\/wp-content\/uploads\/2016\/03\/atentati-ne-brusel.jpg","width":640,"height":360},{"@type":"WebPage","@id":"https:\/\/www.visit-ulcinj.com\/blog\/2016\/03\/22\/nuk-dihet-nese-ka-persona-te-lenduar-nga-mali-zi-sidomos-nga-ulqini-ne-bruksel-live\/#webpage","url":"https:\/\/www.visit-ulcinj.com\/blog\/2016\/03\/22\/nuk-dihet-nese-ka-persona-te-lenduar-nga-mali-zi-sidomos-nga-ulqini-ne-bruksel-live\/","name":"Nuk dihet n\u00ebse ka persona t\u00eb l\u00ebnduar nga Mali i Zi, sidomos nga Ulqini n\u00eb Bruksel - LIVE - Lajme nga Ulqini","isPartOf":{"@id":"https:\/\/www.visit-ulcinj.com\/blog\/#website"},"primaryImageOfPage":{"@id":"https:\/\/www.visit-ulcinj.com\/blog\/2016\/03\/22\/nuk-dihet-nese-ka-persona-te-lenduar-nga-mali-zi-sidomos-nga-ulqini-ne-bruksel-live\/#primaryimage"},"datePublished":"2016-03-22T16:05:28+00:00","dateModified":"2016-03-23T09:23:43+00:00","author":{"@id":"https:\/\/www.visit-ulcinj.com\/blog\/#\/schema\/person\/dcab619c614d3038751c63bc2aadc06d"},"description":"N\u00eb m\u00ebngjesin e sot\u00ebm nj\u00eb seri shp\u00ebrthimesh eksplozive e kan\u00eb tronditur Brukselin e Belgjik\u00ebs, n\u00eb t\u00eb cilat, sipas informative t\u00eb fundit, t\u00eb pakt\u00ebn 34","breadcrumb":{"@id":"https:\/\/www.visit-ulcinj.com\/blog\/2016\/03\/22\/nuk-dihet-nese-ka-persona-te-lenduar-nga-mali-zi-sidomos-nga-ulqini-ne-bruksel-live\/#breadcrumb"},"inLanguage":"en-US","potentialAction":[{"@type":"ReadAction","target":["https:\/\/www.visit-ulcinj.com\/blog\/2016\/03\/22\/nuk-dihet-nese-ka-persona-te-lenduar-nga-mali-zi-sidomos-nga-ulqini-ne-bruksel-live\/"]}]},{"@type":"BreadcrumbList","@id":"https:\/\/www.visit-ulcinj.com\/blog\/2016\/03\/22\/nuk-dihet-nese-ka-persona-te-lenduar-nga-mali-zi-sidomos-nga-ulqini-ne-bruksel-live\/#breadcrumb","itemListElement":[{"@type":"ListItem","position":1,"name":"Nuk dihet n\u00ebse ka persona t\u00eb l\u00ebnduar nga Mali i Zi, sidomos nga Ulqini n\u00eb Bruksel &#8211; LIVE"}]},{"@type":"Person","@id":"https:\/\/www.visit-ulcinj.com\/blog\/#\/schema\/person\/dcab619c614d3038751c63bc2aadc06d","name":"ulqini","sameAs":["http:\/\/www.visit-ulcinj.com"],"url":"https:\/\/www.visit-ulcinj.com\/blog\/author\/admin\/"}]}},"jetpack_featured_media_url":"","jetpack_sharing_enabled":true,"jetpack_shortlink":"https:\/\/wp.me\/pe6lTn-oPO","_links":{"self":[{"href":"https:\/\/www.visit-ulcinj.com\/blog\/wp-json\/wp\/v2\/posts\/95468"}],"collection":[{"href":"https:\/\/www.visit-ulcinj.com\/blog\/wp-json\/wp\/v2\/posts"}],"about":[{"href":"https:\/\/www.visit-ulcinj.com\/blog\/wp-json\/wp\/v2\/types\/post"}],"author":[{"embeddable":true,"href":"https:\/\/www.visit-ulcinj.com\/blog\/wp-json\/wp\/v2\/users\/1"}],"replies":[{"embeddable":true,"href":"https:\/\/www.visit-ulcinj.com\/blog\/wp-json\/wp\/v2\/comments?post=95468"}],"version-history":[{"count":9,"href":"https:\/\/www.visit-ulcinj.com\/blog\/wp-json\/wp\/v2\/posts\/95468\/revisions"}],"predecessor-version":[{"id":95496,"href":"https:\/\/www.visit-ulcinj.com\/blog\/wp-json\/wp\/v2\/posts\/95468\/revisions\/95496"}],"wp:attachment":[{"href":"https:\/\/www.visit-ulcinj.com\/blog\/wp-json\/wp\/v2\/media?parent=95468"}],"wp:term":[{"taxonomy":"category","embeddable":true,"href":"https:\/\/www.visit-ulcinj.com\/blog\/wp-json\/wp\/v2\/categories?post=95468"},{"taxonomy":"post_tag","embeddable":true,"href":"https:\/\/www.visit-ulcinj.com\/blog\/wp-json\/wp\/v2\/tags?post=95468"}],"curies":[{"name":"wp","href":"https:\/\/api.w.org\/{rel}","templated":true}]}}