{"id":95476,"date":"2016-03-22T17:37:14","date_gmt":"2016-03-22T16:37:14","guid":{"rendered":"http:\/\/www.visit-ulcinj.com\/blog\/?p=95476"},"modified":"2016-03-22T17:42:55","modified_gmt":"2016-03-22T16:42:55","slug":"cungu-betohet-bashke-ndryshojme-ulqinin","status":"publish","type":"post","link":"https:\/\/www.visit-ulcinj.com\/blog\/2016\/03\/22\/cungu-betohet-bashke-ndryshojme-ulqinin\/","title":{"rendered":"Cungu betohet: Bashk\u00eb do ndryshojm\u00eb Ulqinin"},"content":{"rendered":"<p><strong><a href=\"http:\/\/www.visit-ulcinj.com\/blog\/wp-content\/uploads\/2016\/03\/Kryetari-i-ri-i-Komun\u00ebs-s\u00eb-Ulqinit-Nazif-Cungu-1.jpg\"><img loading=\"lazy\" class=\"alignleft wp-image-95482\" src=\"http:\/\/www.visit-ulcinj.com\/blog\/wp-content\/uploads\/2016\/03\/Kryetari-i-ri-i-Komun\u00ebs-s\u00eb-Ulqinit-Nazif-Cungu-1.jpg\" alt=\"Kryetari i ri i Komun\u00ebs s\u00eb Ulqinit, Nazif Cungu-1\" width=\"508\" height=\"336\" srcset=\"https:\/\/www.visit-ulcinj.com\/blog\/wp-content\/uploads\/2016\/03\/Kryetari-i-ri-i-Komun\u00ebs-s\u00eb-Ulqinit-Nazif-Cungu-1.jpg 999w, https:\/\/www.visit-ulcinj.com\/blog\/wp-content\/uploads\/2016\/03\/Kryetari-i-ri-i-Komun\u00ebs-s\u00eb-Ulqinit-Nazif-Cungu-1-300x198.jpg 300w\" sizes=\"(max-width: 508px) 100vw, 508px\" \/><\/a>Kryetari i ri i Komun\u00ebs s\u00eb Ulqinit, Nazif Cungu b\u00ebn\u00eb betimin<\/strong><\/p>\n<p>Nn\u00eb Seanc\u00ebn solemne t\u00eb Kuvendit Komunal t\u00eb Ulqinit, Nazif Cungu u zgjodh p\u00ebr Kryetar t\u00eb Komun\u00ebs s\u00eb Ulqinit dhe me k\u00ebt\u00eb rast ai dha betimin para k\u00ebshilltar\u00ebve.<br \/>\nN\u00eb ekspozeun e mbajtur me k\u00ebt\u00eb rast ai theksoi:<\/p>\n<p>Kam nder \u00a0por edhe \u00a0p\u00ebrgjegj\u00ebsi t\u00eb madhe, q\u00eb m\u00eb keni dh\u00ebn\u00eb p\u00ebrs\u00ebri\u00a0besimin \u00a0p\u00ebr t\u00eb qen\u00eb n\u00eb krye t\u00eb Komun\u00ebs, n\u00eb krye t\u00eb qytetit ton\u00eb me nj\u00eb\u00a0trash\u00ebgimi t\u00eb pasur kulturore dhe historike, t\u00eb nj\u00eb qyteti t\u00eb pasur me burime\u00a0natyrore me t\u00eb cilat nuk mund t\u00eb krenohet asnj\u00eb komun\u00eb tjet\u00ebr, dhe t\u00eb\u00a0qytetit q\u00eb \u00ebsht\u00eb gjithmon\u00eb shembull i bashk\u00ebjetes\u00ebs harmonike dhe\u00a0toleranc\u00ebs s\u00eb nd\u00ebrsjellt\u00eb n\u00eb mes qytetar\u00ebve t\u00eb saj.\u00a0Ne jemi t\u00eb vet\u00ebdijsh\u00ebm se, pavar\u00ebsisht prej potencialeve tona\u00a0zhvillimore, situat\u00ebn e v\u00ebshtir\u00eb n\u00eb t\u00eb cil\u00ebn gjendemi nuk mund ta\u00a0kap\u00ebrcejm\u00eb p\u00ebr nj\u00eb koh\u00eb t\u00eb shkurt\u00ebr.\u00a0Megjithat\u00eb, un\u00eb poashtu jam i vet\u00ebdijsh\u00ebm edhe p\u00ebr nj\u00eb fakt tjet\u00ebr, se\u00a0komuna jon\u00eb ka dijeni dhe kapacitetet e nevojshme q\u00eb m\u00eb n\u00eb fund \u00a0qyteti t\u00eb marr drejtimin e duhur.\u00a0P\u00ebr \u00a0te ndryshuar situat\u00ebn dhe t\u00eb kthejm optimizmin, na duhet shum\u00eb\u00a0pun\u00eb dhe nj\u00eb angazhim i pakursyer i t\u00eb gjith\u00eb organeve administrative dhe\u00a0nd\u00ebrmarrjeve publike.<\/p>\n<p>V\u00ebmendjen m\u00eb t\u00eb madhe duhet t&#8217;ia kushtojm\u00eb rinis\u00eb, si n\u00eb arsimimin ashtu edhe n\u00eb \u00a0aft\u00ebsimin profesional t\u00eb saj. Rinia \u00ebsht\u00eb garancia jon\u00eb p\u00ebr\u00a0nj\u00eb t\u00eb ardhme t\u00eb sigurt t\u00eb komun\u00ebs s\u00eb Ulqinit.\u00a0Ne, t\u00eb cil\u00ebt kami marr\u00eb p\u00ebrsip\u00ebr p\u00ebrgjegj\u00ebsin\u00eb p\u00ebr menaxhimin e komun\u00ebs,\u00a0jemi t\u00eb obliguar t\u00eb punojm\u00eb n\u00eb krijimin e kushteve t\u00eb cil\u00ebt p\u00ebr rinin\u00eb dhe t\u00eb\u00a0tjer\u00ebt do t\u00eb hapin vende t\u00eb reja pune, e n\u00eb k\u00ebt\u00eb m\u00ebnyr\u00eb t\u00eb ndalojm\u00eb\u00a0emigrimin e popullit ton\u00eb.\u00a0Duke p\u00ebrmir\u00ebsuar cil\u00ebsin\u00eb e ofert\u00ebs turistike t\u00eb komun\u00ebs, gradualisht do\u00a0t\u00eb b\u00ebjm\u00eb orientimin drejt turizmit t\u00eb \u00a0lart\u00eb, p\u00ebr cka dikur qyteti yn\u00eb ishte i\u00a0njohur n\u00eb bot\u00eb.<\/p>\n<p>Me fillimin e realizimit t\u00eb projekteve t\u00eb m\u00ebdha infrastrukturore, ne do tu\u00a0kthejm\u00eb optimizmin afarist\u00ebve tan\u00eb lokal, t\u00eb cil\u00ebt do t\u00eb ken\u00eb p\u00ebrkrahje pa\u00a0rezerv\u00eb \u00a0dhe n\u00eb t\u00eb nj\u00ebjt\u00ebn koh\u00eb do t\u00eb t\u00ebrheqim edhe investitor\u00ebt e huaj.\u00a0V\u00ebmendje e ve\u00e7ant\u00eb do t&#8217;i kushtohet p\u00ebrmir\u00ebsimit t\u00eb kushteve p\u00ebr\u00a0zhvillimin e bujq\u00ebsis\u00eb.\u00a0Mbrojtja dhe rivitalizimi i burimeve tona natyrore dhe mjedisore do t\u00eb\u00a0jet\u00eb n\u00eb focus te ve\u00e7ant\u00eb i interesit ton\u00eb. Natyrisht, kujdes t\u00eb ve\u00e7ant\u00eb do ti\u00a0kushtojm\u00eb ngritjes dhe cil\u00ebsis\u00eb s\u00eb aktiviteteve kulturore si dhe zhvillimit t\u00eb\u00a0t\u00eb gjith\u00eb llojeve t\u00eb sporteve.\u00a0Do t\u00eb punojm\u00eb n\u00eb m\u00ebnyr\u00eb transparente n\u00eb luft\u00ebn kund\u00ebr korrupsionit dhe\u00a0mos angazhimit e te punesuarve ne secilin sektor.<\/p>\n<p><a href=\"http:\/\/www.visit-ulcinj.com\/blog\/wp-content\/uploads\/2016\/03\/Kryetari-i-ri-i-Komun\u00ebs-s\u00eb-Ulqinit-Nazif-Cungu.jpg\"><img loading=\"lazy\" class=\"alignleft wp-image-95477\" src=\"http:\/\/www.visit-ulcinj.com\/blog\/wp-content\/uploads\/2016\/03\/Kryetari-i-ri-i-Komun\u00ebs-s\u00eb-Ulqinit-Nazif-Cungu.jpg\" alt=\"Kryetari i ri i Komun\u00ebs s\u00eb Ulqinit, Nazif Cungu\" width=\"508\" height=\"308\" srcset=\"https:\/\/www.visit-ulcinj.com\/blog\/wp-content\/uploads\/2016\/03\/Kryetari-i-ri-i-Komun\u00ebs-s\u00eb-Ulqinit-Nazif-Cungu.jpg 999w, https:\/\/www.visit-ulcinj.com\/blog\/wp-content\/uploads\/2016\/03\/Kryetari-i-ri-i-Komun\u00ebs-s\u00eb-Ulqinit-Nazif-Cungu-300x182.jpg 300w\" sizes=\"(max-width: 508px) 100vw, 508px\" \/><\/a><\/p>\n<p>T\u00eb nderuar k\u00ebshilltar\u00eb, un\u00eb jam i vet\u00ebdijsh\u00ebm se ky model i koalicionit t\u00eb\u00a0gjer\u00eb \u00ebsht\u00eb nj\u00eb sfid\u00eb e madhe p\u00ebr t\u00eb gjith\u00eb ne, por un\u00eb jam i bindur se \u00a0kemi t\u00eb nj\u00ebjtin q\u00ebllim, q\u00eb Ulqini m\u00eb n\u00eb fund t\u00eb eci drejt zhvillimit.<\/p>\n<p>\u00c7do arritje pozitive, do t\u00eb jet\u00eb nj\u00eb sukses jo vet\u00ebm i koalicionit q\u00eb ma ka\u00a0besuar k\u00ebt\u00eb post, por edhe i opozit\u00ebs, nga e cila pres kritika dhe sygjerime\u00a0cil\u00ebsore.\u00a0Kjo \u00ebsht\u00eb nj\u00eb mund\u00ebsi dhe nevoj\u00eb p\u00ebr t\u00eb p\u00ebrmir\u00ebsuar nivelin e dialogut\u00a0politik dhe bashk\u00ebpunimin nd\u00ebrmjet t\u00eb gjith\u00eb subjekteve politik\u00eb q\u00eb veprojn\u00eb\u00a0n\u00eb komun\u00ebn e Ulqinit.<\/p>\n<p>Un\u00eb personalisht, si kryetar i komun\u00ebs, do t\u00eb angazhohem maksimalisht\u00a0n\u00eb arritjen e k\u00ebtyre objektivave, si dhe \u00e7do gj\u00ebje q\u00eb mund t\u00eb kontribuoj\u00eb\u00a0n\u00eb gjendjen m\u00eb t\u00eb mir\u00eb t\u00eb qytetit dhe qytetar\u00ebve.\u00a0Do t\u00eb punoj n\u00eb m\u00ebnyr\u00eb t\u00eb palodhur p\u00ebr t\u00eb krijuar nj\u00eb ambijent n\u00eb t\u00eb cilin\u00a0t\u00eb gjith\u00eb qytetar\u00ebt do t\u00eb besojn\u00eb n\u00eb mund\u00ebsin\u00eb e arritjeve t\u00eb d\u00ebshirave dhe\u00a0q\u00ebllimeve t\u00eb veta, kurse miqt\u00eb dhe t\u00eb ftuarit t\u00eb d\u00ebshirojn\u00eb te na vizitojn\u00eb\u00a0p\u00ebrs\u00ebri.<\/p>\n<p>V\u00ebrtetim p\u00ebr vendosm\u00ebrin\u00eb ton\u00eb p\u00ebr t\u00eb ndryshuar gjendjen e\u00a0p\u00ebrgjithshme n\u00eb Ulqin paraqet edhe marr\u00ebveshja e koalicionit e n\u00ebnshkruar\u00a0para disa ditesh.\u00a0Prej sot ne fillojm\u00eb p\u00ebrgatitjet p\u00ebr konsolidimin e situat\u00ebs shum\u00eb t\u00eb\u00a0v\u00ebshtir\u00eb financiare, t\u00eb cil\u00ebn do ju paraqesim shum\u00eb shpejt me\u00a0propozimin e buxhetit p\u00ebr vitin 2016.\u00a0Dhe s\u00eb dyti, prej sot fillojm\u00eb p\u00ebrgatitjet p\u00ebr sezonin e ardhsh\u00ebm turistik, i\u00a0cili tashm\u00eb \u00ebsht\u00eb n\u00eb prag.<\/p>\n<p>T\u00eb nderuar qytetar\u00eb, un\u00eb shpresoj se s\u00eb bashku ne do t\u00eb arrjm\u00eb q\u00eb\u00a0Ulqinit p\u00ebrs\u00ebri ti kthejm\u00eb shk\u00eblqimin e dikursh\u00ebm, dhe ta vendosim\u00a0at\u00eb n\u00eb hart\u00ebn e destinacioneve t\u00eb njohura turistike bot\u00ebrore, aty ku pa\u00a0asnj\u00eb dyshim ka edhe vendin e merituar.<\/p>\n<p>Faleminderit, \u00a0 \u00a0 \u00a0 \u00a0 \u00a0 \u00a0 \u00a0 \u00a0 \u00a0 \u00a0 \u00a0 \u00a0 \u00a0 \u00a0 \u00a0 \u00a0 \u00a0 \u00a021.03.2016 \u00a0 \u00a0 \u00a0 \u00a0 \u00a0 \u00a0 \u00a0 \u00a0 \u00a0 \u00a0 \u00a0 \u00a0 \u00a0 \u00a0 \u00a0 \u00a0Nazif Cungu<\/p>\n<p>&nbsp;<\/p>\n<p>&nbsp;<\/p>\n","protected":false},"excerpt":{"rendered":"<p>Kryetari i ri i Komun\u00ebs s\u00eb Ulqinit, Nazif Cungu b\u00ebn\u00eb betimin Nn\u00eb Seanc\u00ebn solemne t\u00eb Kuvendit Komunal t\u00eb Ulqinit, Nazif Cungu u zgjodh p\u00ebr Kryetar t\u00eb Komun\u00ebs s\u00eb Ulqinit dhe me k\u00ebt\u00eb rast ai dha betimin para k\u00ebshilltar\u00ebve. N\u00eb ekspozeun e mbajtur me k\u00ebt\u00eb rast ai theksoi: Kam nder \u00a0por edhe \u00a0p\u00ebrgjegj\u00ebsi t\u00eb madhe, q\u00eb [&hellip;]<\/p>\n","protected":false},"author":1,"featured_media":0,"comment_status":"closed","ping_status":"closed","sticky":false,"template":"","format":"standard","meta":{"spay_email":"","jetpack_publicize_message":"","jetpack_is_tweetstorm":false,"jetpack_publicize_feature_enabled":true},"categories":[12],"tags":[],"jetpack_publicize_connections":[],"yoast_head":"<!-- This site is optimized with the Yoast SEO plugin v19.1 - https:\/\/yoast.com\/wordpress\/plugins\/seo\/ -->\n<title>Cungu betohet: Bashk\u00eb do ndryshojm\u00eb Ulqinin - Lajme nga Ulqini<\/title>\n<meta name=\"description\" content=\"Kryetari i ri i Komun\u00ebs s\u00eb Ulqinit, Nazif Cungu b\u00ebn\u00eb betimin Nn\u00eb Seanc\u00ebn solemne t\u00eb Kuvendit Komunal t\u00eb Ulqinit, Nazif Cungu u zgjodh p\u00ebr Kryetar t\u00eb\" \/>\n<meta name=\"robots\" content=\"index, follow, max-snippet:-1, max-image-preview:large, max-video-preview:-1\" \/>\n<link rel=\"canonical\" href=\"https:\/\/www.visit-ulcinj.com\/blog\/2016\/03\/22\/cungu-betohet-bashke-ndryshojme-ulqinin\/\" \/>\n<meta property=\"og:locale\" content=\"en_US\" \/>\n<meta property=\"og:type\" content=\"article\" \/>\n<meta property=\"og:title\" content=\"Cungu betohet: Bashk\u00eb do ndryshojm\u00eb Ulqinin - Lajme nga Ulqini\" \/>\n<meta property=\"og:description\" content=\"Kryetari i ri i Komun\u00ebs s\u00eb Ulqinit, Nazif Cungu b\u00ebn\u00eb betimin Nn\u00eb Seanc\u00ebn solemne t\u00eb Kuvendit Komunal t\u00eb Ulqinit, Nazif Cungu u zgjodh p\u00ebr Kryetar t\u00eb\" \/>\n<meta property=\"og:url\" content=\"https:\/\/www.visit-ulcinj.com\/blog\/2016\/03\/22\/cungu-betohet-bashke-ndryshojme-ulqinin\/\" \/>\n<meta property=\"og:site_name\" content=\"Lajme nga Ulqini\" \/>\n<meta property=\"article:published_time\" content=\"2016-03-22T16:37:14+00:00\" \/>\n<meta property=\"article:modified_time\" content=\"2016-03-22T16:42:55+00:00\" \/>\n<meta name=\"twitter:label1\" content=\"Written by\" \/>\n\t<meta name=\"twitter:data1\" content=\"ulqini\" \/>\n\t<meta name=\"twitter:label2\" content=\"Est. reading time\" \/>\n\t<meta name=\"twitter:data2\" content=\"4 minutes\" \/>\n<script type=\"application\/ld+json\" class=\"yoast-schema-graph\">{\"@context\":\"https:\/\/schema.org\",\"@graph\":[{\"@type\":\"WebSite\",\"@id\":\"https:\/\/www.visit-ulcinj.com\/blog\/#website\",\"url\":\"https:\/\/www.visit-ulcinj.com\/blog\/\",\"name\":\"Lajme nga Ulqini\",\"description\":\"Lajme,Vijesti,Ulqini,Ulqin,Crna Gora,Mali i Zi\",\"potentialAction\":[{\"@type\":\"SearchAction\",\"target\":{\"@type\":\"EntryPoint\",\"urlTemplate\":\"https:\/\/www.visit-ulcinj.com\/blog\/?s={search_term_string}\"},\"query-input\":\"required name=search_term_string\"}],\"inLanguage\":\"en-US\"},{\"@type\":\"WebPage\",\"@id\":\"https:\/\/www.visit-ulcinj.com\/blog\/2016\/03\/22\/cungu-betohet-bashke-ndryshojme-ulqinin\/#webpage\",\"url\":\"https:\/\/www.visit-ulcinj.com\/blog\/2016\/03\/22\/cungu-betohet-bashke-ndryshojme-ulqinin\/\",\"name\":\"Cungu betohet: Bashk\u00eb do ndryshojm\u00eb Ulqinin - Lajme nga Ulqini\",\"isPartOf\":{\"@id\":\"https:\/\/www.visit-ulcinj.com\/blog\/#website\"},\"datePublished\":\"2016-03-22T16:37:14+00:00\",\"dateModified\":\"2016-03-22T16:42:55+00:00\",\"author\":{\"@id\":\"https:\/\/www.visit-ulcinj.com\/blog\/#\/schema\/person\/dcab619c614d3038751c63bc2aadc06d\"},\"description\":\"Kryetari i ri i Komun\u00ebs s\u00eb Ulqinit, Nazif Cungu b\u00ebn\u00eb betimin Nn\u00eb Seanc\u00ebn solemne t\u00eb Kuvendit Komunal t\u00eb Ulqinit, Nazif Cungu u zgjodh p\u00ebr Kryetar t\u00eb\",\"breadcrumb\":{\"@id\":\"https:\/\/www.visit-ulcinj.com\/blog\/2016\/03\/22\/cungu-betohet-bashke-ndryshojme-ulqinin\/#breadcrumb\"},\"inLanguage\":\"en-US\",\"potentialAction\":[{\"@type\":\"ReadAction\",\"target\":[\"https:\/\/www.visit-ulcinj.com\/blog\/2016\/03\/22\/cungu-betohet-bashke-ndryshojme-ulqinin\/\"]}]},{\"@type\":\"BreadcrumbList\",\"@id\":\"https:\/\/www.visit-ulcinj.com\/blog\/2016\/03\/22\/cungu-betohet-bashke-ndryshojme-ulqinin\/#breadcrumb\",\"itemListElement\":[{\"@type\":\"ListItem\",\"position\":1,\"name\":\"Cungu betohet: Bashk\u00eb do ndryshojm\u00eb Ulqinin\"}]},{\"@type\":\"Person\",\"@id\":\"https:\/\/www.visit-ulcinj.com\/blog\/#\/schema\/person\/dcab619c614d3038751c63bc2aadc06d\",\"name\":\"ulqini\",\"sameAs\":[\"http:\/\/www.visit-ulcinj.com\"],\"url\":\"https:\/\/www.visit-ulcinj.com\/blog\/author\/admin\/\"}]}<\/script>\n<!-- \/ Yoast SEO plugin. -->","yoast_head_json":{"title":"Cungu betohet: Bashk\u00eb do ndryshojm\u00eb Ulqinin - Lajme nga Ulqini","description":"Kryetari i ri i Komun\u00ebs s\u00eb Ulqinit, Nazif Cungu b\u00ebn\u00eb betimin Nn\u00eb Seanc\u00ebn solemne t\u00eb Kuvendit Komunal t\u00eb Ulqinit, Nazif Cungu u zgjodh p\u00ebr Kryetar t\u00eb","robots":{"index":"index","follow":"follow","max-snippet":"max-snippet:-1","max-image-preview":"max-image-preview:large","max-video-preview":"max-video-preview:-1"},"canonical":"https:\/\/www.visit-ulcinj.com\/blog\/2016\/03\/22\/cungu-betohet-bashke-ndryshojme-ulqinin\/","og_locale":"en_US","og_type":"article","og_title":"Cungu betohet: Bashk\u00eb do ndryshojm\u00eb Ulqinin - Lajme nga Ulqini","og_description":"Kryetari i ri i Komun\u00ebs s\u00eb Ulqinit, Nazif Cungu b\u00ebn\u00eb betimin Nn\u00eb Seanc\u00ebn solemne t\u00eb Kuvendit Komunal t\u00eb Ulqinit, Nazif Cungu u zgjodh p\u00ebr Kryetar t\u00eb","og_url":"https:\/\/www.visit-ulcinj.com\/blog\/2016\/03\/22\/cungu-betohet-bashke-ndryshojme-ulqinin\/","og_site_name":"Lajme nga Ulqini","article_published_time":"2016-03-22T16:37:14+00:00","article_modified_time":"2016-03-22T16:42:55+00:00","twitter_misc":{"Written by":"ulqini","Est. reading time":"4 minutes"},"schema":{"@context":"https:\/\/schema.org","@graph":[{"@type":"WebSite","@id":"https:\/\/www.visit-ulcinj.com\/blog\/#website","url":"https:\/\/www.visit-ulcinj.com\/blog\/","name":"Lajme nga Ulqini","description":"Lajme,Vijesti,Ulqini,Ulqin,Crna Gora,Mali i Zi","potentialAction":[{"@type":"SearchAction","target":{"@type":"EntryPoint","urlTemplate":"https:\/\/www.visit-ulcinj.com\/blog\/?s={search_term_string}"},"query-input":"required name=search_term_string"}],"inLanguage":"en-US"},{"@type":"WebPage","@id":"https:\/\/www.visit-ulcinj.com\/blog\/2016\/03\/22\/cungu-betohet-bashke-ndryshojme-ulqinin\/#webpage","url":"https:\/\/www.visit-ulcinj.com\/blog\/2016\/03\/22\/cungu-betohet-bashke-ndryshojme-ulqinin\/","name":"Cungu betohet: Bashk\u00eb do ndryshojm\u00eb Ulqinin - Lajme nga Ulqini","isPartOf":{"@id":"https:\/\/www.visit-ulcinj.com\/blog\/#website"},"datePublished":"2016-03-22T16:37:14+00:00","dateModified":"2016-03-22T16:42:55+00:00","author":{"@id":"https:\/\/www.visit-ulcinj.com\/blog\/#\/schema\/person\/dcab619c614d3038751c63bc2aadc06d"},"description":"Kryetari i ri i Komun\u00ebs s\u00eb Ulqinit, Nazif Cungu b\u00ebn\u00eb betimin Nn\u00eb Seanc\u00ebn solemne t\u00eb Kuvendit Komunal t\u00eb Ulqinit, Nazif Cungu u zgjodh p\u00ebr Kryetar t\u00eb","breadcrumb":{"@id":"https:\/\/www.visit-ulcinj.com\/blog\/2016\/03\/22\/cungu-betohet-bashke-ndryshojme-ulqinin\/#breadcrumb"},"inLanguage":"en-US","potentialAction":[{"@type":"ReadAction","target":["https:\/\/www.visit-ulcinj.com\/blog\/2016\/03\/22\/cungu-betohet-bashke-ndryshojme-ulqinin\/"]}]},{"@type":"BreadcrumbList","@id":"https:\/\/www.visit-ulcinj.com\/blog\/2016\/03\/22\/cungu-betohet-bashke-ndryshojme-ulqinin\/#breadcrumb","itemListElement":[{"@type":"ListItem","position":1,"name":"Cungu betohet: Bashk\u00eb do ndryshojm\u00eb Ulqinin"}]},{"@type":"Person","@id":"https:\/\/www.visit-ulcinj.com\/blog\/#\/schema\/person\/dcab619c614d3038751c63bc2aadc06d","name":"ulqini","sameAs":["http:\/\/www.visit-ulcinj.com"],"url":"https:\/\/www.visit-ulcinj.com\/blog\/author\/admin\/"}]}},"jetpack_featured_media_url":"","jetpack_sharing_enabled":true,"jetpack_shortlink":"https:\/\/wp.me\/pe6lTn-oPW","_links":{"self":[{"href":"https:\/\/www.visit-ulcinj.com\/blog\/wp-json\/wp\/v2\/posts\/95476"}],"collection":[{"href":"https:\/\/www.visit-ulcinj.com\/blog\/wp-json\/wp\/v2\/posts"}],"about":[{"href":"https:\/\/www.visit-ulcinj.com\/blog\/wp-json\/wp\/v2\/types\/post"}],"author":[{"embeddable":true,"href":"https:\/\/www.visit-ulcinj.com\/blog\/wp-json\/wp\/v2\/users\/1"}],"replies":[{"embeddable":true,"href":"https:\/\/www.visit-ulcinj.com\/blog\/wp-json\/wp\/v2\/comments?post=95476"}],"version-history":[{"count":3,"href":"https:\/\/www.visit-ulcinj.com\/blog\/wp-json\/wp\/v2\/posts\/95476\/revisions"}],"predecessor-version":[{"id":95484,"href":"https:\/\/www.visit-ulcinj.com\/blog\/wp-json\/wp\/v2\/posts\/95476\/revisions\/95484"}],"wp:attachment":[{"href":"https:\/\/www.visit-ulcinj.com\/blog\/wp-json\/wp\/v2\/media?parent=95476"}],"wp:term":[{"taxonomy":"category","embeddable":true,"href":"https:\/\/www.visit-ulcinj.com\/blog\/wp-json\/wp\/v2\/categories?post=95476"},{"taxonomy":"post_tag","embeddable":true,"href":"https:\/\/www.visit-ulcinj.com\/blog\/wp-json\/wp\/v2\/tags?post=95476"}],"curies":[{"name":"wp","href":"https:\/\/api.w.org\/{rel}","templated":true}]}}