{"id":95497,"date":"2016-03-23T10:19:14","date_gmt":"2016-03-23T09:19:14","guid":{"rendered":"http:\/\/www.visit-ulcinj.com\/blog\/?p=95497"},"modified":"2016-03-23T19:38:49","modified_gmt":"2016-03-23T18:38:49","slug":"ibroci-poezi-per-politiken-aktuale-ne-mal-te-zi","status":"publish","type":"post","link":"https:\/\/www.visit-ulcinj.com\/blog\/2016\/03\/23\/ibroci-poezi-per-politiken-aktuale-ne-mal-te-zi\/","title":{"rendered":"Ibro\u00e7i: Poezi p\u00ebr politik\u00ebn aktuale n\u00eb Mal t\u00eb Zi"},"content":{"rendered":"<p dir=\"ltr\"><a href=\"http:\/\/www.visit-ulcinj.com\/blog\/wp-content\/uploads\/2016\/02\/Gezim-Ibroci-.jpg\"><img loading=\"lazy\" class=\"alignleft wp-image-94569\" src=\"http:\/\/www.visit-ulcinj.com\/blog\/wp-content\/uploads\/2016\/02\/Gezim-Ibroci-.jpg\" alt=\"-Gezim- Ibroci-\" width=\"508\" height=\"339\" srcset=\"https:\/\/www.visit-ulcinj.com\/blog\/wp-content\/uploads\/2016\/02\/Gezim-Ibroci-.jpg 960w, https:\/\/www.visit-ulcinj.com\/blog\/wp-content\/uploads\/2016\/02\/Gezim-Ibroci--300x200.jpg 300w\" sizes=\"(max-width: 508px) 100vw, 508px\" \/><\/a>Urime p\u00ebr ju&#8230;. por\u00a0 \u00e7ka p\u00ebr ne ???<\/p>\n<p dir=\"ltr\">U formuat kishe p\u00ebr t\u00eb v\u00ebn\u00eb drejt\u00ebsi<br \/>\nshfryt\u00ebzuat popullin, e mashtruat si f\u00ebmij\u00eb.<br \/>\nPremtimet e nj\u00ebjta p\u00ebr \u00e7do vit t\u00eb ri,<br \/>\npolitikan-babadim\u00ebr\u00a0 faqezi!<\/p>\n<p dir=\"ltr\">N\u00ebse po pyet\u00ebn se me kend e kam,<br \/>\npo t\u00eb flas ty, o shejtan, q\u00eb veten quan politikan!<br \/>\nTash sa vite \u00e7ka po ban?<br \/>\nUn\u00eb dy jet\u00eb nuk i kam !<\/p>\n<p dir=\"ltr\">Votoni shqip, e mori katundari, sheherlia,<br \/>\nn\u00eb fushat\u00eb s&#8217;guxon\u00eb njeriu t\u00eb rri as te shpija!<br \/>\nM\u00eb voto edhe k\u00ebt\u00eb\u00a0 her, un\u00eb t\u00eb bie drita, un\u00eb t\u00eb pun\u00ebsoj!<br \/>\nTa kryej\u00a0 &#8216;at&#8217; pun\u00ebn, asfalt deri te shpija ta shtroj\u00eb!<\/p>\n<p dir=\"ltr\">Nuk u ndal\u00ebt s\u00eb p\u00ebr\u00e7ari,<br \/>\ntuj shty brir\u00ebt kush i pari<br \/>\nKishe ju lidera, eksperta, kryetar\u00eb<br \/>\nPatriota deri n\u00eb Tivar!<\/p>\n<p dir=\"ltr\">A e pyet\u00ebt vehten ju<br \/>\nSa\u00a0 ky vend ka p\u00ebrparu<br \/>\nprej kur n\u00eb sken\u00eb dol\u00ebt ju?<\/p>\n<p dir=\"ltr\">Edhe pse t\u00eb gjitha i kishit n\u00eb dor\u00eb<br \/>\nLideruca,\u00a0 ju hupi rruga n\u00eb oborr!<br \/>\nPasi p\u00ebshtyet nj\u00ebri tjetrin mir\u00eb e mir\u00eb<br \/>\nMe urdh\u00ebr nga &#8216;lart\u00eb&#8217; u soll\u00ebt p\u00ebr t\u00eb l\u00ebpir\u00eb!<\/p>\n<p dir=\"ltr\">Opa&#8230;. e teprova po mendoni me fjalorin<br \/>\nakuzat e ofendimet<br \/>\nPse, a mos vall\u00eb merituat lavd\u00ebrimet!<\/p>\n<p dir=\"ltr\">Ore ju pseudo-politikan\u00eb,<br \/>\nKur rezultat t\u00eb mir\u00eb keni me dhan\u00eb?<br \/>\nUn\u00eb vet\u00ebm nj\u00eb jet\u00eb e kam!<\/p>\n<p dir=\"ltr\">\u00a0Ulqin 22.03.16<\/p>\n","protected":false},"excerpt":{"rendered":"<p>Urime p\u00ebr ju&#8230;. por\u00a0 \u00e7ka p\u00ebr ne ??? U formuat kishe p\u00ebr t\u00eb v\u00ebn\u00eb drejt\u00ebsi shfryt\u00ebzuat popullin, e mashtruat si f\u00ebmij\u00eb. Premtimet e nj\u00ebjta p\u00ebr \u00e7do vit t\u00eb ri, politikan-babadim\u00ebr\u00a0 faqezi! N\u00ebse po pyet\u00ebn se me kend e kam, po t\u00eb flas ty, o shejtan, q\u00eb veten quan politikan! Tash sa vite \u00e7ka po ban? [&hellip;]<\/p>\n","protected":false},"author":1,"featured_media":0,"comment_status":"closed","ping_status":"closed","sticky":false,"template":"","format":"standard","meta":{"spay_email":"","jetpack_publicize_message":"","jetpack_is_tweetstorm":false,"jetpack_publicize_feature_enabled":true},"categories":[1,14249],"tags":[],"jetpack_publicize_connections":[],"yoast_head":"<!-- This site is optimized with the Yoast SEO plugin v19.1 - https:\/\/yoast.com\/wordpress\/plugins\/seo\/ -->\n<title>Ibro\u00e7i: Poezi p\u00ebr politik\u00ebn aktuale n\u00eb Mal t\u00eb Zi - Lajme nga Ulqini<\/title>\n<meta name=\"description\" content=\"Urime p\u00ebr ju.... por\u00a0 \u00e7ka p\u00ebr ne ??? U formuat kishe p\u00ebr t\u00eb v\u00ebn\u00eb drejt\u00ebsi shfryt\u00ebzuat popullin, e mashtruat si f\u00ebmij\u00eb. Premtimet e nj\u00ebjta p\u00ebr \u00e7do vit t\u00eb\" \/>\n<meta name=\"robots\" content=\"index, follow, max-snippet:-1, max-image-preview:large, max-video-preview:-1\" \/>\n<link rel=\"canonical\" href=\"https:\/\/www.visit-ulcinj.com\/blog\/2016\/03\/23\/ibroci-poezi-per-politiken-aktuale-ne-mal-te-zi\/\" \/>\n<meta property=\"og:locale\" content=\"en_US\" \/>\n<meta property=\"og:type\" content=\"article\" \/>\n<meta property=\"og:title\" content=\"Ibro\u00e7i: Poezi p\u00ebr politik\u00ebn aktuale n\u00eb Mal t\u00eb Zi - Lajme nga Ulqini\" \/>\n<meta property=\"og:description\" content=\"Urime p\u00ebr ju.... por\u00a0 \u00e7ka p\u00ebr ne ??? U formuat kishe p\u00ebr t\u00eb v\u00ebn\u00eb drejt\u00ebsi shfryt\u00ebzuat popullin, e mashtruat si f\u00ebmij\u00eb. Premtimet e nj\u00ebjta p\u00ebr \u00e7do vit t\u00eb\" \/>\n<meta property=\"og:url\" content=\"https:\/\/www.visit-ulcinj.com\/blog\/2016\/03\/23\/ibroci-poezi-per-politiken-aktuale-ne-mal-te-zi\/\" \/>\n<meta property=\"og:site_name\" content=\"Lajme nga Ulqini\" \/>\n<meta property=\"article:published_time\" content=\"2016-03-23T09:19:14+00:00\" \/>\n<meta property=\"article:modified_time\" content=\"2016-03-23T18:38:49+00:00\" \/>\n<meta property=\"og:image\" content=\"http:\/\/www.visit-ulcinj.com\/blog\/wp-content\/uploads\/2016\/02\/Gezim-Ibroci-.jpg\" \/>\n<meta name=\"twitter:label1\" content=\"Written by\" \/>\n\t<meta name=\"twitter:data1\" content=\"ulqini\" \/>\n\t<meta name=\"twitter:label2\" content=\"Est. reading time\" \/>\n\t<meta name=\"twitter:data2\" content=\"1 minute\" \/>\n<script type=\"application\/ld+json\" class=\"yoast-schema-graph\">{\"@context\":\"https:\/\/schema.org\",\"@graph\":[{\"@type\":\"WebSite\",\"@id\":\"https:\/\/www.visit-ulcinj.com\/blog\/#website\",\"url\":\"https:\/\/www.visit-ulcinj.com\/blog\/\",\"name\":\"Lajme nga Ulqini\",\"description\":\"Lajme,Vijesti,Ulqini,Ulqin,Crna Gora,Mali i Zi\",\"potentialAction\":[{\"@type\":\"SearchAction\",\"target\":{\"@type\":\"EntryPoint\",\"urlTemplate\":\"https:\/\/www.visit-ulcinj.com\/blog\/?s={search_term_string}\"},\"query-input\":\"required name=search_term_string\"}],\"inLanguage\":\"en-US\"},{\"@type\":\"ImageObject\",\"inLanguage\":\"en-US\",\"@id\":\"https:\/\/www.visit-ulcinj.com\/blog\/2016\/03\/23\/ibroci-poezi-per-politiken-aktuale-ne-mal-te-zi\/#primaryimage\",\"url\":\"https:\/\/www.visit-ulcinj.com\/blog\/wp-content\/uploads\/2016\/02\/Gezim-Ibroci-.jpg\",\"contentUrl\":\"https:\/\/www.visit-ulcinj.com\/blog\/wp-content\/uploads\/2016\/02\/Gezim-Ibroci-.jpg\",\"width\":960,\"height\":640},{\"@type\":\"WebPage\",\"@id\":\"https:\/\/www.visit-ulcinj.com\/blog\/2016\/03\/23\/ibroci-poezi-per-politiken-aktuale-ne-mal-te-zi\/#webpage\",\"url\":\"https:\/\/www.visit-ulcinj.com\/blog\/2016\/03\/23\/ibroci-poezi-per-politiken-aktuale-ne-mal-te-zi\/\",\"name\":\"Ibro\u00e7i: Poezi p\u00ebr politik\u00ebn aktuale n\u00eb Mal t\u00eb Zi - Lajme nga Ulqini\",\"isPartOf\":{\"@id\":\"https:\/\/www.visit-ulcinj.com\/blog\/#website\"},\"primaryImageOfPage\":{\"@id\":\"https:\/\/www.visit-ulcinj.com\/blog\/2016\/03\/23\/ibroci-poezi-per-politiken-aktuale-ne-mal-te-zi\/#primaryimage\"},\"datePublished\":\"2016-03-23T09:19:14+00:00\",\"dateModified\":\"2016-03-23T18:38:49+00:00\",\"author\":{\"@id\":\"https:\/\/www.visit-ulcinj.com\/blog\/#\/schema\/person\/dcab619c614d3038751c63bc2aadc06d\"},\"description\":\"Urime p\u00ebr ju.... por\u00a0 \u00e7ka p\u00ebr ne ??? U formuat kishe p\u00ebr t\u00eb v\u00ebn\u00eb drejt\u00ebsi shfryt\u00ebzuat popullin, e mashtruat si f\u00ebmij\u00eb. Premtimet e nj\u00ebjta p\u00ebr \u00e7do vit t\u00eb\",\"breadcrumb\":{\"@id\":\"https:\/\/www.visit-ulcinj.com\/blog\/2016\/03\/23\/ibroci-poezi-per-politiken-aktuale-ne-mal-te-zi\/#breadcrumb\"},\"inLanguage\":\"en-US\",\"potentialAction\":[{\"@type\":\"ReadAction\",\"target\":[\"https:\/\/www.visit-ulcinj.com\/blog\/2016\/03\/23\/ibroci-poezi-per-politiken-aktuale-ne-mal-te-zi\/\"]}]},{\"@type\":\"BreadcrumbList\",\"@id\":\"https:\/\/www.visit-ulcinj.com\/blog\/2016\/03\/23\/ibroci-poezi-per-politiken-aktuale-ne-mal-te-zi\/#breadcrumb\",\"itemListElement\":[{\"@type\":\"ListItem\",\"position\":1,\"name\":\"Ibro\u00e7i: Poezi p\u00ebr politik\u00ebn aktuale n\u00eb Mal t\u00eb Zi\"}]},{\"@type\":\"Person\",\"@id\":\"https:\/\/www.visit-ulcinj.com\/blog\/#\/schema\/person\/dcab619c614d3038751c63bc2aadc06d\",\"name\":\"ulqini\",\"sameAs\":[\"http:\/\/www.visit-ulcinj.com\"],\"url\":\"https:\/\/www.visit-ulcinj.com\/blog\/author\/admin\/\"}]}<\/script>\n<!-- \/ Yoast SEO plugin. -->","yoast_head_json":{"title":"Ibro\u00e7i: Poezi p\u00ebr politik\u00ebn aktuale n\u00eb Mal t\u00eb Zi - Lajme nga Ulqini","description":"Urime p\u00ebr ju.... por\u00a0 \u00e7ka p\u00ebr ne ??? U formuat kishe p\u00ebr t\u00eb v\u00ebn\u00eb drejt\u00ebsi shfryt\u00ebzuat popullin, e mashtruat si f\u00ebmij\u00eb. Premtimet e nj\u00ebjta p\u00ebr \u00e7do vit t\u00eb","robots":{"index":"index","follow":"follow","max-snippet":"max-snippet:-1","max-image-preview":"max-image-preview:large","max-video-preview":"max-video-preview:-1"},"canonical":"https:\/\/www.visit-ulcinj.com\/blog\/2016\/03\/23\/ibroci-poezi-per-politiken-aktuale-ne-mal-te-zi\/","og_locale":"en_US","og_type":"article","og_title":"Ibro\u00e7i: Poezi p\u00ebr politik\u00ebn aktuale n\u00eb Mal t\u00eb Zi - Lajme nga Ulqini","og_description":"Urime p\u00ebr ju.... por\u00a0 \u00e7ka p\u00ebr ne ??? U formuat kishe p\u00ebr t\u00eb v\u00ebn\u00eb drejt\u00ebsi shfryt\u00ebzuat popullin, e mashtruat si f\u00ebmij\u00eb. Premtimet e nj\u00ebjta p\u00ebr \u00e7do vit t\u00eb","og_url":"https:\/\/www.visit-ulcinj.com\/blog\/2016\/03\/23\/ibroci-poezi-per-politiken-aktuale-ne-mal-te-zi\/","og_site_name":"Lajme nga Ulqini","article_published_time":"2016-03-23T09:19:14+00:00","article_modified_time":"2016-03-23T18:38:49+00:00","og_image":[{"url":"http:\/\/www.visit-ulcinj.com\/blog\/wp-content\/uploads\/2016\/02\/Gezim-Ibroci-.jpg"}],"twitter_misc":{"Written by":"ulqini","Est. reading time":"1 minute"},"schema":{"@context":"https:\/\/schema.org","@graph":[{"@type":"WebSite","@id":"https:\/\/www.visit-ulcinj.com\/blog\/#website","url":"https:\/\/www.visit-ulcinj.com\/blog\/","name":"Lajme nga Ulqini","description":"Lajme,Vijesti,Ulqini,Ulqin,Crna Gora,Mali i Zi","potentialAction":[{"@type":"SearchAction","target":{"@type":"EntryPoint","urlTemplate":"https:\/\/www.visit-ulcinj.com\/blog\/?s={search_term_string}"},"query-input":"required name=search_term_string"}],"inLanguage":"en-US"},{"@type":"ImageObject","inLanguage":"en-US","@id":"https:\/\/www.visit-ulcinj.com\/blog\/2016\/03\/23\/ibroci-poezi-per-politiken-aktuale-ne-mal-te-zi\/#primaryimage","url":"https:\/\/www.visit-ulcinj.com\/blog\/wp-content\/uploads\/2016\/02\/Gezim-Ibroci-.jpg","contentUrl":"https:\/\/www.visit-ulcinj.com\/blog\/wp-content\/uploads\/2016\/02\/Gezim-Ibroci-.jpg","width":960,"height":640},{"@type":"WebPage","@id":"https:\/\/www.visit-ulcinj.com\/blog\/2016\/03\/23\/ibroci-poezi-per-politiken-aktuale-ne-mal-te-zi\/#webpage","url":"https:\/\/www.visit-ulcinj.com\/blog\/2016\/03\/23\/ibroci-poezi-per-politiken-aktuale-ne-mal-te-zi\/","name":"Ibro\u00e7i: Poezi p\u00ebr politik\u00ebn aktuale n\u00eb Mal t\u00eb Zi - Lajme nga Ulqini","isPartOf":{"@id":"https:\/\/www.visit-ulcinj.com\/blog\/#website"},"primaryImageOfPage":{"@id":"https:\/\/www.visit-ulcinj.com\/blog\/2016\/03\/23\/ibroci-poezi-per-politiken-aktuale-ne-mal-te-zi\/#primaryimage"},"datePublished":"2016-03-23T09:19:14+00:00","dateModified":"2016-03-23T18:38:49+00:00","author":{"@id":"https:\/\/www.visit-ulcinj.com\/blog\/#\/schema\/person\/dcab619c614d3038751c63bc2aadc06d"},"description":"Urime p\u00ebr ju.... por\u00a0 \u00e7ka p\u00ebr ne ??? U formuat kishe p\u00ebr t\u00eb v\u00ebn\u00eb drejt\u00ebsi shfryt\u00ebzuat popullin, e mashtruat si f\u00ebmij\u00eb. Premtimet e nj\u00ebjta p\u00ebr \u00e7do vit t\u00eb","breadcrumb":{"@id":"https:\/\/www.visit-ulcinj.com\/blog\/2016\/03\/23\/ibroci-poezi-per-politiken-aktuale-ne-mal-te-zi\/#breadcrumb"},"inLanguage":"en-US","potentialAction":[{"@type":"ReadAction","target":["https:\/\/www.visit-ulcinj.com\/blog\/2016\/03\/23\/ibroci-poezi-per-politiken-aktuale-ne-mal-te-zi\/"]}]},{"@type":"BreadcrumbList","@id":"https:\/\/www.visit-ulcinj.com\/blog\/2016\/03\/23\/ibroci-poezi-per-politiken-aktuale-ne-mal-te-zi\/#breadcrumb","itemListElement":[{"@type":"ListItem","position":1,"name":"Ibro\u00e7i: Poezi p\u00ebr politik\u00ebn aktuale n\u00eb Mal t\u00eb Zi"}]},{"@type":"Person","@id":"https:\/\/www.visit-ulcinj.com\/blog\/#\/schema\/person\/dcab619c614d3038751c63bc2aadc06d","name":"ulqini","sameAs":["http:\/\/www.visit-ulcinj.com"],"url":"https:\/\/www.visit-ulcinj.com\/blog\/author\/admin\/"}]}},"jetpack_featured_media_url":"","jetpack_sharing_enabled":true,"jetpack_shortlink":"https:\/\/wp.me\/pe6lTn-oQh","_links":{"self":[{"href":"https:\/\/www.visit-ulcinj.com\/blog\/wp-json\/wp\/v2\/posts\/95497"}],"collection":[{"href":"https:\/\/www.visit-ulcinj.com\/blog\/wp-json\/wp\/v2\/posts"}],"about":[{"href":"https:\/\/www.visit-ulcinj.com\/blog\/wp-json\/wp\/v2\/types\/post"}],"author":[{"embeddable":true,"href":"https:\/\/www.visit-ulcinj.com\/blog\/wp-json\/wp\/v2\/users\/1"}],"replies":[{"embeddable":true,"href":"https:\/\/www.visit-ulcinj.com\/blog\/wp-json\/wp\/v2\/comments?post=95497"}],"version-history":[{"count":1,"href":"https:\/\/www.visit-ulcinj.com\/blog\/wp-json\/wp\/v2\/posts\/95497\/revisions"}],"predecessor-version":[{"id":95498,"href":"https:\/\/www.visit-ulcinj.com\/blog\/wp-json\/wp\/v2\/posts\/95497\/revisions\/95498"}],"wp:attachment":[{"href":"https:\/\/www.visit-ulcinj.com\/blog\/wp-json\/wp\/v2\/media?parent=95497"}],"wp:term":[{"taxonomy":"category","embeddable":true,"href":"https:\/\/www.visit-ulcinj.com\/blog\/wp-json\/wp\/v2\/categories?post=95497"},{"taxonomy":"post_tag","embeddable":true,"href":"https:\/\/www.visit-ulcinj.com\/blog\/wp-json\/wp\/v2\/tags?post=95497"}],"curies":[{"name":"wp","href":"https:\/\/api.w.org\/{rel}","templated":true}]}}