{"id":95499,"date":"2016-03-23T18:14:15","date_gmt":"2016-03-23T17:14:15","guid":{"rendered":"http:\/\/www.visit-ulcinj.com\/blog\/?p=95499"},"modified":"2016-03-25T18:16:22","modified_gmt":"2016-03-25T17:16:22","slug":"11-16-aprila-ulcinj-domacin-turnira-fed-kupa","status":"publish","type":"post","link":"https:\/\/www.visit-ulcinj.com\/blog\/2016\/03\/23\/11-16-aprila-ulcinj-domacin-turnira-fed-kupa\/","title":{"rendered":"11 &#8211; 16. aprila Ulcinj doma\u0107in turnira FED kupa &#8211; Video"},"content":{"rendered":"<p><strong><a href=\"http:\/\/www.visit-ulcinj.com\/blog\/wp-content\/uploads\/2016\/03\/Fed-cup-Ulcinj.jpg\"><img loading=\"lazy\" class=\"alignleft wp-image-95500\" src=\"http:\/\/www.visit-ulcinj.com\/blog\/wp-content\/uploads\/2016\/03\/Fed-cup-Ulcinj.jpg\" alt=\"Fed-cup-Ulcinj\" width=\"508\" height=\"286\" srcset=\"https:\/\/www.visit-ulcinj.com\/blog\/wp-content\/uploads\/2016\/03\/Fed-cup-Ulcinj.jpg 633w, https:\/\/www.visit-ulcinj.com\/blog\/wp-content\/uploads\/2016\/03\/Fed-cup-Ulcinj-300x169.jpg 300w\" sizes=\"(max-width: 508px) 100vw, 508px\" \/><\/a>Ulcinj \u0107e od 11. do 16. aprila biti doma\u0107in turnira tre\u0107e grupe evro-afri\u010dke zone Federej\u0161en kupa, saop\u0161teno je iz Teniskog saveza Crne Gore (TSCG).<\/strong><\/p>\n<p>Turnir \u0107e okupiti 17 \u017eenskih teniskih reprezentacija, podijeljenih u \u010detiri grupe.<\/p>\n<p>Najavljeno je u\u010de\u0161\u0107e Al\u017eira, Jermenije, Kipra, Gr\u010dke, Islanda, Irske, Kosova, Luksemburga, Makedonije, Madagaskara, Malte, Moldavije, Mozabika, Maroka, Norve\u0161ke, Tunisa i Crne Gore.<\/p>\n<p>Prema propozicijama, pobjedici grupa plasira\u0107e se u polufinale plej-ofa, a uspje\u0161niji timovi izbori\u0107e finale i plasman u vi\u0161i rang.<\/p>\n<p>Predsjednik TSCG-a, Dimitrije Ra\u0161ovi\u0107, kazao je<br \/>\nda je ta asocijacija zahvaljuju\u0107i dobrom radu i organizaciji uspjela dobro da se pozicionira prema Evopskoj i Svjetskoj teniskoj organizaciji.<\/p>\n<p>&#8220;Upravo je i to razlog \u0161to smo tre\u0107i put organizatori presti\u017enog turnira. Siguran sam da \u0107e prote\u0107i, kao i prethodna dva organizovana u Ulcinju, koja su ocijenjena sa najboljom ocjenom. Uspjeli smo i da uspostavimo kontakt sa jednom od najve\u0107ih kompanija u svijetu, Paribas bankom koja zapo\u0161ljava 185 hiljada slu\u017ebenika u vi\u0161e od 20 dr\u017eava svijeta&#8221;, kazao je Ra\u0161ovi\u0107 na konferenciji za novinare.<\/p>\n<p>On je naglasio da je cilj reprezentacije povratak u drugu grupu.<\/p>\n<p>Predsjednik teniskog kluba Belvi, Nazif Cungu, kazao je da mu je drago \u0161to je Ulcinju tre\u0107i put ukazano povjerenje da bude doma\u0107in turnira, navode\u0107i da \u0107e to biti prilika i za promociju tog grada.<\/p>\n<p>&#8220;To je veliko priznanje za na\u0161 sport, grad i nas kao organizatore. Veliko priznanje i od ITF, jer smo prethodna dva puta doobri doma\u0107ini. Nadam se da \u0107emo unaprijediti orgaizatori biti jo\u0161 bolji. To je prilika za promociju, ne samo sporta i tenisa, ve\u0107 i turizma i turisti\u010dkog potencijala Ulcinja i Crne Gore&#8221;, rekao je Cungu.<\/p>\n<p>Selektor Fed kup reprezentacije, Ivan Nikoli\u0107, kazao je da je u\u010de\u0161\u0107e na turniru potvrdila i najbolja crnogorsksa teniserka, Danka Kovini\u0107.<\/p>\n<p>&#8220;Na spisku je i Ana Veselinovi\u0107, koja zbog povrede ove godine nije nastupala na turnirima. Po\u010dela je sa treninzima i nadam se da \u0107e biti spremna do starta Fed kupa. U timu \u0107e biti i dvije juniorke, trenutno najperspektivnija crnogorska teniserka, Anja Dra\u0161kovi\u0107 i Edisa Hot, koja poslije Dra\u0161kovi\u0107 ima najbolji rejting&#8221;, rekao je Nikoli\u0107.<\/p>\n<p>On je kao najozbiljnije konkurente Crnoj Gori za plasman u vi\u0161i rang istakao Tunis, Irsku, Gr\u010dku, Luksemburg i Norve\u0161ku.<\/p>\n<p>&#8220;Sa Dankom Kovini\u0107 u timu imamo ozbiljne \u0161anse za plasman u vi\u0161i rang. Ona ne mo\u017ee sama, treba\u0107e joj pomo\u0107 i ostalih djevojaka u timu&#8221;, kazao je Nikoli\u0107.<\/p>\n<p>Portparol turnira, Armend Mila, naglasio je da je organizacija Fed kupa velika stvar sa promociju turisti\u010dkog potencijala i ponude ne samo Ulcinja, ve\u0107 i Crne Gore.<\/p>\n<p>&#8220;Imamo iskustvo i volju da turnir ove godine organizujemo na jo\u0161 ve\u0107em nivou nego prethodna dva&#8221;, kazao je Mila.<\/p>\n<p>On je najavio da \u0107e TK Belvi, poslije Fed kupa, organizovati jo\u0161 nekoliko me\u0111unarodnih turnira.<\/p>\n<p>&#8220;Organizova\u0107emo ETA turnir Belvi kup do 12 godina, Cungu open do 14, ITF seniors Ulcinj open, ITF junior Montenegro open do 18 godina. U junu \u0107emo ugostiti kamp tenisera iz Rusije i Makdonije&#8221;,kazao je Mila.<\/p>\n<p>RTCG<\/p>\n<!-- vimeo error: not a vimeo video -->\n","protected":false},"excerpt":{"rendered":"<p>Ulcinj \u0107e od 11. do 16. aprila biti doma\u0107in turnira tre\u0107e grupe evro-afri\u010dke zone Federej\u0161en kupa, saop\u0161teno je iz Teniskog saveza Crne Gore (TSCG). Turnir \u0107e okupiti 17 \u017eenskih teniskih reprezentacija, podijeljenih u \u010detiri grupe. Najavljeno je u\u010de\u0161\u0107e Al\u017eira, Jermenije, Kipra, Gr\u010dke, Islanda, Irske, Kosova, Luksemburga, Makedonije, Madagaskara, Malte, Moldavije, Mozabika, Maroka, Norve\u0161ke, Tunisa i [&hellip;]<\/p>\n","protected":false},"author":1,"featured_media":0,"comment_status":"closed","ping_status":"closed","sticky":false,"template":"","format":"standard","meta":{"spay_email":"","jetpack_publicize_message":"","jetpack_is_tweetstorm":false,"jetpack_publicize_feature_enabled":true},"categories":[8337],"tags":[],"jetpack_publicize_connections":[],"yoast_head":"<!-- This site is optimized with the Yoast SEO plugin v19.1 - https:\/\/yoast.com\/wordpress\/plugins\/seo\/ -->\n<title>11 - 16. aprila Ulcinj doma\u0107in turnira FED kupa - Video - Lajme nga Ulqini<\/title>\n<meta name=\"description\" content=\"Ulcinj \u0107e od 11. do 16. aprila biti doma\u0107in turnira tre\u0107e grupe evro-afri\u010dke zone Federej\u0161en kupa, saop\u0161teno je iz Teniskog saveza Crne Gore (TSCG).\" \/>\n<meta name=\"robots\" content=\"index, follow, max-snippet:-1, max-image-preview:large, max-video-preview:-1\" \/>\n<link rel=\"canonical\" href=\"https:\/\/www.visit-ulcinj.com\/blog\/2016\/03\/23\/11-16-aprila-ulcinj-domacin-turnira-fed-kupa\/\" \/>\n<meta property=\"og:locale\" content=\"en_US\" \/>\n<meta property=\"og:type\" content=\"article\" \/>\n<meta property=\"og:title\" content=\"11 - 16. aprila Ulcinj doma\u0107in turnira FED kupa - Video - Lajme nga Ulqini\" \/>\n<meta property=\"og:description\" content=\"Ulcinj \u0107e od 11. do 16. aprila biti doma\u0107in turnira tre\u0107e grupe evro-afri\u010dke zone Federej\u0161en kupa, saop\u0161teno je iz Teniskog saveza Crne Gore (TSCG).\" \/>\n<meta property=\"og:url\" content=\"https:\/\/www.visit-ulcinj.com\/blog\/2016\/03\/23\/11-16-aprila-ulcinj-domacin-turnira-fed-kupa\/\" \/>\n<meta property=\"og:site_name\" content=\"Lajme nga Ulqini\" \/>\n<meta property=\"article:published_time\" content=\"2016-03-23T17:14:15+00:00\" \/>\n<meta property=\"article:modified_time\" content=\"2016-03-25T17:16:22+00:00\" \/>\n<meta property=\"og:image\" content=\"http:\/\/www.visit-ulcinj.com\/blog\/wp-content\/uploads\/2016\/03\/Fed-cup-Ulcinj.jpg\" \/>\n<meta name=\"twitter:label1\" content=\"Written by\" \/>\n\t<meta name=\"twitter:data1\" content=\"ulqini\" \/>\n\t<meta name=\"twitter:label2\" content=\"Est. reading time\" \/>\n\t<meta name=\"twitter:data2\" content=\"3 minutes\" \/>\n<script type=\"application\/ld+json\" class=\"yoast-schema-graph\">{\"@context\":\"https:\/\/schema.org\",\"@graph\":[{\"@type\":\"WebSite\",\"@id\":\"https:\/\/www.visit-ulcinj.com\/blog\/#website\",\"url\":\"https:\/\/www.visit-ulcinj.com\/blog\/\",\"name\":\"Lajme nga Ulqini\",\"description\":\"Lajme,Vijesti,Ulqini,Ulqin,Crna Gora,Mali i Zi\",\"potentialAction\":[{\"@type\":\"SearchAction\",\"target\":{\"@type\":\"EntryPoint\",\"urlTemplate\":\"https:\/\/www.visit-ulcinj.com\/blog\/?s={search_term_string}\"},\"query-input\":\"required name=search_term_string\"}],\"inLanguage\":\"en-US\"},{\"@type\":\"ImageObject\",\"inLanguage\":\"en-US\",\"@id\":\"https:\/\/www.visit-ulcinj.com\/blog\/2016\/03\/23\/11-16-aprila-ulcinj-domacin-turnira-fed-kupa\/#primaryimage\",\"url\":\"https:\/\/www.visit-ulcinj.com\/blog\/wp-content\/uploads\/2016\/03\/Fed-cup-Ulcinj.jpg\",\"contentUrl\":\"https:\/\/www.visit-ulcinj.com\/blog\/wp-content\/uploads\/2016\/03\/Fed-cup-Ulcinj.jpg\",\"width\":633,\"height\":356},{\"@type\":\"WebPage\",\"@id\":\"https:\/\/www.visit-ulcinj.com\/blog\/2016\/03\/23\/11-16-aprila-ulcinj-domacin-turnira-fed-kupa\/#webpage\",\"url\":\"https:\/\/www.visit-ulcinj.com\/blog\/2016\/03\/23\/11-16-aprila-ulcinj-domacin-turnira-fed-kupa\/\",\"name\":\"11 - 16. aprila Ulcinj doma\u0107in turnira FED kupa - Video - Lajme nga Ulqini\",\"isPartOf\":{\"@id\":\"https:\/\/www.visit-ulcinj.com\/blog\/#website\"},\"primaryImageOfPage\":{\"@id\":\"https:\/\/www.visit-ulcinj.com\/blog\/2016\/03\/23\/11-16-aprila-ulcinj-domacin-turnira-fed-kupa\/#primaryimage\"},\"datePublished\":\"2016-03-23T17:14:15+00:00\",\"dateModified\":\"2016-03-25T17:16:22+00:00\",\"author\":{\"@id\":\"https:\/\/www.visit-ulcinj.com\/blog\/#\/schema\/person\/dcab619c614d3038751c63bc2aadc06d\"},\"description\":\"Ulcinj \u0107e od 11. do 16. aprila biti doma\u0107in turnira tre\u0107e grupe evro-afri\u010dke zone Federej\u0161en kupa, saop\u0161teno je iz Teniskog saveza Crne Gore (TSCG).\",\"breadcrumb\":{\"@id\":\"https:\/\/www.visit-ulcinj.com\/blog\/2016\/03\/23\/11-16-aprila-ulcinj-domacin-turnira-fed-kupa\/#breadcrumb\"},\"inLanguage\":\"en-US\",\"potentialAction\":[{\"@type\":\"ReadAction\",\"target\":[\"https:\/\/www.visit-ulcinj.com\/blog\/2016\/03\/23\/11-16-aprila-ulcinj-domacin-turnira-fed-kupa\/\"]}]},{\"@type\":\"BreadcrumbList\",\"@id\":\"https:\/\/www.visit-ulcinj.com\/blog\/2016\/03\/23\/11-16-aprila-ulcinj-domacin-turnira-fed-kupa\/#breadcrumb\",\"itemListElement\":[{\"@type\":\"ListItem\",\"position\":1,\"name\":\"11 &#8211; 16. aprila Ulcinj doma\u0107in turnira FED kupa &#8211; Video\"}]},{\"@type\":\"Person\",\"@id\":\"https:\/\/www.visit-ulcinj.com\/blog\/#\/schema\/person\/dcab619c614d3038751c63bc2aadc06d\",\"name\":\"ulqini\",\"sameAs\":[\"http:\/\/www.visit-ulcinj.com\"],\"url\":\"https:\/\/www.visit-ulcinj.com\/blog\/author\/admin\/\"}]}<\/script>\n<!-- \/ Yoast SEO plugin. -->","yoast_head_json":{"title":"11 - 16. aprila Ulcinj doma\u0107in turnira FED kupa - Video - Lajme nga Ulqini","description":"Ulcinj \u0107e od 11. do 16. aprila biti doma\u0107in turnira tre\u0107e grupe evro-afri\u010dke zone Federej\u0161en kupa, saop\u0161teno je iz Teniskog saveza Crne Gore (TSCG).","robots":{"index":"index","follow":"follow","max-snippet":"max-snippet:-1","max-image-preview":"max-image-preview:large","max-video-preview":"max-video-preview:-1"},"canonical":"https:\/\/www.visit-ulcinj.com\/blog\/2016\/03\/23\/11-16-aprila-ulcinj-domacin-turnira-fed-kupa\/","og_locale":"en_US","og_type":"article","og_title":"11 - 16. aprila Ulcinj doma\u0107in turnira FED kupa - Video - Lajme nga Ulqini","og_description":"Ulcinj \u0107e od 11. do 16. aprila biti doma\u0107in turnira tre\u0107e grupe evro-afri\u010dke zone Federej\u0161en kupa, saop\u0161teno je iz Teniskog saveza Crne Gore (TSCG).","og_url":"https:\/\/www.visit-ulcinj.com\/blog\/2016\/03\/23\/11-16-aprila-ulcinj-domacin-turnira-fed-kupa\/","og_site_name":"Lajme nga Ulqini","article_published_time":"2016-03-23T17:14:15+00:00","article_modified_time":"2016-03-25T17:16:22+00:00","og_image":[{"url":"http:\/\/www.visit-ulcinj.com\/blog\/wp-content\/uploads\/2016\/03\/Fed-cup-Ulcinj.jpg"}],"twitter_misc":{"Written by":"ulqini","Est. reading time":"3 minutes"},"schema":{"@context":"https:\/\/schema.org","@graph":[{"@type":"WebSite","@id":"https:\/\/www.visit-ulcinj.com\/blog\/#website","url":"https:\/\/www.visit-ulcinj.com\/blog\/","name":"Lajme nga Ulqini","description":"Lajme,Vijesti,Ulqini,Ulqin,Crna Gora,Mali i Zi","potentialAction":[{"@type":"SearchAction","target":{"@type":"EntryPoint","urlTemplate":"https:\/\/www.visit-ulcinj.com\/blog\/?s={search_term_string}"},"query-input":"required name=search_term_string"}],"inLanguage":"en-US"},{"@type":"ImageObject","inLanguage":"en-US","@id":"https:\/\/www.visit-ulcinj.com\/blog\/2016\/03\/23\/11-16-aprila-ulcinj-domacin-turnira-fed-kupa\/#primaryimage","url":"https:\/\/www.visit-ulcinj.com\/blog\/wp-content\/uploads\/2016\/03\/Fed-cup-Ulcinj.jpg","contentUrl":"https:\/\/www.visit-ulcinj.com\/blog\/wp-content\/uploads\/2016\/03\/Fed-cup-Ulcinj.jpg","width":633,"height":356},{"@type":"WebPage","@id":"https:\/\/www.visit-ulcinj.com\/blog\/2016\/03\/23\/11-16-aprila-ulcinj-domacin-turnira-fed-kupa\/#webpage","url":"https:\/\/www.visit-ulcinj.com\/blog\/2016\/03\/23\/11-16-aprila-ulcinj-domacin-turnira-fed-kupa\/","name":"11 - 16. aprila Ulcinj doma\u0107in turnira FED kupa - Video - Lajme nga Ulqini","isPartOf":{"@id":"https:\/\/www.visit-ulcinj.com\/blog\/#website"},"primaryImageOfPage":{"@id":"https:\/\/www.visit-ulcinj.com\/blog\/2016\/03\/23\/11-16-aprila-ulcinj-domacin-turnira-fed-kupa\/#primaryimage"},"datePublished":"2016-03-23T17:14:15+00:00","dateModified":"2016-03-25T17:16:22+00:00","author":{"@id":"https:\/\/www.visit-ulcinj.com\/blog\/#\/schema\/person\/dcab619c614d3038751c63bc2aadc06d"},"description":"Ulcinj \u0107e od 11. do 16. aprila biti doma\u0107in turnira tre\u0107e grupe evro-afri\u010dke zone Federej\u0161en kupa, saop\u0161teno je iz Teniskog saveza Crne Gore (TSCG).","breadcrumb":{"@id":"https:\/\/www.visit-ulcinj.com\/blog\/2016\/03\/23\/11-16-aprila-ulcinj-domacin-turnira-fed-kupa\/#breadcrumb"},"inLanguage":"en-US","potentialAction":[{"@type":"ReadAction","target":["https:\/\/www.visit-ulcinj.com\/blog\/2016\/03\/23\/11-16-aprila-ulcinj-domacin-turnira-fed-kupa\/"]}]},{"@type":"BreadcrumbList","@id":"https:\/\/www.visit-ulcinj.com\/blog\/2016\/03\/23\/11-16-aprila-ulcinj-domacin-turnira-fed-kupa\/#breadcrumb","itemListElement":[{"@type":"ListItem","position":1,"name":"11 &#8211; 16. aprila Ulcinj doma\u0107in turnira FED kupa &#8211; Video"}]},{"@type":"Person","@id":"https:\/\/www.visit-ulcinj.com\/blog\/#\/schema\/person\/dcab619c614d3038751c63bc2aadc06d","name":"ulqini","sameAs":["http:\/\/www.visit-ulcinj.com"],"url":"https:\/\/www.visit-ulcinj.com\/blog\/author\/admin\/"}]}},"jetpack_featured_media_url":"","jetpack_sharing_enabled":true,"jetpack_shortlink":"https:\/\/wp.me\/pe6lTn-oQj","_links":{"self":[{"href":"https:\/\/www.visit-ulcinj.com\/blog\/wp-json\/wp\/v2\/posts\/95499"}],"collection":[{"href":"https:\/\/www.visit-ulcinj.com\/blog\/wp-json\/wp\/v2\/posts"}],"about":[{"href":"https:\/\/www.visit-ulcinj.com\/blog\/wp-json\/wp\/v2\/types\/post"}],"author":[{"embeddable":true,"href":"https:\/\/www.visit-ulcinj.com\/blog\/wp-json\/wp\/v2\/users\/1"}],"replies":[{"embeddable":true,"href":"https:\/\/www.visit-ulcinj.com\/blog\/wp-json\/wp\/v2\/comments?post=95499"}],"version-history":[{"count":2,"href":"https:\/\/www.visit-ulcinj.com\/blog\/wp-json\/wp\/v2\/posts\/95499\/revisions"}],"predecessor-version":[{"id":95549,"href":"https:\/\/www.visit-ulcinj.com\/blog\/wp-json\/wp\/v2\/posts\/95499\/revisions\/95549"}],"wp:attachment":[{"href":"https:\/\/www.visit-ulcinj.com\/blog\/wp-json\/wp\/v2\/media?parent=95499"}],"wp:term":[{"taxonomy":"category","embeddable":true,"href":"https:\/\/www.visit-ulcinj.com\/blog\/wp-json\/wp\/v2\/categories?post=95499"},{"taxonomy":"post_tag","embeddable":true,"href":"https:\/\/www.visit-ulcinj.com\/blog\/wp-json\/wp\/v2\/tags?post=95499"}],"curies":[{"name":"wp","href":"https:\/\/api.w.org\/{rel}","templated":true}]}}