{"id":955,"date":"2008-03-18T15:02:39","date_gmt":"2008-03-18T20:02:39","guid":{"rendered":"http:\/\/www.visit-ulcinj.com\/blog\/2008\/03\/18\/masline-ce-brati-nato\/"},"modified":"2008-03-18T15:03:12","modified_gmt":"2008-03-18T20:03:12","slug":"masline-ce-brati-nato","status":"publish","type":"post","link":"https:\/\/www.visit-ulcinj.com\/blog\/2008\/03\/18\/masline-ce-brati-nato\/","title":{"rendered":"Masline ?e brati NATO?"},"content":{"rendered":"<p><a href=\"http:\/\/www.visit-ulcinj.com\/blog\/wp-content\/uploads\/2008\/03\/plazha-e-valdanosit-_3_.jpg\" title=\"Valdanos Bucht_ulcinj.\"><img loading=\"lazy\" src=\"http:\/\/www.visit-ulcinj.com\/blog\/wp-content\/uploads\/2008\/03\/plazha-e-valdanosit-_3_.thumbnail.jpg\" alt=\"Valdanos Bucht_ulcinj.\" align=\"left\" height=\"130\" width=\"200\" \/><\/a><a href=\"http:\/\/www.visit-ulcinj.com\/gallery\/main.php\" title=\"ulcinj,ulqini,ulqin,montenegro\" target=\"_blank\">ULCINJ<\/a> &#8211; <a href=\"http:\/\/www.visit-ulcinj.com\/gallery\/main.php\" title=\"ulcinj,ulqini,ulqin,montenegro\" target=\"_blank\">Uvala Valdanos,<\/a> prepoznatljiva po brojnim i gustim maslinjacima, poslednjih dana ponovo je u centru pa\u017enje ulcinjske javnosti. Iz Nove demokratske snage \u201cForca\u201d, partije koja participira u ulcinjskom parlamentu, prozvali su predsednika Crne Gore Filipa Vujanovi?a zbog \u201cneodgovornog odnosa\u201d prema biv\u0161im vlasnicima maslinjaka. Oni insistiraju na povra?aju imovine koja im je, po sili zakona, oduzeta 1978. godine.<br \/>\nVujanovi?eva ponuda biv\u0161im vlasnicima da oduzeta imanja dobiju u vi\u0161edecenijski zakup uz simboli?nu nadokanadu, koju je izneo tokom izborne kampanje u <a href=\"http:\/\/www.visit-ulcinj.com\/gallery\/main.php\" title=\"ulcinj,ulqini,ulqin,montenegro\" target=\"_blank\">Valdanosu<\/a>, politi?ki je veoma neodogorna, tim pre jer je Zakon o eksproprijaciji jasan u pogledu deeksproprijacije &#8211; smatra potpredsednik \u201cForce\u201d D\u017eaudet Cakuli.<a href=\"http:\/\/www.visit-ulcinj.com\/blog\/wp-content\/uploads\/2008\/03\/dzaudet-cakuli-2.jpg\" title=\"D\u017eaudet Cakuli_ulcinj\"><img loading=\"lazy\" src=\"http:\/\/www.visit-ulcinj.com\/blog\/wp-content\/uploads\/2008\/03\/dzaudet-cakuli-2.thumbnail.jpg\" alt=\"D\u017eaudet Cakuli_ulcinj\" align=\"right\" height=\"195\" width=\"200\" \/><\/a><br \/>\nIz izvora bliskih vladaju?im crnogorskim partijama, saznaje se da nisu daleko od istine i namere da atraktivna uvala, a sa njom i nadaleko ?uveni maslinjaci, postanu baza vojnika NATO.<br \/>\nIna?e, zemlju pod maslinjacima koju sada koristi vojska, pre trideset godina, prilikom eksproprijacije, ustupilo je 205 vlasnika, uz krajnje simboli?nu nadoknadu. JNA je tada pripao deo ulcinjske \u201cMaslinade\u201d sa oko 19.000 stabala, vo?njaci sa suptropskim kulturama i nekoliko stambenih objekata. Na tom prostoru podignut je vojno-rekreativni centar, odmarali\u0161te otvorenog tipa. Tako je izuzetno atraktivna lokacija rampom izolovana od \u017eitelja najju\u017enijeg crnogorskog grada.<br \/>\nSve glasnije, me?utim, govori se i o mogu?oj prodaji ovog kompleksa mo?nim kupcima iz Rusije. <a href=\"http:\/\/www.visit-ulcinj.com\/gallery\/main.php\" title=\"ulcinj,ulqini,ulqin,montenegro\" target=\"_blank\">Ulcinjski<\/a> turisti?ki poslenici koji se tome protive, isti?u da se <a href=\"http:\/\/www.visit-ulcinj.com\/gallery\/main.php\" title=\"ulcinj,ulqini,ulqin,montenegro\" target=\"_blank\"><\/a> u \u201ckombinaciji\u201d sa doma?im potencijalom, mo\u017ee iskoristi za razvoj turizma.<br \/>\nSvoje vi?enje, kada su u pitanju <a href=\"http:\/\/www.visit-ulcinj.com\/gallery\/main.php\" title=\"ulcinj,ulqini,ulqin,montenegro\" target=\"_blank\">Valdanos<\/a> i okolna maslinada, imaju i lokalni ekolozi. Vi\u0161e puta do sada predlagali su da se taj deo ulcinjske op\u0161tine proglasi spomenikom prirode, kao podru?je gde su priroda i ?ovek uobli?ili neprocenjive vrednosti.<br \/>\nNedavno je u Ulcinju otvorena i Kancelarija udru\u017eenja maslinara, ?iji su ?lanovi i osniva?i zatra\u017eili da se maslinjaci u <a href=\"http:\/\/www.visit-ulcinj.com\/gallery\/main.php\" title=\"ulcinj,ulqini,ulqin,montenegro\" target=\"_blank\">Valdanosu<\/a> vrate ranijim vlasnicima.<\/p>\n<p><strong><a href=\"http:\/\/www.novosti.co.yu\/code\/navigate.php?Id=129&amp;status=jedna&amp;vest=118006&amp;datum=2008-03-18\" title=\"ulcinj,ulqini,ulqin,montenegro\" target=\"_blank\">http:\/\/www.novosti.co.yu\/<\/a><\/strong><\/p>\n","protected":false},"excerpt":{"rendered":"<p><img loading=\"lazy\" src=\"http:\/\/www.visit-ulcinj.com\/blog\/wp-content\/uploads\/2008\/03\/plazha-e-valdanosit-_3_.thumbnail.jpg\" alt=\"Valdanos Bucht_ulcinj.\" align=\"left\" height=\"140\" width=\"140\" \/><\/p>\n","protected":false},"author":1,"featured_media":0,"comment_status":"open","ping_status":"closed","sticky":false,"template":"","format":"standard","meta":{"spay_email":"","jetpack_publicize_message":"","jetpack_is_tweetstorm":false,"jetpack_publicize_feature_enabled":true},"categories":[14,12],"tags":[],"jetpack_publicize_connections":[],"yoast_head":"<!-- This site is optimized with the Yoast SEO plugin v19.1 - https:\/\/yoast.com\/wordpress\/plugins\/seo\/ -->\n<title>Masline ?e brati NATO? - Lajme nga Ulqini<\/title>\n<meta name=\"robots\" content=\"index, follow, max-snippet:-1, max-image-preview:large, max-video-preview:-1\" \/>\n<link rel=\"canonical\" href=\"https:\/\/www.visit-ulcinj.com\/blog\/2008\/03\/18\/masline-ce-brati-nato\/\" \/>\n<meta property=\"og:locale\" content=\"en_US\" \/>\n<meta property=\"og:type\" content=\"article\" \/>\n<meta property=\"og:title\" content=\"Masline ?e brati NATO? - Lajme nga Ulqini\" \/>\n<meta property=\"og:url\" content=\"https:\/\/www.visit-ulcinj.com\/blog\/2008\/03\/18\/masline-ce-brati-nato\/\" \/>\n<meta property=\"og:site_name\" content=\"Lajme nga Ulqini\" \/>\n<meta property=\"article:published_time\" content=\"2008-03-18T20:02:39+00:00\" \/>\n<meta property=\"article:modified_time\" content=\"2008-03-18T20:03:12+00:00\" \/>\n<meta property=\"og:image\" content=\"http:\/\/www.visit-ulcinj.com\/blog\/wp-content\/uploads\/2008\/03\/plazha-e-valdanosit-_3_.thumbnail.jpg\" \/>\n<meta name=\"twitter:label1\" content=\"Written by\" \/>\n\t<meta name=\"twitter:data1\" content=\"ulqini\" \/>\n\t<meta name=\"twitter:label2\" content=\"Est. reading time\" \/>\n\t<meta name=\"twitter:data2\" content=\"2 minutes\" \/>\n<script type=\"application\/ld+json\" class=\"yoast-schema-graph\">{\"@context\":\"https:\/\/schema.org\",\"@graph\":[{\"@type\":\"WebSite\",\"@id\":\"https:\/\/www.visit-ulcinj.com\/blog\/#website\",\"url\":\"https:\/\/www.visit-ulcinj.com\/blog\/\",\"name\":\"Lajme nga Ulqini\",\"description\":\"Lajme,Vijesti,Ulqini,Ulqin,Crna Gora,Mali i Zi\",\"potentialAction\":[{\"@type\":\"SearchAction\",\"target\":{\"@type\":\"EntryPoint\",\"urlTemplate\":\"https:\/\/www.visit-ulcinj.com\/blog\/?s={search_term_string}\"},\"query-input\":\"required name=search_term_string\"}],\"inLanguage\":\"en-US\"},{\"@type\":\"ImageObject\",\"inLanguage\":\"en-US\",\"@id\":\"https:\/\/www.visit-ulcinj.com\/blog\/2008\/03\/18\/masline-ce-brati-nato\/#primaryimage\",\"url\":\"http:\/\/www.visit-ulcinj.com\/blog\/wp-content\/uploads\/2008\/03\/plazha-e-valdanosit-_3_.thumbnail.jpg\",\"contentUrl\":\"http:\/\/www.visit-ulcinj.com\/blog\/wp-content\/uploads\/2008\/03\/plazha-e-valdanosit-_3_.thumbnail.jpg\"},{\"@type\":\"WebPage\",\"@id\":\"https:\/\/www.visit-ulcinj.com\/blog\/2008\/03\/18\/masline-ce-brati-nato\/#webpage\",\"url\":\"https:\/\/www.visit-ulcinj.com\/blog\/2008\/03\/18\/masline-ce-brati-nato\/\",\"name\":\"Masline ?e brati NATO? - Lajme nga Ulqini\",\"isPartOf\":{\"@id\":\"https:\/\/www.visit-ulcinj.com\/blog\/#website\"},\"primaryImageOfPage\":{\"@id\":\"https:\/\/www.visit-ulcinj.com\/blog\/2008\/03\/18\/masline-ce-brati-nato\/#primaryimage\"},\"datePublished\":\"2008-03-18T20:02:39+00:00\",\"dateModified\":\"2008-03-18T20:03:12+00:00\",\"author\":{\"@id\":\"https:\/\/www.visit-ulcinj.com\/blog\/#\/schema\/person\/dcab619c614d3038751c63bc2aadc06d\"},\"breadcrumb\":{\"@id\":\"https:\/\/www.visit-ulcinj.com\/blog\/2008\/03\/18\/masline-ce-brati-nato\/#breadcrumb\"},\"inLanguage\":\"en-US\",\"potentialAction\":[{\"@type\":\"ReadAction\",\"target\":[\"https:\/\/www.visit-ulcinj.com\/blog\/2008\/03\/18\/masline-ce-brati-nato\/\"]}]},{\"@type\":\"BreadcrumbList\",\"@id\":\"https:\/\/www.visit-ulcinj.com\/blog\/2008\/03\/18\/masline-ce-brati-nato\/#breadcrumb\",\"itemListElement\":[{\"@type\":\"ListItem\",\"position\":1,\"name\":\"Masline ?e brati NATO?\"}]},{\"@type\":\"Person\",\"@id\":\"https:\/\/www.visit-ulcinj.com\/blog\/#\/schema\/person\/dcab619c614d3038751c63bc2aadc06d\",\"name\":\"ulqini\",\"sameAs\":[\"http:\/\/www.visit-ulcinj.com\"],\"url\":\"https:\/\/www.visit-ulcinj.com\/blog\/author\/admin\/\"}]}<\/script>\n<!-- \/ Yoast SEO plugin. -->","yoast_head_json":{"title":"Masline ?e brati NATO? - Lajme nga Ulqini","robots":{"index":"index","follow":"follow","max-snippet":"max-snippet:-1","max-image-preview":"max-image-preview:large","max-video-preview":"max-video-preview:-1"},"canonical":"https:\/\/www.visit-ulcinj.com\/blog\/2008\/03\/18\/masline-ce-brati-nato\/","og_locale":"en_US","og_type":"article","og_title":"Masline ?e brati NATO? - Lajme nga Ulqini","og_url":"https:\/\/www.visit-ulcinj.com\/blog\/2008\/03\/18\/masline-ce-brati-nato\/","og_site_name":"Lajme nga Ulqini","article_published_time":"2008-03-18T20:02:39+00:00","article_modified_time":"2008-03-18T20:03:12+00:00","og_image":[{"url":"http:\/\/www.visit-ulcinj.com\/blog\/wp-content\/uploads\/2008\/03\/plazha-e-valdanosit-_3_.thumbnail.jpg"}],"twitter_misc":{"Written by":"ulqini","Est. reading time":"2 minutes"},"schema":{"@context":"https:\/\/schema.org","@graph":[{"@type":"WebSite","@id":"https:\/\/www.visit-ulcinj.com\/blog\/#website","url":"https:\/\/www.visit-ulcinj.com\/blog\/","name":"Lajme nga Ulqini","description":"Lajme,Vijesti,Ulqini,Ulqin,Crna Gora,Mali i Zi","potentialAction":[{"@type":"SearchAction","target":{"@type":"EntryPoint","urlTemplate":"https:\/\/www.visit-ulcinj.com\/blog\/?s={search_term_string}"},"query-input":"required name=search_term_string"}],"inLanguage":"en-US"},{"@type":"ImageObject","inLanguage":"en-US","@id":"https:\/\/www.visit-ulcinj.com\/blog\/2008\/03\/18\/masline-ce-brati-nato\/#primaryimage","url":"http:\/\/www.visit-ulcinj.com\/blog\/wp-content\/uploads\/2008\/03\/plazha-e-valdanosit-_3_.thumbnail.jpg","contentUrl":"http:\/\/www.visit-ulcinj.com\/blog\/wp-content\/uploads\/2008\/03\/plazha-e-valdanosit-_3_.thumbnail.jpg"},{"@type":"WebPage","@id":"https:\/\/www.visit-ulcinj.com\/blog\/2008\/03\/18\/masline-ce-brati-nato\/#webpage","url":"https:\/\/www.visit-ulcinj.com\/blog\/2008\/03\/18\/masline-ce-brati-nato\/","name":"Masline ?e brati NATO? - Lajme nga Ulqini","isPartOf":{"@id":"https:\/\/www.visit-ulcinj.com\/blog\/#website"},"primaryImageOfPage":{"@id":"https:\/\/www.visit-ulcinj.com\/blog\/2008\/03\/18\/masline-ce-brati-nato\/#primaryimage"},"datePublished":"2008-03-18T20:02:39+00:00","dateModified":"2008-03-18T20:03:12+00:00","author":{"@id":"https:\/\/www.visit-ulcinj.com\/blog\/#\/schema\/person\/dcab619c614d3038751c63bc2aadc06d"},"breadcrumb":{"@id":"https:\/\/www.visit-ulcinj.com\/blog\/2008\/03\/18\/masline-ce-brati-nato\/#breadcrumb"},"inLanguage":"en-US","potentialAction":[{"@type":"ReadAction","target":["https:\/\/www.visit-ulcinj.com\/blog\/2008\/03\/18\/masline-ce-brati-nato\/"]}]},{"@type":"BreadcrumbList","@id":"https:\/\/www.visit-ulcinj.com\/blog\/2008\/03\/18\/masline-ce-brati-nato\/#breadcrumb","itemListElement":[{"@type":"ListItem","position":1,"name":"Masline ?e brati NATO?"}]},{"@type":"Person","@id":"https:\/\/www.visit-ulcinj.com\/blog\/#\/schema\/person\/dcab619c614d3038751c63bc2aadc06d","name":"ulqini","sameAs":["http:\/\/www.visit-ulcinj.com"],"url":"https:\/\/www.visit-ulcinj.com\/blog\/author\/admin\/"}]}},"jetpack_featured_media_url":"","jetpack_sharing_enabled":true,"jetpack_shortlink":"https:\/\/wp.me\/pe6lTn-fp","_links":{"self":[{"href":"https:\/\/www.visit-ulcinj.com\/blog\/wp-json\/wp\/v2\/posts\/955"}],"collection":[{"href":"https:\/\/www.visit-ulcinj.com\/blog\/wp-json\/wp\/v2\/posts"}],"about":[{"href":"https:\/\/www.visit-ulcinj.com\/blog\/wp-json\/wp\/v2\/types\/post"}],"author":[{"embeddable":true,"href":"https:\/\/www.visit-ulcinj.com\/blog\/wp-json\/wp\/v2\/users\/1"}],"replies":[{"embeddable":true,"href":"https:\/\/www.visit-ulcinj.com\/blog\/wp-json\/wp\/v2\/comments?post=955"}],"version-history":[{"count":0,"href":"https:\/\/www.visit-ulcinj.com\/blog\/wp-json\/wp\/v2\/posts\/955\/revisions"}],"wp:attachment":[{"href":"https:\/\/www.visit-ulcinj.com\/blog\/wp-json\/wp\/v2\/media?parent=955"}],"wp:term":[{"taxonomy":"category","embeddable":true,"href":"https:\/\/www.visit-ulcinj.com\/blog\/wp-json\/wp\/v2\/categories?post=955"},{"taxonomy":"post_tag","embeddable":true,"href":"https:\/\/www.visit-ulcinj.com\/blog\/wp-json\/wp\/v2\/tags?post=955"}],"curies":[{"name":"wp","href":"https:\/\/api.w.org\/{rel}","templated":true}]}}