{"id":95502,"date":"2016-03-23T18:25:19","date_gmt":"2016-03-23T17:25:19","guid":{"rendered":"http:\/\/www.visit-ulcinj.com\/blog\/?p=95502"},"modified":"2016-03-23T18:27:33","modified_gmt":"2016-03-23T17:27:33","slug":"shtyhet-seanca-parlamentare-per-shkarkimin-e-krivokapiqit","status":"publish","type":"post","link":"https:\/\/www.visit-ulcinj.com\/blog\/2016\/03\/23\/shtyhet-seanca-parlamentare-per-shkarkimin-e-krivokapiqit\/","title":{"rendered":"Shtyhet seanca parlamentare p\u00ebr shkarkimin e Krivokapiqit"},"content":{"rendered":"<p><a href=\"http:\/\/www.visit-ulcinj.com\/blog\/wp-content\/uploads\/2012\/11\/SKUPSTINA-CRNE-GORE.jpg\"><img loading=\"lazy\" class=\"alignleft wp-image-65954\" src=\"http:\/\/www.visit-ulcinj.com\/blog\/wp-content\/uploads\/2012\/11\/SKUPSTINA-CRNE-GORE.jpg\" alt=\"SKUPSTINA-CRNE-GORE\" width=\"508\" height=\"381\" srcset=\"https:\/\/www.visit-ulcinj.com\/blog\/wp-content\/uploads\/2012\/11\/SKUPSTINA-CRNE-GORE.jpg 800w, https:\/\/www.visit-ulcinj.com\/blog\/wp-content\/uploads\/2012\/11\/SKUPSTINA-CRNE-GORE-300x225.jpg 300w\" sizes=\"(max-width: 508px) 100vw, 508px\" \/><\/a>Mbledhja e Kuvendit t\u00eb Malit t\u00eb Zi n\u00eb t\u00eb cil\u00ebn \u00ebsht\u00eb dasht\u00eb t\u00eb debatohet p\u00ebr 15 pika t\u00eb rendit t\u00eb dit\u00ebs n\u00eb mesin e t\u00eb cilave edhe propozimi p\u00ebr shkarkimin e kryetarit aktual t\u00eb Kuvendit Ranko Krivokapiq nuk do t\u00eb mbahet sot. K\u00ebshtu u kumtua sot pas mbledhjes s\u00eb kolegiumit t\u00eb kryetarit t\u00eb Kuvendit, pasi q\u00eb si\u00e7\u00a0 njoftohet, Qeveria e Malit t\u00eb Zi i ka t\u00ebrheq 14 pika p\u00ebr t\u00eb cilat deputetet e Kuvendit \u00ebsht\u00eb dasht\u00eb t\u00eb debatojn\u00eb n\u00eb plenumin e sot\u00ebm.<\/p>\n<p><a href=\"http:\/\/www.visit-ulcinj.com\/blog\/wp-content\/uploads\/2016\/02\/votimi-i-shkarkimin-e-Krivokapiqit-potpisi-smjenjivanja-krivokapica.jpg\"><img loading=\"lazy\" class=\"alignleft wp-image-94820\" src=\"http:\/\/www.visit-ulcinj.com\/blog\/wp-content\/uploads\/2016\/02\/votimi-i-shkarkimin-e-Krivokapiqit-potpisi-smjenjivanja-krivokapica.jpg\" alt=\"votimi-i-shkarkimin e Krivokapiqit-potpisi-smjenjivanja-krivokapica\" width=\"508\" height=\"402\" srcset=\"https:\/\/www.visit-ulcinj.com\/blog\/wp-content\/uploads\/2016\/02\/votimi-i-shkarkimin-e-Krivokapiqit-potpisi-smjenjivanja-krivokapica.jpg 793w, https:\/\/www.visit-ulcinj.com\/blog\/wp-content\/uploads\/2016\/02\/votimi-i-shkarkimin-e-Krivokapiqit-potpisi-smjenjivanja-krivokapica-300x238.jpg 300w\" sizes=\"(max-width: 508px) 100vw, 508px\" \/><\/a><br \/>\n<a href=\"http:\/\/www.visit-ulcinj.com\/blog\/wp-content\/uploads\/2016\/02\/votimi-i-shkarkimin-e-Krivokapiqit-potpisi-smjenjivanja-krivokapica-1.jpg\"><img loading=\"lazy\" class=\"alignleft wp-image-94821\" src=\"http:\/\/www.visit-ulcinj.com\/blog\/wp-content\/uploads\/2016\/02\/votimi-i-shkarkimin-e-Krivokapiqit-potpisi-smjenjivanja-krivokapica-1.jpg\" alt=\"votimi-i-shkarkimin e Krivokapiqit-potpisi-smjenjivanja-krivokapica-1\" width=\"508\" height=\"455\" srcset=\"https:\/\/www.visit-ulcinj.com\/blog\/wp-content\/uploads\/2016\/02\/votimi-i-shkarkimin-e-Krivokapiqit-potpisi-smjenjivanja-krivokapica-1.jpg 665w, https:\/\/www.visit-ulcinj.com\/blog\/wp-content\/uploads\/2016\/02\/votimi-i-shkarkimin-e-Krivokapiqit-potpisi-smjenjivanja-krivokapica-1-300x269.jpg 300w\" sizes=\"(max-width: 508px) 100vw, 508px\" \/><\/a><\/p>\n<p>Deputet\u00ebt \u00ebsht\u00eb dasht\u00eb q\u00eb sot t\u00eb deklarohen p\u00ebr ligjet e propozuara p\u00ebr mjedisin, pun\u00ebn, ndalimin e keqp\u00ebrdorimeve n\u00eb pun\u00eb, p\u00ebrfaq\u00ebsimin e sindikatave si dhe p\u00ebr formimin e K\u00ebshillit p\u00ebr p\u00ebrcjelljen dhe kontrollin e realizimit t\u00eb projektit n\u00eb nd\u00ebrtimin e autostrad\u00ebs, Tivar-Bolare. N\u00eb rend t\u00eb dit\u00ebs ishin edhe raportet p\u00ebr aktivitetet n\u00eb baz\u00eb t\u00eb kontratave p\u00ebr dh\u00ebnien me qira t\u00eb \u201cLlushtica Devellopment\u201d n\u00eb Tivat, t\u00eb kazerm\u00ebs \u201cBataljoni i Orienit\u201d n\u00eb Kumbor dhe t\u00eb truallit n\u00eb siujdhes\u00ebn Llushtica n\u00eb Herceg Novi. Propozimin p\u00ebr shkarkimin e Krivokapiqit e kan\u00eb dor\u00ebzuar 36\u00a0 deputet\u00eb t\u00eb PDS, t\u00eb Partis\u00eb Boshnjake, t\u00eb Partis\u00eb Liberale, t\u00eb FORCA-s dhe Iniciativ\u00ebs Qytetare Kroate. N\u00eb arsyetim p\u00ebrkujtohet se klubi i deputet\u00ebve t\u00eb Partis\u00eb Socialdemokratike n\u00eb mbledhjen e jasht\u00ebzakonshme me 27 janar, n\u00eb t\u00eb cil\u00ebn qeveria ka fituar vot\u00ebbesimin, ka votuar kund\u00ebr. N\u00eb k\u00ebt\u00eb m\u00ebnyr\u00eb, si\u00e7 theksohet, PSD nj\u00ebansh\u00ebm ka shfuqizuar marr\u00ebveshjen p\u00ebr veprimtari t\u00eb p\u00ebrbashk\u00ebt politike prej me 6 n\u00ebntor t\u00eb vitit 2012 t\u00eb n\u00ebnshkruar nga PDS, PSD, Partia Liberale, Partia Demokratike, Partia Boshnjake, Koalicioni, \u201cForca p\u00ebr bashkim\u201d dhe Iniciativa Qytetare Kroate. Gazeta e Podgoric\u00ebs, \u201cPobjeda\u201d shkruan se PDS, Partia Boshnjake, Forca dhe Iniciativa Qytetare Kroate do t\u00eb k\u00ebrkoj\u00eb q\u00eb n\u00eb mbledhjen e Kuvendit, pika e par\u00eb e rendit t\u00eb dit\u00ebs t\u00eb jet\u00eb debati p\u00ebr shkarkimin e kryetarit Krivoakapiq. K\u00ebt\u00eb iniciativ\u00eb formalisht duhet ta dor\u00ebzoj\u00eb shefi i klubit t\u00eb deputet\u00ebve t\u00eb PDS, Millutin Simoviq.<\/p>\n<p>TVCG<\/p>\n","protected":false},"excerpt":{"rendered":"<p>Mbledhja e Kuvendit t\u00eb Malit t\u00eb Zi n\u00eb t\u00eb cil\u00ebn \u00ebsht\u00eb dasht\u00eb t\u00eb debatohet p\u00ebr 15 pika t\u00eb rendit t\u00eb dit\u00ebs n\u00eb mesin e t\u00eb cilave edhe propozimi p\u00ebr shkarkimin e kryetarit aktual t\u00eb Kuvendit Ranko Krivokapiq nuk do t\u00eb mbahet sot. K\u00ebshtu u kumtua sot pas mbledhjes s\u00eb kolegiumit t\u00eb kryetarit t\u00eb Kuvendit, pasi [&hellip;]<\/p>\n","protected":false},"author":1,"featured_media":0,"comment_status":"closed","ping_status":"closed","sticky":false,"template":"","format":"standard","meta":{"spay_email":"","jetpack_publicize_message":"","jetpack_is_tweetstorm":false,"jetpack_publicize_feature_enabled":true},"categories":[12],"tags":[],"jetpack_publicize_connections":[],"yoast_head":"<!-- This site is optimized with the Yoast SEO plugin v19.1 - https:\/\/yoast.com\/wordpress\/plugins\/seo\/ -->\n<title>Shtyhet seanca parlamentare p\u00ebr shkarkimin e Krivokapiqit - Lajme nga Ulqini<\/title>\n<meta name=\"description\" content=\"Mbledhja e Kuvendit t\u00eb Malit t\u00eb Zi n\u00eb t\u00eb cil\u00ebn \u00ebsht\u00eb dasht\u00eb t\u00eb debatohet p\u00ebr 15 pika t\u00eb rendit t\u00eb dit\u00ebs n\u00eb mesin e t\u00eb cilave edhe propozimi p\u00ebr shkarkimin\" \/>\n<meta name=\"robots\" content=\"index, follow, max-snippet:-1, max-image-preview:large, max-video-preview:-1\" \/>\n<link rel=\"canonical\" href=\"https:\/\/www.visit-ulcinj.com\/blog\/2016\/03\/23\/shtyhet-seanca-parlamentare-per-shkarkimin-e-krivokapiqit\/\" \/>\n<meta property=\"og:locale\" content=\"en_US\" \/>\n<meta property=\"og:type\" content=\"article\" \/>\n<meta property=\"og:title\" content=\"Shtyhet seanca parlamentare p\u00ebr shkarkimin e Krivokapiqit - Lajme nga Ulqini\" \/>\n<meta property=\"og:description\" content=\"Mbledhja e Kuvendit t\u00eb Malit t\u00eb Zi n\u00eb t\u00eb cil\u00ebn \u00ebsht\u00eb dasht\u00eb t\u00eb debatohet p\u00ebr 15 pika t\u00eb rendit t\u00eb dit\u00ebs n\u00eb mesin e t\u00eb cilave edhe propozimi p\u00ebr shkarkimin\" \/>\n<meta property=\"og:url\" content=\"https:\/\/www.visit-ulcinj.com\/blog\/2016\/03\/23\/shtyhet-seanca-parlamentare-per-shkarkimin-e-krivokapiqit\/\" \/>\n<meta property=\"og:site_name\" content=\"Lajme nga Ulqini\" \/>\n<meta property=\"article:published_time\" content=\"2016-03-23T17:25:19+00:00\" \/>\n<meta property=\"article:modified_time\" content=\"2016-03-23T17:27:33+00:00\" \/>\n<meta property=\"og:image\" content=\"http:\/\/www.visit-ulcinj.com\/blog\/wp-content\/uploads\/2012\/11\/SKUPSTINA-CRNE-GORE.jpg\" \/>\n<meta name=\"twitter:label1\" content=\"Written by\" \/>\n\t<meta name=\"twitter:data1\" content=\"ulqini\" \/>\n\t<meta name=\"twitter:label2\" content=\"Est. reading time\" \/>\n\t<meta name=\"twitter:data2\" content=\"2 minutes\" \/>\n<script type=\"application\/ld+json\" class=\"yoast-schema-graph\">{\"@context\":\"https:\/\/schema.org\",\"@graph\":[{\"@type\":\"WebSite\",\"@id\":\"https:\/\/www.visit-ulcinj.com\/blog\/#website\",\"url\":\"https:\/\/www.visit-ulcinj.com\/blog\/\",\"name\":\"Lajme nga Ulqini\",\"description\":\"Lajme,Vijesti,Ulqini,Ulqin,Crna Gora,Mali i Zi\",\"potentialAction\":[{\"@type\":\"SearchAction\",\"target\":{\"@type\":\"EntryPoint\",\"urlTemplate\":\"https:\/\/www.visit-ulcinj.com\/blog\/?s={search_term_string}\"},\"query-input\":\"required name=search_term_string\"}],\"inLanguage\":\"en-US\"},{\"@type\":\"ImageObject\",\"inLanguage\":\"en-US\",\"@id\":\"https:\/\/www.visit-ulcinj.com\/blog\/2016\/03\/23\/shtyhet-seanca-parlamentare-per-shkarkimin-e-krivokapiqit\/#primaryimage\",\"url\":\"https:\/\/www.visit-ulcinj.com\/blog\/wp-content\/uploads\/2012\/11\/SKUPSTINA-CRNE-GORE.jpg\",\"contentUrl\":\"https:\/\/www.visit-ulcinj.com\/blog\/wp-content\/uploads\/2012\/11\/SKUPSTINA-CRNE-GORE.jpg\",\"width\":\"800\",\"height\":\"600\"},{\"@type\":\"WebPage\",\"@id\":\"https:\/\/www.visit-ulcinj.com\/blog\/2016\/03\/23\/shtyhet-seanca-parlamentare-per-shkarkimin-e-krivokapiqit\/#webpage\",\"url\":\"https:\/\/www.visit-ulcinj.com\/blog\/2016\/03\/23\/shtyhet-seanca-parlamentare-per-shkarkimin-e-krivokapiqit\/\",\"name\":\"Shtyhet seanca parlamentare p\u00ebr shkarkimin e Krivokapiqit - Lajme nga Ulqini\",\"isPartOf\":{\"@id\":\"https:\/\/www.visit-ulcinj.com\/blog\/#website\"},\"primaryImageOfPage\":{\"@id\":\"https:\/\/www.visit-ulcinj.com\/blog\/2016\/03\/23\/shtyhet-seanca-parlamentare-per-shkarkimin-e-krivokapiqit\/#primaryimage\"},\"datePublished\":\"2016-03-23T17:25:19+00:00\",\"dateModified\":\"2016-03-23T17:27:33+00:00\",\"author\":{\"@id\":\"https:\/\/www.visit-ulcinj.com\/blog\/#\/schema\/person\/dcab619c614d3038751c63bc2aadc06d\"},\"description\":\"Mbledhja e Kuvendit t\u00eb Malit t\u00eb Zi n\u00eb t\u00eb cil\u00ebn \u00ebsht\u00eb dasht\u00eb t\u00eb debatohet p\u00ebr 15 pika t\u00eb rendit t\u00eb dit\u00ebs n\u00eb mesin e t\u00eb cilave edhe propozimi p\u00ebr shkarkimin\",\"breadcrumb\":{\"@id\":\"https:\/\/www.visit-ulcinj.com\/blog\/2016\/03\/23\/shtyhet-seanca-parlamentare-per-shkarkimin-e-krivokapiqit\/#breadcrumb\"},\"inLanguage\":\"en-US\",\"potentialAction\":[{\"@type\":\"ReadAction\",\"target\":[\"https:\/\/www.visit-ulcinj.com\/blog\/2016\/03\/23\/shtyhet-seanca-parlamentare-per-shkarkimin-e-krivokapiqit\/\"]}]},{\"@type\":\"BreadcrumbList\",\"@id\":\"https:\/\/www.visit-ulcinj.com\/blog\/2016\/03\/23\/shtyhet-seanca-parlamentare-per-shkarkimin-e-krivokapiqit\/#breadcrumb\",\"itemListElement\":[{\"@type\":\"ListItem\",\"position\":1,\"name\":\"Shtyhet seanca parlamentare p\u00ebr shkarkimin e Krivokapiqit\"}]},{\"@type\":\"Person\",\"@id\":\"https:\/\/www.visit-ulcinj.com\/blog\/#\/schema\/person\/dcab619c614d3038751c63bc2aadc06d\",\"name\":\"ulqini\",\"sameAs\":[\"http:\/\/www.visit-ulcinj.com\"],\"url\":\"https:\/\/www.visit-ulcinj.com\/blog\/author\/admin\/\"}]}<\/script>\n<!-- \/ Yoast SEO plugin. -->","yoast_head_json":{"title":"Shtyhet seanca parlamentare p\u00ebr shkarkimin e Krivokapiqit - Lajme nga Ulqini","description":"Mbledhja e Kuvendit t\u00eb Malit t\u00eb Zi n\u00eb t\u00eb cil\u00ebn \u00ebsht\u00eb dasht\u00eb t\u00eb debatohet p\u00ebr 15 pika t\u00eb rendit t\u00eb dit\u00ebs n\u00eb mesin e t\u00eb cilave edhe propozimi p\u00ebr shkarkimin","robots":{"index":"index","follow":"follow","max-snippet":"max-snippet:-1","max-image-preview":"max-image-preview:large","max-video-preview":"max-video-preview:-1"},"canonical":"https:\/\/www.visit-ulcinj.com\/blog\/2016\/03\/23\/shtyhet-seanca-parlamentare-per-shkarkimin-e-krivokapiqit\/","og_locale":"en_US","og_type":"article","og_title":"Shtyhet seanca parlamentare p\u00ebr shkarkimin e Krivokapiqit - Lajme nga Ulqini","og_description":"Mbledhja e Kuvendit t\u00eb Malit t\u00eb Zi n\u00eb t\u00eb cil\u00ebn \u00ebsht\u00eb dasht\u00eb t\u00eb debatohet p\u00ebr 15 pika t\u00eb rendit t\u00eb dit\u00ebs n\u00eb mesin e t\u00eb cilave edhe propozimi p\u00ebr shkarkimin","og_url":"https:\/\/www.visit-ulcinj.com\/blog\/2016\/03\/23\/shtyhet-seanca-parlamentare-per-shkarkimin-e-krivokapiqit\/","og_site_name":"Lajme nga Ulqini","article_published_time":"2016-03-23T17:25:19+00:00","article_modified_time":"2016-03-23T17:27:33+00:00","og_image":[{"url":"http:\/\/www.visit-ulcinj.com\/blog\/wp-content\/uploads\/2012\/11\/SKUPSTINA-CRNE-GORE.jpg"}],"twitter_misc":{"Written by":"ulqini","Est. reading time":"2 minutes"},"schema":{"@context":"https:\/\/schema.org","@graph":[{"@type":"WebSite","@id":"https:\/\/www.visit-ulcinj.com\/blog\/#website","url":"https:\/\/www.visit-ulcinj.com\/blog\/","name":"Lajme nga Ulqini","description":"Lajme,Vijesti,Ulqini,Ulqin,Crna Gora,Mali i Zi","potentialAction":[{"@type":"SearchAction","target":{"@type":"EntryPoint","urlTemplate":"https:\/\/www.visit-ulcinj.com\/blog\/?s={search_term_string}"},"query-input":"required name=search_term_string"}],"inLanguage":"en-US"},{"@type":"ImageObject","inLanguage":"en-US","@id":"https:\/\/www.visit-ulcinj.com\/blog\/2016\/03\/23\/shtyhet-seanca-parlamentare-per-shkarkimin-e-krivokapiqit\/#primaryimage","url":"https:\/\/www.visit-ulcinj.com\/blog\/wp-content\/uploads\/2012\/11\/SKUPSTINA-CRNE-GORE.jpg","contentUrl":"https:\/\/www.visit-ulcinj.com\/blog\/wp-content\/uploads\/2012\/11\/SKUPSTINA-CRNE-GORE.jpg","width":"800","height":"600"},{"@type":"WebPage","@id":"https:\/\/www.visit-ulcinj.com\/blog\/2016\/03\/23\/shtyhet-seanca-parlamentare-per-shkarkimin-e-krivokapiqit\/#webpage","url":"https:\/\/www.visit-ulcinj.com\/blog\/2016\/03\/23\/shtyhet-seanca-parlamentare-per-shkarkimin-e-krivokapiqit\/","name":"Shtyhet seanca parlamentare p\u00ebr shkarkimin e Krivokapiqit - Lajme nga Ulqini","isPartOf":{"@id":"https:\/\/www.visit-ulcinj.com\/blog\/#website"},"primaryImageOfPage":{"@id":"https:\/\/www.visit-ulcinj.com\/blog\/2016\/03\/23\/shtyhet-seanca-parlamentare-per-shkarkimin-e-krivokapiqit\/#primaryimage"},"datePublished":"2016-03-23T17:25:19+00:00","dateModified":"2016-03-23T17:27:33+00:00","author":{"@id":"https:\/\/www.visit-ulcinj.com\/blog\/#\/schema\/person\/dcab619c614d3038751c63bc2aadc06d"},"description":"Mbledhja e Kuvendit t\u00eb Malit t\u00eb Zi n\u00eb t\u00eb cil\u00ebn \u00ebsht\u00eb dasht\u00eb t\u00eb debatohet p\u00ebr 15 pika t\u00eb rendit t\u00eb dit\u00ebs n\u00eb mesin e t\u00eb cilave edhe propozimi p\u00ebr shkarkimin","breadcrumb":{"@id":"https:\/\/www.visit-ulcinj.com\/blog\/2016\/03\/23\/shtyhet-seanca-parlamentare-per-shkarkimin-e-krivokapiqit\/#breadcrumb"},"inLanguage":"en-US","potentialAction":[{"@type":"ReadAction","target":["https:\/\/www.visit-ulcinj.com\/blog\/2016\/03\/23\/shtyhet-seanca-parlamentare-per-shkarkimin-e-krivokapiqit\/"]}]},{"@type":"BreadcrumbList","@id":"https:\/\/www.visit-ulcinj.com\/blog\/2016\/03\/23\/shtyhet-seanca-parlamentare-per-shkarkimin-e-krivokapiqit\/#breadcrumb","itemListElement":[{"@type":"ListItem","position":1,"name":"Shtyhet seanca parlamentare p\u00ebr shkarkimin e Krivokapiqit"}]},{"@type":"Person","@id":"https:\/\/www.visit-ulcinj.com\/blog\/#\/schema\/person\/dcab619c614d3038751c63bc2aadc06d","name":"ulqini","sameAs":["http:\/\/www.visit-ulcinj.com"],"url":"https:\/\/www.visit-ulcinj.com\/blog\/author\/admin\/"}]}},"jetpack_featured_media_url":"","jetpack_sharing_enabled":true,"jetpack_shortlink":"https:\/\/wp.me\/pe6lTn-oQm","_links":{"self":[{"href":"https:\/\/www.visit-ulcinj.com\/blog\/wp-json\/wp\/v2\/posts\/95502"}],"collection":[{"href":"https:\/\/www.visit-ulcinj.com\/blog\/wp-json\/wp\/v2\/posts"}],"about":[{"href":"https:\/\/www.visit-ulcinj.com\/blog\/wp-json\/wp\/v2\/types\/post"}],"author":[{"embeddable":true,"href":"https:\/\/www.visit-ulcinj.com\/blog\/wp-json\/wp\/v2\/users\/1"}],"replies":[{"embeddable":true,"href":"https:\/\/www.visit-ulcinj.com\/blog\/wp-json\/wp\/v2\/comments?post=95502"}],"version-history":[{"count":2,"href":"https:\/\/www.visit-ulcinj.com\/blog\/wp-json\/wp\/v2\/posts\/95502\/revisions"}],"predecessor-version":[{"id":95504,"href":"https:\/\/www.visit-ulcinj.com\/blog\/wp-json\/wp\/v2\/posts\/95502\/revisions\/95504"}],"wp:attachment":[{"href":"https:\/\/www.visit-ulcinj.com\/blog\/wp-json\/wp\/v2\/media?parent=95502"}],"wp:term":[{"taxonomy":"category","embeddable":true,"href":"https:\/\/www.visit-ulcinj.com\/blog\/wp-json\/wp\/v2\/categories?post=95502"},{"taxonomy":"post_tag","embeddable":true,"href":"https:\/\/www.visit-ulcinj.com\/blog\/wp-json\/wp\/v2\/tags?post=95502"}],"curies":[{"name":"wp","href":"https:\/\/api.w.org\/{rel}","templated":true}]}}