{"id":95517,"date":"2016-03-24T07:37:02","date_gmt":"2016-03-24T06:37:02","guid":{"rendered":"http:\/\/www.visit-ulcinj.com\/blog\/?p=95517"},"modified":"2016-03-24T07:37:02","modified_gmt":"2016-03-24T06:37:02","slug":"art-club-boton-librin-ngjarje-dhe-ndodhi-ne-ane-te-malit-te-autorit-shevqet-dragaj","status":"publish","type":"post","link":"https:\/\/www.visit-ulcinj.com\/blog\/2016\/03\/24\/art-club-boton-librin-ngjarje-dhe-ndodhi-ne-ane-te-malit-te-autorit-shevqet-dragaj\/","title":{"rendered":"\u201cArt Club\u201d boton librin \u201cNgjarje dhe ndodhi n\u00eb An\u00eb t\u00eb Malit\u201d  t\u00eb autorit Shevqet Dragaj"},"content":{"rendered":"<p><a href=\"http:\/\/www.visit-ulcinj.com\/blog\/wp-content\/uploads\/2016\/03\/Ngjarje-dhe-ndodhi-n\u00eb-An\u00eb-t\u00eb-Malit-Shevqet-Dragaj.jpg\"><img loading=\"lazy\" class=\"alignleft wp-image-95518\" src=\"http:\/\/www.visit-ulcinj.com\/blog\/wp-content\/uploads\/2016\/03\/Ngjarje-dhe-ndodhi-n\u00eb-An\u00eb-t\u00eb-Malit-Shevqet-Dragaj.jpg\" alt=\"Ngjarje dhe ndodhi n\u00eb An\u00eb t\u00eb Malit- Shevqet Dragaj\" width=\"508\" height=\"358\" srcset=\"https:\/\/www.visit-ulcinj.com\/blog\/wp-content\/uploads\/2016\/03\/Ngjarje-dhe-ndodhi-n\u00eb-An\u00eb-t\u00eb-Malit-Shevqet-Dragaj.jpg 999w, https:\/\/www.visit-ulcinj.com\/blog\/wp-content\/uploads\/2016\/03\/Ngjarje-dhe-ndodhi-n\u00eb-An\u00eb-t\u00eb-Malit-Shevqet-Dragaj-300x212.jpg 300w\" sizes=\"(max-width: 508px) 100vw, 508px\" \/><\/a>M\u00ebsuesi n\u00eb pension Shevqet Dragaj ka botuar k\u00ebto dit\u00eb librin \u201cNgjarje dhe ndodhi n\u00eb An\u00eb t\u00eb Malit\u201d. Libri \u00ebsht\u00eb botuar nga Shoqata e Artist\u00ebve dhe Intelektual\u00ebve \u201cArt Club\u201d dhe ai \u00ebsht\u00eb p\u00ebrmbledhje e materialeve me vler\u00eb mbi ngjarjet e ndryshme q\u00eb kan\u00eb ndodhur n\u00eb trev\u00ebn e An\u00ebs s\u00eb Malit gjat\u00eb dy shekujve t\u00eb fundit. Libri p\u00ebrb\u00ebhet nga 343 faqe dhe n\u00eb t\u00eb jan\u00eb p\u00ebrfshir\u00eb 193 rr\u00ebfime mbi ngjarje dhe ndodhi t\u00eb ndryshme, t\u00eb cilat autori i ka mbledhur nga persona t\u00eb moshuar p\u00ebrgjat\u00eb tri dekadave n\u00eb vendbanimet e An\u00ebs s\u00eb Malit.<\/p>\n<p>N\u00eb parath\u00ebnien e librit, dr. Nail Draga thekson se \u201c\u00ebsht\u00eb evidente se shum\u00eb ngjarje nga e kaluara jan\u00eb zbehur apo harruar t\u00ebr\u00ebsisht nga fakti se askush nuk i ka sh\u00ebnuar n\u00eb let\u00ebr, e n\u00eb dit\u00ebt tona kan\u00eb mb\u00ebrritur si goj\u00ebdh\u00ebna, duke e humbur edhe origjinalitetin, sepse koha e ka b\u00ebr\u00eb t\u00eb veten\u201d. Prandaj duke pasur parasysh k\u00ebt\u00eb dukuri, botimi i k\u00ebtij libri merr r\u00ebnd\u00ebsi t\u00eb ve\u00e7ant\u00eb, duke b\u00ebr\u00eb q\u00eb kjo pasuri me vler\u00eb e krijuar nd\u00ebr vite nga brezat e m\u00ebparsh\u00ebm t\u00eb mos harrohet.<\/p>\n<p>Redaktor i librit \u00ebsht\u00eb dr. Nail Draga, recensent\u00eb Ali Salaj dhe Ali Gje\u00e7britaj, lektor Sabri Halili, nd\u00ebrsa redaktor teknik Gazmend \u00c7itaku.<\/p>\n<p>Libri \u00ebsht\u00eb shtypur n\u00eb shtypshkronj\u00ebn \u201cIVPE\u201d &#8211; Cetin\u00eb, nd\u00ebrsa botimi i tij \u00ebsht\u00eb mund\u00ebsuar nga Fondi p\u00ebr Mbrojtjen dhe Realizimin e t\u00eb Drejtave t\u00eb Pakicave. P\u00ebr mbledhjen dhe p\u00ebrgatitjen e materialit, autorit i ka ndihmuar bashkatdhetari yn\u00eb n\u00eb SHBA, Cafo Boga.<\/p>\n<p>Shefqet Draga u lind n\u00eb Oblik\u00eb (Shkod\u00ebr) n\u00eb vitin 1939. Shkoll\u00ebn fillore e ka kryer n\u00eb Sukubin\u00eb dhe Kat\u00ebrkoll\u00eb, nd\u00ebrsa t\u00eb mesmen &#8211; normalen n\u00eb Prishtin\u00eb. Ka punuar m\u00ebsues n\u00eb Shkoll\u00ebn Fillore \u201cGjergj Kastrioti \u2013 Sk\u00ebnderbeu\u201d n\u00eb Ostros t\u00eb Kraj\u00ebs (1957-1965) dhe n\u00eb Shkoll\u00ebn Fillore \u201cBedri Elezaga\u201d n\u00eb Kat\u00ebrkoll\u00eb derisa ka dal\u00eb n\u00eb pension n\u00eb vitin 1999. Ka pasion mbledhjen e materialit t\u00eb trash\u00ebgimis\u00eb kulturore n\u00eb An\u00eb t\u00eb Malit. Ky \u00ebsht\u00eb libri i tij i par\u00eb.<\/p>\n<p>N\u00eb kuad\u00ebr t\u00eb veprimtaris\u00eb s\u00eb tij botuese \u201cArt Club\u201d, botuesi m\u00eb i madh nd\u00ebr shqiptar\u00ebt n\u00eb Malin e Zi, ka botuar deri tani 110 libra, kryesisht t\u00eb autor\u00ebve shqiptar\u00eb n\u00eb Malin e Zi.<\/p>\n<p>&nbsp;<\/p>\n<p><em>\u00a0<\/em><\/p>\n<p><em>Ulqin, m\u00eb 24. 03. 2016<\/em> \u00a0\u00a0\u00a0\u00a0\u00a0\u00a0\u00a0\u00a0\u00a0\u00a0\u00a0\u00a0\u00a0\u00a0\u00a0\u00a0\u00a0\u00a0\u00a0\u00a0\u00a0\u00a0\u00a0\u00a0\u00a0\u00a0\u00a0\u00a0\u00a0\u00a0\u00a0\u00a0\u00a0\u00a0\u00a0\u00a0\u00a0\u00a0\u00a0\u00a0\u00a0\u00a0\u00a0\u00a0\u00a0\u00a0\u00a0\u00a0\u00a0\u00a0\u00a0\u00a0\u00a0\u00a0\u00a0\u00a0\u00a0\u00a0\u00a0\u00a0\u00a0\u00a0\u00a0\u00a0\u00a0\u00a0\u00a0 \u00a0\u00a0\u00a0\u00a0\u00a0\u00a0<strong>SHAI \u201cArt Club\u201d <\/strong><\/p>\n<p>&nbsp;<\/p>\n","protected":false},"excerpt":{"rendered":"<p>M\u00ebsuesi n\u00eb pension Shevqet Dragaj ka botuar k\u00ebto dit\u00eb librin \u201cNgjarje dhe ndodhi n\u00eb An\u00eb t\u00eb Malit\u201d. Libri \u00ebsht\u00eb botuar nga Shoqata e Artist\u00ebve dhe Intelektual\u00ebve \u201cArt Club\u201d dhe ai \u00ebsht\u00eb p\u00ebrmbledhje e materialeve me vler\u00eb mbi ngjarjet e ndryshme q\u00eb kan\u00eb ndodhur n\u00eb trev\u00ebn e An\u00ebs s\u00eb Malit gjat\u00eb dy shekujve t\u00eb fundit. Libri [&hellip;]<\/p>\n","protected":false},"author":1,"featured_media":0,"comment_status":"closed","ping_status":"closed","sticky":false,"template":"","format":"standard","meta":{"spay_email":"","jetpack_publicize_message":"","jetpack_is_tweetstorm":false,"jetpack_publicize_feature_enabled":true},"categories":[4],"tags":[],"jetpack_publicize_connections":[],"yoast_head":"<!-- This site is optimized with the Yoast SEO plugin v19.1 - https:\/\/yoast.com\/wordpress\/plugins\/seo\/ -->\n<title>\u201cArt Club\u201d boton librin \u201cNgjarje dhe ndodhi n\u00eb An\u00eb t\u00eb Malit\u201d t\u00eb autorit Shevqet Dragaj - Lajme nga Ulqini<\/title>\n<meta name=\"description\" content=\"M\u00ebsuesi n\u00eb pension Shevqet Dragaj ka botuar k\u00ebto dit\u00eb librin \u201cNgjarje dhe ndodhi n\u00eb An\u00eb t\u00eb Malit\u201d. Libri \u00ebsht\u00eb botuar nga Shoqata e Artist\u00ebve dhe\" \/>\n<meta name=\"robots\" content=\"index, follow, max-snippet:-1, max-image-preview:large, max-video-preview:-1\" \/>\n<link rel=\"canonical\" href=\"https:\/\/www.visit-ulcinj.com\/blog\/2016\/03\/24\/art-club-boton-librin-ngjarje-dhe-ndodhi-ne-ane-te-malit-te-autorit-shevqet-dragaj\/\" \/>\n<meta property=\"og:locale\" content=\"en_US\" \/>\n<meta property=\"og:type\" content=\"article\" \/>\n<meta property=\"og:title\" content=\"\u201cArt Club\u201d boton librin \u201cNgjarje dhe ndodhi n\u00eb An\u00eb t\u00eb Malit\u201d t\u00eb autorit Shevqet Dragaj - Lajme nga Ulqini\" \/>\n<meta property=\"og:description\" content=\"M\u00ebsuesi n\u00eb pension Shevqet Dragaj ka botuar k\u00ebto dit\u00eb librin \u201cNgjarje dhe ndodhi n\u00eb An\u00eb t\u00eb Malit\u201d. Libri \u00ebsht\u00eb botuar nga Shoqata e Artist\u00ebve dhe\" \/>\n<meta property=\"og:url\" content=\"https:\/\/www.visit-ulcinj.com\/blog\/2016\/03\/24\/art-club-boton-librin-ngjarje-dhe-ndodhi-ne-ane-te-malit-te-autorit-shevqet-dragaj\/\" \/>\n<meta property=\"og:site_name\" content=\"Lajme nga Ulqini\" \/>\n<meta property=\"article:published_time\" content=\"2016-03-24T06:37:02+00:00\" \/>\n<meta name=\"twitter:label1\" content=\"Written by\" \/>\n\t<meta name=\"twitter:data1\" content=\"ulqini\" \/>\n\t<meta name=\"twitter:label2\" content=\"Est. reading time\" \/>\n\t<meta name=\"twitter:data2\" content=\"2 minutes\" \/>\n<script type=\"application\/ld+json\" class=\"yoast-schema-graph\">{\"@context\":\"https:\/\/schema.org\",\"@graph\":[{\"@type\":\"WebSite\",\"@id\":\"https:\/\/www.visit-ulcinj.com\/blog\/#website\",\"url\":\"https:\/\/www.visit-ulcinj.com\/blog\/\",\"name\":\"Lajme nga Ulqini\",\"description\":\"Lajme,Vijesti,Ulqini,Ulqin,Crna Gora,Mali i Zi\",\"potentialAction\":[{\"@type\":\"SearchAction\",\"target\":{\"@type\":\"EntryPoint\",\"urlTemplate\":\"https:\/\/www.visit-ulcinj.com\/blog\/?s={search_term_string}\"},\"query-input\":\"required name=search_term_string\"}],\"inLanguage\":\"en-US\"},{\"@type\":\"WebPage\",\"@id\":\"https:\/\/www.visit-ulcinj.com\/blog\/2016\/03\/24\/art-club-boton-librin-ngjarje-dhe-ndodhi-ne-ane-te-malit-te-autorit-shevqet-dragaj\/#webpage\",\"url\":\"https:\/\/www.visit-ulcinj.com\/blog\/2016\/03\/24\/art-club-boton-librin-ngjarje-dhe-ndodhi-ne-ane-te-malit-te-autorit-shevqet-dragaj\/\",\"name\":\"\u201cArt Club\u201d boton librin \u201cNgjarje dhe ndodhi n\u00eb An\u00eb t\u00eb Malit\u201d t\u00eb autorit Shevqet Dragaj - Lajme nga Ulqini\",\"isPartOf\":{\"@id\":\"https:\/\/www.visit-ulcinj.com\/blog\/#website\"},\"datePublished\":\"2016-03-24T06:37:02+00:00\",\"dateModified\":\"2016-03-24T06:37:02+00:00\",\"author\":{\"@id\":\"https:\/\/www.visit-ulcinj.com\/blog\/#\/schema\/person\/dcab619c614d3038751c63bc2aadc06d\"},\"description\":\"M\u00ebsuesi n\u00eb pension Shevqet Dragaj ka botuar k\u00ebto dit\u00eb librin \u201cNgjarje dhe ndodhi n\u00eb An\u00eb t\u00eb Malit\u201d. Libri \u00ebsht\u00eb botuar nga Shoqata e Artist\u00ebve dhe\",\"breadcrumb\":{\"@id\":\"https:\/\/www.visit-ulcinj.com\/blog\/2016\/03\/24\/art-club-boton-librin-ngjarje-dhe-ndodhi-ne-ane-te-malit-te-autorit-shevqet-dragaj\/#breadcrumb\"},\"inLanguage\":\"en-US\",\"potentialAction\":[{\"@type\":\"ReadAction\",\"target\":[\"https:\/\/www.visit-ulcinj.com\/blog\/2016\/03\/24\/art-club-boton-librin-ngjarje-dhe-ndodhi-ne-ane-te-malit-te-autorit-shevqet-dragaj\/\"]}]},{\"@type\":\"BreadcrumbList\",\"@id\":\"https:\/\/www.visit-ulcinj.com\/blog\/2016\/03\/24\/art-club-boton-librin-ngjarje-dhe-ndodhi-ne-ane-te-malit-te-autorit-shevqet-dragaj\/#breadcrumb\",\"itemListElement\":[{\"@type\":\"ListItem\",\"position\":1,\"name\":\"\u201cArt Club\u201d boton librin \u201cNgjarje dhe ndodhi n\u00eb An\u00eb t\u00eb Malit\u201d t\u00eb autorit Shevqet Dragaj\"}]},{\"@type\":\"Person\",\"@id\":\"https:\/\/www.visit-ulcinj.com\/blog\/#\/schema\/person\/dcab619c614d3038751c63bc2aadc06d\",\"name\":\"ulqini\",\"sameAs\":[\"http:\/\/www.visit-ulcinj.com\"],\"url\":\"https:\/\/www.visit-ulcinj.com\/blog\/author\/admin\/\"}]}<\/script>\n<!-- \/ Yoast SEO plugin. -->","yoast_head_json":{"title":"\u201cArt Club\u201d boton librin \u201cNgjarje dhe ndodhi n\u00eb An\u00eb t\u00eb Malit\u201d t\u00eb autorit Shevqet Dragaj - Lajme nga Ulqini","description":"M\u00ebsuesi n\u00eb pension Shevqet Dragaj ka botuar k\u00ebto dit\u00eb librin \u201cNgjarje dhe ndodhi n\u00eb An\u00eb t\u00eb Malit\u201d. Libri \u00ebsht\u00eb botuar nga Shoqata e Artist\u00ebve dhe","robots":{"index":"index","follow":"follow","max-snippet":"max-snippet:-1","max-image-preview":"max-image-preview:large","max-video-preview":"max-video-preview:-1"},"canonical":"https:\/\/www.visit-ulcinj.com\/blog\/2016\/03\/24\/art-club-boton-librin-ngjarje-dhe-ndodhi-ne-ane-te-malit-te-autorit-shevqet-dragaj\/","og_locale":"en_US","og_type":"article","og_title":"\u201cArt Club\u201d boton librin \u201cNgjarje dhe ndodhi n\u00eb An\u00eb t\u00eb Malit\u201d t\u00eb autorit Shevqet Dragaj - Lajme nga Ulqini","og_description":"M\u00ebsuesi n\u00eb pension Shevqet Dragaj ka botuar k\u00ebto dit\u00eb librin \u201cNgjarje dhe ndodhi n\u00eb An\u00eb t\u00eb Malit\u201d. Libri \u00ebsht\u00eb botuar nga Shoqata e Artist\u00ebve dhe","og_url":"https:\/\/www.visit-ulcinj.com\/blog\/2016\/03\/24\/art-club-boton-librin-ngjarje-dhe-ndodhi-ne-ane-te-malit-te-autorit-shevqet-dragaj\/","og_site_name":"Lajme nga Ulqini","article_published_time":"2016-03-24T06:37:02+00:00","twitter_misc":{"Written by":"ulqini","Est. reading time":"2 minutes"},"schema":{"@context":"https:\/\/schema.org","@graph":[{"@type":"WebSite","@id":"https:\/\/www.visit-ulcinj.com\/blog\/#website","url":"https:\/\/www.visit-ulcinj.com\/blog\/","name":"Lajme nga Ulqini","description":"Lajme,Vijesti,Ulqini,Ulqin,Crna Gora,Mali i Zi","potentialAction":[{"@type":"SearchAction","target":{"@type":"EntryPoint","urlTemplate":"https:\/\/www.visit-ulcinj.com\/blog\/?s={search_term_string}"},"query-input":"required name=search_term_string"}],"inLanguage":"en-US"},{"@type":"WebPage","@id":"https:\/\/www.visit-ulcinj.com\/blog\/2016\/03\/24\/art-club-boton-librin-ngjarje-dhe-ndodhi-ne-ane-te-malit-te-autorit-shevqet-dragaj\/#webpage","url":"https:\/\/www.visit-ulcinj.com\/blog\/2016\/03\/24\/art-club-boton-librin-ngjarje-dhe-ndodhi-ne-ane-te-malit-te-autorit-shevqet-dragaj\/","name":"\u201cArt Club\u201d boton librin \u201cNgjarje dhe ndodhi n\u00eb An\u00eb t\u00eb Malit\u201d t\u00eb autorit Shevqet Dragaj - Lajme nga Ulqini","isPartOf":{"@id":"https:\/\/www.visit-ulcinj.com\/blog\/#website"},"datePublished":"2016-03-24T06:37:02+00:00","dateModified":"2016-03-24T06:37:02+00:00","author":{"@id":"https:\/\/www.visit-ulcinj.com\/blog\/#\/schema\/person\/dcab619c614d3038751c63bc2aadc06d"},"description":"M\u00ebsuesi n\u00eb pension Shevqet Dragaj ka botuar k\u00ebto dit\u00eb librin \u201cNgjarje dhe ndodhi n\u00eb An\u00eb t\u00eb Malit\u201d. Libri \u00ebsht\u00eb botuar nga Shoqata e Artist\u00ebve dhe","breadcrumb":{"@id":"https:\/\/www.visit-ulcinj.com\/blog\/2016\/03\/24\/art-club-boton-librin-ngjarje-dhe-ndodhi-ne-ane-te-malit-te-autorit-shevqet-dragaj\/#breadcrumb"},"inLanguage":"en-US","potentialAction":[{"@type":"ReadAction","target":["https:\/\/www.visit-ulcinj.com\/blog\/2016\/03\/24\/art-club-boton-librin-ngjarje-dhe-ndodhi-ne-ane-te-malit-te-autorit-shevqet-dragaj\/"]}]},{"@type":"BreadcrumbList","@id":"https:\/\/www.visit-ulcinj.com\/blog\/2016\/03\/24\/art-club-boton-librin-ngjarje-dhe-ndodhi-ne-ane-te-malit-te-autorit-shevqet-dragaj\/#breadcrumb","itemListElement":[{"@type":"ListItem","position":1,"name":"\u201cArt Club\u201d boton librin \u201cNgjarje dhe ndodhi n\u00eb An\u00eb t\u00eb Malit\u201d t\u00eb autorit Shevqet Dragaj"}]},{"@type":"Person","@id":"https:\/\/www.visit-ulcinj.com\/blog\/#\/schema\/person\/dcab619c614d3038751c63bc2aadc06d","name":"ulqini","sameAs":["http:\/\/www.visit-ulcinj.com"],"url":"https:\/\/www.visit-ulcinj.com\/blog\/author\/admin\/"}]}},"jetpack_featured_media_url":"","jetpack_sharing_enabled":true,"jetpack_shortlink":"https:\/\/wp.me\/pe6lTn-oQB","_links":{"self":[{"href":"https:\/\/www.visit-ulcinj.com\/blog\/wp-json\/wp\/v2\/posts\/95517"}],"collection":[{"href":"https:\/\/www.visit-ulcinj.com\/blog\/wp-json\/wp\/v2\/posts"}],"about":[{"href":"https:\/\/www.visit-ulcinj.com\/blog\/wp-json\/wp\/v2\/types\/post"}],"author":[{"embeddable":true,"href":"https:\/\/www.visit-ulcinj.com\/blog\/wp-json\/wp\/v2\/users\/1"}],"replies":[{"embeddable":true,"href":"https:\/\/www.visit-ulcinj.com\/blog\/wp-json\/wp\/v2\/comments?post=95517"}],"version-history":[{"count":1,"href":"https:\/\/www.visit-ulcinj.com\/blog\/wp-json\/wp\/v2\/posts\/95517\/revisions"}],"predecessor-version":[{"id":95519,"href":"https:\/\/www.visit-ulcinj.com\/blog\/wp-json\/wp\/v2\/posts\/95517\/revisions\/95519"}],"wp:attachment":[{"href":"https:\/\/www.visit-ulcinj.com\/blog\/wp-json\/wp\/v2\/media?parent=95517"}],"wp:term":[{"taxonomy":"category","embeddable":true,"href":"https:\/\/www.visit-ulcinj.com\/blog\/wp-json\/wp\/v2\/categories?post=95517"},{"taxonomy":"post_tag","embeddable":true,"href":"https:\/\/www.visit-ulcinj.com\/blog\/wp-json\/wp\/v2\/tags?post=95517"}],"curies":[{"name":"wp","href":"https:\/\/api.w.org\/{rel}","templated":true}]}}