{"id":9554,"date":"2009-01-21T12:29:37","date_gmt":"2009-01-21T11:29:37","guid":{"rendered":"http:\/\/www.visit-ulcinj.com\/blog\/?p=9554"},"modified":"2009-01-21T12:29:41","modified_gmt":"2009-01-21T11:29:41","slug":"thaci-se-shpejti-ambasadoret-ne-shkup-dhe-podgorice","status":"publish","type":"post","link":"https:\/\/www.visit-ulcinj.com\/blog\/2009\/01\/21\/thaci-se-shpejti-ambasadoret-ne-shkup-dhe-podgorice\/","title":{"rendered":"Tha\u00e7i: S\u00eb shpejti ambasador\u00ebt n\u00eb Shkup dhe Podgoric\u00eb"},"content":{"rendered":"<p><a rel=\"attachment wp-att-9555\" href=\"http:\/\/www.visit-ulcinj.com\/blog\/2009\/01\/21\/thaci-se-shpejti-ambasadoret-ne-shkup-dhe-podgorice\/kryeministri-thaci\/\" target=\"_blank\"><img loading=\"lazy\" class=\"alignleft size-full wp-image-9555\" title=\"kryeministri-thaci\" src=\"http:\/\/www.visit-ulcinj.com\/blog\/wp-content\/uploads\/2009\/01\/kryeministri-thaci.jpg\" alt=\"kryeministri-thaci\" width=\"280\" height=\"350\" srcset=\"https:\/\/www.visit-ulcinj.com\/blog\/wp-content\/uploads\/2009\/01\/kryeministri-thaci.jpg 400w, https:\/\/www.visit-ulcinj.com\/blog\/wp-content\/uploads\/2009\/01\/kryeministri-thaci-240x300.jpg 240w\" sizes=\"(max-width: 280px) 100vw, 280px\" \/><\/a>S\u00eb shpejti ambasador\u00ebt n\u00eb Shkup dhe Podgoric\u00eb Kryeministri Tha\u00e7i, pas nj\u00eb takimi me Uilliam Uokerin, ka prekur edhe \u00e7\u00ebshtjen e hapjes s\u00eb ambasadave t\u00eb reja, duke paralajm\u00ebruar se shum\u00eb shpejt do t\u00eb caktohen ambasador\u00ebt dhe n\u00eb Maqedoni dhe Mal t\u00eb Zi, por edhe vende t\u00eb tjera, pa lakuar emra. Tha\u00e7i ka folur edhe rreth reagimit t\u00eb partive opozitare rreth shtyrjes s\u00eb zgjedhjeve parlamentare. Ai me k\u00ebt\u00eb rast tha se \u00e7do gj\u00eb \u00ebsht\u00eb b\u00ebr\u00eb n\u00eb p\u00ebrputhshm\u00ebri me Kushtetut\u00ebn. &#8220;Duke mos dashur t\u00eb shtoj\u00eb di\u00e7ka m\u00eb tep\u00ebr nga ajo q\u00eb presidenti ka prezantuar dhe duke prezantuar Kushtetut\u00ebn e Republik\u00ebs s\u00eb Kosov\u00ebs, n\u00eb k\u00ebt\u00eb rast nuk ka as humb\u00ebs e as fitues, por ka respektim t\u00eb Kushtetut\u00ebs s\u00eb Republik\u00ebs s\u00eb Kosov\u00ebs&#8221;, tha Tha\u00e7i. Ambasadori Uilliam Uoker, pas takimit me kryeministrin Hashim Tha\u00e7i, vler\u00ebsoi lart t\u00eb arriturat pas shpalljes s\u00eb pavar\u00ebsis\u00eb s\u00eb Kosov\u00ebs dhe u shpreh se mb\u00ebshtetja nd\u00ebrkomb\u00ebtare p\u00ebr Kosov\u00ebn do t\u00eb vazhdoj\u00eb edhe n\u00eb t\u00eb ardhmen. Ish-shefi i misionit t\u00eb OSBE-s\u00eb, Uoker, mbetet pran\u00eb q\u00ebndrimit t\u00eb nj\u00ebjt\u00eb lidhur me procesin e njohjes s\u00eb Kosov\u00ebs, ashtu si\u00e7 kishte deklaruar koh\u00eb m\u00eb par\u00eb gjat\u00eb nj\u00eb ligj\u00ebrate, duke theksuar se Qeveria duhet t\u00eb angazhohet m\u00eb tep\u00ebr p\u00ebr njohje nga shtetet e tjera. &#8220;Pritje t\u00eb cilat kan\u00eb qen\u00eb menj\u00ebher\u00eb pas shpalljes s\u00eb pavar\u00ebsis\u00eb s\u00eb Kosov\u00ebs, q\u00eb komuniteti nd\u00ebrkomb\u00ebtar do ta njoh\u00eb Kosov\u00ebn n\u00eb nj\u00eb num\u00ebr t\u00eb madh, mendoj se nuk jan\u00eb realizuar. Ka hap\u00ebsir\u00eb ku do t\u00eb kishte qen\u00eb e mundur q\u00eb me nj\u00eb angazhim m\u00eb t\u00eb madh do t\u00eb b\u00ebhej m\u00eb shum\u00eb n\u00eb k\u00ebt\u00eb drejtim&#8221;, tha Uoker.<br \/>\n<strong>I.Krasniqi<br \/>\nKosova Sot<\/strong><\/p>\n","protected":false},"excerpt":{"rendered":"<p>S\u00eb shpejti ambasador\u00ebt n\u00eb Shkup dhe Podgoric\u00eb Kryeministri Tha\u00e7i, pas nj\u00eb takimi me Uilliam Uokerin, ka prekur edhe \u00e7\u00ebshtjen e hapjes s\u00eb ambasadave t\u00eb reja, duke paralajm\u00ebruar se shum\u00eb shpejt do t\u00eb caktohen ambasador\u00ebt dhe n\u00eb Maqedoni dhe Mal t\u00eb Zi, por edhe vende t\u00eb tjera, pa lakuar emra. Tha\u00e7i ka folur edhe rreth reagimit [&hellip;]<\/p>\n","protected":false},"author":1,"featured_media":0,"comment_status":"open","ping_status":"closed","sticky":false,"template":"","format":"standard","meta":{"spay_email":"","jetpack_publicize_message":"","jetpack_is_tweetstorm":false,"jetpack_publicize_feature_enabled":true},"categories":[14],"tags":[6009,49,6008],"jetpack_publicize_connections":[],"yoast_head":"<!-- This site is optimized with the Yoast SEO plugin v19.1 - https:\/\/yoast.com\/wordpress\/plugins\/seo\/ -->\n<title>Tha\u00e7i: S\u00eb shpejti ambasador\u00ebt n\u00eb Shkup dhe Podgoric\u00eb - Lajme nga Ulqini<\/title>\n<meta name=\"description\" content=\"S\u00eb shpejti ambasador\u00ebt n\u00eb Shkup dhe Podgoric\u00eb Kryeministri Tha\u00e7i, pas nj\u00eb takimi me Uilliam Uokerin, ka prekur edhe \u00e7\u00ebshtjen e hapjes s\u00eb ambasadave t\u00eb\" \/>\n<meta name=\"robots\" content=\"index, follow, max-snippet:-1, max-image-preview:large, max-video-preview:-1\" \/>\n<link rel=\"canonical\" href=\"https:\/\/www.visit-ulcinj.com\/blog\/2009\/01\/21\/thaci-se-shpejti-ambasadoret-ne-shkup-dhe-podgorice\/\" \/>\n<meta property=\"og:locale\" content=\"en_US\" \/>\n<meta property=\"og:type\" content=\"article\" \/>\n<meta property=\"og:title\" content=\"Tha\u00e7i: S\u00eb shpejti ambasador\u00ebt n\u00eb Shkup dhe Podgoric\u00eb - Lajme nga Ulqini\" \/>\n<meta property=\"og:description\" content=\"S\u00eb shpejti ambasador\u00ebt n\u00eb Shkup dhe Podgoric\u00eb Kryeministri Tha\u00e7i, pas nj\u00eb takimi me Uilliam Uokerin, ka prekur edhe \u00e7\u00ebshtjen e hapjes s\u00eb ambasadave t\u00eb\" \/>\n<meta property=\"og:url\" content=\"https:\/\/www.visit-ulcinj.com\/blog\/2009\/01\/21\/thaci-se-shpejti-ambasadoret-ne-shkup-dhe-podgorice\/\" \/>\n<meta property=\"og:site_name\" content=\"Lajme nga Ulqini\" \/>\n<meta property=\"article:published_time\" content=\"2009-01-21T11:29:37+00:00\" \/>\n<meta property=\"article:modified_time\" content=\"2009-01-21T11:29:41+00:00\" \/>\n<meta property=\"og:image\" content=\"http:\/\/www.visit-ulcinj.com\/blog\/wp-content\/uploads\/2009\/01\/kryeministri-thaci.jpg\" \/>\n<meta name=\"twitter:label1\" content=\"Written by\" \/>\n\t<meta name=\"twitter:data1\" content=\"ulqini\" \/>\n\t<meta name=\"twitter:label2\" content=\"Est. reading time\" \/>\n\t<meta name=\"twitter:data2\" content=\"2 minutes\" \/>\n<script type=\"application\/ld+json\" class=\"yoast-schema-graph\">{\"@context\":\"https:\/\/schema.org\",\"@graph\":[{\"@type\":\"WebSite\",\"@id\":\"https:\/\/www.visit-ulcinj.com\/blog\/#website\",\"url\":\"https:\/\/www.visit-ulcinj.com\/blog\/\",\"name\":\"Lajme nga Ulqini\",\"description\":\"Lajme,Vijesti,Ulqini,Ulqin,Crna Gora,Mali i Zi\",\"potentialAction\":[{\"@type\":\"SearchAction\",\"target\":{\"@type\":\"EntryPoint\",\"urlTemplate\":\"https:\/\/www.visit-ulcinj.com\/blog\/?s={search_term_string}\"},\"query-input\":\"required name=search_term_string\"}],\"inLanguage\":\"en-US\"},{\"@type\":\"ImageObject\",\"inLanguage\":\"en-US\",\"@id\":\"https:\/\/www.visit-ulcinj.com\/blog\/2009\/01\/21\/thaci-se-shpejti-ambasadoret-ne-shkup-dhe-podgorice\/#primaryimage\",\"url\":\"https:\/\/www.visit-ulcinj.com\/blog\/wp-content\/uploads\/2009\/01\/kryeministri-thaci.jpg\",\"contentUrl\":\"https:\/\/www.visit-ulcinj.com\/blog\/wp-content\/uploads\/2009\/01\/kryeministri-thaci.jpg\",\"width\":\"400\",\"height\":\"500\"},{\"@type\":\"WebPage\",\"@id\":\"https:\/\/www.visit-ulcinj.com\/blog\/2009\/01\/21\/thaci-se-shpejti-ambasadoret-ne-shkup-dhe-podgorice\/#webpage\",\"url\":\"https:\/\/www.visit-ulcinj.com\/blog\/2009\/01\/21\/thaci-se-shpejti-ambasadoret-ne-shkup-dhe-podgorice\/\",\"name\":\"Tha\u00e7i: S\u00eb shpejti ambasador\u00ebt n\u00eb Shkup dhe Podgoric\u00eb - Lajme nga Ulqini\",\"isPartOf\":{\"@id\":\"https:\/\/www.visit-ulcinj.com\/blog\/#website\"},\"primaryImageOfPage\":{\"@id\":\"https:\/\/www.visit-ulcinj.com\/blog\/2009\/01\/21\/thaci-se-shpejti-ambasadoret-ne-shkup-dhe-podgorice\/#primaryimage\"},\"datePublished\":\"2009-01-21T11:29:37+00:00\",\"dateModified\":\"2009-01-21T11:29:41+00:00\",\"author\":{\"@id\":\"https:\/\/www.visit-ulcinj.com\/blog\/#\/schema\/person\/dcab619c614d3038751c63bc2aadc06d\"},\"description\":\"S\u00eb shpejti ambasador\u00ebt n\u00eb Shkup dhe Podgoric\u00eb Kryeministri Tha\u00e7i, pas nj\u00eb takimi me Uilliam Uokerin, ka prekur edhe \u00e7\u00ebshtjen e hapjes s\u00eb ambasadave t\u00eb\",\"breadcrumb\":{\"@id\":\"https:\/\/www.visit-ulcinj.com\/blog\/2009\/01\/21\/thaci-se-shpejti-ambasadoret-ne-shkup-dhe-podgorice\/#breadcrumb\"},\"inLanguage\":\"en-US\",\"potentialAction\":[{\"@type\":\"ReadAction\",\"target\":[\"https:\/\/www.visit-ulcinj.com\/blog\/2009\/01\/21\/thaci-se-shpejti-ambasadoret-ne-shkup-dhe-podgorice\/\"]}]},{\"@type\":\"BreadcrumbList\",\"@id\":\"https:\/\/www.visit-ulcinj.com\/blog\/2009\/01\/21\/thaci-se-shpejti-ambasadoret-ne-shkup-dhe-podgorice\/#breadcrumb\",\"itemListElement\":[{\"@type\":\"ListItem\",\"position\":1,\"name\":\"Tha\u00e7i: S\u00eb shpejti ambasador\u00ebt n\u00eb Shkup dhe Podgoric\u00eb\"}]},{\"@type\":\"Person\",\"@id\":\"https:\/\/www.visit-ulcinj.com\/blog\/#\/schema\/person\/dcab619c614d3038751c63bc2aadc06d\",\"name\":\"ulqini\",\"sameAs\":[\"http:\/\/www.visit-ulcinj.com\"],\"url\":\"https:\/\/www.visit-ulcinj.com\/blog\/author\/admin\/\"}]}<\/script>\n<!-- \/ Yoast SEO plugin. -->","yoast_head_json":{"title":"Tha\u00e7i: S\u00eb shpejti ambasador\u00ebt n\u00eb Shkup dhe Podgoric\u00eb - Lajme nga Ulqini","description":"S\u00eb shpejti ambasador\u00ebt n\u00eb Shkup dhe Podgoric\u00eb Kryeministri Tha\u00e7i, pas nj\u00eb takimi me Uilliam Uokerin, ka prekur edhe \u00e7\u00ebshtjen e hapjes s\u00eb ambasadave t\u00eb","robots":{"index":"index","follow":"follow","max-snippet":"max-snippet:-1","max-image-preview":"max-image-preview:large","max-video-preview":"max-video-preview:-1"},"canonical":"https:\/\/www.visit-ulcinj.com\/blog\/2009\/01\/21\/thaci-se-shpejti-ambasadoret-ne-shkup-dhe-podgorice\/","og_locale":"en_US","og_type":"article","og_title":"Tha\u00e7i: S\u00eb shpejti ambasador\u00ebt n\u00eb Shkup dhe Podgoric\u00eb - Lajme nga Ulqini","og_description":"S\u00eb shpejti ambasador\u00ebt n\u00eb Shkup dhe Podgoric\u00eb Kryeministri Tha\u00e7i, pas nj\u00eb takimi me Uilliam Uokerin, ka prekur edhe \u00e7\u00ebshtjen e hapjes s\u00eb ambasadave t\u00eb","og_url":"https:\/\/www.visit-ulcinj.com\/blog\/2009\/01\/21\/thaci-se-shpejti-ambasadoret-ne-shkup-dhe-podgorice\/","og_site_name":"Lajme nga Ulqini","article_published_time":"2009-01-21T11:29:37+00:00","article_modified_time":"2009-01-21T11:29:41+00:00","og_image":[{"url":"http:\/\/www.visit-ulcinj.com\/blog\/wp-content\/uploads\/2009\/01\/kryeministri-thaci.jpg"}],"twitter_misc":{"Written by":"ulqini","Est. reading time":"2 minutes"},"schema":{"@context":"https:\/\/schema.org","@graph":[{"@type":"WebSite","@id":"https:\/\/www.visit-ulcinj.com\/blog\/#website","url":"https:\/\/www.visit-ulcinj.com\/blog\/","name":"Lajme nga Ulqini","description":"Lajme,Vijesti,Ulqini,Ulqin,Crna Gora,Mali i Zi","potentialAction":[{"@type":"SearchAction","target":{"@type":"EntryPoint","urlTemplate":"https:\/\/www.visit-ulcinj.com\/blog\/?s={search_term_string}"},"query-input":"required name=search_term_string"}],"inLanguage":"en-US"},{"@type":"ImageObject","inLanguage":"en-US","@id":"https:\/\/www.visit-ulcinj.com\/blog\/2009\/01\/21\/thaci-se-shpejti-ambasadoret-ne-shkup-dhe-podgorice\/#primaryimage","url":"https:\/\/www.visit-ulcinj.com\/blog\/wp-content\/uploads\/2009\/01\/kryeministri-thaci.jpg","contentUrl":"https:\/\/www.visit-ulcinj.com\/blog\/wp-content\/uploads\/2009\/01\/kryeministri-thaci.jpg","width":"400","height":"500"},{"@type":"WebPage","@id":"https:\/\/www.visit-ulcinj.com\/blog\/2009\/01\/21\/thaci-se-shpejti-ambasadoret-ne-shkup-dhe-podgorice\/#webpage","url":"https:\/\/www.visit-ulcinj.com\/blog\/2009\/01\/21\/thaci-se-shpejti-ambasadoret-ne-shkup-dhe-podgorice\/","name":"Tha\u00e7i: S\u00eb shpejti ambasador\u00ebt n\u00eb Shkup dhe Podgoric\u00eb - Lajme nga Ulqini","isPartOf":{"@id":"https:\/\/www.visit-ulcinj.com\/blog\/#website"},"primaryImageOfPage":{"@id":"https:\/\/www.visit-ulcinj.com\/blog\/2009\/01\/21\/thaci-se-shpejti-ambasadoret-ne-shkup-dhe-podgorice\/#primaryimage"},"datePublished":"2009-01-21T11:29:37+00:00","dateModified":"2009-01-21T11:29:41+00:00","author":{"@id":"https:\/\/www.visit-ulcinj.com\/blog\/#\/schema\/person\/dcab619c614d3038751c63bc2aadc06d"},"description":"S\u00eb shpejti ambasador\u00ebt n\u00eb Shkup dhe Podgoric\u00eb Kryeministri Tha\u00e7i, pas nj\u00eb takimi me Uilliam Uokerin, ka prekur edhe \u00e7\u00ebshtjen e hapjes s\u00eb ambasadave t\u00eb","breadcrumb":{"@id":"https:\/\/www.visit-ulcinj.com\/blog\/2009\/01\/21\/thaci-se-shpejti-ambasadoret-ne-shkup-dhe-podgorice\/#breadcrumb"},"inLanguage":"en-US","potentialAction":[{"@type":"ReadAction","target":["https:\/\/www.visit-ulcinj.com\/blog\/2009\/01\/21\/thaci-se-shpejti-ambasadoret-ne-shkup-dhe-podgorice\/"]}]},{"@type":"BreadcrumbList","@id":"https:\/\/www.visit-ulcinj.com\/blog\/2009\/01\/21\/thaci-se-shpejti-ambasadoret-ne-shkup-dhe-podgorice\/#breadcrumb","itemListElement":[{"@type":"ListItem","position":1,"name":"Tha\u00e7i: S\u00eb shpejti ambasador\u00ebt n\u00eb Shkup dhe Podgoric\u00eb"}]},{"@type":"Person","@id":"https:\/\/www.visit-ulcinj.com\/blog\/#\/schema\/person\/dcab619c614d3038751c63bc2aadc06d","name":"ulqini","sameAs":["http:\/\/www.visit-ulcinj.com"],"url":"https:\/\/www.visit-ulcinj.com\/blog\/author\/admin\/"}]}},"jetpack_featured_media_url":"","jetpack_sharing_enabled":true,"jetpack_shortlink":"https:\/\/wp.me\/pe6lTn-2u6","_links":{"self":[{"href":"https:\/\/www.visit-ulcinj.com\/blog\/wp-json\/wp\/v2\/posts\/9554"}],"collection":[{"href":"https:\/\/www.visit-ulcinj.com\/blog\/wp-json\/wp\/v2\/posts"}],"about":[{"href":"https:\/\/www.visit-ulcinj.com\/blog\/wp-json\/wp\/v2\/types\/post"}],"author":[{"embeddable":true,"href":"https:\/\/www.visit-ulcinj.com\/blog\/wp-json\/wp\/v2\/users\/1"}],"replies":[{"embeddable":true,"href":"https:\/\/www.visit-ulcinj.com\/blog\/wp-json\/wp\/v2\/comments?post=9554"}],"version-history":[{"count":0,"href":"https:\/\/www.visit-ulcinj.com\/blog\/wp-json\/wp\/v2\/posts\/9554\/revisions"}],"wp:attachment":[{"href":"https:\/\/www.visit-ulcinj.com\/blog\/wp-json\/wp\/v2\/media?parent=9554"}],"wp:term":[{"taxonomy":"category","embeddable":true,"href":"https:\/\/www.visit-ulcinj.com\/blog\/wp-json\/wp\/v2\/categories?post=9554"},{"taxonomy":"post_tag","embeddable":true,"href":"https:\/\/www.visit-ulcinj.com\/blog\/wp-json\/wp\/v2\/tags?post=9554"}],"curies":[{"name":"wp","href":"https:\/\/api.w.org\/{rel}","templated":true}]}}