{"id":95547,"date":"2016-03-25T15:07:47","date_gmt":"2016-03-25T14:07:47","guid":{"rendered":"http:\/\/www.visit-ulcinj.com\/blog\/?p=95547"},"modified":"2016-03-25T15:07:47","modified_gmt":"2016-03-25T14:07:47","slug":"abazovic-ima-poslanika-koji-nisu-spremni-da-budu-batina-u-necijim-rukama","status":"publish","type":"post","link":"https:\/\/www.visit-ulcinj.com\/blog\/2016\/03\/25\/abazovic-ima-poslanika-koji-nisu-spremni-da-budu-batina-u-necijim-rukama\/","title":{"rendered":"Abazovic: Ima poslanika koji nisu spremni da budu batina u ne\u010dijim rukama"},"content":{"rendered":"<p><span class=\"credits__author\"> <a href=\"http:\/\/www.visit-ulcinj.com\/blog\/wp-content\/uploads\/2015\/12\/dritan-abazovic-.jpg\"><img loading=\"lazy\" class=\"alignleft wp-image-93738\" src=\"http:\/\/www.visit-ulcinj.com\/blog\/wp-content\/uploads\/2015\/12\/dritan-abazovic-.jpg\" alt=\"dritan-abazovic-\" width=\"508\" height=\"359\" srcset=\"https:\/\/www.visit-ulcinj.com\/blog\/wp-content\/uploads\/2015\/12\/dritan-abazovic-.jpg 939w, https:\/\/www.visit-ulcinj.com\/blog\/wp-content\/uploads\/2015\/12\/dritan-abazovic--300x212.jpg 300w\" sizes=\"(max-width: 508px) 100vw, 508px\" \/><\/a><strong>Autor: Mila Radulovi\u0107 <\/strong><\/span><\/p>\n<p>Osnivanje poslani\u010dkog kluba &#8220;Alternativa-URA&#8221; je tehni\u010dka stvar, ali je su\u0161tinski va\u017ena jer ozna\u010dava po\u010detak procesa da pripadnici manjina shvataju da DPS nije njihov jedini za\u0161titnik i da mogu na\u0107i partnere u opoziciji koji su gra\u0111anski orijentisani, spremni da ispo\u0161tuju njihove zahtjeve i\u00a0\u00a0imaju\u00a0senzbilitet za probleme nacionalnih manjina, poru\u010dio je poslanik\u00a0Dritan Abazovi\u0107\u00a0(URA).<\/p>\n<p>On je ju\u010de, kako je rekao &#8220;Vijestima&#8221;, obavijestio generalnog sekretara Skup\u0161tine\u00a0Sini\u0161u Stankovi\u0107a da je sa partijskim kolegom\u00a0Milo\u0161em Konatarom\u00a0i poslanikom Albanske alternative\u00a0Nikom \u0110elji\u0161ajem\u00a0osnovao novi klub.<\/p>\n<p>\u0110eljo\u0161aj je prije dva dana napustio manjinske stranake nezadovoljan saradnjom, posebno sa\u00a0Gencijem Nimanbeguom, poslanikom Force.<\/p>\n<p>Abazovi\u0107 o\u010dekuje da ga Kolegijum Skup\u0161tine pozove ve\u0107 na dana\u0161nju sjednicu, gdje bi trebalo da se konstatuje formiranje novog kluba. Poslanik obja\u0161njava da po skup\u0161tinskom Poslovniku ne postoji obaveza da se Kolegijum o tome izja\u0161njava, iako je to ranije bila praksa.<\/p>\n<p>&#8220;Do sada je DPS manipulisao manjinama a smatram da je glavni razlog tome poltronski odnos lidera manjinskih stranaka prema DPS-u i osje\u0107aj la\u017ene sigurnosti koji im oni stvaraju. Zadovoljstvo je da u ovako slo\u017eenom politi\u010dkom momentu ima poslanika koji nisu spremni da budu batina u ne\u010dijim rukama, a da svoje nacionalne i programske interese podrede intesima DPS,\u201d ka\u017ee Abazovi\u0107 koji \u0107e biti \u0161ef kluba.<\/p>\n<p>On je objasnio da je bio zadovoljan saradnjom u Klubu nezavisnih poslanika, ali da je shvatio da je \u017eelja AA da na ovaj na\u010din po\u010dne simboli\u010dnu saradnju gra\u0111anskih partija i manjinskih naroda.<\/p>\n<p>\u0110eljo\u0161aj je ranije u Skup\u0161tini glasao za ve\u0107inu predloga vladaju\u0107e koalicije i vlade. Na sjednici kada je razrije\u0161en ministar unutra\u0161njih poslova\u00a0Ra\u0161ko Konjevi\u0107\u00a0(SDP) on nije dijelio stav vladaju\u0107e koalicije, pa je\u00a0Sne\u017eana Jonica\u00a0(SNP) bila 42. poslanik koji je glasao za to. Bez njega \u0107e DPS sa Pozitivnom i manjinskim partijama imati 41 glas u parlamentu, koliko je i prosta ve\u0107ina potrebna za izglasavanje ve\u0107ine predloga.<\/p>\n<p><strong>Izvor: Vijesti Online<\/strong><\/p>\n","protected":false},"excerpt":{"rendered":"<p>Autor: Mila Radulovi\u0107 Osnivanje poslani\u010dkog kluba &#8220;Alternativa-URA&#8221; je tehni\u010dka stvar, ali je su\u0161tinski va\u017ena jer ozna\u010dava po\u010detak procesa da pripadnici manjina shvataju da DPS nije njihov jedini za\u0161titnik i da mogu na\u0107i partnere u opoziciji koji su gra\u0111anski orijentisani, spremni da ispo\u0161tuju njihove zahtjeve i\u00a0\u00a0imaju\u00a0senzbilitet za probleme nacionalnih manjina, poru\u010dio je poslanik\u00a0Dritan Abazovi\u0107\u00a0(URA). On je [&hellip;]<\/p>\n","protected":false},"author":1,"featured_media":0,"comment_status":"closed","ping_status":"closed","sticky":false,"template":"","format":"standard","meta":{"spay_email":"","jetpack_publicize_message":"","jetpack_is_tweetstorm":false,"jetpack_publicize_feature_enabled":true},"categories":[8337],"tags":[],"jetpack_publicize_connections":[],"yoast_head":"<!-- This site is optimized with the Yoast SEO plugin v19.1 - https:\/\/yoast.com\/wordpress\/plugins\/seo\/ -->\n<title>Abazovic: Ima poslanika koji nisu spremni da budu batina u ne\u010dijim rukama - Lajme nga Ulqini<\/title>\n<meta name=\"description\" content=\"Autor: Mila Radulovi\u0107 Osnivanje poslani\u010dkog kluba &quot;Alternativa-URA&quot; je tehni\u010dka stvar, ali je su\u0161tinski va\u017ena jer ozna\u010dava po\u010detak procesa da pripadnici\" \/>\n<meta name=\"robots\" content=\"index, follow, max-snippet:-1, max-image-preview:large, max-video-preview:-1\" \/>\n<link rel=\"canonical\" href=\"https:\/\/www.visit-ulcinj.com\/blog\/2016\/03\/25\/abazovic-ima-poslanika-koji-nisu-spremni-da-budu-batina-u-necijim-rukama\/\" \/>\n<meta property=\"og:locale\" content=\"en_US\" \/>\n<meta property=\"og:type\" content=\"article\" \/>\n<meta property=\"og:title\" content=\"Abazovic: Ima poslanika koji nisu spremni da budu batina u ne\u010dijim rukama - Lajme nga Ulqini\" \/>\n<meta property=\"og:description\" content=\"Autor: Mila Radulovi\u0107 Osnivanje poslani\u010dkog kluba &quot;Alternativa-URA&quot; je tehni\u010dka stvar, ali je su\u0161tinski va\u017ena jer ozna\u010dava po\u010detak procesa da pripadnici\" \/>\n<meta property=\"og:url\" content=\"https:\/\/www.visit-ulcinj.com\/blog\/2016\/03\/25\/abazovic-ima-poslanika-koji-nisu-spremni-da-budu-batina-u-necijim-rukama\/\" \/>\n<meta property=\"og:site_name\" content=\"Lajme nga Ulqini\" \/>\n<meta property=\"article:published_time\" content=\"2016-03-25T14:07:47+00:00\" \/>\n<meta property=\"og:image\" content=\"http:\/\/www.visit-ulcinj.com\/blog\/wp-content\/uploads\/2015\/12\/dritan-abazovic-.jpg\" \/>\n<meta name=\"twitter:label1\" content=\"Written by\" \/>\n\t<meta name=\"twitter:data1\" content=\"ulqini\" \/>\n\t<meta name=\"twitter:label2\" content=\"Est. reading time\" \/>\n\t<meta name=\"twitter:data2\" content=\"2 minutes\" \/>\n<script type=\"application\/ld+json\" class=\"yoast-schema-graph\">{\"@context\":\"https:\/\/schema.org\",\"@graph\":[{\"@type\":\"WebSite\",\"@id\":\"https:\/\/www.visit-ulcinj.com\/blog\/#website\",\"url\":\"https:\/\/www.visit-ulcinj.com\/blog\/\",\"name\":\"Lajme nga Ulqini\",\"description\":\"Lajme,Vijesti,Ulqini,Ulqin,Crna Gora,Mali i Zi\",\"potentialAction\":[{\"@type\":\"SearchAction\",\"target\":{\"@type\":\"EntryPoint\",\"urlTemplate\":\"https:\/\/www.visit-ulcinj.com\/blog\/?s={search_term_string}\"},\"query-input\":\"required name=search_term_string\"}],\"inLanguage\":\"en-US\"},{\"@type\":\"ImageObject\",\"inLanguage\":\"en-US\",\"@id\":\"https:\/\/www.visit-ulcinj.com\/blog\/2016\/03\/25\/abazovic-ima-poslanika-koji-nisu-spremni-da-budu-batina-u-necijim-rukama\/#primaryimage\",\"url\":\"https:\/\/www.visit-ulcinj.com\/blog\/wp-content\/uploads\/2015\/12\/dritan-abazovic-.jpg\",\"contentUrl\":\"https:\/\/www.visit-ulcinj.com\/blog\/wp-content\/uploads\/2015\/12\/dritan-abazovic-.jpg\",\"width\":939,\"height\":664},{\"@type\":\"WebPage\",\"@id\":\"https:\/\/www.visit-ulcinj.com\/blog\/2016\/03\/25\/abazovic-ima-poslanika-koji-nisu-spremni-da-budu-batina-u-necijim-rukama\/#webpage\",\"url\":\"https:\/\/www.visit-ulcinj.com\/blog\/2016\/03\/25\/abazovic-ima-poslanika-koji-nisu-spremni-da-budu-batina-u-necijim-rukama\/\",\"name\":\"Abazovic: Ima poslanika koji nisu spremni da budu batina u ne\u010dijim rukama - Lajme nga Ulqini\",\"isPartOf\":{\"@id\":\"https:\/\/www.visit-ulcinj.com\/blog\/#website\"},\"primaryImageOfPage\":{\"@id\":\"https:\/\/www.visit-ulcinj.com\/blog\/2016\/03\/25\/abazovic-ima-poslanika-koji-nisu-spremni-da-budu-batina-u-necijim-rukama\/#primaryimage\"},\"datePublished\":\"2016-03-25T14:07:47+00:00\",\"dateModified\":\"2016-03-25T14:07:47+00:00\",\"author\":{\"@id\":\"https:\/\/www.visit-ulcinj.com\/blog\/#\/schema\/person\/dcab619c614d3038751c63bc2aadc06d\"},\"description\":\"Autor: Mila Radulovi\u0107 Osnivanje poslani\u010dkog kluba \\\"Alternativa-URA\\\" je tehni\u010dka stvar, ali je su\u0161tinski va\u017ena jer ozna\u010dava po\u010detak procesa da pripadnici\",\"breadcrumb\":{\"@id\":\"https:\/\/www.visit-ulcinj.com\/blog\/2016\/03\/25\/abazovic-ima-poslanika-koji-nisu-spremni-da-budu-batina-u-necijim-rukama\/#breadcrumb\"},\"inLanguage\":\"en-US\",\"potentialAction\":[{\"@type\":\"ReadAction\",\"target\":[\"https:\/\/www.visit-ulcinj.com\/blog\/2016\/03\/25\/abazovic-ima-poslanika-koji-nisu-spremni-da-budu-batina-u-necijim-rukama\/\"]}]},{\"@type\":\"BreadcrumbList\",\"@id\":\"https:\/\/www.visit-ulcinj.com\/blog\/2016\/03\/25\/abazovic-ima-poslanika-koji-nisu-spremni-da-budu-batina-u-necijim-rukama\/#breadcrumb\",\"itemListElement\":[{\"@type\":\"ListItem\",\"position\":1,\"name\":\"Abazovic: Ima poslanika koji nisu spremni da budu batina u ne\u010dijim rukama\"}]},{\"@type\":\"Person\",\"@id\":\"https:\/\/www.visit-ulcinj.com\/blog\/#\/schema\/person\/dcab619c614d3038751c63bc2aadc06d\",\"name\":\"ulqini\",\"sameAs\":[\"http:\/\/www.visit-ulcinj.com\"],\"url\":\"https:\/\/www.visit-ulcinj.com\/blog\/author\/admin\/\"}]}<\/script>\n<!-- \/ Yoast SEO plugin. -->","yoast_head_json":{"title":"Abazovic: Ima poslanika koji nisu spremni da budu batina u ne\u010dijim rukama - Lajme nga Ulqini","description":"Autor: Mila Radulovi\u0107 Osnivanje poslani\u010dkog kluba \"Alternativa-URA\" je tehni\u010dka stvar, ali je su\u0161tinski va\u017ena jer ozna\u010dava po\u010detak procesa da pripadnici","robots":{"index":"index","follow":"follow","max-snippet":"max-snippet:-1","max-image-preview":"max-image-preview:large","max-video-preview":"max-video-preview:-1"},"canonical":"https:\/\/www.visit-ulcinj.com\/blog\/2016\/03\/25\/abazovic-ima-poslanika-koji-nisu-spremni-da-budu-batina-u-necijim-rukama\/","og_locale":"en_US","og_type":"article","og_title":"Abazovic: Ima poslanika koji nisu spremni da budu batina u ne\u010dijim rukama - Lajme nga Ulqini","og_description":"Autor: Mila Radulovi\u0107 Osnivanje poslani\u010dkog kluba \"Alternativa-URA\" je tehni\u010dka stvar, ali je su\u0161tinski va\u017ena jer ozna\u010dava po\u010detak procesa da pripadnici","og_url":"https:\/\/www.visit-ulcinj.com\/blog\/2016\/03\/25\/abazovic-ima-poslanika-koji-nisu-spremni-da-budu-batina-u-necijim-rukama\/","og_site_name":"Lajme nga Ulqini","article_published_time":"2016-03-25T14:07:47+00:00","og_image":[{"url":"http:\/\/www.visit-ulcinj.com\/blog\/wp-content\/uploads\/2015\/12\/dritan-abazovic-.jpg"}],"twitter_misc":{"Written by":"ulqini","Est. reading time":"2 minutes"},"schema":{"@context":"https:\/\/schema.org","@graph":[{"@type":"WebSite","@id":"https:\/\/www.visit-ulcinj.com\/blog\/#website","url":"https:\/\/www.visit-ulcinj.com\/blog\/","name":"Lajme nga Ulqini","description":"Lajme,Vijesti,Ulqini,Ulqin,Crna Gora,Mali i Zi","potentialAction":[{"@type":"SearchAction","target":{"@type":"EntryPoint","urlTemplate":"https:\/\/www.visit-ulcinj.com\/blog\/?s={search_term_string}"},"query-input":"required name=search_term_string"}],"inLanguage":"en-US"},{"@type":"ImageObject","inLanguage":"en-US","@id":"https:\/\/www.visit-ulcinj.com\/blog\/2016\/03\/25\/abazovic-ima-poslanika-koji-nisu-spremni-da-budu-batina-u-necijim-rukama\/#primaryimage","url":"https:\/\/www.visit-ulcinj.com\/blog\/wp-content\/uploads\/2015\/12\/dritan-abazovic-.jpg","contentUrl":"https:\/\/www.visit-ulcinj.com\/blog\/wp-content\/uploads\/2015\/12\/dritan-abazovic-.jpg","width":939,"height":664},{"@type":"WebPage","@id":"https:\/\/www.visit-ulcinj.com\/blog\/2016\/03\/25\/abazovic-ima-poslanika-koji-nisu-spremni-da-budu-batina-u-necijim-rukama\/#webpage","url":"https:\/\/www.visit-ulcinj.com\/blog\/2016\/03\/25\/abazovic-ima-poslanika-koji-nisu-spremni-da-budu-batina-u-necijim-rukama\/","name":"Abazovic: Ima poslanika koji nisu spremni da budu batina u ne\u010dijim rukama - Lajme nga Ulqini","isPartOf":{"@id":"https:\/\/www.visit-ulcinj.com\/blog\/#website"},"primaryImageOfPage":{"@id":"https:\/\/www.visit-ulcinj.com\/blog\/2016\/03\/25\/abazovic-ima-poslanika-koji-nisu-spremni-da-budu-batina-u-necijim-rukama\/#primaryimage"},"datePublished":"2016-03-25T14:07:47+00:00","dateModified":"2016-03-25T14:07:47+00:00","author":{"@id":"https:\/\/www.visit-ulcinj.com\/blog\/#\/schema\/person\/dcab619c614d3038751c63bc2aadc06d"},"description":"Autor: Mila Radulovi\u0107 Osnivanje poslani\u010dkog kluba \"Alternativa-URA\" je tehni\u010dka stvar, ali je su\u0161tinski va\u017ena jer ozna\u010dava po\u010detak procesa da pripadnici","breadcrumb":{"@id":"https:\/\/www.visit-ulcinj.com\/blog\/2016\/03\/25\/abazovic-ima-poslanika-koji-nisu-spremni-da-budu-batina-u-necijim-rukama\/#breadcrumb"},"inLanguage":"en-US","potentialAction":[{"@type":"ReadAction","target":["https:\/\/www.visit-ulcinj.com\/blog\/2016\/03\/25\/abazovic-ima-poslanika-koji-nisu-spremni-da-budu-batina-u-necijim-rukama\/"]}]},{"@type":"BreadcrumbList","@id":"https:\/\/www.visit-ulcinj.com\/blog\/2016\/03\/25\/abazovic-ima-poslanika-koji-nisu-spremni-da-budu-batina-u-necijim-rukama\/#breadcrumb","itemListElement":[{"@type":"ListItem","position":1,"name":"Abazovic: Ima poslanika koji nisu spremni da budu batina u ne\u010dijim rukama"}]},{"@type":"Person","@id":"https:\/\/www.visit-ulcinj.com\/blog\/#\/schema\/person\/dcab619c614d3038751c63bc2aadc06d","name":"ulqini","sameAs":["http:\/\/www.visit-ulcinj.com"],"url":"https:\/\/www.visit-ulcinj.com\/blog\/author\/admin\/"}]}},"jetpack_featured_media_url":"","jetpack_sharing_enabled":true,"jetpack_shortlink":"https:\/\/wp.me\/pe6lTn-oR5","_links":{"self":[{"href":"https:\/\/www.visit-ulcinj.com\/blog\/wp-json\/wp\/v2\/posts\/95547"}],"collection":[{"href":"https:\/\/www.visit-ulcinj.com\/blog\/wp-json\/wp\/v2\/posts"}],"about":[{"href":"https:\/\/www.visit-ulcinj.com\/blog\/wp-json\/wp\/v2\/types\/post"}],"author":[{"embeddable":true,"href":"https:\/\/www.visit-ulcinj.com\/blog\/wp-json\/wp\/v2\/users\/1"}],"replies":[{"embeddable":true,"href":"https:\/\/www.visit-ulcinj.com\/blog\/wp-json\/wp\/v2\/comments?post=95547"}],"version-history":[{"count":1,"href":"https:\/\/www.visit-ulcinj.com\/blog\/wp-json\/wp\/v2\/posts\/95547\/revisions"}],"predecessor-version":[{"id":95548,"href":"https:\/\/www.visit-ulcinj.com\/blog\/wp-json\/wp\/v2\/posts\/95547\/revisions\/95548"}],"wp:attachment":[{"href":"https:\/\/www.visit-ulcinj.com\/blog\/wp-json\/wp\/v2\/media?parent=95547"}],"wp:term":[{"taxonomy":"category","embeddable":true,"href":"https:\/\/www.visit-ulcinj.com\/blog\/wp-json\/wp\/v2\/categories?post=95547"},{"taxonomy":"post_tag","embeddable":true,"href":"https:\/\/www.visit-ulcinj.com\/blog\/wp-json\/wp\/v2\/tags?post=95547"}],"curies":[{"name":"wp","href":"https:\/\/api.w.org\/{rel}","templated":true}]}}