{"id":95551,"date":"2016-03-25T18:30:34","date_gmt":"2016-03-25T17:30:34","guid":{"rendered":"http:\/\/www.visit-ulcinj.com\/blog\/?p=95551"},"modified":"2016-03-25T18:30:34","modified_gmt":"2016-03-25T17:30:34","slug":"nik-delosaj-forca-postala-ogranak-bosnjacke-stranke-za-ulcinj","status":"publish","type":"post","link":"https:\/\/www.visit-ulcinj.com\/blog\/2016\/03\/25\/nik-delosaj-forca-postala-ogranak-bosnjacke-stranke-za-ulcinj\/","title":{"rendered":"Nik \u0110elo\u0161aj: Forca postala ogranak Bo\u0161nja\u010dke stranke za Ulcinj"},"content":{"rendered":"<div id=\"articleContent\">\n<p><a href=\"http:\/\/www.visit-ulcinj.com\/blog\/wp-content\/uploads\/2015\/01\/Nik-Gjeloshaj.jpg\"><img loading=\"lazy\" class=\"alignleft wp-image-88096\" src=\"http:\/\/www.visit-ulcinj.com\/blog\/wp-content\/uploads\/2015\/01\/Nik-Gjeloshaj.jpg\" alt=\"Nik-Gjeloshaj\" width=\"508\" height=\"339\" srcset=\"https:\/\/www.visit-ulcinj.com\/blog\/wp-content\/uploads\/2015\/01\/Nik-Gjeloshaj.jpg 960w, https:\/\/www.visit-ulcinj.com\/blog\/wp-content\/uploads\/2015\/01\/Nik-Gjeloshaj-300x200.jpg 300w\" sizes=\"(max-width: 508px) 100vw, 508px\" \/><\/a>&#8220;Na kolegijumu, nije bilo \u017eu\u010dne rasprave o formiranju kluba Alternativa, nakon dogovora oko po\u010detka sjednice Skup\u0161tine i utvr\u0111ivanju dnevnog reda, kolegijum je raspravljao o zahtjevu za formiranje dva kluba poslanika, zahtjevu Albanske alternative &#8211; URE i\u00a0 kluba Forca, HGI i LP. Jedini \u017eu\u010dan, nervozan, bu\u010dan i nestrpljiv je bio Suljo Mustafi\u0107<strong>,<\/strong> i to u onome \u0161to sam i najavio, u poku\u0161aju spre\u010davanja formiranja kluba, koji bi za \u0161efa kluba imao Albanca. \u00a0Na ovu antialbansku histeriju Bo\u0161nja\u010dke stranke sam ukazivao du\u017ee vrijeme, ali radi javnosti, ograni\u010davam se na subjekat, a nikako na Bo\u0161njake. \u00a0Koliko je Suljo bio nervozan u spre\u010davanju formiranja kluba najbolje govori \u010dinjenica da je slomio \u010da\u0161u na stolu. Novi biser, poslije histerija o zastavi, grbu, Njego\u0161u\u2026 \u00a0Najgora \u010dinjenica je bila tvrdnja\u00a0 da on zastupa i stav Force, biv\u0161e albanske nacionalne partije, koja je svojim djelovanjem postala samo ogranak Bo\u0161nja\u010dke stranke za Ulcinj&#8221;. Sve druge politi\u010dke konotacije, koje smo imali prilike da slu\u0161amo ovih dana o mojem djelovanju, odbacujem kao \u010distu manipulaciju naveo je \u0110elo\u0161aj u izjavi dostavljenoj <em>Portalu Analitika, <\/em>komentari\u0161u\u0107i medijske spekulacije i reakcije na osnivanje kluba poslanika Alternativa-URA\u00a0 u Skup\u0161tini Crne Gore.<\/p>\n<p>Kako je dodao, interesantna je bila i reakcija poslanika koji je obe\u0107avao, a koji u javnosti se predstavlja kao poslanik Koalicije Force za jedinstvo.<\/p>\n<p>&#8220;Ustvari svi ostali konstituenti ove koalicije vode sudske sporove sa biv\u0161om albanskom partijom Forca. Javno smo vidjeli pravi nivo poslanika, koji je poku\u0161avao, izgleda pod maskom, druga\u010dije se predstaviti, u kojom sabira i dodjeljuje sebi na hiljade albanskih glasova i \u010dak je umislio da moze biti konsultant. Sre\u0107no mu bilo. \u0160to se ti\u010de brojeva, Albanska koalicija koju zastupam je imala 3900 glasova, na zadnjim lokalnim izborima, gdje sam bio nosilac liste, osvojili smo 25 odsto, odnosno 1350 glasova Albanaca u Podgorici&#8221; precizirao je \u0110elo\u0161aj.<\/p>\n<p><strong>Izvor: PortalAnalitika<\/strong><\/p>\n<\/div>\n","protected":false},"excerpt":{"rendered":"<p>&#8220;Na kolegijumu, nije bilo \u017eu\u010dne rasprave o formiranju kluba Alternativa, nakon dogovora oko po\u010detka sjednice Skup\u0161tine i utvr\u0111ivanju dnevnog reda, kolegijum je raspravljao o zahtjevu za formiranje dva kluba poslanika, zahtjevu Albanske alternative &#8211; URE i\u00a0 kluba Forca, HGI i LP. Jedini \u017eu\u010dan, nervozan, bu\u010dan i nestrpljiv je bio Suljo Mustafi\u0107, i to u onome [&hellip;]<\/p>\n","protected":false},"author":1,"featured_media":0,"comment_status":"closed","ping_status":"closed","sticky":false,"template":"","format":"standard","meta":{"spay_email":"","jetpack_publicize_message":"","jetpack_is_tweetstorm":false,"jetpack_publicize_feature_enabled":true},"categories":[8337],"tags":[],"jetpack_publicize_connections":[],"yoast_head":"<!-- This site is optimized with the Yoast SEO plugin v19.1 - https:\/\/yoast.com\/wordpress\/plugins\/seo\/ -->\n<title>Nik \u0110elo\u0161aj: Forca postala ogranak Bo\u0161nja\u010dke stranke za Ulcinj - Lajme nga Ulqini<\/title>\n<meta name=\"description\" content=\"&quot;Na kolegijumu, nije bilo \u017eu\u010dne rasprave o formiranju kluba Alternativa, nakon dogovora oko po\u010detka sjednice Skup\u0161tine i utvr\u0111ivanju dnevnog reda,\" \/>\n<meta name=\"robots\" content=\"index, follow, max-snippet:-1, max-image-preview:large, max-video-preview:-1\" \/>\n<link rel=\"canonical\" href=\"https:\/\/www.visit-ulcinj.com\/blog\/2016\/03\/25\/nik-delosaj-forca-postala-ogranak-bosnjacke-stranke-za-ulcinj\/\" \/>\n<meta property=\"og:locale\" content=\"en_US\" \/>\n<meta property=\"og:type\" content=\"article\" \/>\n<meta property=\"og:title\" content=\"Nik \u0110elo\u0161aj: Forca postala ogranak Bo\u0161nja\u010dke stranke za Ulcinj - Lajme nga Ulqini\" \/>\n<meta property=\"og:description\" content=\"&quot;Na kolegijumu, nije bilo \u017eu\u010dne rasprave o formiranju kluba Alternativa, nakon dogovora oko po\u010detka sjednice Skup\u0161tine i utvr\u0111ivanju dnevnog reda,\" \/>\n<meta property=\"og:url\" content=\"https:\/\/www.visit-ulcinj.com\/blog\/2016\/03\/25\/nik-delosaj-forca-postala-ogranak-bosnjacke-stranke-za-ulcinj\/\" \/>\n<meta property=\"og:site_name\" content=\"Lajme nga Ulqini\" \/>\n<meta property=\"article:published_time\" content=\"2016-03-25T17:30:34+00:00\" \/>\n<meta property=\"og:image\" content=\"http:\/\/www.visit-ulcinj.com\/blog\/wp-content\/uploads\/2015\/01\/Nik-Gjeloshaj.jpg\" \/>\n<meta name=\"twitter:label1\" content=\"Written by\" \/>\n\t<meta name=\"twitter:data1\" content=\"ulqini\" \/>\n\t<meta name=\"twitter:label2\" content=\"Est. reading time\" \/>\n\t<meta name=\"twitter:data2\" content=\"2 minutes\" \/>\n<script type=\"application\/ld+json\" class=\"yoast-schema-graph\">{\"@context\":\"https:\/\/schema.org\",\"@graph\":[{\"@type\":\"WebSite\",\"@id\":\"https:\/\/www.visit-ulcinj.com\/blog\/#website\",\"url\":\"https:\/\/www.visit-ulcinj.com\/blog\/\",\"name\":\"Lajme nga Ulqini\",\"description\":\"Lajme,Vijesti,Ulqini,Ulqin,Crna Gora,Mali i Zi\",\"potentialAction\":[{\"@type\":\"SearchAction\",\"target\":{\"@type\":\"EntryPoint\",\"urlTemplate\":\"https:\/\/www.visit-ulcinj.com\/blog\/?s={search_term_string}\"},\"query-input\":\"required name=search_term_string\"}],\"inLanguage\":\"en-US\"},{\"@type\":\"ImageObject\",\"inLanguage\":\"en-US\",\"@id\":\"https:\/\/www.visit-ulcinj.com\/blog\/2016\/03\/25\/nik-delosaj-forca-postala-ogranak-bosnjacke-stranke-za-ulcinj\/#primaryimage\",\"url\":\"https:\/\/www.visit-ulcinj.com\/blog\/wp-content\/uploads\/2015\/01\/Nik-Gjeloshaj.jpg\",\"contentUrl\":\"https:\/\/www.visit-ulcinj.com\/blog\/wp-content\/uploads\/2015\/01\/Nik-Gjeloshaj.jpg\",\"width\":960,\"height\":640},{\"@type\":\"WebPage\",\"@id\":\"https:\/\/www.visit-ulcinj.com\/blog\/2016\/03\/25\/nik-delosaj-forca-postala-ogranak-bosnjacke-stranke-za-ulcinj\/#webpage\",\"url\":\"https:\/\/www.visit-ulcinj.com\/blog\/2016\/03\/25\/nik-delosaj-forca-postala-ogranak-bosnjacke-stranke-za-ulcinj\/\",\"name\":\"Nik \u0110elo\u0161aj: Forca postala ogranak Bo\u0161nja\u010dke stranke za Ulcinj - Lajme nga Ulqini\",\"isPartOf\":{\"@id\":\"https:\/\/www.visit-ulcinj.com\/blog\/#website\"},\"primaryImageOfPage\":{\"@id\":\"https:\/\/www.visit-ulcinj.com\/blog\/2016\/03\/25\/nik-delosaj-forca-postala-ogranak-bosnjacke-stranke-za-ulcinj\/#primaryimage\"},\"datePublished\":\"2016-03-25T17:30:34+00:00\",\"dateModified\":\"2016-03-25T17:30:34+00:00\",\"author\":{\"@id\":\"https:\/\/www.visit-ulcinj.com\/blog\/#\/schema\/person\/dcab619c614d3038751c63bc2aadc06d\"},\"description\":\"\\\"Na kolegijumu, nije bilo \u017eu\u010dne rasprave o formiranju kluba Alternativa, nakon dogovora oko po\u010detka sjednice Skup\u0161tine i utvr\u0111ivanju dnevnog reda,\",\"breadcrumb\":{\"@id\":\"https:\/\/www.visit-ulcinj.com\/blog\/2016\/03\/25\/nik-delosaj-forca-postala-ogranak-bosnjacke-stranke-za-ulcinj\/#breadcrumb\"},\"inLanguage\":\"en-US\",\"potentialAction\":[{\"@type\":\"ReadAction\",\"target\":[\"https:\/\/www.visit-ulcinj.com\/blog\/2016\/03\/25\/nik-delosaj-forca-postala-ogranak-bosnjacke-stranke-za-ulcinj\/\"]}]},{\"@type\":\"BreadcrumbList\",\"@id\":\"https:\/\/www.visit-ulcinj.com\/blog\/2016\/03\/25\/nik-delosaj-forca-postala-ogranak-bosnjacke-stranke-za-ulcinj\/#breadcrumb\",\"itemListElement\":[{\"@type\":\"ListItem\",\"position\":1,\"name\":\"Nik \u0110elo\u0161aj: Forca postala ogranak Bo\u0161nja\u010dke stranke za Ulcinj\"}]},{\"@type\":\"Person\",\"@id\":\"https:\/\/www.visit-ulcinj.com\/blog\/#\/schema\/person\/dcab619c614d3038751c63bc2aadc06d\",\"name\":\"ulqini\",\"sameAs\":[\"http:\/\/www.visit-ulcinj.com\"],\"url\":\"https:\/\/www.visit-ulcinj.com\/blog\/author\/admin\/\"}]}<\/script>\n<!-- \/ Yoast SEO plugin. -->","yoast_head_json":{"title":"Nik \u0110elo\u0161aj: Forca postala ogranak Bo\u0161nja\u010dke stranke za Ulcinj - Lajme nga Ulqini","description":"\"Na kolegijumu, nije bilo \u017eu\u010dne rasprave o formiranju kluba Alternativa, nakon dogovora oko po\u010detka sjednice Skup\u0161tine i utvr\u0111ivanju dnevnog reda,","robots":{"index":"index","follow":"follow","max-snippet":"max-snippet:-1","max-image-preview":"max-image-preview:large","max-video-preview":"max-video-preview:-1"},"canonical":"https:\/\/www.visit-ulcinj.com\/blog\/2016\/03\/25\/nik-delosaj-forca-postala-ogranak-bosnjacke-stranke-za-ulcinj\/","og_locale":"en_US","og_type":"article","og_title":"Nik \u0110elo\u0161aj: Forca postala ogranak Bo\u0161nja\u010dke stranke za Ulcinj - Lajme nga Ulqini","og_description":"\"Na kolegijumu, nije bilo \u017eu\u010dne rasprave o formiranju kluba Alternativa, nakon dogovora oko po\u010detka sjednice Skup\u0161tine i utvr\u0111ivanju dnevnog reda,","og_url":"https:\/\/www.visit-ulcinj.com\/blog\/2016\/03\/25\/nik-delosaj-forca-postala-ogranak-bosnjacke-stranke-za-ulcinj\/","og_site_name":"Lajme nga Ulqini","article_published_time":"2016-03-25T17:30:34+00:00","og_image":[{"url":"http:\/\/www.visit-ulcinj.com\/blog\/wp-content\/uploads\/2015\/01\/Nik-Gjeloshaj.jpg"}],"twitter_misc":{"Written by":"ulqini","Est. reading time":"2 minutes"},"schema":{"@context":"https:\/\/schema.org","@graph":[{"@type":"WebSite","@id":"https:\/\/www.visit-ulcinj.com\/blog\/#website","url":"https:\/\/www.visit-ulcinj.com\/blog\/","name":"Lajme nga Ulqini","description":"Lajme,Vijesti,Ulqini,Ulqin,Crna Gora,Mali i Zi","potentialAction":[{"@type":"SearchAction","target":{"@type":"EntryPoint","urlTemplate":"https:\/\/www.visit-ulcinj.com\/blog\/?s={search_term_string}"},"query-input":"required name=search_term_string"}],"inLanguage":"en-US"},{"@type":"ImageObject","inLanguage":"en-US","@id":"https:\/\/www.visit-ulcinj.com\/blog\/2016\/03\/25\/nik-delosaj-forca-postala-ogranak-bosnjacke-stranke-za-ulcinj\/#primaryimage","url":"https:\/\/www.visit-ulcinj.com\/blog\/wp-content\/uploads\/2015\/01\/Nik-Gjeloshaj.jpg","contentUrl":"https:\/\/www.visit-ulcinj.com\/blog\/wp-content\/uploads\/2015\/01\/Nik-Gjeloshaj.jpg","width":960,"height":640},{"@type":"WebPage","@id":"https:\/\/www.visit-ulcinj.com\/blog\/2016\/03\/25\/nik-delosaj-forca-postala-ogranak-bosnjacke-stranke-za-ulcinj\/#webpage","url":"https:\/\/www.visit-ulcinj.com\/blog\/2016\/03\/25\/nik-delosaj-forca-postala-ogranak-bosnjacke-stranke-za-ulcinj\/","name":"Nik \u0110elo\u0161aj: Forca postala ogranak Bo\u0161nja\u010dke stranke za Ulcinj - Lajme nga Ulqini","isPartOf":{"@id":"https:\/\/www.visit-ulcinj.com\/blog\/#website"},"primaryImageOfPage":{"@id":"https:\/\/www.visit-ulcinj.com\/blog\/2016\/03\/25\/nik-delosaj-forca-postala-ogranak-bosnjacke-stranke-za-ulcinj\/#primaryimage"},"datePublished":"2016-03-25T17:30:34+00:00","dateModified":"2016-03-25T17:30:34+00:00","author":{"@id":"https:\/\/www.visit-ulcinj.com\/blog\/#\/schema\/person\/dcab619c614d3038751c63bc2aadc06d"},"description":"\"Na kolegijumu, nije bilo \u017eu\u010dne rasprave o formiranju kluba Alternativa, nakon dogovora oko po\u010detka sjednice Skup\u0161tine i utvr\u0111ivanju dnevnog reda,","breadcrumb":{"@id":"https:\/\/www.visit-ulcinj.com\/blog\/2016\/03\/25\/nik-delosaj-forca-postala-ogranak-bosnjacke-stranke-za-ulcinj\/#breadcrumb"},"inLanguage":"en-US","potentialAction":[{"@type":"ReadAction","target":["https:\/\/www.visit-ulcinj.com\/blog\/2016\/03\/25\/nik-delosaj-forca-postala-ogranak-bosnjacke-stranke-za-ulcinj\/"]}]},{"@type":"BreadcrumbList","@id":"https:\/\/www.visit-ulcinj.com\/blog\/2016\/03\/25\/nik-delosaj-forca-postala-ogranak-bosnjacke-stranke-za-ulcinj\/#breadcrumb","itemListElement":[{"@type":"ListItem","position":1,"name":"Nik \u0110elo\u0161aj: Forca postala ogranak Bo\u0161nja\u010dke stranke za Ulcinj"}]},{"@type":"Person","@id":"https:\/\/www.visit-ulcinj.com\/blog\/#\/schema\/person\/dcab619c614d3038751c63bc2aadc06d","name":"ulqini","sameAs":["http:\/\/www.visit-ulcinj.com"],"url":"https:\/\/www.visit-ulcinj.com\/blog\/author\/admin\/"}]}},"jetpack_featured_media_url":"","jetpack_sharing_enabled":true,"jetpack_shortlink":"https:\/\/wp.me\/pe6lTn-oR9","_links":{"self":[{"href":"https:\/\/www.visit-ulcinj.com\/blog\/wp-json\/wp\/v2\/posts\/95551"}],"collection":[{"href":"https:\/\/www.visit-ulcinj.com\/blog\/wp-json\/wp\/v2\/posts"}],"about":[{"href":"https:\/\/www.visit-ulcinj.com\/blog\/wp-json\/wp\/v2\/types\/post"}],"author":[{"embeddable":true,"href":"https:\/\/www.visit-ulcinj.com\/blog\/wp-json\/wp\/v2\/users\/1"}],"replies":[{"embeddable":true,"href":"https:\/\/www.visit-ulcinj.com\/blog\/wp-json\/wp\/v2\/comments?post=95551"}],"version-history":[{"count":1,"href":"https:\/\/www.visit-ulcinj.com\/blog\/wp-json\/wp\/v2\/posts\/95551\/revisions"}],"predecessor-version":[{"id":95552,"href":"https:\/\/www.visit-ulcinj.com\/blog\/wp-json\/wp\/v2\/posts\/95551\/revisions\/95552"}],"wp:attachment":[{"href":"https:\/\/www.visit-ulcinj.com\/blog\/wp-json\/wp\/v2\/media?parent=95551"}],"wp:term":[{"taxonomy":"category","embeddable":true,"href":"https:\/\/www.visit-ulcinj.com\/blog\/wp-json\/wp\/v2\/categories?post=95551"},{"taxonomy":"post_tag","embeddable":true,"href":"https:\/\/www.visit-ulcinj.com\/blog\/wp-json\/wp\/v2\/tags?post=95551"}],"curies":[{"name":"wp","href":"https:\/\/api.w.org\/{rel}","templated":true}]}}