{"id":95553,"date":"2016-03-25T19:14:24","date_gmt":"2016-03-25T18:14:24","guid":{"rendered":"http:\/\/www.visit-ulcinj.com\/blog\/?p=95553"},"modified":"2016-03-25T23:31:45","modified_gmt":"2016-03-25T22:31:45","slug":"karamanaga-mirenjohje-per-beqir-trumen-veteran-i-shume-gjeneratave-ne-ulqin","status":"publish","type":"post","link":"https:\/\/www.visit-ulcinj.com\/blog\/2016\/03\/25\/karamanaga-mirenjohje-per-beqir-trumen-veteran-i-shume-gjeneratave-ne-ulqin\/","title":{"rendered":"Karamanaga: Mir\u00ebnjohje p\u00ebr Beqir Trum\u00ebn, veteran i shum\u00eb gjeneratave n\u00eb Ulqin"},"content":{"rendered":"<p><span id=\"fbPhotoSnowliftCaption\" class=\"fbPhotosPhotoCaption\" tabindex=\"0\" data-ft=\"{&quot;tn&quot;:&quot;K&quot;}\"><span class=\"hasCaption\"><a href=\"http:\/\/www.visit-ulcinj.com\/blog\/wp-content\/uploads\/2014\/03\/Beqir-Truma-Ulqin.jpg\"><img loading=\"lazy\" class=\"alignleft wp-image-81002\" src=\"http:\/\/www.visit-ulcinj.com\/blog\/wp-content\/uploads\/2014\/03\/Beqir-Truma-Ulqin.jpg\" alt=\"Beqir-Truma-Ulqin\" width=\"508\" height=\"381\" srcset=\"https:\/\/www.visit-ulcinj.com\/blog\/wp-content\/uploads\/2014\/03\/Beqir-Truma-Ulqin.jpg 960w, https:\/\/www.visit-ulcinj.com\/blog\/wp-content\/uploads\/2014\/03\/Beqir-Truma-Ulqin-300x225.jpg 300w\" sizes=\"(max-width: 508px) 100vw, 508px\" \/><\/a>Beqo TRUMA meriton nj\u00eb vend t\u00eb ve\u00e7ant\u00eb n\u00eb faqen time. Nuk mundet pa Ran\u00eb. Shpesh ulet n\u00eb Ran\u00eb, por m\u00eb tep\u00ebr tash nga pranvera, kurse ver\u00ebs p\u00ebr \u00e7do dit\u00eb. Beqoja a po Beqiri, mundohem q\u00eb mos t\u00eb gaboj, kur jan\u00eb &#8220;Ranacak\u00ebt&#8221; n\u00eb pyetje, ka lindur n\u00eb Ran\u00eb, ve\u00e7 pak metra larg nga deti. Ka qen\u00eb nj\u00eb sportist i dalluar, edukator i shum\u00eb gjeneratave n\u00eb shkoll\u00eb, dhe nj\u00eb nd\u00ebr valtar\u00ebt m\u00eb t\u00eb mir\u00eb t\u00eb folkllo<span class=\"text_exposed_show\">rit ton\u00eb, n\u00eb koh\u00ebn e t\u00eb ndjerit Rexhep Abazit, themeluesit e SHK Zana.<\/span><\/span><\/span><\/p>\n<p><span id=\"fbPhotoSnowliftCaption\" class=\"fbPhotosPhotoCaption\" tabindex=\"0\" data-ft=\"{&quot;tn&quot;:&quot;K&quot;}\"><span class=\"hasCaption\"><span class=\"text_exposed_show\"><a href=\"http:\/\/www.visit-ulcinj.com\/blog\/wp-content\/uploads\/2014\/03\/BEQIR-TRUMA-ULQIN-3.jpg\"><img loading=\"lazy\" class=\"alignleft wp-image-81005\" src=\"http:\/\/www.visit-ulcinj.com\/blog\/wp-content\/uploads\/2014\/03\/BEQIR-TRUMA-ULQIN-3.jpg\" alt=\"BEQIR-TRUMA-ULQIN-3\" width=\"508\" height=\"434\" srcset=\"https:\/\/www.visit-ulcinj.com\/blog\/wp-content\/uploads\/2014\/03\/BEQIR-TRUMA-ULQIN-3.jpg 578w, https:\/\/www.visit-ulcinj.com\/blog\/wp-content\/uploads\/2014\/03\/BEQIR-TRUMA-ULQIN-3-300x256.jpg 300w\" sizes=\"(max-width: 508px) 100vw, 508px\" \/><\/a><br \/>\nM\u00eb von\u00eb, Beqiri ka qen\u00eb nj\u00eb nd\u00ebr ato persona i cili m\u00eb autoritetin e tij, ka pas ndikim t\u00eb madh n\u00eb ruajtjen dhe mir\u00ebmbajtjen e folkllorit\u00eb ton\u00eb dhe t\u00eb trashigimis\u00eb ton\u00eb kulturore. Prandaj, t\u00eb gjith\u00eb ne nga Rana, nga Kalaja dhe Pazari, e kemi pas Beqon si idoll.<br \/>\nBeqoja ka qen\u00eb gjithmon\u00eb modest, i but\u00eb, i bukur dhe i mir\u00eb si\u00e7 thot\u00eb populli yn\u00eb. T\u00eb paret nga familia Truma nga Rana, kan\u00eb qen\u00eb detar\u00eb me nam, duke filluar nga Hamdija, Qemali dhe tjer\u00ebt, k\u00ebshtu q\u00eb edhe Beqoja e ka pasur, dhe ende e ka detin n\u00eb gjak.<br \/>\nLumi Buna, sanallat, peshku dhe peshkimi, ndoshta edhe kan\u00eb ndiku, dhe kan\u00eb l\u00ebn\u00eb gjurm\u00eb n\u00eb sh\u00ebndetin e k\u00ebtij sportisti t\u00eb dalluar. Dua ta theksoj, se nj\u00eb organiz\u00ebm i pregaditur maksimal psiko &#8211; fizik\u00eb ka qen\u00eb n\u00eb gjendje ti p\u00ebrballojn\u00eb t\u00eb gjitha k\u00ebto probleme, m\u00eb von\u00eb.<br \/>\nSot, ul\u00ebt n\u00eb Ran\u00eb, pa ndihm\u00ebn e askujt. Takohet m\u00eb shok\u00ebt nga rinia, bisedon dhe flet\u00eb qart\u00eb, dhe pas disa or\u00ebsh ngadal p\u00ebrs\u00ebri shkon n\u00eb rrug\u00ebn e cila t\u00eb \u00e7on deri ke Komuna, ku e ka banes\u00ebn.<br \/>\nUn\u00eb i d\u00ebshiroj nj\u00eb jet\u00eb t\u00eb gjat\u00eb dhe t\u00eb mir\u00eb, d\u00ebshiroj q\u00eb p\u00ebr \u00e7do dit\u00eb t\u00eb ulet n\u00eb Ran\u00ebn ton\u00eb t\u00eb bukur, ta shikojn dhe ta shijojn detin, peshkun, barkat dhe sanallat&#8230;<\/span><\/span><\/span><\/p>\n<p><strong><a id=\"js_v0\" href=\"https:\/\/www.facebook.com\/ismet.karamanaga?fref=photo\" data-hovercard=\"\/ajax\/hovercard\/user.php?id=1359492972\">Ismet Karamanaga <\/a>Facebook <\/strong><\/p>\n<!--YouTube Error: bad URL entered-->\n\n\t\t<style type=\"text\/css\">\n\t\t\t#gallery-1 {\n\t\t\t\tmargin: auto;\n\t\t\t}\n\t\t\t#gallery-1 .gallery-item {\n\t\t\t\tfloat: left;\n\t\t\t\tmargin-top: 10px;\n\t\t\t\ttext-align: center;\n\t\t\t\twidth: 33%;\n\t\t\t}\n\t\t\t#gallery-1 img {\n\t\t\t\tborder: 2px solid #cfcfcf;\n\t\t\t}\n\t\t\t#gallery-1 .gallery-caption {\n\t\t\t\tmargin-left: 0;\n\t\t\t}\n\t\t\t\/* see gallery_shortcode() in wp-includes\/media.php *\/\n\t\t<\/style>\n\t\t<div id='gallery-1' class='gallery galleryid-95553 gallery-columns-3 gallery-size-thumbnail'><dl class='gallery-item'>\n\t\t\t<dt class='gallery-icon landscape'>\n\t\t\t\t<a href='https:\/\/www.visit-ulcinj.com\/blog\/2014\/03\/25\/beqir-truma-nje-emer-vecante-ne-ulqin\/beqir-truma-ulqin-2\/'><img width=\"150\" height=\"150\" src=\"https:\/\/www.visit-ulcinj.com\/blog\/wp-content\/uploads\/2014\/03\/Beqir-Truma-Ulqin-2-150x150.jpg\" class=\"attachment-thumbnail size-thumbnail\" alt=\"\" loading=\"lazy\" \/><\/a>\n\t\t\t<\/dt><\/dl><dl class='gallery-item'>\n\t\t\t<dt class='gallery-icon landscape'>\n\t\t\t\t<a href='https:\/\/www.visit-ulcinj.com\/blog\/2014\/03\/25\/beqir-truma-nje-emer-vecante-ne-ulqin\/beqir-truma-ulqin-1\/'><img width=\"150\" height=\"150\" src=\"https:\/\/www.visit-ulcinj.com\/blog\/wp-content\/uploads\/2014\/03\/Beqir-Truma-Ulqin-1-150x150.jpg\" class=\"attachment-thumbnail size-thumbnail\" alt=\"\" loading=\"lazy\" \/><\/a>\n\t\t\t<\/dt><\/dl><dl class='gallery-item'>\n\t\t\t<dt class='gallery-icon landscape'>\n\t\t\t\t<a href='https:\/\/www.visit-ulcinj.com\/blog\/2014\/05\/17\/interviste-rapsodin-ulqinak-beqir-truma-tv-teuta-video\/interviste-beqir-truma\/'><img width=\"150\" height=\"150\" src=\"https:\/\/www.visit-ulcinj.com\/blog\/wp-content\/uploads\/2014\/05\/interviste-Beqir-Truma-150x150.jpg\" class=\"attachment-thumbnail size-thumbnail\" alt=\"\" loading=\"lazy\" \/><\/a>\n\t\t\t<\/dt><\/dl><br style=\"clear: both\" \/>\n\t\t<\/div>\n\n","protected":false},"excerpt":{"rendered":"<p>Beqo TRUMA meriton nj\u00eb vend t\u00eb ve\u00e7ant\u00eb n\u00eb faqen time. Nuk mundet pa Ran\u00eb. Shpesh ulet n\u00eb Ran\u00eb, por m\u00eb tep\u00ebr tash nga pranvera, kurse ver\u00ebs p\u00ebr \u00e7do dit\u00eb. Beqoja a po Beqiri, mundohem q\u00eb mos t\u00eb gaboj, kur jan\u00eb &#8220;Ranacak\u00ebt&#8221; n\u00eb pyetje, ka lindur n\u00eb Ran\u00eb, ve\u00e7 pak metra larg nga deti. Ka qen\u00eb [&hellip;]<\/p>\n","protected":false},"author":1,"featured_media":0,"comment_status":"closed","ping_status":"closed","sticky":false,"template":"","format":"standard","meta":{"spay_email":"","jetpack_publicize_message":"","jetpack_is_tweetstorm":false,"jetpack_publicize_feature_enabled":true},"categories":[1,14249],"tags":[],"jetpack_publicize_connections":[],"yoast_head":"<!-- This site is optimized with the Yoast SEO plugin v19.1 - https:\/\/yoast.com\/wordpress\/plugins\/seo\/ -->\n<title>Karamanaga: Mir\u00ebnjohje p\u00ebr Beqir Trum\u00ebn, veteran i shum\u00eb gjeneratave n\u00eb Ulqin - Lajme nga Ulqini<\/title>\n<meta name=\"description\" content=\"Beqo TRUMA meriton nj\u00eb vend t\u00eb ve\u00e7ant\u00eb n\u00eb faqen time. Nuk mundet pa Ran\u00eb. Shpesh ulet n\u00eb Ran\u00eb, por m\u00eb tep\u00ebr tash nga pranvera, kurse ver\u00ebs p\u00ebr \u00e7do dit\u00eb.\" \/>\n<meta name=\"robots\" content=\"index, follow, max-snippet:-1, max-image-preview:large, max-video-preview:-1\" \/>\n<link rel=\"canonical\" href=\"https:\/\/www.visit-ulcinj.com\/blog\/2016\/03\/25\/karamanaga-mirenjohje-per-beqir-trumen-veteran-i-shume-gjeneratave-ne-ulqin\/\" \/>\n<meta property=\"og:locale\" content=\"en_US\" \/>\n<meta property=\"og:type\" content=\"article\" \/>\n<meta property=\"og:title\" content=\"Karamanaga: Mir\u00ebnjohje p\u00ebr Beqir Trum\u00ebn, veteran i shum\u00eb gjeneratave n\u00eb Ulqin - Lajme nga Ulqini\" \/>\n<meta property=\"og:description\" content=\"Beqo TRUMA meriton nj\u00eb vend t\u00eb ve\u00e7ant\u00eb n\u00eb faqen time. Nuk mundet pa Ran\u00eb. Shpesh ulet n\u00eb Ran\u00eb, por m\u00eb tep\u00ebr tash nga pranvera, kurse ver\u00ebs p\u00ebr \u00e7do dit\u00eb.\" \/>\n<meta property=\"og:url\" content=\"https:\/\/www.visit-ulcinj.com\/blog\/2016\/03\/25\/karamanaga-mirenjohje-per-beqir-trumen-veteran-i-shume-gjeneratave-ne-ulqin\/\" \/>\n<meta property=\"og:site_name\" content=\"Lajme nga Ulqini\" \/>\n<meta property=\"article:published_time\" content=\"2016-03-25T18:14:24+00:00\" \/>\n<meta property=\"article:modified_time\" content=\"2016-03-25T22:31:45+00:00\" \/>\n<meta property=\"og:image\" content=\"https:\/\/www.visit-ulcinj.com\/blog\/wp-content\/uploads\/2014\/03\/Beqir-Truma-Ulqin-2-150x150.jpg\" \/>\n<meta name=\"twitter:label1\" content=\"Written by\" \/>\n\t<meta name=\"twitter:data1\" content=\"ulqini\" \/>\n\t<meta name=\"twitter:label2\" content=\"Est. reading time\" \/>\n\t<meta name=\"twitter:data2\" content=\"2 minutes\" \/>\n<script type=\"application\/ld+json\" class=\"yoast-schema-graph\">{\"@context\":\"https:\/\/schema.org\",\"@graph\":[{\"@type\":\"WebSite\",\"@id\":\"https:\/\/www.visit-ulcinj.com\/blog\/#website\",\"url\":\"https:\/\/www.visit-ulcinj.com\/blog\/\",\"name\":\"Lajme nga Ulqini\",\"description\":\"Lajme,Vijesti,Ulqini,Ulqin,Crna Gora,Mali i Zi\",\"potentialAction\":[{\"@type\":\"SearchAction\",\"target\":{\"@type\":\"EntryPoint\",\"urlTemplate\":\"https:\/\/www.visit-ulcinj.com\/blog\/?s={search_term_string}\"},\"query-input\":\"required name=search_term_string\"}],\"inLanguage\":\"en-US\"},{\"@type\":\"ImageObject\",\"inLanguage\":\"en-US\",\"@id\":\"https:\/\/www.visit-ulcinj.com\/blog\/2016\/03\/25\/karamanaga-mirenjohje-per-beqir-trumen-veteran-i-shume-gjeneratave-ne-ulqin\/#primaryimage\",\"url\":\"https:\/\/www.visit-ulcinj.com\/blog\/wp-content\/uploads\/2014\/03\/Beqir-Truma-Ulqin.jpg\",\"contentUrl\":\"https:\/\/www.visit-ulcinj.com\/blog\/wp-content\/uploads\/2014\/03\/Beqir-Truma-Ulqin.jpg\",\"width\":960,\"height\":720},{\"@type\":\"WebPage\",\"@id\":\"https:\/\/www.visit-ulcinj.com\/blog\/2016\/03\/25\/karamanaga-mirenjohje-per-beqir-trumen-veteran-i-shume-gjeneratave-ne-ulqin\/#webpage\",\"url\":\"https:\/\/www.visit-ulcinj.com\/blog\/2016\/03\/25\/karamanaga-mirenjohje-per-beqir-trumen-veteran-i-shume-gjeneratave-ne-ulqin\/\",\"name\":\"Karamanaga: Mir\u00ebnjohje p\u00ebr Beqir Trum\u00ebn, veteran i shum\u00eb gjeneratave n\u00eb Ulqin - Lajme nga Ulqini\",\"isPartOf\":{\"@id\":\"https:\/\/www.visit-ulcinj.com\/blog\/#website\"},\"primaryImageOfPage\":{\"@id\":\"https:\/\/www.visit-ulcinj.com\/blog\/2016\/03\/25\/karamanaga-mirenjohje-per-beqir-trumen-veteran-i-shume-gjeneratave-ne-ulqin\/#primaryimage\"},\"datePublished\":\"2016-03-25T18:14:24+00:00\",\"dateModified\":\"2016-03-25T22:31:45+00:00\",\"author\":{\"@id\":\"https:\/\/www.visit-ulcinj.com\/blog\/#\/schema\/person\/dcab619c614d3038751c63bc2aadc06d\"},\"description\":\"Beqo TRUMA meriton nj\u00eb vend t\u00eb ve\u00e7ant\u00eb n\u00eb faqen time. Nuk mundet pa Ran\u00eb. Shpesh ulet n\u00eb Ran\u00eb, por m\u00eb tep\u00ebr tash nga pranvera, kurse ver\u00ebs p\u00ebr \u00e7do dit\u00eb.\",\"breadcrumb\":{\"@id\":\"https:\/\/www.visit-ulcinj.com\/blog\/2016\/03\/25\/karamanaga-mirenjohje-per-beqir-trumen-veteran-i-shume-gjeneratave-ne-ulqin\/#breadcrumb\"},\"inLanguage\":\"en-US\",\"potentialAction\":[{\"@type\":\"ReadAction\",\"target\":[\"https:\/\/www.visit-ulcinj.com\/blog\/2016\/03\/25\/karamanaga-mirenjohje-per-beqir-trumen-veteran-i-shume-gjeneratave-ne-ulqin\/\"]}]},{\"@type\":\"BreadcrumbList\",\"@id\":\"https:\/\/www.visit-ulcinj.com\/blog\/2016\/03\/25\/karamanaga-mirenjohje-per-beqir-trumen-veteran-i-shume-gjeneratave-ne-ulqin\/#breadcrumb\",\"itemListElement\":[{\"@type\":\"ListItem\",\"position\":1,\"name\":\"Karamanaga: Mir\u00ebnjohje p\u00ebr Beqir Trum\u00ebn, veteran i shum\u00eb gjeneratave n\u00eb Ulqin\"}]},{\"@type\":\"Person\",\"@id\":\"https:\/\/www.visit-ulcinj.com\/blog\/#\/schema\/person\/dcab619c614d3038751c63bc2aadc06d\",\"name\":\"ulqini\",\"sameAs\":[\"http:\/\/www.visit-ulcinj.com\"],\"url\":\"https:\/\/www.visit-ulcinj.com\/blog\/author\/admin\/\"}]}<\/script>\n<!-- \/ Yoast SEO plugin. -->","yoast_head_json":{"title":"Karamanaga: Mir\u00ebnjohje p\u00ebr Beqir Trum\u00ebn, veteran i shum\u00eb gjeneratave n\u00eb Ulqin - Lajme nga Ulqini","description":"Beqo TRUMA meriton nj\u00eb vend t\u00eb ve\u00e7ant\u00eb n\u00eb faqen time. Nuk mundet pa Ran\u00eb. Shpesh ulet n\u00eb Ran\u00eb, por m\u00eb tep\u00ebr tash nga pranvera, kurse ver\u00ebs p\u00ebr \u00e7do dit\u00eb.","robots":{"index":"index","follow":"follow","max-snippet":"max-snippet:-1","max-image-preview":"max-image-preview:large","max-video-preview":"max-video-preview:-1"},"canonical":"https:\/\/www.visit-ulcinj.com\/blog\/2016\/03\/25\/karamanaga-mirenjohje-per-beqir-trumen-veteran-i-shume-gjeneratave-ne-ulqin\/","og_locale":"en_US","og_type":"article","og_title":"Karamanaga: Mir\u00ebnjohje p\u00ebr Beqir Trum\u00ebn, veteran i shum\u00eb gjeneratave n\u00eb Ulqin - Lajme nga Ulqini","og_description":"Beqo TRUMA meriton nj\u00eb vend t\u00eb ve\u00e7ant\u00eb n\u00eb faqen time. Nuk mundet pa Ran\u00eb. Shpesh ulet n\u00eb Ran\u00eb, por m\u00eb tep\u00ebr tash nga pranvera, kurse ver\u00ebs p\u00ebr \u00e7do dit\u00eb.","og_url":"https:\/\/www.visit-ulcinj.com\/blog\/2016\/03\/25\/karamanaga-mirenjohje-per-beqir-trumen-veteran-i-shume-gjeneratave-ne-ulqin\/","og_site_name":"Lajme nga Ulqini","article_published_time":"2016-03-25T18:14:24+00:00","article_modified_time":"2016-03-25T22:31:45+00:00","og_image":[{"url":"https:\/\/www.visit-ulcinj.com\/blog\/wp-content\/uploads\/2014\/03\/Beqir-Truma-Ulqin-2-150x150.jpg"}],"twitter_misc":{"Written by":"ulqini","Est. reading time":"2 minutes"},"schema":{"@context":"https:\/\/schema.org","@graph":[{"@type":"WebSite","@id":"https:\/\/www.visit-ulcinj.com\/blog\/#website","url":"https:\/\/www.visit-ulcinj.com\/blog\/","name":"Lajme nga Ulqini","description":"Lajme,Vijesti,Ulqini,Ulqin,Crna Gora,Mali i Zi","potentialAction":[{"@type":"SearchAction","target":{"@type":"EntryPoint","urlTemplate":"https:\/\/www.visit-ulcinj.com\/blog\/?s={search_term_string}"},"query-input":"required name=search_term_string"}],"inLanguage":"en-US"},{"@type":"ImageObject","inLanguage":"en-US","@id":"https:\/\/www.visit-ulcinj.com\/blog\/2016\/03\/25\/karamanaga-mirenjohje-per-beqir-trumen-veteran-i-shume-gjeneratave-ne-ulqin\/#primaryimage","url":"https:\/\/www.visit-ulcinj.com\/blog\/wp-content\/uploads\/2014\/03\/Beqir-Truma-Ulqin.jpg","contentUrl":"https:\/\/www.visit-ulcinj.com\/blog\/wp-content\/uploads\/2014\/03\/Beqir-Truma-Ulqin.jpg","width":960,"height":720},{"@type":"WebPage","@id":"https:\/\/www.visit-ulcinj.com\/blog\/2016\/03\/25\/karamanaga-mirenjohje-per-beqir-trumen-veteran-i-shume-gjeneratave-ne-ulqin\/#webpage","url":"https:\/\/www.visit-ulcinj.com\/blog\/2016\/03\/25\/karamanaga-mirenjohje-per-beqir-trumen-veteran-i-shume-gjeneratave-ne-ulqin\/","name":"Karamanaga: Mir\u00ebnjohje p\u00ebr Beqir Trum\u00ebn, veteran i shum\u00eb gjeneratave n\u00eb Ulqin - Lajme nga Ulqini","isPartOf":{"@id":"https:\/\/www.visit-ulcinj.com\/blog\/#website"},"primaryImageOfPage":{"@id":"https:\/\/www.visit-ulcinj.com\/blog\/2016\/03\/25\/karamanaga-mirenjohje-per-beqir-trumen-veteran-i-shume-gjeneratave-ne-ulqin\/#primaryimage"},"datePublished":"2016-03-25T18:14:24+00:00","dateModified":"2016-03-25T22:31:45+00:00","author":{"@id":"https:\/\/www.visit-ulcinj.com\/blog\/#\/schema\/person\/dcab619c614d3038751c63bc2aadc06d"},"description":"Beqo TRUMA meriton nj\u00eb vend t\u00eb ve\u00e7ant\u00eb n\u00eb faqen time. Nuk mundet pa Ran\u00eb. Shpesh ulet n\u00eb Ran\u00eb, por m\u00eb tep\u00ebr tash nga pranvera, kurse ver\u00ebs p\u00ebr \u00e7do dit\u00eb.","breadcrumb":{"@id":"https:\/\/www.visit-ulcinj.com\/blog\/2016\/03\/25\/karamanaga-mirenjohje-per-beqir-trumen-veteran-i-shume-gjeneratave-ne-ulqin\/#breadcrumb"},"inLanguage":"en-US","potentialAction":[{"@type":"ReadAction","target":["https:\/\/www.visit-ulcinj.com\/blog\/2016\/03\/25\/karamanaga-mirenjohje-per-beqir-trumen-veteran-i-shume-gjeneratave-ne-ulqin\/"]}]},{"@type":"BreadcrumbList","@id":"https:\/\/www.visit-ulcinj.com\/blog\/2016\/03\/25\/karamanaga-mirenjohje-per-beqir-trumen-veteran-i-shume-gjeneratave-ne-ulqin\/#breadcrumb","itemListElement":[{"@type":"ListItem","position":1,"name":"Karamanaga: Mir\u00ebnjohje p\u00ebr Beqir Trum\u00ebn, veteran i shum\u00eb gjeneratave n\u00eb Ulqin"}]},{"@type":"Person","@id":"https:\/\/www.visit-ulcinj.com\/blog\/#\/schema\/person\/dcab619c614d3038751c63bc2aadc06d","name":"ulqini","sameAs":["http:\/\/www.visit-ulcinj.com"],"url":"https:\/\/www.visit-ulcinj.com\/blog\/author\/admin\/"}]}},"jetpack_featured_media_url":"","jetpack_sharing_enabled":true,"jetpack_shortlink":"https:\/\/wp.me\/pe6lTn-oRb","_links":{"self":[{"href":"https:\/\/www.visit-ulcinj.com\/blog\/wp-json\/wp\/v2\/posts\/95553"}],"collection":[{"href":"https:\/\/www.visit-ulcinj.com\/blog\/wp-json\/wp\/v2\/posts"}],"about":[{"href":"https:\/\/www.visit-ulcinj.com\/blog\/wp-json\/wp\/v2\/types\/post"}],"author":[{"embeddable":true,"href":"https:\/\/www.visit-ulcinj.com\/blog\/wp-json\/wp\/v2\/users\/1"}],"replies":[{"embeddable":true,"href":"https:\/\/www.visit-ulcinj.com\/blog\/wp-json\/wp\/v2\/comments?post=95553"}],"version-history":[{"count":4,"href":"https:\/\/www.visit-ulcinj.com\/blog\/wp-json\/wp\/v2\/posts\/95553\/revisions"}],"predecessor-version":[{"id":95558,"href":"https:\/\/www.visit-ulcinj.com\/blog\/wp-json\/wp\/v2\/posts\/95553\/revisions\/95558"}],"wp:attachment":[{"href":"https:\/\/www.visit-ulcinj.com\/blog\/wp-json\/wp\/v2\/media?parent=95553"}],"wp:term":[{"taxonomy":"category","embeddable":true,"href":"https:\/\/www.visit-ulcinj.com\/blog\/wp-json\/wp\/v2\/categories?post=95553"},{"taxonomy":"post_tag","embeddable":true,"href":"https:\/\/www.visit-ulcinj.com\/blog\/wp-json\/wp\/v2\/tags?post=95553"}],"curies":[{"name":"wp","href":"https:\/\/api.w.org\/{rel}","templated":true}]}}