{"id":95559,"date":"2016-03-25T20:25:36","date_gmt":"2016-03-25T19:25:36","guid":{"rendered":"http:\/\/www.visit-ulcinj.com\/blog\/?p=95559"},"modified":"2016-03-27T08:42:21","modified_gmt":"2016-03-27T07:42:21","slug":"nika-bardhi-rrezikon-pensionin","status":"publish","type":"post","link":"https:\/\/www.visit-ulcinj.com\/blog\/2016\/03\/25\/nika-bardhi-rrezikon-pensionin\/","title":{"rendered":"Nika: Bardhi rrezikon pensionin"},"content":{"rendered":"<p><strong><em>\u00a0<a href=\"http:\/\/www.visit-ulcinj.com\/blog\/wp-content\/uploads\/2015\/01\/Mehmet-Bardhi-za-DAN.jpg\"><img loading=\"lazy\" class=\"alignleft wp-image-87511\" src=\"http:\/\/www.visit-ulcinj.com\/blog\/wp-content\/uploads\/2015\/01\/Mehmet-Bardhi-za-DAN.jpg\" alt=\"Mehmet Bardhi za DAN\" width=\"508\" height=\"377\" srcset=\"https:\/\/www.visit-ulcinj.com\/blog\/wp-content\/uploads\/2015\/01\/Mehmet-Bardhi-za-DAN.jpg 407w, https:\/\/www.visit-ulcinj.com\/blog\/wp-content\/uploads\/2015\/01\/Mehmet-Bardhi-za-DAN-300x222.jpg 300w\" sizes=\"(max-width: 508px) 100vw, 508px\" \/><\/a>PENSIONI\u00a0 I BARDHIT &#8211; A S\u2019 JEMI POPULL I PA YRNEK..?!!<\/em><\/strong><\/p>\n<p><strong>Shkruan: Muhamet Nika<\/strong><\/p>\n<p><em>Sot\u00a0 n\u00eb gazet\u00ebn\u00a0 \u201c Dan \u201c u publikua edhe nj\u00eb\u00a0 \u201dm\u00ebkat\u201d tjet\u00ebr i Gjek\u00ebs\u00a0 \u00a0q\u00eb \u00e7oi\u00a0 Bardhin n\u00eb pension N\u00cb M\u00cbNYR\u00cb RETROAKTIVE DHE DIKUSH \u201c NGA TAN\u00cbT \u2013 P\u00cbR K\u00cbT\u00cb \u00a0PADITI&#8230;?!! <\/em><\/p>\n<p><em>Andaj me t\u00eb drejt\u00eb \u00a0po pyes , \u00a0a jemi popull I \u00a0pa yrnek dhe\u00a0 qe\u00a0 pse?\u201d \u00a0Thuhet q\u00eb edhe vet\u00eb Titoja i shkret\u00a0 \u00a0kish \u00a0l\u00ebn\u00eb Jovank\u00ebn pa PENSION DUKE \u00a0VUAJTUR URIN\u00cb MOLLOSHEVIQJANE\u00a0\u00a0 ME NJ\u00cb BUK\u00cb DHE NJ\u00cb JOGURT N\u00cb NJ\u00cb BIRUC\u00cb&#8230;, PASI KY I FUNDIT I KISH \u00a0Z\u00cbN\u00cb EDHE\u00a0 \u00a0REZIDENC\u00cbN E TITOS P\u00cbR BANES\u00cb.<\/em><\/p>\n<p><em>&#8230;..Bisedohet se \u00a0TITOS, nuk kish pasur kush t\u2019ia hap dhe p\u00ebr pasoj\u00eb \u2013 as \u00a0kush t\u2019ia mbyll librez\u00ebn e pun\u00ebs , p\u00ebr pension&#8230;?!<\/em><\/p>\n<p><em>Por gjithashtu , gjat\u00eb nj\u00eb vizite si student n\u00eb sht\u00ebpin\u00eb e nj\u00eb shoku\u00a0 nga Drenica \u2013 filluam t\u00eb k\u00ebndojm\u00eb p\u00ebr Shote Galic\u00ebn- gruan e Azem Galic\u00ebs,\u00a0 dhe nj\u00eb \u201cbac\u00eb\u201d-na tha : qysh\u00a0 po k\u00ebndoni more- po a se dini se ajo n\u00eb pleq\u00ebri kish vuajtur urie sepse i mungoi\u00a0 p\u00ebrkujdesja&#8230;?!! Them t\u00eb drejt\u00ebn k\u00ebt\u00eb at\u00ebher\u00eb nuk mund ta besoja q\u00eb mund ta kishin lejuar shqiptar\u00eb t\u00eb ndodh?! Edhe sot nuk e di t\u00eb v\u00ebrtet\u00ebn dhe nuk kam guxuar t\u00eb pyes dik\u00eb nga turpi&#8230;?!! E k\u00ebtu, mbase po m\u00eb merr kuptim edhe titulli i atij libri t\u00eb botuar k\u00ebtyre dit\u00ebve: \u201c Ngjarje dhe ndodhi..\u201d , t\u00eb cilat kujtoj se jan\u00eb sinonime- \u00a0si gjuh\u00ebtar\u00eb- nj\u00ebra \u00a0z\u00ebvend\u00ebson tjetr\u00ebn dhe e p\u00ebrjashton P\u00cbRDORIMIN E DYFISHT\u00cb?!<\/em><\/p>\n<p><em>\u00a0\u00a0Po dhe Fadil Taipi i jon\u00eb, \u00a0\u00a0ish-kryetar i komun\u00ebs s\u00eb Ulqinit, deklaronte \u00a0aty nga fundi i jet\u00ebs , se sikur t\u00eb mos kish qen\u00eb nj\u00eb malazi- prej Podgorcet edhe ky si Titoja \u2013 p\u00ebr shqiptar\u00ebt \u00a0mbeti pa pension?!!<\/em><\/p>\n<p><em>Po le ti kthehemi Bardhit.<\/em><\/p>\n<p><em>\u00a0Kur lexova k\u00ebt\u00eb shkrim t\u00eb Danit, mu kujtua\u00a0 t\u00eb ul\u00ebm dhe\u00a0 t\u00eb\u00a0 rr\u00ebfej \u00a0nga k\u00ebndi i im fatin e Bardhit \u00a0,e \u00a0duke revokuar me nj\u00eb paraleliz\u00ebm t\u00eb \u00a0\u00a0nj\u00eb legjend\u00eb p\u00ebr mbret\u00ebresh\u00ebn Helen\u00eb t\u00eb anzhuajve.\u00a0 Fillimisht po m\u00eb kujtohet &#8211; mu kujtua nj\u00eb sken\u00eb n\u00eb prag t\u00eb formimit t\u00eb shumic\u00ebs s\u00eb re parlamentare \u00a0t\u00eb fundit, si kjo:<\/em><\/p>\n<p><em>\u00a0Derisa\u00a0 liderucat\u00a0 e partive shqiptare , bridhnin sa posht\u00eb aq lart\u00eb , nga m\u00ebngjesi n\u00eb mbr\u00ebmje e deri n\u00eb or\u00ebt e vona t\u00eb nat\u00ebs- tre t\u00eb m\u00ebngjesit ,\u00a0 \u00a0si \u00a0puna e asaj \u201c\u00a0 maceje \u00a0q\u00eb do t\u00eb pjell\u00eb..\u201d,kuptohet pas funksioneve, Lideri i shqiptar\u00ebve nga viti 90 , Mehmet Bardhi po ashtu bridhte posht\u00eb e\u00a0 lart\u00eb- nga zyra n\u00eb zyr\u00eb, por k\u00ebsaj radhe\u00a0 jo\u00a0 m\u00eb- pas funksioneve \u00a0t\u00eb cilat vet\u00eb ia dham\u00eb&#8230;, ve\u00e7se pas stazhit t\u00eb pun\u00ebs q\u00eb komuna nuk po ia\u00a0 pranonte \u00a0daljen n\u00eb pension edhe pse me komun\u00eb kish t\u00eb shkruar nj\u00eb marr\u00ebveshje- kontrat\u00eb\u00a0 , q\u00eb i siguronte \u00a0vendin\u00a0 e \u00a0pun\u00ebs, si p\u00ebrkthyes \u00a0deri sa t\u00eb ushtronte funksionin e deputetit&#8230;?! Marr\u00ebveshjen e kish t\u00eb n\u00ebnshkruar nga un\u00eb&#8230;?! <\/em><\/p>\n<p><em>P\u00ebr k\u00ebt\u00eb yrnek( ngjarje \u2013ndodhi&#8230;.),<\/em><strong> \u00a0\u00a0mu kujtua historia e \u00a0fshatit Dob\u00ebrlan?!, buz\u00eb uji, \u00a0sipas nj\u00eb \u00a0paralelizmi t\u00eb p\u00ebrmendur..?!!<\/strong><\/p>\n<p>Kam lexuar diku, mbase n\u00eb shkrimet e Hajrudin Muj\u00ebs, por le t\u00eb m\u00eb fal\u00eb n\u00ebse gaboj , p\u00ebr \u00a0nj\u00eb legjend\u00eb tep\u00ebr interesante ,\u00a0 rreth Princesh\u00ebs \u00a0Helena , t\u00eb der\u00ebs s\u00eb anzhuajve e cila qeverisi n\u00eb trek\u00ebnd\u00ebshin Ulqin- Tivar- Kraj\u00eb.\u00a0 N\u00eb fakt autori , kish sh\u00ebnuar se \u00a0princesha \u00a0bujare\u00a0 e cila \u00a0nd\u00ebrtoi\u00a0\u00a0 Tivarin, \u00a0n\u00eb mosh\u00ebn e saj t\u00eb thyer , \u00a0vendosi t\u00eb b\u00ebhej askete \u2013 duke iu lutur Zotit n\u00eb nj\u00eb shpell\u00eb \u00a0t\u00eb fshatit Dob\u00ebrlan?!<\/p>\n<p>P\u00ebr t\u00eb respektuar vullnetin e saj, banor\u00ebt e Dob\u00ebrlanit, n\u00eb kujtim t\u00eb dit\u00ebve t\u00eb bukura me te dhe n\u00eb shenj respekti, \u00a0ishin zotuar se asaj p\u00ebr \u00e7\u2019do dit\u00eb \u00a0n\u00eb\u00a0 shpell\u00eb do t\u2019i \u00e7onin nga nj\u00eb peshk . Por nuk kaloi shum\u00eb koh\u00eb\u00a0 e ata u m\u00ebrzit\u00ebn&#8230;duke e l\u00ebn\u00eb \u00a0at\u00eb -pa peshkun e premtuar&#8230;?!K<\/p>\n<p>\u00ebshtu , mbret\u00ebresha\u00a0 e prekur thell\u00eb dhe e fyer deri n\u00eb kulm , doli nga shpella duke \u00a0u nisur\u00a0 rrug\u00ebs \u00a0n\u00eb drejtim t\u00eb \u00a0\u00a0Tivarit \u00a0\u00a0e duke mos e kthyer \u00a0as kok\u00ebn pas, pamarre parasysh \u00a0q\u00eb dob\u00ebrlan\u00ebsit i luteshin q\u00eb ajo \u00a0t\u00eb kthehej .<\/p>\n<p><strong><em>Po duket historia e Dob\u00ebrlanit , p\u00ebrs\u00ebrit\u00ebt&#8230;.,edhe Bardhin\u00a0 \u201c<\/em><\/strong><strong><em> dob\u00ebrlan\u00ebsit&#8230;\u201c deshen\u00a0 ta \u00a0\u00a0l\u00ebn\u00eb pa peshk?!<\/em><\/strong><\/p>\n<p><strong><em>Andaj po e mbyllim me at\u00eb q\u00eb e nis\u00ebm\u2013 A s\u2019jemi popull i \u00a0pa yrnek?! <\/em><\/strong><\/p>\n","protected":false},"excerpt":{"rendered":"<p>\u00a0PENSIONI\u00a0 I BARDHIT &#8211; A S\u2019 JEMI POPULL I PA YRNEK..?!! Shkruan: Muhamet Nika Sot\u00a0 n\u00eb gazet\u00ebn\u00a0 \u201c Dan \u201c u publikua edhe nj\u00eb\u00a0 \u201dm\u00ebkat\u201d tjet\u00ebr i Gjek\u00ebs\u00a0 \u00a0q\u00eb \u00e7oi\u00a0 Bardhin n\u00eb pension N\u00cb M\u00cbNYR\u00cb RETROAKTIVE DHE DIKUSH \u201c NGA TAN\u00cbT \u2013 P\u00cbR K\u00cbT\u00cb \u00a0PADITI&#8230;?!! Andaj me t\u00eb drejt\u00eb \u00a0po pyes , \u00a0a jemi popull [&hellip;]<\/p>\n","protected":false},"author":1,"featured_media":0,"comment_status":"closed","ping_status":"closed","sticky":false,"template":"","format":"standard","meta":{"spay_email":"","jetpack_publicize_message":"","jetpack_is_tweetstorm":false,"jetpack_publicize_feature_enabled":true},"categories":[1,14249],"tags":[],"jetpack_publicize_connections":[],"yoast_head":"<!-- This site is optimized with the Yoast SEO plugin v19.1 - https:\/\/yoast.com\/wordpress\/plugins\/seo\/ -->\n<title>Nika: Bardhi rrezikon pensionin - Lajme nga Ulqini<\/title>\n<meta name=\"description\" content=\"\u00a0PENSIONI\u00a0 I BARDHIT - A S\u2019 JEMI POPULL I PA YRNEK..?!! Shkruan: Muhamet Nika Sot\u00a0 n\u00eb gazet\u00ebn\u00a0 \u201c Dan \u201c u publikua edhe nj\u00eb\u00a0 \u201dm\u00ebkat\u201d tjet\u00ebr i Gjek\u00ebs\u00a0 \u00a0q\u00eb\" \/>\n<meta name=\"robots\" content=\"index, follow, max-snippet:-1, max-image-preview:large, max-video-preview:-1\" \/>\n<link rel=\"canonical\" href=\"https:\/\/www.visit-ulcinj.com\/blog\/2016\/03\/25\/nika-bardhi-rrezikon-pensionin\/\" \/>\n<meta property=\"og:locale\" content=\"en_US\" \/>\n<meta property=\"og:type\" content=\"article\" \/>\n<meta property=\"og:title\" content=\"Nika: Bardhi rrezikon pensionin - Lajme nga Ulqini\" \/>\n<meta property=\"og:description\" content=\"\u00a0PENSIONI\u00a0 I BARDHIT - A S\u2019 JEMI POPULL I PA YRNEK..?!! Shkruan: Muhamet Nika Sot\u00a0 n\u00eb gazet\u00ebn\u00a0 \u201c Dan \u201c u publikua edhe nj\u00eb\u00a0 \u201dm\u00ebkat\u201d tjet\u00ebr i Gjek\u00ebs\u00a0 \u00a0q\u00eb\" \/>\n<meta property=\"og:url\" content=\"https:\/\/www.visit-ulcinj.com\/blog\/2016\/03\/25\/nika-bardhi-rrezikon-pensionin\/\" \/>\n<meta property=\"og:site_name\" content=\"Lajme nga Ulqini\" \/>\n<meta property=\"article:published_time\" content=\"2016-03-25T19:25:36+00:00\" \/>\n<meta property=\"article:modified_time\" content=\"2016-03-27T07:42:21+00:00\" \/>\n<meta property=\"og:image\" content=\"http:\/\/www.visit-ulcinj.com\/blog\/wp-content\/uploads\/2015\/01\/Mehmet-Bardhi-za-DAN.jpg\" \/>\n<meta name=\"twitter:label1\" content=\"Written by\" \/>\n\t<meta name=\"twitter:data1\" content=\"ulqini\" \/>\n\t<meta name=\"twitter:label2\" content=\"Est. reading time\" \/>\n\t<meta name=\"twitter:data2\" content=\"4 minutes\" \/>\n<script type=\"application\/ld+json\" class=\"yoast-schema-graph\">{\"@context\":\"https:\/\/schema.org\",\"@graph\":[{\"@type\":\"WebSite\",\"@id\":\"https:\/\/www.visit-ulcinj.com\/blog\/#website\",\"url\":\"https:\/\/www.visit-ulcinj.com\/blog\/\",\"name\":\"Lajme nga Ulqini\",\"description\":\"Lajme,Vijesti,Ulqini,Ulqin,Crna Gora,Mali i Zi\",\"potentialAction\":[{\"@type\":\"SearchAction\",\"target\":{\"@type\":\"EntryPoint\",\"urlTemplate\":\"https:\/\/www.visit-ulcinj.com\/blog\/?s={search_term_string}\"},\"query-input\":\"required name=search_term_string\"}],\"inLanguage\":\"en-US\"},{\"@type\":\"ImageObject\",\"inLanguage\":\"en-US\",\"@id\":\"https:\/\/www.visit-ulcinj.com\/blog\/2016\/03\/25\/nika-bardhi-rrezikon-pensionin\/#primaryimage\",\"url\":\"https:\/\/www.visit-ulcinj.com\/blog\/wp-content\/uploads\/2015\/01\/Mehmet-Bardhi-za-DAN.jpg\",\"contentUrl\":\"https:\/\/www.visit-ulcinj.com\/blog\/wp-content\/uploads\/2015\/01\/Mehmet-Bardhi-za-DAN.jpg\",\"width\":407,\"height\":302},{\"@type\":\"WebPage\",\"@id\":\"https:\/\/www.visit-ulcinj.com\/blog\/2016\/03\/25\/nika-bardhi-rrezikon-pensionin\/#webpage\",\"url\":\"https:\/\/www.visit-ulcinj.com\/blog\/2016\/03\/25\/nika-bardhi-rrezikon-pensionin\/\",\"name\":\"Nika: Bardhi rrezikon pensionin - Lajme nga Ulqini\",\"isPartOf\":{\"@id\":\"https:\/\/www.visit-ulcinj.com\/blog\/#website\"},\"primaryImageOfPage\":{\"@id\":\"https:\/\/www.visit-ulcinj.com\/blog\/2016\/03\/25\/nika-bardhi-rrezikon-pensionin\/#primaryimage\"},\"datePublished\":\"2016-03-25T19:25:36+00:00\",\"dateModified\":\"2016-03-27T07:42:21+00:00\",\"author\":{\"@id\":\"https:\/\/www.visit-ulcinj.com\/blog\/#\/schema\/person\/dcab619c614d3038751c63bc2aadc06d\"},\"description\":\"\u00a0PENSIONI\u00a0 I BARDHIT - A S\u2019 JEMI POPULL I PA YRNEK..?!! Shkruan: Muhamet Nika Sot\u00a0 n\u00eb gazet\u00ebn\u00a0 \u201c Dan \u201c u publikua edhe nj\u00eb\u00a0 \u201dm\u00ebkat\u201d tjet\u00ebr i Gjek\u00ebs\u00a0 \u00a0q\u00eb\",\"breadcrumb\":{\"@id\":\"https:\/\/www.visit-ulcinj.com\/blog\/2016\/03\/25\/nika-bardhi-rrezikon-pensionin\/#breadcrumb\"},\"inLanguage\":\"en-US\",\"potentialAction\":[{\"@type\":\"ReadAction\",\"target\":[\"https:\/\/www.visit-ulcinj.com\/blog\/2016\/03\/25\/nika-bardhi-rrezikon-pensionin\/\"]}]},{\"@type\":\"BreadcrumbList\",\"@id\":\"https:\/\/www.visit-ulcinj.com\/blog\/2016\/03\/25\/nika-bardhi-rrezikon-pensionin\/#breadcrumb\",\"itemListElement\":[{\"@type\":\"ListItem\",\"position\":1,\"name\":\"Nika: Bardhi rrezikon pensionin\"}]},{\"@type\":\"Person\",\"@id\":\"https:\/\/www.visit-ulcinj.com\/blog\/#\/schema\/person\/dcab619c614d3038751c63bc2aadc06d\",\"name\":\"ulqini\",\"sameAs\":[\"http:\/\/www.visit-ulcinj.com\"],\"url\":\"https:\/\/www.visit-ulcinj.com\/blog\/author\/admin\/\"}]}<\/script>\n<!-- \/ Yoast SEO plugin. -->","yoast_head_json":{"title":"Nika: Bardhi rrezikon pensionin - Lajme nga Ulqini","description":"\u00a0PENSIONI\u00a0 I BARDHIT - A S\u2019 JEMI POPULL I PA YRNEK..?!! Shkruan: Muhamet Nika Sot\u00a0 n\u00eb gazet\u00ebn\u00a0 \u201c Dan \u201c u publikua edhe nj\u00eb\u00a0 \u201dm\u00ebkat\u201d tjet\u00ebr i Gjek\u00ebs\u00a0 \u00a0q\u00eb","robots":{"index":"index","follow":"follow","max-snippet":"max-snippet:-1","max-image-preview":"max-image-preview:large","max-video-preview":"max-video-preview:-1"},"canonical":"https:\/\/www.visit-ulcinj.com\/blog\/2016\/03\/25\/nika-bardhi-rrezikon-pensionin\/","og_locale":"en_US","og_type":"article","og_title":"Nika: Bardhi rrezikon pensionin - Lajme nga Ulqini","og_description":"\u00a0PENSIONI\u00a0 I BARDHIT - A S\u2019 JEMI POPULL I PA YRNEK..?!! Shkruan: Muhamet Nika Sot\u00a0 n\u00eb gazet\u00ebn\u00a0 \u201c Dan \u201c u publikua edhe nj\u00eb\u00a0 \u201dm\u00ebkat\u201d tjet\u00ebr i Gjek\u00ebs\u00a0 \u00a0q\u00eb","og_url":"https:\/\/www.visit-ulcinj.com\/blog\/2016\/03\/25\/nika-bardhi-rrezikon-pensionin\/","og_site_name":"Lajme nga Ulqini","article_published_time":"2016-03-25T19:25:36+00:00","article_modified_time":"2016-03-27T07:42:21+00:00","og_image":[{"url":"http:\/\/www.visit-ulcinj.com\/blog\/wp-content\/uploads\/2015\/01\/Mehmet-Bardhi-za-DAN.jpg"}],"twitter_misc":{"Written by":"ulqini","Est. reading time":"4 minutes"},"schema":{"@context":"https:\/\/schema.org","@graph":[{"@type":"WebSite","@id":"https:\/\/www.visit-ulcinj.com\/blog\/#website","url":"https:\/\/www.visit-ulcinj.com\/blog\/","name":"Lajme nga Ulqini","description":"Lajme,Vijesti,Ulqini,Ulqin,Crna Gora,Mali i Zi","potentialAction":[{"@type":"SearchAction","target":{"@type":"EntryPoint","urlTemplate":"https:\/\/www.visit-ulcinj.com\/blog\/?s={search_term_string}"},"query-input":"required name=search_term_string"}],"inLanguage":"en-US"},{"@type":"ImageObject","inLanguage":"en-US","@id":"https:\/\/www.visit-ulcinj.com\/blog\/2016\/03\/25\/nika-bardhi-rrezikon-pensionin\/#primaryimage","url":"https:\/\/www.visit-ulcinj.com\/blog\/wp-content\/uploads\/2015\/01\/Mehmet-Bardhi-za-DAN.jpg","contentUrl":"https:\/\/www.visit-ulcinj.com\/blog\/wp-content\/uploads\/2015\/01\/Mehmet-Bardhi-za-DAN.jpg","width":407,"height":302},{"@type":"WebPage","@id":"https:\/\/www.visit-ulcinj.com\/blog\/2016\/03\/25\/nika-bardhi-rrezikon-pensionin\/#webpage","url":"https:\/\/www.visit-ulcinj.com\/blog\/2016\/03\/25\/nika-bardhi-rrezikon-pensionin\/","name":"Nika: Bardhi rrezikon pensionin - Lajme nga Ulqini","isPartOf":{"@id":"https:\/\/www.visit-ulcinj.com\/blog\/#website"},"primaryImageOfPage":{"@id":"https:\/\/www.visit-ulcinj.com\/blog\/2016\/03\/25\/nika-bardhi-rrezikon-pensionin\/#primaryimage"},"datePublished":"2016-03-25T19:25:36+00:00","dateModified":"2016-03-27T07:42:21+00:00","author":{"@id":"https:\/\/www.visit-ulcinj.com\/blog\/#\/schema\/person\/dcab619c614d3038751c63bc2aadc06d"},"description":"\u00a0PENSIONI\u00a0 I BARDHIT - A S\u2019 JEMI POPULL I PA YRNEK..?!! Shkruan: Muhamet Nika Sot\u00a0 n\u00eb gazet\u00ebn\u00a0 \u201c Dan \u201c u publikua edhe nj\u00eb\u00a0 \u201dm\u00ebkat\u201d tjet\u00ebr i Gjek\u00ebs\u00a0 \u00a0q\u00eb","breadcrumb":{"@id":"https:\/\/www.visit-ulcinj.com\/blog\/2016\/03\/25\/nika-bardhi-rrezikon-pensionin\/#breadcrumb"},"inLanguage":"en-US","potentialAction":[{"@type":"ReadAction","target":["https:\/\/www.visit-ulcinj.com\/blog\/2016\/03\/25\/nika-bardhi-rrezikon-pensionin\/"]}]},{"@type":"BreadcrumbList","@id":"https:\/\/www.visit-ulcinj.com\/blog\/2016\/03\/25\/nika-bardhi-rrezikon-pensionin\/#breadcrumb","itemListElement":[{"@type":"ListItem","position":1,"name":"Nika: Bardhi rrezikon pensionin"}]},{"@type":"Person","@id":"https:\/\/www.visit-ulcinj.com\/blog\/#\/schema\/person\/dcab619c614d3038751c63bc2aadc06d","name":"ulqini","sameAs":["http:\/\/www.visit-ulcinj.com"],"url":"https:\/\/www.visit-ulcinj.com\/blog\/author\/admin\/"}]}},"jetpack_featured_media_url":"","jetpack_sharing_enabled":true,"jetpack_shortlink":"https:\/\/wp.me\/pe6lTn-oRh","_links":{"self":[{"href":"https:\/\/www.visit-ulcinj.com\/blog\/wp-json\/wp\/v2\/posts\/95559"}],"collection":[{"href":"https:\/\/www.visit-ulcinj.com\/blog\/wp-json\/wp\/v2\/posts"}],"about":[{"href":"https:\/\/www.visit-ulcinj.com\/blog\/wp-json\/wp\/v2\/types\/post"}],"author":[{"embeddable":true,"href":"https:\/\/www.visit-ulcinj.com\/blog\/wp-json\/wp\/v2\/users\/1"}],"replies":[{"embeddable":true,"href":"https:\/\/www.visit-ulcinj.com\/blog\/wp-json\/wp\/v2\/comments?post=95559"}],"version-history":[{"count":1,"href":"https:\/\/www.visit-ulcinj.com\/blog\/wp-json\/wp\/v2\/posts\/95559\/revisions"}],"predecessor-version":[{"id":95560,"href":"https:\/\/www.visit-ulcinj.com\/blog\/wp-json\/wp\/v2\/posts\/95559\/revisions\/95560"}],"wp:attachment":[{"href":"https:\/\/www.visit-ulcinj.com\/blog\/wp-json\/wp\/v2\/media?parent=95559"}],"wp:term":[{"taxonomy":"category","embeddable":true,"href":"https:\/\/www.visit-ulcinj.com\/blog\/wp-json\/wp\/v2\/categories?post=95559"},{"taxonomy":"post_tag","embeddable":true,"href":"https:\/\/www.visit-ulcinj.com\/blog\/wp-json\/wp\/v2\/tags?post=95559"}],"curies":[{"name":"wp","href":"https:\/\/api.w.org\/{rel}","templated":true}]}}