{"id":95567,"date":"2016-03-26T15:48:44","date_gmt":"2016-03-26T14:48:44","guid":{"rendered":"http:\/\/www.visit-ulcinj.com\/blog\/?p=95567"},"modified":"2016-03-26T15:49:03","modified_gmt":"2016-03-26T14:49:03","slug":"kryetari-komunes-se-ulqinit-nazif-cungu-uron-te-gjithe-besimtaret-katolik-festen-e-pashkeve","status":"publish","type":"post","link":"https:\/\/www.visit-ulcinj.com\/blog\/2016\/03\/26\/kryetari-komunes-se-ulqinit-nazif-cungu-uron-te-gjithe-besimtaret-katolik-festen-e-pashkeve\/","title":{"rendered":"Kryetari i Komun\u00ebs s\u00eb Ulqinit, Nazif Cungu uron t\u00eb gjith\u00eb besimtar\u00ebt katolik fest\u00ebn e pashk\u00ebve"},"content":{"rendered":"<p><strong><a href=\"http:\/\/www.visit-ulcinj.com\/blog\/wp-content\/uploads\/2013\/04\/nazif-cungu1.jpg\"><img loading=\"lazy\" class=\"alignleft wp-image-70739\" src=\"http:\/\/www.visit-ulcinj.com\/blog\/wp-content\/uploads\/2013\/04\/nazif-cungu1.jpg\" alt=\"nazif cungu\" width=\"508\" height=\"337\" srcset=\"https:\/\/www.visit-ulcinj.com\/blog\/wp-content\/uploads\/2013\/04\/nazif-cungu1.jpg 640w, https:\/\/www.visit-ulcinj.com\/blog\/wp-content\/uploads\/2013\/04\/nazif-cungu1-300x198.jpg 300w\" sizes=\"(max-width: 508px) 100vw, 508px\" \/><\/a>Me rastin e fest\u00ebs s\u00eb pashk\u00ebve katolike kam nderin q\u00eb si kryetar i k\u00ebsaj komune t\u00eb ju uroj t\u00eb gjith\u00eb besimtar\u00ebve t\u00eb fes\u00eb katolike k\u00ebt\u00eb fest\u00eb<\/strong><\/p>\n<p>Kryetari i Komun\u00ebs\u00a0s\u00eb\u00a0Ulqinit\u00a0Nazif Cungu n\u00ebp\u00ebrmjet\u00a0nj\u00eb mesazhi i percjell\u00a0 urimet\u00a0m\u00eb t\u00eb p\u00ebrzem\u00ebrta\u00a0besimtar\u00ebve katolik\u00eb me\u00a0rastin\u00a0e fest\u00ebs s\u00eb Pashk\u00ebve.<br \/>\nG\u00ebzuar Pashk\u00ebt thuhet\u00a0n\u00eb\u00a0urimin\u00a0e Z.Cungu , P\u00ebr mot mbar\u00ebsi dhe\u00a0gezime\u00a0n\u00eb familje.<br \/>\nSinqerisht i Juaji<br \/>\nNazif Cungu<\/p>\n","protected":false},"excerpt":{"rendered":"<p>Me rastin e fest\u00ebs s\u00eb pashk\u00ebve katolike kam nderin q\u00eb si kryetar i k\u00ebsaj komune t\u00eb ju uroj t\u00eb gjith\u00eb besimtar\u00ebve t\u00eb fes\u00eb katolike k\u00ebt\u00eb fest\u00eb Kryetari i Komun\u00ebs\u00a0s\u00eb\u00a0Ulqinit\u00a0Nazif Cungu n\u00ebp\u00ebrmjet\u00a0nj\u00eb mesazhi i percjell\u00a0 urimet\u00a0m\u00eb t\u00eb p\u00ebrzem\u00ebrta\u00a0besimtar\u00ebve katolik\u00eb me\u00a0rastin\u00a0e fest\u00ebs s\u00eb Pashk\u00ebve. G\u00ebzuar Pashk\u00ebt thuhet\u00a0n\u00eb\u00a0urimin\u00a0e Z.Cungu , P\u00ebr mot mbar\u00ebsi dhe\u00a0gezime\u00a0n\u00eb familje. Sinqerisht i Juaji [&hellip;]<\/p>\n","protected":false},"author":1,"featured_media":0,"comment_status":"closed","ping_status":"closed","sticky":false,"template":"","format":"standard","meta":{"spay_email":"","jetpack_publicize_message":"","jetpack_is_tweetstorm":false,"jetpack_publicize_feature_enabled":true},"categories":[1],"tags":[],"jetpack_publicize_connections":[],"yoast_head":"<!-- This site is optimized with the Yoast SEO plugin v19.1 - https:\/\/yoast.com\/wordpress\/plugins\/seo\/ -->\n<title>Kryetari i Komun\u00ebs s\u00eb Ulqinit, Nazif Cungu uron t\u00eb gjith\u00eb besimtar\u00ebt katolik fest\u00ebn e pashk\u00ebve - Lajme nga Ulqini<\/title>\n<meta name=\"description\" content=\"Me rastin e fest\u00ebs s\u00eb pashk\u00ebve katolike kam nderin q\u00eb si kryetar i k\u00ebsaj komune t\u00eb ju uroj t\u00eb gjith\u00eb besimtar\u00ebve t\u00eb fes\u00eb katolike k\u00ebt\u00eb fest\u00eb Kryetari i\" \/>\n<meta name=\"robots\" content=\"index, follow, max-snippet:-1, max-image-preview:large, max-video-preview:-1\" \/>\n<link rel=\"canonical\" href=\"https:\/\/www.visit-ulcinj.com\/blog\/2016\/03\/26\/kryetari-komunes-se-ulqinit-nazif-cungu-uron-te-gjithe-besimtaret-katolik-festen-e-pashkeve\/\" \/>\n<meta property=\"og:locale\" content=\"en_US\" \/>\n<meta property=\"og:type\" content=\"article\" \/>\n<meta property=\"og:title\" content=\"Kryetari i Komun\u00ebs s\u00eb Ulqinit, Nazif Cungu uron t\u00eb gjith\u00eb besimtar\u00ebt katolik fest\u00ebn e pashk\u00ebve - Lajme nga Ulqini\" \/>\n<meta property=\"og:description\" content=\"Me rastin e fest\u00ebs s\u00eb pashk\u00ebve katolike kam nderin q\u00eb si kryetar i k\u00ebsaj komune t\u00eb ju uroj t\u00eb gjith\u00eb besimtar\u00ebve t\u00eb fes\u00eb katolike k\u00ebt\u00eb fest\u00eb Kryetari i\" \/>\n<meta property=\"og:url\" content=\"https:\/\/www.visit-ulcinj.com\/blog\/2016\/03\/26\/kryetari-komunes-se-ulqinit-nazif-cungu-uron-te-gjithe-besimtaret-katolik-festen-e-pashkeve\/\" \/>\n<meta property=\"og:site_name\" content=\"Lajme nga Ulqini\" \/>\n<meta property=\"article:published_time\" content=\"2016-03-26T14:48:44+00:00\" \/>\n<meta property=\"article:modified_time\" content=\"2016-03-26T14:49:03+00:00\" \/>\n<meta property=\"og:image\" content=\"http:\/\/www.visit-ulcinj.com\/blog\/wp-content\/uploads\/2013\/04\/nazif-cungu1.jpg\" \/>\n<meta name=\"twitter:label1\" content=\"Written by\" \/>\n\t<meta name=\"twitter:data1\" content=\"ulqini\" \/>\n<script type=\"application\/ld+json\" class=\"yoast-schema-graph\">{\"@context\":\"https:\/\/schema.org\",\"@graph\":[{\"@type\":\"WebSite\",\"@id\":\"https:\/\/www.visit-ulcinj.com\/blog\/#website\",\"url\":\"https:\/\/www.visit-ulcinj.com\/blog\/\",\"name\":\"Lajme nga Ulqini\",\"description\":\"Lajme,Vijesti,Ulqini,Ulqin,Crna Gora,Mali i Zi\",\"potentialAction\":[{\"@type\":\"SearchAction\",\"target\":{\"@type\":\"EntryPoint\",\"urlTemplate\":\"https:\/\/www.visit-ulcinj.com\/blog\/?s={search_term_string}\"},\"query-input\":\"required name=search_term_string\"}],\"inLanguage\":\"en-US\"},{\"@type\":\"ImageObject\",\"inLanguage\":\"en-US\",\"@id\":\"https:\/\/www.visit-ulcinj.com\/blog\/2016\/03\/26\/kryetari-komunes-se-ulqinit-nazif-cungu-uron-te-gjithe-besimtaret-katolik-festen-e-pashkeve\/#primaryimage\",\"url\":\"https:\/\/www.visit-ulcinj.com\/blog\/wp-content\/uploads\/2013\/04\/nazif-cungu1.jpg\",\"contentUrl\":\"https:\/\/www.visit-ulcinj.com\/blog\/wp-content\/uploads\/2013\/04\/nazif-cungu1.jpg\",\"width\":640,\"height\":424},{\"@type\":\"WebPage\",\"@id\":\"https:\/\/www.visit-ulcinj.com\/blog\/2016\/03\/26\/kryetari-komunes-se-ulqinit-nazif-cungu-uron-te-gjithe-besimtaret-katolik-festen-e-pashkeve\/#webpage\",\"url\":\"https:\/\/www.visit-ulcinj.com\/blog\/2016\/03\/26\/kryetari-komunes-se-ulqinit-nazif-cungu-uron-te-gjithe-besimtaret-katolik-festen-e-pashkeve\/\",\"name\":\"Kryetari i Komun\u00ebs s\u00eb Ulqinit, Nazif Cungu uron t\u00eb gjith\u00eb besimtar\u00ebt katolik fest\u00ebn e pashk\u00ebve - Lajme nga Ulqini\",\"isPartOf\":{\"@id\":\"https:\/\/www.visit-ulcinj.com\/blog\/#website\"},\"primaryImageOfPage\":{\"@id\":\"https:\/\/www.visit-ulcinj.com\/blog\/2016\/03\/26\/kryetari-komunes-se-ulqinit-nazif-cungu-uron-te-gjithe-besimtaret-katolik-festen-e-pashkeve\/#primaryimage\"},\"datePublished\":\"2016-03-26T14:48:44+00:00\",\"dateModified\":\"2016-03-26T14:49:03+00:00\",\"author\":{\"@id\":\"https:\/\/www.visit-ulcinj.com\/blog\/#\/schema\/person\/dcab619c614d3038751c63bc2aadc06d\"},\"description\":\"Me rastin e fest\u00ebs s\u00eb pashk\u00ebve katolike kam nderin q\u00eb si kryetar i k\u00ebsaj komune t\u00eb ju uroj t\u00eb gjith\u00eb besimtar\u00ebve t\u00eb fes\u00eb katolike k\u00ebt\u00eb fest\u00eb Kryetari i\",\"breadcrumb\":{\"@id\":\"https:\/\/www.visit-ulcinj.com\/blog\/2016\/03\/26\/kryetari-komunes-se-ulqinit-nazif-cungu-uron-te-gjithe-besimtaret-katolik-festen-e-pashkeve\/#breadcrumb\"},\"inLanguage\":\"en-US\",\"potentialAction\":[{\"@type\":\"ReadAction\",\"target\":[\"https:\/\/www.visit-ulcinj.com\/blog\/2016\/03\/26\/kryetari-komunes-se-ulqinit-nazif-cungu-uron-te-gjithe-besimtaret-katolik-festen-e-pashkeve\/\"]}]},{\"@type\":\"BreadcrumbList\",\"@id\":\"https:\/\/www.visit-ulcinj.com\/blog\/2016\/03\/26\/kryetari-komunes-se-ulqinit-nazif-cungu-uron-te-gjithe-besimtaret-katolik-festen-e-pashkeve\/#breadcrumb\",\"itemListElement\":[{\"@type\":\"ListItem\",\"position\":1,\"name\":\"Kryetari i Komun\u00ebs s\u00eb Ulqinit, Nazif Cungu uron t\u00eb gjith\u00eb besimtar\u00ebt katolik fest\u00ebn e pashk\u00ebve\"}]},{\"@type\":\"Person\",\"@id\":\"https:\/\/www.visit-ulcinj.com\/blog\/#\/schema\/person\/dcab619c614d3038751c63bc2aadc06d\",\"name\":\"ulqini\",\"sameAs\":[\"http:\/\/www.visit-ulcinj.com\"],\"url\":\"https:\/\/www.visit-ulcinj.com\/blog\/author\/admin\/\"}]}<\/script>\n<!-- \/ Yoast SEO plugin. -->","yoast_head_json":{"title":"Kryetari i Komun\u00ebs s\u00eb Ulqinit, Nazif Cungu uron t\u00eb gjith\u00eb besimtar\u00ebt katolik fest\u00ebn e pashk\u00ebve - Lajme nga Ulqini","description":"Me rastin e fest\u00ebs s\u00eb pashk\u00ebve katolike kam nderin q\u00eb si kryetar i k\u00ebsaj komune t\u00eb ju uroj t\u00eb gjith\u00eb besimtar\u00ebve t\u00eb fes\u00eb katolike k\u00ebt\u00eb fest\u00eb Kryetari i","robots":{"index":"index","follow":"follow","max-snippet":"max-snippet:-1","max-image-preview":"max-image-preview:large","max-video-preview":"max-video-preview:-1"},"canonical":"https:\/\/www.visit-ulcinj.com\/blog\/2016\/03\/26\/kryetari-komunes-se-ulqinit-nazif-cungu-uron-te-gjithe-besimtaret-katolik-festen-e-pashkeve\/","og_locale":"en_US","og_type":"article","og_title":"Kryetari i Komun\u00ebs s\u00eb Ulqinit, Nazif Cungu uron t\u00eb gjith\u00eb besimtar\u00ebt katolik fest\u00ebn e pashk\u00ebve - Lajme nga Ulqini","og_description":"Me rastin e fest\u00ebs s\u00eb pashk\u00ebve katolike kam nderin q\u00eb si kryetar i k\u00ebsaj komune t\u00eb ju uroj t\u00eb gjith\u00eb besimtar\u00ebve t\u00eb fes\u00eb katolike k\u00ebt\u00eb fest\u00eb Kryetari i","og_url":"https:\/\/www.visit-ulcinj.com\/blog\/2016\/03\/26\/kryetari-komunes-se-ulqinit-nazif-cungu-uron-te-gjithe-besimtaret-katolik-festen-e-pashkeve\/","og_site_name":"Lajme nga Ulqini","article_published_time":"2016-03-26T14:48:44+00:00","article_modified_time":"2016-03-26T14:49:03+00:00","og_image":[{"url":"http:\/\/www.visit-ulcinj.com\/blog\/wp-content\/uploads\/2013\/04\/nazif-cungu1.jpg"}],"twitter_misc":{"Written by":"ulqini"},"schema":{"@context":"https:\/\/schema.org","@graph":[{"@type":"WebSite","@id":"https:\/\/www.visit-ulcinj.com\/blog\/#website","url":"https:\/\/www.visit-ulcinj.com\/blog\/","name":"Lajme nga Ulqini","description":"Lajme,Vijesti,Ulqini,Ulqin,Crna Gora,Mali i Zi","potentialAction":[{"@type":"SearchAction","target":{"@type":"EntryPoint","urlTemplate":"https:\/\/www.visit-ulcinj.com\/blog\/?s={search_term_string}"},"query-input":"required name=search_term_string"}],"inLanguage":"en-US"},{"@type":"ImageObject","inLanguage":"en-US","@id":"https:\/\/www.visit-ulcinj.com\/blog\/2016\/03\/26\/kryetari-komunes-se-ulqinit-nazif-cungu-uron-te-gjithe-besimtaret-katolik-festen-e-pashkeve\/#primaryimage","url":"https:\/\/www.visit-ulcinj.com\/blog\/wp-content\/uploads\/2013\/04\/nazif-cungu1.jpg","contentUrl":"https:\/\/www.visit-ulcinj.com\/blog\/wp-content\/uploads\/2013\/04\/nazif-cungu1.jpg","width":640,"height":424},{"@type":"WebPage","@id":"https:\/\/www.visit-ulcinj.com\/blog\/2016\/03\/26\/kryetari-komunes-se-ulqinit-nazif-cungu-uron-te-gjithe-besimtaret-katolik-festen-e-pashkeve\/#webpage","url":"https:\/\/www.visit-ulcinj.com\/blog\/2016\/03\/26\/kryetari-komunes-se-ulqinit-nazif-cungu-uron-te-gjithe-besimtaret-katolik-festen-e-pashkeve\/","name":"Kryetari i Komun\u00ebs s\u00eb Ulqinit, Nazif Cungu uron t\u00eb gjith\u00eb besimtar\u00ebt katolik fest\u00ebn e pashk\u00ebve - Lajme nga Ulqini","isPartOf":{"@id":"https:\/\/www.visit-ulcinj.com\/blog\/#website"},"primaryImageOfPage":{"@id":"https:\/\/www.visit-ulcinj.com\/blog\/2016\/03\/26\/kryetari-komunes-se-ulqinit-nazif-cungu-uron-te-gjithe-besimtaret-katolik-festen-e-pashkeve\/#primaryimage"},"datePublished":"2016-03-26T14:48:44+00:00","dateModified":"2016-03-26T14:49:03+00:00","author":{"@id":"https:\/\/www.visit-ulcinj.com\/blog\/#\/schema\/person\/dcab619c614d3038751c63bc2aadc06d"},"description":"Me rastin e fest\u00ebs s\u00eb pashk\u00ebve katolike kam nderin q\u00eb si kryetar i k\u00ebsaj komune t\u00eb ju uroj t\u00eb gjith\u00eb besimtar\u00ebve t\u00eb fes\u00eb katolike k\u00ebt\u00eb fest\u00eb Kryetari i","breadcrumb":{"@id":"https:\/\/www.visit-ulcinj.com\/blog\/2016\/03\/26\/kryetari-komunes-se-ulqinit-nazif-cungu-uron-te-gjithe-besimtaret-katolik-festen-e-pashkeve\/#breadcrumb"},"inLanguage":"en-US","potentialAction":[{"@type":"ReadAction","target":["https:\/\/www.visit-ulcinj.com\/blog\/2016\/03\/26\/kryetari-komunes-se-ulqinit-nazif-cungu-uron-te-gjithe-besimtaret-katolik-festen-e-pashkeve\/"]}]},{"@type":"BreadcrumbList","@id":"https:\/\/www.visit-ulcinj.com\/blog\/2016\/03\/26\/kryetari-komunes-se-ulqinit-nazif-cungu-uron-te-gjithe-besimtaret-katolik-festen-e-pashkeve\/#breadcrumb","itemListElement":[{"@type":"ListItem","position":1,"name":"Kryetari i Komun\u00ebs s\u00eb Ulqinit, Nazif Cungu uron t\u00eb gjith\u00eb besimtar\u00ebt katolik fest\u00ebn e pashk\u00ebve"}]},{"@type":"Person","@id":"https:\/\/www.visit-ulcinj.com\/blog\/#\/schema\/person\/dcab619c614d3038751c63bc2aadc06d","name":"ulqini","sameAs":["http:\/\/www.visit-ulcinj.com"],"url":"https:\/\/www.visit-ulcinj.com\/blog\/author\/admin\/"}]}},"jetpack_featured_media_url":"","jetpack_sharing_enabled":true,"jetpack_shortlink":"https:\/\/wp.me\/pe6lTn-oRp","_links":{"self":[{"href":"https:\/\/www.visit-ulcinj.com\/blog\/wp-json\/wp\/v2\/posts\/95567"}],"collection":[{"href":"https:\/\/www.visit-ulcinj.com\/blog\/wp-json\/wp\/v2\/posts"}],"about":[{"href":"https:\/\/www.visit-ulcinj.com\/blog\/wp-json\/wp\/v2\/types\/post"}],"author":[{"embeddable":true,"href":"https:\/\/www.visit-ulcinj.com\/blog\/wp-json\/wp\/v2\/users\/1"}],"replies":[{"embeddable":true,"href":"https:\/\/www.visit-ulcinj.com\/blog\/wp-json\/wp\/v2\/comments?post=95567"}],"version-history":[{"count":1,"href":"https:\/\/www.visit-ulcinj.com\/blog\/wp-json\/wp\/v2\/posts\/95567\/revisions"}],"predecessor-version":[{"id":95568,"href":"https:\/\/www.visit-ulcinj.com\/blog\/wp-json\/wp\/v2\/posts\/95567\/revisions\/95568"}],"wp:attachment":[{"href":"https:\/\/www.visit-ulcinj.com\/blog\/wp-json\/wp\/v2\/media?parent=95567"}],"wp:term":[{"taxonomy":"category","embeddable":true,"href":"https:\/\/www.visit-ulcinj.com\/blog\/wp-json\/wp\/v2\/categories?post=95567"},{"taxonomy":"post_tag","embeddable":true,"href":"https:\/\/www.visit-ulcinj.com\/blog\/wp-json\/wp\/v2\/tags?post=95567"}],"curies":[{"name":"wp","href":"https:\/\/api.w.org\/{rel}","templated":true}]}}