{"id":95569,"date":"2016-03-26T15:55:40","date_gmt":"2016-03-26T14:55:40","guid":{"rendered":"http:\/\/www.visit-ulcinj.com\/blog\/?p=95569"},"modified":"2016-03-26T15:55:40","modified_gmt":"2016-03-26T14:55:40","slug":"kryetari-cungu-takohen-udheheqesit-e-vodacomit","status":"publish","type":"post","link":"https:\/\/www.visit-ulcinj.com\/blog\/2016\/03\/26\/kryetari-cungu-takohen-udheheqesit-e-vodacomit\/","title":{"rendered":"Kryetari Cungu takohen me udh\u00ebheqesit e Vodacomit"},"content":{"rendered":"<p><a href=\"http:\/\/www.visit-ulcinj.com\/blog\/wp-content\/uploads\/2016\/03\/Kryetari-Cungu-takohen-me-udh\u00ebheqesit-e-Vodacomit-1.jpg\"><img loading=\"lazy\" class=\"alignleft wp-image-95570\" src=\"http:\/\/www.visit-ulcinj.com\/blog\/wp-content\/uploads\/2016\/03\/Kryetari-Cungu-takohen-me-udh\u00ebheqesit-e-Vodacomit-1.jpg\" alt=\"Kryetari Cungu takohen me udh\u00ebheqesit e Vodacomit-1\" width=\"508\" height=\"310\" srcset=\"https:\/\/www.visit-ulcinj.com\/blog\/wp-content\/uploads\/2016\/03\/Kryetari-Cungu-takohen-me-udh\u00ebheqesit-e-Vodacomit-1.jpg 801w, https:\/\/www.visit-ulcinj.com\/blog\/wp-content\/uploads\/2016\/03\/Kryetari-Cungu-takohen-me-udh\u00ebheqesit-e-Vodacomit-1-300x183.jpg 300w\" sizes=\"(max-width: 508px) 100vw, 508px\" \/><\/a>Kryetari i Ulqinit Nazif Cungu\u00a0 priti\u00a0\u00a0 n\u00eb nj\u00eb takim\u00a0 pune drejtorin e Vodacomit Boris Vukoviq dhe bashk\u00ebpun\u00ebtor\u00ebt\u00a0 e tij.<\/p>\n<p>Takimi\u00a0 i inicuar\u00a0 nga\u00a0 z. Cungu\u00a0 kishte\u00a0 p\u00ebr q\u00ebllimi \u00a0q\u00eb\u00a0 t\u00eb njoftohej\u00a0 m\u00eb\u00a0 p\u00ebr s\u00eb afrmi \u00a0me detyrat\u00a0 dhe\u00a0 obligimet q\u00eb ka komuna\u00a0 jon\u00eb\u00a0 e q\u00eb\u00a0 kan\u00eb\u00a0 b\u00ebr\u00eb\u00a0 ngecjen e\u00a0 realizimit\u00a0 t\u00eb\u00a0 projektit madhore\u00a0 prej\u00a0 20 milion\u00a0 eurosh. Projekt, q\u00eb duksh\u00ebm\u00a0 do\u00a0 t\u00eb p\u00ebrmir\u00ebsonte furnizimin\u00a0 me uj\u00eb\u00a0 dhe rregullimin e \u00a0kanalizimit\u00a0 dhe \u00a0ujrave\u00a0\u00a0 t\u00eb\u00a0 zeza\u00a0 n\u00eb\u00a0 territorin e komun\u00ebs\u00a0 ton\u00eb. N\u00eb takim u \u00a0tha q\u00eb Komuna\u00a0 e Ulqinit ka nj\u00eb borxh prej 191 mij\u00eb\u00a0 eurosh ndaj Vodacomit \u00a0e \u00a0shlyrja e tij \u00a0do ti\u00a0 hapte\u00a0udh\u00eb aktiviteteve\u00a0 t\u00eb tjera\u00a0t\u00eb\u00a0r\u00ebnd\u00ebsishme\u00a0 q\u00eb do\u00a0 t\u00eb\u00a0 kryheshin deri\u00a0n\u00eb\u00a0fund\u00a0t\u00eb\u00a0k\u00ebtij\u00a0viti. Nd\u00ebrkoh\u00eb q\u00eb viti i ardh\u00ebsh\u00ebm do\u00a0 t\u00eb ishte vit\u00a0i realizimit\u00a0 t\u00eb tenderave dhe fillimit t\u00eb punimeve .<\/p>\n<p>Cungu\u00a0 me\u00a0 bashk\u00ebpun\u00ebtor\u00eb \u00a0tha se\u00a0 me\u00a0 buxhetin\u00a0 e k\u00ebtij\u00a0 viti\u00a0 jan\u00eb\u00a0 parapar\u00eb\u00a0 p\u00ebr k\u00ebto\u00a0 nevoja rreth \u00a0100 mije euro e ne do te shohim mund\u00ebsine\u00a0 q\u00eb\u00a0 p\u00ebr\u00a0\u00a0 pagesat\u00a0 e\u00a0 mepasme\u00a0 t\u00eb\u00a0 hasim\u00a0 ne mir\u00ebkuptim\u00a0 tek Vodacomi. Qellimi\u00a0 yn\u00eb\u00a0 n\u00ebnvizoi Cungu \u00ebsht\u00eb q\u00eb\u00a0 t\u00eb\u00a0\u00a0 p\u00ebrshpejtojm\u00eb \u00a0punimet\u00a0 dhe\u00a0 te ruajm\u00eb seriozitetin tek faktori\u00a0 nd\u00ebrkomb\u00ebtar\u00eb n\u00eb\u00a0 rastin konkret tek Banka KFW tek ajo p\u00ebr Zhvillim dhe tek\u00a0Qeveria\u00a0 e Malit\u00a0t\u00eb Zi, por\u00a0dhe\u00a0me sa\u00a0 m\u00eb\u00a0\u00a0pak\u00a0 dhimbje\u00a0t\u00eb\u00a0tejkalohen masat qe duhet\u00a0 t\u00eb nd\u00ebrmarrim, ne\u00a0 rastin\u00a0 konkret\u00a0 ne ndermarrjen p\u00ebr\u00a0\u00e7eshtje\u00a0 komunale. \u00a0Sido qe\u00a0 t\u00eb jete nenvizoi Cungu Kuvendi\u00a0 do te jete\u00a0i njoftuar detalisht\u00a0dhe do te jete ai\u00a0q\u00eb do t\u00eb\u00a0jap\u00eb fjal\u00ebn p\u00ebrfundimtare.<\/p>\n<p>Komuna Ulqinit<\/p>\n","protected":false},"excerpt":{"rendered":"<p>Kryetari i Ulqinit Nazif Cungu\u00a0 priti\u00a0\u00a0 n\u00eb nj\u00eb takim\u00a0 pune drejtorin e Vodacomit Boris Vukoviq dhe bashk\u00ebpun\u00ebtor\u00ebt\u00a0 e tij. Takimi\u00a0 i inicuar\u00a0 nga\u00a0 z. Cungu\u00a0 kishte\u00a0 p\u00ebr q\u00ebllimi \u00a0q\u00eb\u00a0 t\u00eb njoftohej\u00a0 m\u00eb\u00a0 p\u00ebr s\u00eb afrmi \u00a0me detyrat\u00a0 dhe\u00a0 obligimet q\u00eb ka komuna\u00a0 jon\u00eb\u00a0 e q\u00eb\u00a0 kan\u00eb\u00a0 b\u00ebr\u00eb\u00a0 ngecjen e\u00a0 realizimit\u00a0 t\u00eb\u00a0 projektit madhore\u00a0 prej\u00a0 20 [&hellip;]<\/p>\n","protected":false},"author":1,"featured_media":0,"comment_status":"closed","ping_status":"closed","sticky":false,"template":"","format":"standard","meta":{"spay_email":"","jetpack_publicize_message":"","jetpack_is_tweetstorm":false,"jetpack_publicize_feature_enabled":true},"categories":[10],"tags":[],"jetpack_publicize_connections":[],"yoast_head":"<!-- This site is optimized with the Yoast SEO plugin v19.1 - https:\/\/yoast.com\/wordpress\/plugins\/seo\/ -->\n<title>Kryetari Cungu takohen me udh\u00ebheqesit e Vodacomit - Lajme nga Ulqini<\/title>\n<meta name=\"description\" content=\"Kryetari i Ulqinit Nazif Cungu\u00a0 priti\u00a0\u00a0 n\u00eb nj\u00eb takim\u00a0 pune drejtorin e Vodacomit Boris Vukoviq dhe bashk\u00ebpun\u00ebtor\u00ebt\u00a0 e tij. Takimi\u00a0 i inicuar\u00a0 nga\u00a0 z.\" \/>\n<meta name=\"robots\" content=\"index, follow, max-snippet:-1, max-image-preview:large, max-video-preview:-1\" \/>\n<link rel=\"canonical\" href=\"https:\/\/www.visit-ulcinj.com\/blog\/2016\/03\/26\/kryetari-cungu-takohen-udheheqesit-e-vodacomit\/\" \/>\n<meta property=\"og:locale\" content=\"en_US\" \/>\n<meta property=\"og:type\" content=\"article\" \/>\n<meta property=\"og:title\" content=\"Kryetari Cungu takohen me udh\u00ebheqesit e Vodacomit - Lajme nga Ulqini\" \/>\n<meta property=\"og:description\" content=\"Kryetari i Ulqinit Nazif Cungu\u00a0 priti\u00a0\u00a0 n\u00eb nj\u00eb takim\u00a0 pune drejtorin e Vodacomit Boris Vukoviq dhe bashk\u00ebpun\u00ebtor\u00ebt\u00a0 e tij. Takimi\u00a0 i inicuar\u00a0 nga\u00a0 z.\" \/>\n<meta property=\"og:url\" content=\"https:\/\/www.visit-ulcinj.com\/blog\/2016\/03\/26\/kryetari-cungu-takohen-udheheqesit-e-vodacomit\/\" \/>\n<meta property=\"og:site_name\" content=\"Lajme nga Ulqini\" \/>\n<meta property=\"article:published_time\" content=\"2016-03-26T14:55:40+00:00\" \/>\n<meta name=\"twitter:label1\" content=\"Written by\" \/>\n\t<meta name=\"twitter:data1\" content=\"ulqini\" \/>\n\t<meta name=\"twitter:label2\" content=\"Est. reading time\" \/>\n\t<meta name=\"twitter:data2\" content=\"1 minute\" \/>\n<script type=\"application\/ld+json\" class=\"yoast-schema-graph\">{\"@context\":\"https:\/\/schema.org\",\"@graph\":[{\"@type\":\"WebSite\",\"@id\":\"https:\/\/www.visit-ulcinj.com\/blog\/#website\",\"url\":\"https:\/\/www.visit-ulcinj.com\/blog\/\",\"name\":\"Lajme nga Ulqini\",\"description\":\"Lajme,Vijesti,Ulqini,Ulqin,Crna Gora,Mali i Zi\",\"potentialAction\":[{\"@type\":\"SearchAction\",\"target\":{\"@type\":\"EntryPoint\",\"urlTemplate\":\"https:\/\/www.visit-ulcinj.com\/blog\/?s={search_term_string}\"},\"query-input\":\"required name=search_term_string\"}],\"inLanguage\":\"en-US\"},{\"@type\":\"WebPage\",\"@id\":\"https:\/\/www.visit-ulcinj.com\/blog\/2016\/03\/26\/kryetari-cungu-takohen-udheheqesit-e-vodacomit\/#webpage\",\"url\":\"https:\/\/www.visit-ulcinj.com\/blog\/2016\/03\/26\/kryetari-cungu-takohen-udheheqesit-e-vodacomit\/\",\"name\":\"Kryetari Cungu takohen me udh\u00ebheqesit e Vodacomit - Lajme nga Ulqini\",\"isPartOf\":{\"@id\":\"https:\/\/www.visit-ulcinj.com\/blog\/#website\"},\"datePublished\":\"2016-03-26T14:55:40+00:00\",\"dateModified\":\"2016-03-26T14:55:40+00:00\",\"author\":{\"@id\":\"https:\/\/www.visit-ulcinj.com\/blog\/#\/schema\/person\/dcab619c614d3038751c63bc2aadc06d\"},\"description\":\"Kryetari i Ulqinit Nazif Cungu\u00a0 priti\u00a0\u00a0 n\u00eb nj\u00eb takim\u00a0 pune drejtorin e Vodacomit Boris Vukoviq dhe bashk\u00ebpun\u00ebtor\u00ebt\u00a0 e tij. Takimi\u00a0 i inicuar\u00a0 nga\u00a0 z.\",\"breadcrumb\":{\"@id\":\"https:\/\/www.visit-ulcinj.com\/blog\/2016\/03\/26\/kryetari-cungu-takohen-udheheqesit-e-vodacomit\/#breadcrumb\"},\"inLanguage\":\"en-US\",\"potentialAction\":[{\"@type\":\"ReadAction\",\"target\":[\"https:\/\/www.visit-ulcinj.com\/blog\/2016\/03\/26\/kryetari-cungu-takohen-udheheqesit-e-vodacomit\/\"]}]},{\"@type\":\"BreadcrumbList\",\"@id\":\"https:\/\/www.visit-ulcinj.com\/blog\/2016\/03\/26\/kryetari-cungu-takohen-udheheqesit-e-vodacomit\/#breadcrumb\",\"itemListElement\":[{\"@type\":\"ListItem\",\"position\":1,\"name\":\"Kryetari Cungu takohen me udh\u00ebheqesit e Vodacomit\"}]},{\"@type\":\"Person\",\"@id\":\"https:\/\/www.visit-ulcinj.com\/blog\/#\/schema\/person\/dcab619c614d3038751c63bc2aadc06d\",\"name\":\"ulqini\",\"sameAs\":[\"http:\/\/www.visit-ulcinj.com\"],\"url\":\"https:\/\/www.visit-ulcinj.com\/blog\/author\/admin\/\"}]}<\/script>\n<!-- \/ Yoast SEO plugin. -->","yoast_head_json":{"title":"Kryetari Cungu takohen me udh\u00ebheqesit e Vodacomit - Lajme nga Ulqini","description":"Kryetari i Ulqinit Nazif Cungu\u00a0 priti\u00a0\u00a0 n\u00eb nj\u00eb takim\u00a0 pune drejtorin e Vodacomit Boris Vukoviq dhe bashk\u00ebpun\u00ebtor\u00ebt\u00a0 e tij. Takimi\u00a0 i inicuar\u00a0 nga\u00a0 z.","robots":{"index":"index","follow":"follow","max-snippet":"max-snippet:-1","max-image-preview":"max-image-preview:large","max-video-preview":"max-video-preview:-1"},"canonical":"https:\/\/www.visit-ulcinj.com\/blog\/2016\/03\/26\/kryetari-cungu-takohen-udheheqesit-e-vodacomit\/","og_locale":"en_US","og_type":"article","og_title":"Kryetari Cungu takohen me udh\u00ebheqesit e Vodacomit - Lajme nga Ulqini","og_description":"Kryetari i Ulqinit Nazif Cungu\u00a0 priti\u00a0\u00a0 n\u00eb nj\u00eb takim\u00a0 pune drejtorin e Vodacomit Boris Vukoviq dhe bashk\u00ebpun\u00ebtor\u00ebt\u00a0 e tij. Takimi\u00a0 i inicuar\u00a0 nga\u00a0 z.","og_url":"https:\/\/www.visit-ulcinj.com\/blog\/2016\/03\/26\/kryetari-cungu-takohen-udheheqesit-e-vodacomit\/","og_site_name":"Lajme nga Ulqini","article_published_time":"2016-03-26T14:55:40+00:00","twitter_misc":{"Written by":"ulqini","Est. reading time":"1 minute"},"schema":{"@context":"https:\/\/schema.org","@graph":[{"@type":"WebSite","@id":"https:\/\/www.visit-ulcinj.com\/blog\/#website","url":"https:\/\/www.visit-ulcinj.com\/blog\/","name":"Lajme nga Ulqini","description":"Lajme,Vijesti,Ulqini,Ulqin,Crna Gora,Mali i Zi","potentialAction":[{"@type":"SearchAction","target":{"@type":"EntryPoint","urlTemplate":"https:\/\/www.visit-ulcinj.com\/blog\/?s={search_term_string}"},"query-input":"required name=search_term_string"}],"inLanguage":"en-US"},{"@type":"WebPage","@id":"https:\/\/www.visit-ulcinj.com\/blog\/2016\/03\/26\/kryetari-cungu-takohen-udheheqesit-e-vodacomit\/#webpage","url":"https:\/\/www.visit-ulcinj.com\/blog\/2016\/03\/26\/kryetari-cungu-takohen-udheheqesit-e-vodacomit\/","name":"Kryetari Cungu takohen me udh\u00ebheqesit e Vodacomit - Lajme nga Ulqini","isPartOf":{"@id":"https:\/\/www.visit-ulcinj.com\/blog\/#website"},"datePublished":"2016-03-26T14:55:40+00:00","dateModified":"2016-03-26T14:55:40+00:00","author":{"@id":"https:\/\/www.visit-ulcinj.com\/blog\/#\/schema\/person\/dcab619c614d3038751c63bc2aadc06d"},"description":"Kryetari i Ulqinit Nazif Cungu\u00a0 priti\u00a0\u00a0 n\u00eb nj\u00eb takim\u00a0 pune drejtorin e Vodacomit Boris Vukoviq dhe bashk\u00ebpun\u00ebtor\u00ebt\u00a0 e tij. Takimi\u00a0 i inicuar\u00a0 nga\u00a0 z.","breadcrumb":{"@id":"https:\/\/www.visit-ulcinj.com\/blog\/2016\/03\/26\/kryetari-cungu-takohen-udheheqesit-e-vodacomit\/#breadcrumb"},"inLanguage":"en-US","potentialAction":[{"@type":"ReadAction","target":["https:\/\/www.visit-ulcinj.com\/blog\/2016\/03\/26\/kryetari-cungu-takohen-udheheqesit-e-vodacomit\/"]}]},{"@type":"BreadcrumbList","@id":"https:\/\/www.visit-ulcinj.com\/blog\/2016\/03\/26\/kryetari-cungu-takohen-udheheqesit-e-vodacomit\/#breadcrumb","itemListElement":[{"@type":"ListItem","position":1,"name":"Kryetari Cungu takohen me udh\u00ebheqesit e Vodacomit"}]},{"@type":"Person","@id":"https:\/\/www.visit-ulcinj.com\/blog\/#\/schema\/person\/dcab619c614d3038751c63bc2aadc06d","name":"ulqini","sameAs":["http:\/\/www.visit-ulcinj.com"],"url":"https:\/\/www.visit-ulcinj.com\/blog\/author\/admin\/"}]}},"jetpack_featured_media_url":"","jetpack_sharing_enabled":true,"jetpack_shortlink":"https:\/\/wp.me\/pe6lTn-oRr","_links":{"self":[{"href":"https:\/\/www.visit-ulcinj.com\/blog\/wp-json\/wp\/v2\/posts\/95569"}],"collection":[{"href":"https:\/\/www.visit-ulcinj.com\/blog\/wp-json\/wp\/v2\/posts"}],"about":[{"href":"https:\/\/www.visit-ulcinj.com\/blog\/wp-json\/wp\/v2\/types\/post"}],"author":[{"embeddable":true,"href":"https:\/\/www.visit-ulcinj.com\/blog\/wp-json\/wp\/v2\/users\/1"}],"replies":[{"embeddable":true,"href":"https:\/\/www.visit-ulcinj.com\/blog\/wp-json\/wp\/v2\/comments?post=95569"}],"version-history":[{"count":1,"href":"https:\/\/www.visit-ulcinj.com\/blog\/wp-json\/wp\/v2\/posts\/95569\/revisions"}],"predecessor-version":[{"id":95571,"href":"https:\/\/www.visit-ulcinj.com\/blog\/wp-json\/wp\/v2\/posts\/95569\/revisions\/95571"}],"wp:attachment":[{"href":"https:\/\/www.visit-ulcinj.com\/blog\/wp-json\/wp\/v2\/media?parent=95569"}],"wp:term":[{"taxonomy":"category","embeddable":true,"href":"https:\/\/www.visit-ulcinj.com\/blog\/wp-json\/wp\/v2\/categories?post=95569"},{"taxonomy":"post_tag","embeddable":true,"href":"https:\/\/www.visit-ulcinj.com\/blog\/wp-json\/wp\/v2\/tags?post=95569"}],"curies":[{"name":"wp","href":"https:\/\/api.w.org\/{rel}","templated":true}]}}