{"id":95583,"date":"2016-03-26T22:04:24","date_gmt":"2016-03-26T21:04:24","guid":{"rendered":"http:\/\/www.visit-ulcinj.com\/blog\/?p=95583"},"modified":"2016-03-26T22:28:05","modified_gmt":"2016-03-26T21:28:05","slug":"interviste-ekskluzive-me-poetin-studiusin-dr-ismail-doda-ne-emisionin-portreti","status":"publish","type":"post","link":"https:\/\/www.visit-ulcinj.com\/blog\/2016\/03\/26\/interviste-ekskluzive-me-poetin-studiusin-dr-ismail-doda-ne-emisionin-portreti\/","title":{"rendered":"Intervist\u00eb Ekskluzive me Poetin, Studiusin dr. Ismail Doda n\u00eb emisionin \u201cPortreti\u201d"},"content":{"rendered":"<p><a href=\"http:\/\/www.visit-ulcinj.com\/blog\/wp-content\/uploads\/2016\/03\/Ismail-Doda-Hatixhe-Nelaj-Portreti-Tv-Teuta-.jpg\"><img loading=\"lazy\" class=\"alignleft wp-image-95584\" src=\"http:\/\/www.visit-ulcinj.com\/blog\/wp-content\/uploads\/2016\/03\/Ismail-Doda-Hatixhe-Nelaj-Portreti-Tv-Teuta-.jpg\" alt=\"Ismail-Doda-Hatixhe-Nelaj-Portreti-Tv-Teuta-\" width=\"508\" height=\"286\" srcset=\"https:\/\/www.visit-ulcinj.com\/blog\/wp-content\/uploads\/2016\/03\/Ismail-Doda-Hatixhe-Nelaj-Portreti-Tv-Teuta-.jpg 674w, https:\/\/www.visit-ulcinj.com\/blog\/wp-content\/uploads\/2016\/03\/Ismail-Doda-Hatixhe-Nelaj-Portreti-Tv-Teuta--300x169.jpg 300w\" sizes=\"(max-width: 508px) 100vw, 508px\" \/><\/a>Mund t\u00eb ndiqni emisionin\u201cPortreti\u201d i\u00a0 cili emitohet <strong>\u00e7<\/strong>do te hene ne oren 21.00 n\u00eb Televizionin Teuta.<\/p>\n<p>Moderatorja e emisonit Hatixhe Nelaj na mundson t\u00eb ndjekim emisionin \u201cPortreti\u201d\u00a0 q\u00eb\u00a0 transmetohet n\u00eb TV Teuta.<\/p>\n<p>K\u00ebsaj rradhe protagonist do t\u00eb jet\u00eb dr. Ismail Doda nga Kraja.<\/p>\n<p><iframe loading=\"lazy\" frameborder=\"0\" width=\"508\" height=\"315\" src=\"\/\/www.dailymotion.com\/embed\/video\/x3zxkl6?autoPlay=1\" allowfullscreen><\/iframe><\/p>\n<p><strong>GJEK\u00cb GJONAJ: DR.ISMAIL DODA &#8211; STUDIUES I MEN\u00c7URIS\u00cb S\u00cb POPULLIT T\u00cb KRAJ\u00cbS<\/strong><\/p>\n<p><em><strong>Ulqin, 17. 04. 2015 &#8211; Kraja, nj\u00eb oaz\u00eb etnike, arsimore dhe shkencore e shqiptar\u00ebve n\u00eb Mal t\u00eb Zi n\u00ebp\u00ebr shekuj e ka thelluar, kultivuar, trash\u00ebguar dhe begatuar men\u00e7urin\u00eb e popullit shqiptar, q\u00eb \u00ebsht\u00eb nj\u00eb margaritar i cili do t\u2019i p\u00ebrballoj\u00eb jo vet\u00ebm koh\u00ebs, por besoj edhe epok\u00ebs. Kjo trev\u00eb ishte dhe vazhdon t\u00eb mbetet djepi i men\u00e7uris\u00eb s\u00eb populllit. Gjhith\u00e7ka \u00ebsht\u00eb men\u00e7uri, \u00ebsht\u00eb krijim, e gjith\u00e7ka \u00ebsht\u00eb krijim \u00ebsht\u00eb men\u00e7uri\u201d pohonte Hegeli. P\u00ebrkund\u00ebr varf\u00ebris\u00eb dhe prapambeturis\u00eb s\u00eb gjithanshme, folklori, n\u00eb t\u00eb gjitha format ka qen\u00eb i vetmi prodhim artistik I kranjan\u00ebve. Krijimtaria gojore ishte ushqim shpirt\u00ebror i tyre n\u00eb t\u00eb gjitha koh\u00ebrat. Ata n\u00eb oda e tubime, gazmende e ceremoni i l\u00ebshuan fre imagjinat\u00ebs s\u00eb tyre t\u00eb pasur, duke ngritur virtytet m\u00eb t\u00eb larta, atdhedashurin\u00eb, besnik\u00ebrin\u00eb e bujarin\u00eb, trim\u00ebrin\u00eb e luft\u00ebn. Kraja \u00ebsht\u00eb nj\u00eb rajon jasht\u00ebzakonisht interesant i jet\u00ebs kulturore t\u00eb popullit , ku elementet e kulturave t\u00eb huaja kan\u00eb dep\u00ebrtuar me v\u00ebshtir\u00ebsi dhe fare pak ose aspak kan\u00eb ndikuar n\u00eb tradit\u00ebn autoktone. <\/strong><\/em><\/p>\n<p>Studiuesi i zellsh\u00ebm i folklorit burimor Ismail Doda \u00ebsht\u00eb nd\u00ebr t\u00eb pak\u00ebt dhe t\u00eb rrall\u00ebt (nga t\u00eb gjall\u00ebt) q\u00eb me dekada vjel n\u00eb vazhdim\u00ebsi thesarin e pa\u00e7muar t\u00eb men\u00e7uris\u00eb son\u00eb, ve\u00e7mas t\u00eb Kraj\u00ebs. Ai qysh heret tregoi interesim dhe dashuri t\u00eb madhe p\u00ebr historin\u00eb gojore t\u00eb k\u00ebsaj trev\u00eb iliro-shqiptare, dhe jo vet\u00ebm. Pa p\u00ebrtes\u00eb n\u00eb rrethana t\u00eb v\u00ebshtira t\u00eb koh\u00ebs n\u00eb gjysm\u00ebshekullin e kaluar fillon rrug\u00ebtimin e tij t\u00eb gjat\u00eb n\u00ebp\u00ebr fshatrat e Kraj\u00ebs n\u00eb vjeljen dhe grumbullimin e k\u00ebng\u00ebve popullore, frazave e frazeologjive, anekdotave, fjal\u00ebve t\u00eb urta, gj\u00eb e gj\u00ebzave, p\u00ebrrallave, p\u00ebrrall\u00ebzave kall\u00ebzimeve e zhanreve tjera.<\/p>\n<p>Oda e burrave, men\u00e7uria, tregimet dhe k\u00ebng\u00ebt popullore, e kan\u00eb nxitur t\u2019i qaset k\u00ebsaj fush\u00eb e cila nuk ishte edhe aq e leht\u00eb, sepse shpesh i jan\u00eb dashur udh\u00ebtime t\u00eb gjata, vet\u00ebm n\u00eb k\u00ebmb\u00eb, pa material dhe mjete t\u00eb nevojshme, pa ushqim t\u00eb rregullt\u00eb e gjum\u00eb t\u00eb bollsh\u00ebm, madje edhe n\u00ebn p\u00ebrcjelljen e \u201c fsheht\u00eb\u201d t\u00eb regjimit t\u00eb koh\u00ebs, t\u00eb mbaj\u00eb sh\u00ebnime \u201c me thes\u201d.<\/p>\n<p>&nbsp;<\/p>\n<p><strong>Studiuesi i zellsh\u00ebm i folklorit burimor &#8211; \u00a0Ismail Doda.\u00a0<\/strong><\/p>\n<p>&nbsp;<\/p>\n<p>Veprimtaria e tij mori hov me fillimin e bashk\u00ebpunimit t\u00eb tij me Institutin Albanologjik t\u00eb Prishtin\u00ebs, ku e ndihmuan shum\u00eb prof. Eqrem \u00c7abej , prof. Anton \u00c7etta e studiues t\u00eb tjer\u00eb t\u00eb folkloristik\u00ebs. Seriozitetin e pun\u00ebs s\u00eb k\u00ebtij foklkloristi t\u00eb mir\u00ebnjohur arb\u00ebresh e v\u00ebrteton let\u00ebrk\u00ebmbimi i gjat\u00eb prej gjasht\u00eb faqesh, t\u00eb cilin ia nis\u00eb prof. Eqrem \u00c7abejt, nga Arbneshi , m\u00eb 30.06 1975. N\u00eb letr\u00ebn e tij t\u00eb par\u00eb Ismail Doda nd\u00ebr t\u00eb tjera e njofton professor \u00c7abejn, se p\u00ebrkund\u00ebr v\u00ebshtir\u00ebsive me pun\u00eb sistematike dhe \u201cvullnet t\u00eb \u00e7elikosur\u201d, po p\u00ebrpiqej t\u2019i kontribuonte vendit dhe shkenc\u00ebs albanologjike, nd\u00ebrsa konsultimet dhe k\u00ebshillimet, qofshin ato edhe p\u00ebrmes korrespondenc\u00ebs ishin t\u00eb nj\u00eb vlere t\u00eb madhe. \u00cbsht\u00eb kjo koha kur Ismail Doda vjel\u00eb toponomastik\u00eb, frazeologji, folklor dhe fjal\u00eb t\u00eb rralla, trajta n\u00ebndialektore etj., nd\u00ebrsa po p\u00ebrgatitej q\u00eb t\u00eb merrej me nj\u00eb projekt mjaft serioz n\u00eb fush\u00eb t\u00eb gjuh\u00ebsis\u00eb shqiptare: studimin \u201cRreth p\u00ebrkimit t\u00eb gjuh\u00ebs s\u00eb Buzukut me ligj\u00ebrimet e Kraj\u00ebs dhe t\u00eb Shestanit\u201d, t\u00eb cil\u00ebn ia kishte sugjeruat profesor \u00c7abej, m\u00eb 8.12.1972, gjat\u00eb dit\u00ebve t\u00eb Kongresit t\u00eb Drejtshkrimit t\u00eb Gjuh\u00ebs Shqipe\u201d.<\/p>\n<p>Qysh at\u00ebher\u00eb, n\u00eb rrjedh\u00eb t\u00eb viteve Ismail Doda ka qen\u00eb em\u00ebr i njohur n\u00eb mjediset studimore t\u00eb shqiptar\u00ebve n\u00eb Mal t\u00eb Zi, e m\u00eb gjer\u00eb, duke marr\u00eb pjes\u00eb me kumtesa n\u00eb Kongrese t\u00eb Folklorist\u00ebve Jugosllav. Artikujt dhe studimet e tij jan\u00eb botuar n\u00eb revista t\u00eb ndryshme kulturore e laterare t\u00eb Malit t\u00eb Zi, t\u00eb Shqip\u00ebris\u00eb, Kosov\u00ebs dhe tek Arbnesh\u00ebt e Italis\u00eb.<\/p>\n<p>Pasuria mendore dhe gojore e Kraj\u00ebs do t\u00eb mbetej e pazbuluar pa lapsin e tij, ndon\u00ebse , si\u00e7 shprehet ai me modesti, edhe pa t\u00eb ky thesar do t\u00eb zbulohej dhe do t\u00eb trajtohej. Pyetjes se \u201c sa ka arritur q\u00eb ta studioj dhe hulumtoj k\u00ebt\u00eb thesar t\u00eb pa\u00e7muesh\u00ebm \u201c mu p\u00ebrgjij \u201c aq sa merr uj\u00eb nga deti , me nj\u00eb got\u00eb\u201d!<\/p>\n<p>Ky mbledh\u00ebs dhe studiues i p\u00ebrkushtuar i folklorit t\u00eb pasur t\u00eb shqiptar\u00ebve, m\u00ebsimdh\u00ebn\u00ebs e drejtor shkolle n\u00eb Kraj\u00eb , m\u00eb 22 janar 2015, n\u00eb Qendr\u00ebn e Studimeve Albanologjike,organizuar nga Shkolla Doktorale e Etnologjis\u00eb dhe Folklorit, n\u00eb Tiran\u00eb mbrojti me sukses, para juris\u00eb pes\u00eban\u00ebtar\u00ebshe doktoratur\u00ebn\u201d Baladat popullore te shqiptar\u00ebt e Malit t\u00eb Zi\u201d.<\/p>\n<p><strong>KONTRIBUTI I TRIESHJAN\u00cbVE N\u00cb KRYENGRITJEN E MAL\u00cbSIS\u00cb S\u00cb MADHE<\/strong><\/p>\n<p>Kam k\u00ebnaq\u00ebsin\u00eb dhe nderin e madh t\u00eb flas para jush me rastin e p\u00ebrkujtimit t\u00eb 100-vjetorit t\u00eb Kryengritjes s\u00eb Mal\u00ebsis\u00eb s\u00eb Madhe, njer\u00ebs prej ngjarjeve me r\u00ebnd\u00ebsi hiostorike t\u00eb kombit ton\u00eb, p\u00ebr t\u00eb cil\u00ebn shkrimtari yn\u00eb i madh Ismail Kadare thot\u00eb se \u201c ajo hyn nd\u00ebr ato ngjarje, q\u00eb kan\u00eb z\u00ebvend\u00ebsuar n\u00eb Shqip\u00ebri veprat monumentale, bibliotekat dhe akademit\u00eb\u201d dhe se \u201c \u00ebsht\u00eb lufta e fundit e shqiptar\u00ebve p\u00ebrprara fillimit t\u00eb pavar\u00ebsis\u00eb dhe akti i fundit i nj\u00eb drame t\u00eb p\u00ebrgjakshme, q\u00eb vazhdonte qysh prej pes\u00eb shekujsh. \u201d.(1)<\/p>\n<p>Ne mal\u00ebsor\u00ebt kudo q\u00eb jemi kemi fatin e mir\u00eb q\u00eb sot po festojm\u00eb k\u00ebt\u00eb ngjarje t\u00eb sh\u00ebnuar t\u00eb popullit shqiptar me Shqip\u00ebrin\u00eb n\u00eb NATO dhe me Kosov\u00ebn shtet t\u00eb pavarur e sovran.<\/p>\n<p>Kryengrit\u00ebsit mal\u00ebsor\u00eb trima bashk\u00eb me trieshjan\u00eb filluan para nj\u00eb shekulli betej\u00ebn e p\u00ebrgjakshme p\u00ebr liri e pavar\u00ebsi n\u00eb mbrotje t\u00eb trojeve t\u00eb tyre etnike, t\u00eb kombit, gjuh\u00ebs, tradit\u00ebs, zakoneve, fes\u00eb dhe kultur\u00ebs shqiptare kund\u00ebr Perandoris\u00eb Osmane, q\u00eb ishte fuqia m\u00eb e madhe ushtarake e koh\u00ebs, t\u00eb bindur se fitorja nuk vjen p\u00ebrmes rrug\u00ebs s\u00eb shtruar me lule, por rrug\u00ebs s\u00eb shtruar me gjemba, rrug\u00ebs s\u00eb dhimbjes dhe sakrtific\u00ebs me gjurmat e gjakut t\u00eb derdhur. P\u00ebr k\u00ebta burra nga t\u00eb gjitha krahinat e Mal\u00ebsis\u00eb s\u00eb Madhe , t\u00eb rritur n\u00eb djepin e trim\u00ebris\u00eb dhe me k\u00ebng\u00ebn e lirs\u00eb, vdekja n\u00eb luft\u00eb p\u00ebr liri ishte e bekuar, kurse jeta n\u00eb rob\u00ebri ishte e mallkuar.<\/p>\n<p>Lemaja \u2013 beteja e par\u00eb e p\u00ebrgjakshme p\u00ebr liri e pavar\u00ebsi<\/p>\n<p>Burimet historike tregojn\u00eb se trieshjan\u00ebt kan\u00eb derdhur gjak t\u00eb past\u00ebr shqiptar p\u00ebr trojet e tyre st\u00ebrgjyshore n\u00eb luftimet e ashpra e t\u00eb pabarabarta me forcat turke t\u00eb armatosura deri n\u00eb dh\u00ebmb q\u00eb nga viti 1907 e deri n\u00eb vitin 1911, kur mal\u00ebsor\u00ebt n\u00ebnshkruan historin\u00eb e lavdishme t\u00eb popullit shqiptar.<\/p>\n<p>N\u00eb raportin e gjeneralit V. Llazoviq, d\u00ebrguar ministrit ushtarak n\u00eb Cetin\u00eb, gjeneralit Mitar Martinoviq, thuhet se p\u00ebrleshjet e para luftarak\u00eb n\u00eb mes t\u00eb trieshjan\u00ebve dhe ushtris\u00eb osmane, kan\u00eb filluar m\u00eb 6 tetor 1907 pasdite n\u00eb ora 16:00 n\u00eb Lugin\u00ebn e Cemit, n\u00eb Lemaj\u00eb e Shesh, (2)ku nizam\u00ebt kishin vendosur disa \u00e7adra dhe punonin n\u00eb ngrtijen e k\u00ebshtjell\u00ebs p\u00ebr nevojat e veta( 3)<\/p>\n<p>\u2026 Afro 150 luft\u00ebtar\u00eb trieshjan\u00eb, t\u00eb organizuar n\u00eb dy \u00e7eta: e Trieshit t\u00eb Posht\u00ebm, q\u00eb e udh\u00ebheqte Kol\u00eb Pr\u00eb\u00e7i Gjolaj, nga fshati Muzhe\u00e7k, dhe e Trieshit t\u00eb Ep\u00ebrm, n\u00ebn drejtimin e Gjelosh Tom\u00eb Ujkaj, kadet i shkoll\u00ebs ushtarake t\u00eb Cetin\u00ebs nga fshati B\u00ebkaj (4) pas nj\u00eb lufte t\u00eb rrept\u00eb disadit\u00ebshe n\u00eb Lemaj\u00eb, Shesh e Grabom arrit\u00ebn t\u00eb d\u00ebbojn\u00eb ushtrin\u00eb turke nga Trieshi. N\u00eb betej\u00ebn e Lemaj\u00ebs dhe Sheshit, sipas burimeve ruse (raporti nr. 47 i dat\u00ebs 12 tetor i vitit 1907), q\u00eb ambasadori rus nga Cetina ia d\u00ebrgon ministrit p\u00ebr Pun\u00eb t\u00eb Jashtme n\u00eb Petrovgrad, konfirmohet se n\u00eb konfliktin e armatosur nd\u00ebrmjet trishjan\u00ebve dhe nizamit u vran\u00eb tre ushtar\u00eb turq, n\u00ebnt\u00eb tjer\u00eb u plagos\u00ebn sikurse edhe nj\u00eb oficer. (5) Nd\u00ebrkaq n\u00eb burimet malalaze (raporti i cituar d\u00ebrguar minsitrit ushtarak n\u00eb Cetin\u00eb gjeneralit Martinoviq) nuk p\u00ebrmendet numri i t\u00eb plagosurve, por thuhet se \u201ckemi gjetur tre skelet\u00eb t\u00eb ushtar\u00ebve t\u00eb vrar\u00eb nizam\u00eb\u201d (6)<\/p>\n<p>Bazuar n\u00eb dokumentin nr. 321\/6, d\u00ebrguar ministrit ushtarak nga gjenerali Llazoviq, (7) n\u00eb betej\u00ebn e madhe t\u00eb Grabomit, e cila zgjati disa dit\u00eb, u vran\u00eb dhe u plagos\u00ebn mbi 30 ushtar\u00eb turq, nd\u00ebrsa nga pala trieshjane jan\u00eb plagosur tre vet\u00eb : Gjel Deda Nikprelaj, Gjelosh Toma Ujkaj dhe Kol\u00eb Duli Palushaj. Po sipas k\u00ebtij raporti sekret, q\u00eb mban dat\u00ebn 11 tetor 1907 n\u00eb k\u00ebt\u00eb betej\u00eb p\u00ebr fat t\u00eb keq kan\u00eb humbur jet\u00ebn edhe jan\u00eb plagosur disa civil\u00eb. (8)<\/p>\n<p>Historiani nga Gruda me banim n\u00eb Shtete t\u00eb Bashkuara t\u00eb Amerik\u00ebs, Gjon Frani Ivezaj shkruan: \u201cLufta e Lemaj\u00ebs, sh\u00ebnoi edhe dat\u00ebn m\u00eb t\u00eb r\u00ebnd\u00ebsishme t\u00eb lavdis\u00eb s\u00eb trieshian\u00ebve. T\u00eb gjith\u00eb mal\u00ebsor\u00ebt, sikurse edhe her\u00eb t\u00eb tjera u bashkuan, kund\u00ebr armikut t\u00eb p\u00ebrbashk\u00ebt turk. Me germa t\u00eb arta, jan\u00eb t\u00eb sh\u00ebnuar n\u00eb analet e historis\u00eb s\u00eb popullit shqiptar e t\u00eb Mal\u00ebsis\u00eb, emrat e luft\u00ebtar\u00ebve trima t\u00eb liris\u00eb, q\u00eb u dalluan n\u00eb Luft\u00ebn tek Ura e Lemaj\u00ebs. N\u00eb vitin 1907, bajraktar\u00ebt e vojvod\u00ebt trima e djemt\u00eb sokola t\u00eb Trieshit, rr\u00ebmbyen arm\u00ebt dhe sulmuan post\u00ebn e k\u00ebshtjell\u00ebs turke, n\u00eb Ur\u00ebn e Lemaj\u00ebs. Ata p\u00ebr shtat\u00eb dit\u00eb e net\u00eb me radh\u00eb luftuan si luaj kund\u00ebr garnizoneve turke. Aty u dalluan shum\u00eb trima trieshian\u00eb, ku ushtria turke mori ikjen e arratin\u00eb nga kishte ardhur m\u00eb par\u00eb. Ata gjat\u00eb ikjes me turp, t\u00eb shpartalluar dogj\u00ebn dhe pla\u00e7kit\u00ebn \u00e7far\u00eb gjet\u00ebn p\u00ebrpara. Kjo ishte nj\u00eb metod\u00eb e vjet\u00ebr e ushtris\u00eb barbare turke.\u201d (9)<\/p>\n<p>Flijimi i kryengrit\u00ebsve trieshjan\u00eb p\u00ebr Flamurin e Sk\u00ebnderbeut<\/p>\n<p>Q\u00ebndresa dhe fitorja e patriot\u00ebve trieshjan\u00eb kund\u00ebr Port\u00ebs s\u00eb Lart\u00eb n\u00eb Lemaj\u00eb, Shesh e Grabom dhe lufta e tyre e drejt\u00eb p\u00ebr \u00e7lirim komb\u00ebtar padyshim se ka ndikuar n\u00eb zgjimin komb\u00ebtar t\u00eb popullit shqiptar. Kjo luft\u00eb e madhe e trieshjan\u00ebve dhe e ushtar\u00ebve osman\u00eb me pasoja tragjike i parapriu Kryengrtijes s\u00eb Mal\u00ebsis\u00eb s\u00eb Madhe t\u00eb vitit 1911 dhe sh\u00ebrbeu si nxitje e k\u00ebsaj lufte t\u00eb fundit p\u00ebrpara fitimit t\u00eb pavar\u00ebsis\u00eb . (10) K\u00ebt\u00eb e v\u00ebrtertuan ngjarjet e m\u00ebvonshme, sidomos ato t\u00eb viteve 1910-1912.<\/p>\n<p>Dit\u00ebn e par\u00eb t\u00eb shp\u00ebrthimit t\u00eb Kryengritjes s\u00eb Mal\u00ebsis\u00eb s\u00eb Madhe , m\u00eb 24 mars 1911, s\u00eb cil\u00ebs i priu me sukses heroi yn\u00eb Ded\u00eb Gjo\u2019 Luli, iu bashkangjit\u00ebn edhe trimat e liris\u00eb nga Trieshi, t\u00eb gatsh\u00ebm p\u00ebr flijime t\u00eb reja. Kjo pasqyrohet qart\u00eb n\u00eb poem\u00ebn \u201c Lufta e Maleveve\u201d t\u00eb m\u00ebsuesit, poetit dhe luft\u00ebtarit Palok\u00eb Traboini Goj\u00e7aj nga Hoti, kushtuar Kyrengritjes s\u00eb Mal\u00ebsis\u00eb s\u00eb Mbishkodr\u00ebs: ( citoj)<\/p>\n<p>Ndiej \u00e7\u2019 po t\u2019 thot\u00eb njeky Trieshjan\u00eb( Gjel \u00c7aku):<\/p>\n<p><em>N\u00eb mal temin sa t\u2019kaptoj<\/em><\/p>\n<p>Kushtrim Trieshit tash i lshoj<\/p>\n<p>me ra shpejt prej bjeshks\u00eb e vrrinit<\/p>\n<p>p\u00ebrmbas djelve t\u2019 Traboinit<\/p>\n<p>n\u2019hall me i dalun Osmanllis,<\/p>\n<p>me i fitue lirin Shqipnis,<\/p>\n<p>me ngul\u00eb n\u2019Hot flamurin arit<\/p>\n<p>kuq e zi si e pat\u00ebm s\u2019parit.<\/p>\n<p>Po ta nap bes\u00ebn e Zotit<\/p>\n<p>Vet me msy me djelt e Hotit,<\/p>\n<p>me dhan\u00eb jet\u00eb p\u00ebr liri,<\/p>\n<p>p\u00ebr flamurin kuq e zi<\/p>\n<p>Qi kaher\u00eb e kem\u2019 dishrue ( 11)<\/p>\n<p>Historiani Romeo Gurakuqi shkruan se dit\u00ebn e dyt\u00eb t\u00eb shp\u00ebrthimit t\u00eb kryengritjers u vra nj\u00eb trieshjan dhe nj\u00eb tjet\u00ebr u plagos, se nj\u00eb dit\u00eb m\u00eb von\u00eb kryengrit\u00ebsit t\u00eb ndihmuar prej disa trieshjan\u00ebsh muar\u00ebn kaush\u00ebn e Pikal\u00ebs dhe tri kausha t\u00eb tjera t\u00eb Malit t\u00eb Zi . (12) Gurakuqi, duke iu referuar njoftimit t\u00eb konsullit Skutari Zambaur t\u00eb dat\u00ebs 27 mars 1911 thekson se \u201cnumri i kryengrit\u00ebsve, t\u00eb cil\u00ebt kan\u00eb ardhur nga Trieshi n\u00eb Mal t\u00eb Zi p\u00ebr tu dh\u00ebn\u00eb mb\u00ebshtetje kryengrit\u00ebsve, \u00ebsht\u00eb 3-4 mij\u00eb\u201d (13) dhe shton: \u201cn\u00eb p\u00ebrkrahje t\u00eb Hotit dhe Grud\u00ebs, me 27 mars, rreth 300 vet\u00eb banor\u00eb nga fshatrat e an\u00ebs malazeze t\u00eb kufirit, Trieshit, Fudn\u00ebs (Fundnave-sh\u00ebnimi im), Orahov\u00ebs (Rahos\u00eb-sh\u00ebnimi im) e tjer\u00eb mor\u00ebn pjes\u00eb n\u00eb luftime\u201d. (14) Vullnetar\u00ebt nga Trieshi luftuan heroikisht, bashk\u00eb me kryengrit\u00ebsit e tjer\u00eb mal\u00ebsor\u00eb, p\u00ebr shkat\u00ebrrimin e t\u00eb gjitha fortifikatave turke n\u00eb rajonin e Mal\u00ebsis\u00eb s\u00eb Madhe. Nga ditari personal i Janko Vuktoiqit, q\u00eb ruhet n\u00eb Muzeun e Mbretit Nikolla, shihet qart\u00eb se 50 trieshjan\u00eb u vijn\u00eb n\u00eb ndihm\u00eb kryengrit\u00ebsve kelmendas deri n\u00eb fund t\u00eb kryengritjes. Historiani nga Kosova Isa Bicaj n\u00eb monografin\u00eb \u201cMarr\u00ebdh\u00ebniet shqiptaro-malazeze (1881-1914)\u201d shkruan se me 18 prill t\u00eb vitit 1911 forcat kryengrit\u00ebse t\u00eb inkurajuara nga trieshjani Gjok\u00eb Vata n\u00eb k\u00ebto luftime u vra nj\u00eb kryengrit\u00ebs nga Trieshi. (15) Pranin\u00eb e \u00e7etave t\u00eb Tireshit n\u00eb Kelemend i konfirmon edhe komandanti i batalionit t\u00eb Ku\u00e7it t\u00eb Ep\u00ebrm Spasoje J. Miliq n\u00eb nj\u00eb njoftim q\u00eb i b\u00ebn eprorit t\u00eb tij ( 16) At Pal Dodaj n\u00eb ditarin e tij, q\u00eb man dat\u00ebn 3-4 shtator 1911, ku nd\u00ebr t\u00eb tjera jepet nj\u00eb variant i fillimit t\u00eb kryengritjes n\u00eb Rapsh t\u00eb Hotit, thuhet: \u201c\u2026Shqiptar\u00ebt e Triepshit e rrethina, tashm\u00eb t\u00eb lodhur nga t\u00eb jetuarit n\u00ebn Qeverin\u00eb Malazeze, kishin mb\u00ebshtetur me zjarr\u00eb mal\u00ebsor\u00ebt me shpres\u00eb s\u00eb do t\u00eb bashkoheshin p\u00ebr\u00ebsri me ta (mal\u00ebsor\u00ebt-sh\u00ebnimi im) n\u00ebse k\u00ebta (mal\u00ebsor\u00ebt-sh\u00ebnimi im) fitonin.\u201d (17)<\/p>\n<p>Por ka patur edhe raste kur luft\u00ebtar\u00ebt trieshjan\u00eb kan\u00eb sulmuar ushtar\u00ebt turq edhe n\u00eb m\u00ebnyr\u00eb individuale , si\u00e7 ka ndodhur n\u00eb Cemin e Trieshit, ku Gjel Dod\u00eb Husi ka \u00e7armatosur nj\u00eb repart t\u00eb t\u00ebr\u00eb osman\u00ebsh (18) N\u00eb luftimet e pr\u00ebgjakshme gjat\u00eb vitit 1910-1911 u plagos\u00ebn dhe u vran\u00eb shum\u00eb kryengrit\u00ebs mal\u00ebsor\u00eb, n\u00eb mes tyre edhe trieshjan\u00eb. N\u00eb munges\u00eb t\u00eb burimeve t\u00eb shkruara nuk mmund t\u00eb japim numrin e sakt\u00eb t\u00eb t\u00eb vrar\u00ebve trieshjan\u00eb n\u00eb k\u00ebt\u00eb kryengritje, p\u00ebrve\u00e7 \u00e7ka tham\u00eb m\u00eb lart\u00eb dhe \u00e7far\u00eb shkruan studiuesi i k\u00ebsaj trev\u00eb Gjergj Nikprelaj n\u00eb librin e tij kushtuar Kryengritjes s\u00eb Mal\u00ebsis\u00eb t\u00eb vitit 1911, ku thot\u00eb se n\u00eb Qaf\u00eb t\u00eb Ugl\u00ebs n\u00ebn Maj\u00ebn e Helmit, nga kjo trev\u00eb kan\u00eb humbur jet\u00ebn Cela Baci n\u00eb Hot, Gjergj Deda, Tom\u00eb Nika, Luc\u00eb Ujka , Gjel \u00c7ak Mirashi n\u00eb Drume t\u00eb Hotit dhe Vat\u00eb Martini n\u00eb Narhelm, t\u00eb dy m\u00eb 27 mars 1911, (19), kurse n\u00eb list\u00ebn e ushtar\u00ebve q\u00eb mbet\u00ebn n\u00eb K\u00eblmend Nikprelaj ka publikuar emrat e 41 trieshjan\u00ebve. (20) Gjaku i derdhur i v\u00ebllez\u00ebrve tan\u00eb trieshjan\u00eb p\u00ebr t\u00eb mbrojtur \u00e7do p\u00ebll\u00ebmb\u00eb t\u00eb tok\u00ebs s\u00eb vet n\u00eb p\u00ebrleshjet me ushtar\u00ebt turq gjat\u00eb periudh\u00ebs 1907-1911, nuk shkoi kot. Ai gjak, si p\u00ebrmendorja m\u00eb e madhe e q\u00ebndrueshm\u00ebris\u00eb s\u00eb \u00e7elikt\u00eb, guximit dhe trim\u00ebris\u00eb s\u00eb pashembullt\u00eb, u kuror\u00ebzua me ngritjen e flamurit komb\u00ebtar shqiptar (shqipen dykrenare e strukur diku p\u00ebr gati p\u00ebs\u00eb shekuj rob\u00ebrie pas vdekjes s\u00eb Gjergj Kastriotit) n\u00eb Bratil\u00eb t\u00eb De\u00e7iqit, m\u00eb 6 prill t\u00eb vitit 1911, nga trimi legjendar Ded\u00eb Gjo\u2019 Luli me bashk\u00ebluft\u00ebtar\u00ebt e vet.<\/p>\n<p>Po at\u00eb dit\u00eb Prel\u00eb Luca ngriti n\u00eb Triesh flamurin shqiptar, ( 21) i cili u val\u00ebvit n\u00eb qiellin e lir\u00eb t\u00eb vendlindjes sime. Patriot\u00ebt trieshjan\u00eb nuk jan\u00eb pajtuar me vendimin e Kongresit t\u00eb Berlinit q\u00eb t\u00eb jetojn\u00eb n\u00ebn Malin e Zi, por k\u00ebrkuan t\u00eb jen\u00eb me Shqip\u00ebri. Ata bashk\u00eb me hotian e grudian disa her\u00eb kishin shkuar t\u00eb protestojn\u00eb n\u00eb Shkod\u00ebr p\u00ebr t\u00eb k\u00ebrkuar Shqip\u00ebrin\u00eb, duke brohoritur \u201c Rrnoft\u00eb Shqipnia me Hot, Grud\u00eb e Triesh\u201d. ( 22)<\/p>\n<p>Kur flasim p\u00ebr k\u00ebt\u00eb ngjarje me r\u00ebnd\u00ebsi historike patjet\u00ebr duhet theksuar edhe misionin politiko-diplomatk t\u00eb intelektualit nga Tireshi i p\u00ebrmasave komb\u00ebtare Nikoll\u00eb Ivanajt, nj\u00ebri nga udh\u00ebheq\u00ebsit e kryengritjes shqiptare dhe t\u00eb L\u00ebvizjes \u00c7lirimtare t\u00eb popullit shqiptar n\u00eb p\u00ebrgjith\u00ebsi. Ivanaj si an\u00ebtar i Komitetit t\u00eb Kryengritjes n\u00eb Podgoric\u00eb, bashk\u00eb me personalitetet e njohura t\u00eb L\u00ebvizjes \u00c7lirimtare Shqiptare: Ismail Qemalin, Luigj Gurakuqin Hil Mosin, Risto Silin, Salih Hoxh\u00ebn, Simon Dod\u00ebn, e tjer\u00eb (23) p\u00ebrmes misionit t\u00eb tij politik e diplomatik iu p\u00ebrkushtua denj\u00ebsisht \u00e7\u00ebshtjes s\u00eb shenjt\u00eb t\u00eb liris\u00eb dhe t\u00eb pavar\u00ebsis\u00eb s\u00eb Shqip\u00ebris\u00eb, n\u00eb grumbullimin e ndihm\u00ebs materiale dhe sigurimin e arm\u00ebve p\u00ebr kryengrit\u00ebsit, (24) n\u00eb strehimin dhe ushqimin e emigracionit t\u00eb madh shqiptar dhe familjeve t\u00eb varf\u00ebra mal\u00ebsore dhe n\u00eb forma t\u00eb tjera. (25)<\/p>\n<p>Nga dokumentacioni arkivor dhe burimet q\u00eb kemi n\u00eb disponim shihet qart\u00eb se n\u00eb Triesh gjat\u00eb viteve 1910-1911 kan\u00eb gjetur strehim t\u00eb p\u00ebrkohsh\u00ebm shum\u00eb refugjat\u00eb shqiptar\u00eb nga malet e Shqip\u00ebris\u00eb s\u00eb Veriut, n\u00eb mesin e t\u00eb cil\u00ebve edhe udh\u00ebheq\u00ebsi i Kryengritjes s\u00eb Mal\u00ebsis\u00eb s\u00eb Mbishkodr\u00ebs, Ded\u00eb Gjo\u2019 Luli e kryengrit\u00ebs t\u00eb tjer\u00eb shqiptar\u00eb. (26) Ndihma q\u00eb populli i Trieshit u dha refugjat\u00ebve shqiptar\u00eb, n\u00eb gjykimin tim, \u00ebsht\u00eb faqe e ndritshme e historis\u00eb s\u00eb dashuris\u00eb dhe fqinj\u00ebsis\u00eb s\u00eb mir\u00eb v\u00ebllaz\u00ebrore.<\/p>\n<p>Ne trieshjan\u00ebt kudo q\u00eb ndodhemi duhet t\u00eb jemi krenar dhe t\u00eb mburremi edhe me faktin se pik\u00ebrisht n\u00eb k\u00ebt\u00eb truall t\u00eb Iliris\u00eb, m\u00eb sakt\u00eb n\u00ebn ahun legjendar t\u00eb Gre\u00e7\u00ebs (vend strategjik i mbrojtjes) m\u00eb 23 qershor t\u00eb vitit 1911 (27) u mblodh\u00ebn krer\u00ebt m\u00eb t\u00eb m\u00ebdhenj shqiptar\u00eb t\u00eb koh\u00ebs me ftes\u00ebn e Komitetit t\u00eb Podgoric\u00ebs dhe formuluan e firmos\u00ebn programin politik t\u00eb kryengritjes shqiptare &#8211; Memorandumin, (28) apo si\u00e7 u quajt n\u00eb at\u00eb koh\u00eb \u201c Libri i kuq\u201d, prej 12 k\u00ebrkesash, i cili e shqet\u00ebsoi mbretin Nikolla, sespe atij vendimet historike n\u00eb Gre\u00e7\u00eb i prisnin rrug\u00ebn planeve pushtuese malazeze ndaj viseve shqiptare (29)<\/p>\n<p><strong>P\u00ebrfundimi<\/strong><\/p>\n<p>Sukseset e trieshjan\u00ebve dhe mal\u00ebsor\u00ebve t\u00eb tjer\u00eb n\u00eb betejat e p\u00ebrmendura mbylli nj\u00eb epok\u00eb t\u00eb t\u00ebr\u00eb luf\u00ebrash e p\u00ebrpjekjesh shekullore p\u00ebr t\u00eb hequr qafe zgjedh\u00ebn e huaj, p\u00ebr t\u00eb formuar shtetin e lir\u00eb komb\u00ebtar shqiptar, dhe, nga ana tjeter, hapi nj\u00eb epok\u00eb t\u00eb re luft\u00ebrash e p\u00ebrpjekjesh t\u00eb tjera p\u00ebr ta mbrojtur pavar\u00ebsin\u00eb e fituar t\u00eb Shqip\u00ebris\u00eb nga rreziqet e jashtme e t\u00eb brendshme. Ato forcuan edhe m\u00eb tej bindjen se shqiptar\u00ebt mal\u00ebsor\u00eb ishin t\u00eb zot\u00eb t\u00eb mbronin vet\u00eb trojet e tyre pa ndihm\u00ebn e askujt, mbasi ata ushqeheshin nga dashuria p\u00ebr atdheun e tyre, q\u00eb ishte dhe mbeti motivi m\u00eb frym\u00ebzues i t\u00eb gjith\u00eb mal\u00ebsor\u00ebve.<\/p>\n<p>Shum\u00eb patriot\u00eb trieshjan\u00eb, jo me fjal\u00eb por me veprime konkrete luftarake n\u00eb fushat e betej\u00ebs, dhan\u00eb jet\u00ebn p\u00ebr flamur e p\u00ebr atdhe, dhe u mbet\u00ebn besnik v\u00ebllez\u00ebrve t\u00eb fiseve tjera t\u00eb Mal\u00ebsis\u00eb s\u00eb Madhe. ( 30) . Ata i treguan opinionit t\u00eb gjer\u00eb se nuk d\u00ebshiruan t\u00eb mbeten n\u00ebn turkun, se jan\u00eb burra e trima guximtar\u00eb, liridash\u00ebs, heroik e mikprit\u00ebs dhe se n\u00eb damar\u00ebt e tyre gufon fryma e dashuris\u00eb ndaj atdheut, liria dhe pavar\u00ebsia e Shqip\u00ebris\u00eb, virtyte k\u00ebto q\u00eb ruhen edhe sot. Jam i bindur se k\u00ebto ndjenja dhe idelae komb\u00ebtare do t\u00eb vazhdojn\u00eb t\u00eb kultivohen, ruhen dhe p\u00ebrcjellen nga brezat edhe n\u00eb t\u00eb ardhmen derisa t\u00eb vazhdoj\u00eb jeta n\u00eb k\u00ebto male e n\u00eb k\u00ebto shkrepa legjendare t\u00eb gjakosura, dhe derisa t\u00eb vazhdoj\u00eb t\u00eb rrejdh\u00eb pika e fundit e ujit t\u00eb kthjell\u00ebt si loti i lumit Cem. Me k\u00ebto veprime atdhetare trimat trieshjan\u00eb, disa prej t\u00eb cil\u00ebve i dekoroi presidenti i Shqip\u00ebris\u00eb dr. Sali Bersiha, na e zbardh\u00ebn faqen p\u00ebr gjith\u00eb jet\u00ebn.<\/p>\n<p>I p\u00ebrjetsh\u00ebm qoft\u00eb kujtimi dhe nderimi yn\u00eb ndaj t\u00eb gjith\u00eb luft\u00ebtar\u00ebve dhe d\u00ebshmor\u00ebve trieshjan\u00eb n\u00eb ve\u00e7anti dhe atyre shqiptar\u00eb n\u00eb p\u00ebrgjith\u00ebsi !<\/p>\n<p>Rroft\u00eb populli shqiptar!<\/p>\n<p><strong>***<\/strong><\/p>\n<p>Kumtes\u00eb e palexuar me rastin e sh\u00ebnimit t\u00eb 100-vjetorit t\u00eb Kryengrtijes s\u00eb Mal\u00ebsis\u00eb s\u00eb Madhe &#8211;\u00a0Triesh, 2 prill 2011<\/p>\n<p>________________<\/p>\n<p><strong>LITERATURA E SHFRYT\u00cbZUAR <\/strong><\/p>\n<p><em>1. \u201c Koha javore, 10 mars 2011, faqe 13<\/em><\/p>\n<p>2. Gjergj Nikprelaj, \u201c Lufta n\u00eb Lemaj\u00eb , Polis-shtojca n\u00eb gjuh\u00ebn shqipe, tetor-n\u00ebntor 2007<\/p>\n<p>3. Luc\u00eb Lucaj \u201c Triepshi nd\u00ebrmjet Mal\u00ebsis\u00eb dhe Ku\u00e7it\u201d, Tuz 2001, faqe 68- 69.<\/p>\n<p>4. Gjergj Nikpr\u00eblaj \u201c Lufta n\u00eb Lemaj\u00eb , Polis-shtojca n\u00eb gjuh\u00ebn shqipe, tetor-n\u00ebntor 2007<\/p>\n<p>5. Po aty<\/p>\n<p>6. Po aty<\/p>\n<p>7. Po aty<\/p>\n<p>8. Po aty<\/p>\n<p>9. Gjon Frani Ivezaj, \u201c Triershi nd\u00ebr shekuj \u2013 Beteja te Ura e Lemaj\u00ebs\u201d, Zoja shqiptare, 8.09.2008.<\/p>\n<p>10. Gjergj Hasanaj \u201c Mal\u00ebsori k\u00ebndon\u201d, Titograd, \u2026 faqe 236 .<\/p>\n<p>11. Kolec\u00eb Traboini \u201c Gjurm\u00eb n\u00eb histori\u201d, faqe 58-59<\/p>\n<p>12. Romeo Gurakuqi, Kryengritja e Mal\u00ebsis\u00eb s\u00eb Mbishkodr\u00ebs 1911, Shkod\u00ebr 2002, faqe 74<\/p>\n<p>13. Romeo Gurakuqi, vep\u00ebr e cituar , faqe 75<\/p>\n<p>14. Po aty, faqe 76<\/p>\n<p>15. Dr. Isa Bicaj, \u201c Marr\u00ebdh\u00ebniet shqiptaro-malazeze ( 1881-1914)\u201d, faqe 101-102<\/p>\n<p>16. Gjergj Nikprelaj, vep\u00ebr e cituar, faqe 220-244<\/p>\n<p>17. Dr. Nevila Nika \u201c P\u00ebrmbledhje dokumentesh mbi kryengritjet shqiptare (1910-1912), Instituti i Historis\u00eb \u2013 Prishtin\u00eb, 2003, faqe 175<\/p>\n<p>18. Gjergj Nikprelaj, vep\u00ebr e cituar, faqe 173<\/p>\n<p>19. Po aty, faqe 179<\/p>\n<p>20. Po aty, faqe 209-210.<\/p>\n<p>21. Kolec Traboini, Vep\u00ebr e cituar, faqe 21<\/p>\n<p>22. At Anton Harapi, \u201c Andrra e Pr\u00ebtashit\u201d, Botime Franm\u00e7eskane, Shkod\u00ebr, 2008, faqe 169<\/p>\n<p>23. Luigj Gurakuqi, \u201c Vepra t\u00eb zgjedhura\u201d, Prishtin\u00eb, 1969, faqe 292<\/p>\n<p>24. Historia e Shqip\u00ebris\u00eb, v\u00ebllimi II. Tiran\u00eb 1984, faqe 450<\/p>\n<p>25. \u201cGlas Crnogorca\u201d , Nr. 49, dat\u00eb 30 shtator 2010<\/p>\n<p>26. ASHMZ, MPB, fash. 102, Telegrami nr. 2750 dt. 2707.1910; Po ashtu MPJ, Telegram nr. 4. Dat\u00eb 2.08.1910<\/p>\n<p>27. Romeo Gurakuqi, vep\u00ebr e cituar<\/p>\n<p>28. Po aty, faqe 116-123<\/p>\n<p>29. Dr. Isa Bicaj, vep\u00ebr e cituar, faqe 104)<\/p>\n<p>30. Dr. Palok\u00eb Gj. Berisha \u201c Gjoni e Agroni n\u00eb sh\u00ebrbim t\u00eb arsimit dhe shkenc\u00ebs\u201d, Tuz 2003, faqe 16 )<\/p>\n","protected":false},"excerpt":{"rendered":"<p>Mund t\u00eb ndiqni emisionin\u201cPortreti\u201d i\u00a0 cili emitohet \u00e7do te hene ne oren 21.00 n\u00eb Televizionin Teuta. Moderatorja e emisonit Hatixhe Nelaj na mundson t\u00eb ndjekim emisionin \u201cPortreti\u201d\u00a0 q\u00eb\u00a0 transmetohet n\u00eb TV Teuta. K\u00ebsaj rradhe protagonist do t\u00eb jet\u00eb dr. Ismail Doda nga Kraja. GJEK\u00cb GJONAJ: DR.ISMAIL DODA &#8211; STUDIUES I MEN\u00c7URIS\u00cb S\u00cb POPULLIT T\u00cb KRAJ\u00cbS [&hellip;]<\/p>\n","protected":false},"author":1,"featured_media":0,"comment_status":"closed","ping_status":"closed","sticky":false,"template":"","format":"standard","meta":{"spay_email":"","jetpack_publicize_message":"","jetpack_is_tweetstorm":false,"jetpack_publicize_feature_enabled":true},"categories":[5],"tags":[],"jetpack_publicize_connections":[],"yoast_head":"<!-- This site is optimized with the Yoast SEO plugin v19.1 - https:\/\/yoast.com\/wordpress\/plugins\/seo\/ -->\n<title>Intervist\u00eb Ekskluzive me Poetin, Studiusin dr. Ismail Doda n\u00eb emisionin \u201cPortreti\u201d - Lajme nga Ulqini<\/title>\n<meta name=\"description\" content=\"Mund t\u00eb ndiqni emisionin\u201cPortreti\u201d i\u00a0 cili emitohet \u00e7do te hene ne oren 21.00 n\u00eb Televizionin Teuta. Moderatorja e emisonit Hatixhe Nelaj na mundson t\u00eb\" \/>\n<meta name=\"robots\" content=\"index, follow, max-snippet:-1, max-image-preview:large, max-video-preview:-1\" \/>\n<link rel=\"canonical\" href=\"https:\/\/www.visit-ulcinj.com\/blog\/2016\/03\/26\/interviste-ekskluzive-me-poetin-studiusin-dr-ismail-doda-ne-emisionin-portreti\/\" \/>\n<meta property=\"og:locale\" content=\"en_US\" \/>\n<meta property=\"og:type\" content=\"article\" \/>\n<meta property=\"og:title\" content=\"Intervist\u00eb Ekskluzive me Poetin, Studiusin dr. Ismail Doda n\u00eb emisionin \u201cPortreti\u201d - Lajme nga Ulqini\" \/>\n<meta property=\"og:description\" content=\"Mund t\u00eb ndiqni emisionin\u201cPortreti\u201d i\u00a0 cili emitohet \u00e7do te hene ne oren 21.00 n\u00eb Televizionin Teuta. Moderatorja e emisonit Hatixhe Nelaj na mundson t\u00eb\" \/>\n<meta property=\"og:url\" content=\"https:\/\/www.visit-ulcinj.com\/blog\/2016\/03\/26\/interviste-ekskluzive-me-poetin-studiusin-dr-ismail-doda-ne-emisionin-portreti\/\" \/>\n<meta property=\"og:site_name\" content=\"Lajme nga Ulqini\" \/>\n<meta property=\"article:published_time\" content=\"2016-03-26T21:04:24+00:00\" \/>\n<meta property=\"article:modified_time\" content=\"2016-03-26T21:28:05+00:00\" \/>\n<meta property=\"og:image\" content=\"http:\/\/www.visit-ulcinj.com\/blog\/wp-content\/uploads\/2016\/03\/Ismail-Doda-Hatixhe-Nelaj-Portreti-Tv-Teuta-.jpg\" \/>\n<meta name=\"twitter:label1\" content=\"Written by\" \/>\n\t<meta name=\"twitter:data1\" content=\"ulqini\" \/>\n\t<meta name=\"twitter:label2\" content=\"Est. reading time\" \/>\n\t<meta name=\"twitter:data2\" content=\"18 minutes\" \/>\n<script type=\"application\/ld+json\" class=\"yoast-schema-graph\">{\"@context\":\"https:\/\/schema.org\",\"@graph\":[{\"@type\":\"WebSite\",\"@id\":\"https:\/\/www.visit-ulcinj.com\/blog\/#website\",\"url\":\"https:\/\/www.visit-ulcinj.com\/blog\/\",\"name\":\"Lajme nga Ulqini\",\"description\":\"Lajme,Vijesti,Ulqini,Ulqin,Crna Gora,Mali i Zi\",\"potentialAction\":[{\"@type\":\"SearchAction\",\"target\":{\"@type\":\"EntryPoint\",\"urlTemplate\":\"https:\/\/www.visit-ulcinj.com\/blog\/?s={search_term_string}\"},\"query-input\":\"required name=search_term_string\"}],\"inLanguage\":\"en-US\"},{\"@type\":\"ImageObject\",\"inLanguage\":\"en-US\",\"@id\":\"https:\/\/www.visit-ulcinj.com\/blog\/2016\/03\/26\/interviste-ekskluzive-me-poetin-studiusin-dr-ismail-doda-ne-emisionin-portreti\/#primaryimage\",\"url\":\"https:\/\/www.visit-ulcinj.com\/blog\/wp-content\/uploads\/2016\/03\/Ismail-Doda-Hatixhe-Nelaj-Portreti-Tv-Teuta-.jpg\",\"contentUrl\":\"https:\/\/www.visit-ulcinj.com\/blog\/wp-content\/uploads\/2016\/03\/Ismail-Doda-Hatixhe-Nelaj-Portreti-Tv-Teuta-.jpg\",\"width\":674,\"height\":380},{\"@type\":\"WebPage\",\"@id\":\"https:\/\/www.visit-ulcinj.com\/blog\/2016\/03\/26\/interviste-ekskluzive-me-poetin-studiusin-dr-ismail-doda-ne-emisionin-portreti\/#webpage\",\"url\":\"https:\/\/www.visit-ulcinj.com\/blog\/2016\/03\/26\/interviste-ekskluzive-me-poetin-studiusin-dr-ismail-doda-ne-emisionin-portreti\/\",\"name\":\"Intervist\u00eb Ekskluzive me Poetin, Studiusin dr. Ismail Doda n\u00eb emisionin \u201cPortreti\u201d - Lajme nga Ulqini\",\"isPartOf\":{\"@id\":\"https:\/\/www.visit-ulcinj.com\/blog\/#website\"},\"primaryImageOfPage\":{\"@id\":\"https:\/\/www.visit-ulcinj.com\/blog\/2016\/03\/26\/interviste-ekskluzive-me-poetin-studiusin-dr-ismail-doda-ne-emisionin-portreti\/#primaryimage\"},\"datePublished\":\"2016-03-26T21:04:24+00:00\",\"dateModified\":\"2016-03-26T21:28:05+00:00\",\"author\":{\"@id\":\"https:\/\/www.visit-ulcinj.com\/blog\/#\/schema\/person\/dcab619c614d3038751c63bc2aadc06d\"},\"description\":\"Mund t\u00eb ndiqni emisionin\u201cPortreti\u201d i\u00a0 cili emitohet \u00e7do te hene ne oren 21.00 n\u00eb Televizionin Teuta. Moderatorja e emisonit Hatixhe Nelaj na mundson t\u00eb\",\"breadcrumb\":{\"@id\":\"https:\/\/www.visit-ulcinj.com\/blog\/2016\/03\/26\/interviste-ekskluzive-me-poetin-studiusin-dr-ismail-doda-ne-emisionin-portreti\/#breadcrumb\"},\"inLanguage\":\"en-US\",\"potentialAction\":[{\"@type\":\"ReadAction\",\"target\":[\"https:\/\/www.visit-ulcinj.com\/blog\/2016\/03\/26\/interviste-ekskluzive-me-poetin-studiusin-dr-ismail-doda-ne-emisionin-portreti\/\"]}]},{\"@type\":\"BreadcrumbList\",\"@id\":\"https:\/\/www.visit-ulcinj.com\/blog\/2016\/03\/26\/interviste-ekskluzive-me-poetin-studiusin-dr-ismail-doda-ne-emisionin-portreti\/#breadcrumb\",\"itemListElement\":[{\"@type\":\"ListItem\",\"position\":1,\"name\":\"Intervist\u00eb Ekskluzive me Poetin, Studiusin dr. Ismail Doda n\u00eb emisionin \u201cPortreti\u201d\"}]},{\"@type\":\"Person\",\"@id\":\"https:\/\/www.visit-ulcinj.com\/blog\/#\/schema\/person\/dcab619c614d3038751c63bc2aadc06d\",\"name\":\"ulqini\",\"sameAs\":[\"http:\/\/www.visit-ulcinj.com\"],\"url\":\"https:\/\/www.visit-ulcinj.com\/blog\/author\/admin\/\"}]}<\/script>\n<!-- \/ Yoast SEO plugin. -->","yoast_head_json":{"title":"Intervist\u00eb Ekskluzive me Poetin, Studiusin dr. Ismail Doda n\u00eb emisionin \u201cPortreti\u201d - Lajme nga Ulqini","description":"Mund t\u00eb ndiqni emisionin\u201cPortreti\u201d i\u00a0 cili emitohet \u00e7do te hene ne oren 21.00 n\u00eb Televizionin Teuta. Moderatorja e emisonit Hatixhe Nelaj na mundson t\u00eb","robots":{"index":"index","follow":"follow","max-snippet":"max-snippet:-1","max-image-preview":"max-image-preview:large","max-video-preview":"max-video-preview:-1"},"canonical":"https:\/\/www.visit-ulcinj.com\/blog\/2016\/03\/26\/interviste-ekskluzive-me-poetin-studiusin-dr-ismail-doda-ne-emisionin-portreti\/","og_locale":"en_US","og_type":"article","og_title":"Intervist\u00eb Ekskluzive me Poetin, Studiusin dr. Ismail Doda n\u00eb emisionin \u201cPortreti\u201d - Lajme nga Ulqini","og_description":"Mund t\u00eb ndiqni emisionin\u201cPortreti\u201d i\u00a0 cili emitohet \u00e7do te hene ne oren 21.00 n\u00eb Televizionin Teuta. Moderatorja e emisonit Hatixhe Nelaj na mundson t\u00eb","og_url":"https:\/\/www.visit-ulcinj.com\/blog\/2016\/03\/26\/interviste-ekskluzive-me-poetin-studiusin-dr-ismail-doda-ne-emisionin-portreti\/","og_site_name":"Lajme nga Ulqini","article_published_time":"2016-03-26T21:04:24+00:00","article_modified_time":"2016-03-26T21:28:05+00:00","og_image":[{"url":"http:\/\/www.visit-ulcinj.com\/blog\/wp-content\/uploads\/2016\/03\/Ismail-Doda-Hatixhe-Nelaj-Portreti-Tv-Teuta-.jpg"}],"twitter_misc":{"Written by":"ulqini","Est. reading time":"18 minutes"},"schema":{"@context":"https:\/\/schema.org","@graph":[{"@type":"WebSite","@id":"https:\/\/www.visit-ulcinj.com\/blog\/#website","url":"https:\/\/www.visit-ulcinj.com\/blog\/","name":"Lajme nga Ulqini","description":"Lajme,Vijesti,Ulqini,Ulqin,Crna Gora,Mali i Zi","potentialAction":[{"@type":"SearchAction","target":{"@type":"EntryPoint","urlTemplate":"https:\/\/www.visit-ulcinj.com\/blog\/?s={search_term_string}"},"query-input":"required name=search_term_string"}],"inLanguage":"en-US"},{"@type":"ImageObject","inLanguage":"en-US","@id":"https:\/\/www.visit-ulcinj.com\/blog\/2016\/03\/26\/interviste-ekskluzive-me-poetin-studiusin-dr-ismail-doda-ne-emisionin-portreti\/#primaryimage","url":"https:\/\/www.visit-ulcinj.com\/blog\/wp-content\/uploads\/2016\/03\/Ismail-Doda-Hatixhe-Nelaj-Portreti-Tv-Teuta-.jpg","contentUrl":"https:\/\/www.visit-ulcinj.com\/blog\/wp-content\/uploads\/2016\/03\/Ismail-Doda-Hatixhe-Nelaj-Portreti-Tv-Teuta-.jpg","width":674,"height":380},{"@type":"WebPage","@id":"https:\/\/www.visit-ulcinj.com\/blog\/2016\/03\/26\/interviste-ekskluzive-me-poetin-studiusin-dr-ismail-doda-ne-emisionin-portreti\/#webpage","url":"https:\/\/www.visit-ulcinj.com\/blog\/2016\/03\/26\/interviste-ekskluzive-me-poetin-studiusin-dr-ismail-doda-ne-emisionin-portreti\/","name":"Intervist\u00eb Ekskluzive me Poetin, Studiusin dr. Ismail Doda n\u00eb emisionin \u201cPortreti\u201d - Lajme nga Ulqini","isPartOf":{"@id":"https:\/\/www.visit-ulcinj.com\/blog\/#website"},"primaryImageOfPage":{"@id":"https:\/\/www.visit-ulcinj.com\/blog\/2016\/03\/26\/interviste-ekskluzive-me-poetin-studiusin-dr-ismail-doda-ne-emisionin-portreti\/#primaryimage"},"datePublished":"2016-03-26T21:04:24+00:00","dateModified":"2016-03-26T21:28:05+00:00","author":{"@id":"https:\/\/www.visit-ulcinj.com\/blog\/#\/schema\/person\/dcab619c614d3038751c63bc2aadc06d"},"description":"Mund t\u00eb ndiqni emisionin\u201cPortreti\u201d i\u00a0 cili emitohet \u00e7do te hene ne oren 21.00 n\u00eb Televizionin Teuta. Moderatorja e emisonit Hatixhe Nelaj na mundson t\u00eb","breadcrumb":{"@id":"https:\/\/www.visit-ulcinj.com\/blog\/2016\/03\/26\/interviste-ekskluzive-me-poetin-studiusin-dr-ismail-doda-ne-emisionin-portreti\/#breadcrumb"},"inLanguage":"en-US","potentialAction":[{"@type":"ReadAction","target":["https:\/\/www.visit-ulcinj.com\/blog\/2016\/03\/26\/interviste-ekskluzive-me-poetin-studiusin-dr-ismail-doda-ne-emisionin-portreti\/"]}]},{"@type":"BreadcrumbList","@id":"https:\/\/www.visit-ulcinj.com\/blog\/2016\/03\/26\/interviste-ekskluzive-me-poetin-studiusin-dr-ismail-doda-ne-emisionin-portreti\/#breadcrumb","itemListElement":[{"@type":"ListItem","position":1,"name":"Intervist\u00eb Ekskluzive me Poetin, Studiusin dr. Ismail Doda n\u00eb emisionin \u201cPortreti\u201d"}]},{"@type":"Person","@id":"https:\/\/www.visit-ulcinj.com\/blog\/#\/schema\/person\/dcab619c614d3038751c63bc2aadc06d","name":"ulqini","sameAs":["http:\/\/www.visit-ulcinj.com"],"url":"https:\/\/www.visit-ulcinj.com\/blog\/author\/admin\/"}]}},"jetpack_featured_media_url":"","jetpack_sharing_enabled":true,"jetpack_shortlink":"https:\/\/wp.me\/pe6lTn-oRF","_links":{"self":[{"href":"https:\/\/www.visit-ulcinj.com\/blog\/wp-json\/wp\/v2\/posts\/95583"}],"collection":[{"href":"https:\/\/www.visit-ulcinj.com\/blog\/wp-json\/wp\/v2\/posts"}],"about":[{"href":"https:\/\/www.visit-ulcinj.com\/blog\/wp-json\/wp\/v2\/types\/post"}],"author":[{"embeddable":true,"href":"https:\/\/www.visit-ulcinj.com\/blog\/wp-json\/wp\/v2\/users\/1"}],"replies":[{"embeddable":true,"href":"https:\/\/www.visit-ulcinj.com\/blog\/wp-json\/wp\/v2\/comments?post=95583"}],"version-history":[{"count":5,"href":"https:\/\/www.visit-ulcinj.com\/blog\/wp-json\/wp\/v2\/posts\/95583\/revisions"}],"predecessor-version":[{"id":95589,"href":"https:\/\/www.visit-ulcinj.com\/blog\/wp-json\/wp\/v2\/posts\/95583\/revisions\/95589"}],"wp:attachment":[{"href":"https:\/\/www.visit-ulcinj.com\/blog\/wp-json\/wp\/v2\/media?parent=95583"}],"wp:term":[{"taxonomy":"category","embeddable":true,"href":"https:\/\/www.visit-ulcinj.com\/blog\/wp-json\/wp\/v2\/categories?post=95583"},{"taxonomy":"post_tag","embeddable":true,"href":"https:\/\/www.visit-ulcinj.com\/blog\/wp-json\/wp\/v2\/tags?post=95583"}],"curies":[{"name":"wp","href":"https:\/\/api.w.org\/{rel}","templated":true}]}}