{"id":9559,"date":"2009-01-21T13:53:13","date_gmt":"2009-01-21T12:53:13","guid":{"rendered":"http:\/\/www.visit-ulcinj.com\/blog\/?p=9559"},"modified":"2009-01-21T19:51:25","modified_gmt":"2009-01-21T18:51:25","slug":"pakicat-jo-trajtim-te-barabarte","status":"publish","type":"post","link":"https:\/\/www.visit-ulcinj.com\/blog\/2009\/01\/21\/pakicat-jo-trajtim-te-barabarte\/","title":{"rendered":"Pakicat, jo trajtim t\u00eb barabart\u00eb &#8211; Video"},"content":{"rendered":"<p><strong><a rel=\"attachment wp-att-9560\" href=\"http:\/\/www.visit-ulcinj.com\/blog\/2009\/01\/21\/pakicat-jo-trajtim-te-barabarte\/pakicat-jo-trajtim-te-barabarte\/\"><img loading=\"lazy\" class=\"alignleft size-full wp-image-9560\" title=\"pakicat-jo-trajtim-te-barabarte\" src=\"http:\/\/www.visit-ulcinj.com\/blog\/wp-content\/uploads\/2009\/01\/pakicat-jo-trajtim-te-barabarte.jpg\" alt=\"pakicat-jo-trajtim-te-barabarte\" width=\"360\" height=\"271\" \/><\/a>T\u00eb dh\u00ebna shqet\u00ebsuese t\u00eb zyr\u00ebs s\u00eb ombudsmanit mbi p\u00ebrfaq\u00ebsimin e pakicave n\u00eb organet shtet\u00ebrore, organet e qeverisjes lokale dhe sh\u00ebrbimet publike<\/strong><br \/>\nT\u00eb dh\u00ebnat e Ombudsmanit tregojn\u00eb se nj\u00eb pjes\u00eb e mir\u00eb e organeve shtet\u00ebrore dhe organeve t\u00eb ve\u00e7anta t\u00eb qeverisjes lokale nuk i implementojn\u00eb n\u00eb m\u00ebnyr\u00eb adekuate obligimet nd\u00ebrkomb\u00ebtare q\u00eb burojn\u00eb nga e drejta nd\u00ebrkomb\u00ebtare, si dhe detyrimet nga legjislacioni nacional mbi p\u00ebrfaq\u00ebsimin proporcional t\u00eb pjes\u00ebtar\u00ebve t\u00eb pakicave n\u00eb institucionet e sistemit politik n\u00eb Mal t\u00eb Zi.<br \/>\nT\u00eb dh\u00ebnat e Zyr\u00ebs s\u00eb Ombudsmanit mbi p\u00ebrfaq\u00ebsimin e pjes\u00ebtar\u00ebve t\u00eb pakicave n\u00eb organet shtet\u00ebrore, organet e qeverisjes lokale dhe sh\u00ebrbimet publike kan\u00eb v\u00ebrtetuar deklaratat e p\u00ebrfaq\u00ebsuesve politik\u00eb t\u00eb pakicave, organizatave dhe hulumtuesve q\u00eb merren me t\u00eb drejtat e njeriut dhe shkeljen e tyre p\u00ebr trajtimin jo t\u00eb barabart\u00eb t\u00eb pakicave dhe p\u00ebrfaq\u00ebsimin e tyre n\u00eb m\u00ebnyr\u00eb joadekuate n\u00eb pajtim me p\u00ebrfaq\u00ebsimin proporcional.<br \/>\nNdon\u00ebse Mali i Zi ka miratuar disa dokumente nd\u00ebrkomb\u00ebtare q\u00eb kan\u00eb t\u00eb b\u00ebjn\u00eb me zbatimin e t\u00eb drejtave t\u00eb pakicave duke i p\u00ebrfshir\u00eb edhe n\u00eb legjislacionin nacional, t\u00eb dh\u00ebnat e Ombudsmanit tregojn\u00eb se nj\u00eb pjes\u00eb e mir\u00eb e organeve shtet\u00ebrore dhe organeve t\u00eb ve\u00e7anta t\u00eb qeverisjes lokale nuk i implementojn\u00eb n\u00eb m\u00ebnyr\u00eb adekuate obligimet nd\u00ebrkomb\u00ebtare q\u00eb burojn\u00eb nga e drejta nd\u00ebrkomb\u00ebtare, si dhe detyrimet nga legjislacioni nacional mbi p\u00ebrfaq\u00ebsimin proporcional t\u00eb pjes\u00ebtar\u00ebve t\u00eb pakicave n\u00eb institucionet e sistemit politik n\u00eb Mal t\u00eb Zi.<br \/>\nN\u00eb baz\u00eb t\u00eb raporteve t\u00eb fituara nga nj\u00eb num\u00ebr i organeve shtet\u00ebrore dhe organeve t\u00eb qeverisjes lokale, si dhe nga komunikimi me p\u00ebrfaq\u00ebsues t\u00eb ve\u00e7ant\u00eb t\u00eb popujve pakic\u00eb si dhe disa p\u00ebrfaq\u00ebsues t\u00eb organizatave joqeveritare, Ombudsmani ka arritur deri te k\u00ebto fakte: se struktura nacionale e organeve t\u00eb posa\u00e7me shtet\u00ebrore dhe organeve t\u00eb qeverisjes lokale \u00ebsht\u00eb joadekuate, se p\u00ebrfaq\u00ebsimi i pjes\u00ebtar\u00ebve t\u00eb popujve pakic\u00eb \u00ebsht\u00eb i pamjaftuesh\u00ebm n\u00eb ministri t\u00eb ve\u00e7anta, n\u00eb organet gjyq\u00ebsore dhe organe t\u00eb ve\u00e7anta t\u00eb qeverisjes lokale n\u00eb mjediset e p\u00ebrziera nacionale.<br \/>\nShifrat flasin vet\u00eb<br \/>\nK\u00ebrkes\u00ebs s\u00eb Ombudsmanit mbi struktur\u00ebn e t\u00eb pun\u00ebsuarve dhe p\u00ebrfaq\u00ebsimin e pjes\u00ebtar\u00ebve t\u00eb pakicave i jan\u00eb p\u00ebrgjigjur pozitivisht vet\u00ebm shtat\u00eb ministri: Ministria e Bujq\u00ebsis\u00eb, Pylltaris\u00eb dhe Ekonomis\u00eb Ujore, Ministria e Kultur\u00ebs, Sportit dhe Medias, Ministria e Mbrojtjes, Ministria e Arsimit dhe Shkenc\u00ebs, Ministria e Sh\u00ebndet\u00ebsis\u00eb, Pun\u00ebs dhe P\u00ebrkujdesjes Sociale, Ministria e Turizmit dhe Mbrojtjes s\u00eb Mjedisit Jet\u00ebsor dhe Ministria p\u00ebr Mbrojtjen e t\u00eb Drejtave t\u00eb Njeriut dhe Pakicave, nd\u00ebrsa nuk i jan\u00eb p\u00ebrgjigjur gjasht\u00eb ministri: Ministria e Drejt\u00ebsis\u00eb, Ministria e Pun\u00ebve t\u00eb Jashtme, Ministria e Komunikacionit, Detaris\u00eb dhe Telekomunikacionit, Ministria p\u00ebr Zhvillim Ekonomik, Ministria e Financave dhe Ministria e Pun\u00ebve t\u00eb Brendshme dhe Administrat\u00ebs Publike.<br \/>\nK\u00ebrkes\u00ebs nuk i \u00ebsht\u00eb p\u00ebrgjigjur as Prokuroria Supreme Shtet\u00ebrore, kurse Gjykata Supreme i ka d\u00ebrguar Ombudsmanit vet\u00ebm list\u00ebn e t\u00eb pun\u00ebsuarve n\u00eb gjykatat n\u00eb Mal t\u00eb Zi.<br \/>\nAjo q\u00eb t\u00eb bie n\u00eb sy \u00ebsht\u00eb p\u00ebrfaq\u00ebsimi joadekuat dhe joproporcional i pakicave.<br \/>\nN\u00eb baz\u00eb t\u00eb regjistrimit t\u00eb vitit 2003, n\u00eb Mal t\u00eb Zi jetojn\u00eb 620 145 banor\u00eb t\u00eb p\u00ebrhersh\u00ebm, nga t\u00eb cil\u00ebt malazez\u00eb jan\u00eb 43.16 p\u00ebr qind, serb\u00eb 31.99 p\u00ebr qind, boshnjak\u00eb 7.76 p\u00ebr qind, shqiptar\u00eb 5.02 p\u00ebr qind, musliman\u00eb 3.97 p\u00ebr qind, kroat\u00eb 1.09 p\u00ebr qind, maqedon\u00eb 0.13 p\u00ebr qind, slloven\u00eb 0.06 p\u00ebr qind, rom\u00eb 0.41 p\u00ebr qind, t\u00eb tjer\u00eb 2.02 p\u00ebr qind, nd\u00ebrsa t\u00eb pap\u00ebrcaktuar 4.33 p\u00ebr qind.<br \/>\nSa u p\u00ebrket shqiptar\u00ebve, me p\u00ebrjashtim t\u00eb Ministris\u00eb p\u00ebr Mbrojtjen e t\u00eb Drejtave t\u00eb Njeriut dhe Pakicave ku nga tet\u00eb t\u00eb pun\u00ebsuar pes\u00eb jan\u00eb shqiptar\u00eb dhe tre boshnjak\u00eb, n\u00eb ministrit\u00eb e tjera p\u00ebrfaq\u00ebsimi \u00ebsht\u00eb shum\u00eb m\u00eb i vog\u00ebl se sa p\u00ebrqindja e tyre n\u00eb popullsin\u00eb e p\u00ebrgjithshme t\u00eb Malit t\u00eb Zi.<br \/>\n\u00cbsht\u00eb indikative se n\u00eb dy ministri, konkretisht n\u00eb at\u00eb t\u00eb Kultur\u00ebs, Sportit dhe Medias, si dhe n\u00eb Ministrin\u00eb e Arsimit dhe Shkenc\u00ebs nuk ka fare shqiptar\u00eb.<br \/>\nNd\u00ebrkaq n\u00eb Ministrin\u00eb e Mbrojtjes nga 201 t\u00eb pun\u00ebsuar vet\u00ebm nj\u00eb apo 0.49 p\u00ebr qind jan\u00eb shqiptar\u00eb, n\u00eb Ushtrin\u00eb e Malit t\u00eb Zi nga 2169 persona jan\u00eb 4 shqiptar\u00eb apo 0.18 p\u00ebr qind, n\u00eb Ministrin\u00eb e Sh\u00ebndet\u00ebsis\u00eb, Pun\u00ebs dhe P\u00ebrkujdesjes Sociale punojn\u00eb vet\u00ebm dy shqiptar\u00eb apo 0,96 p\u00ebr qind, n\u00eb Ministrin\u00eb e Turizmit dhe Mbrojtjes s\u00eb Mjedisit Jet\u00ebsor punojn\u00eb dy shqiptar\u00eb apo 2.08 p\u00ebr qind dhe n\u00eb Ministrin\u00eb e Bujq\u00ebsis\u00eb, Pylltaris\u00eb dhe Ekonomis\u00eb Ujore po ashtu dy shqiptar\u00eb apo 2.19 p\u00ebr qind.<br \/>\nSa u p\u00ebrket komunave, n\u00eb organet e qeverisjes lokale t\u00eb Komun\u00ebs s\u00eb Ulqinit jan\u00eb t\u00eb pun\u00ebsuar gjithsej 180 vet\u00eb, prej t\u00eb cil\u00ebve 160 apo 88.88 p\u00ebr qind jan\u00eb shqiptar\u00eb, 11 apo 6.11 p\u00ebr qind jan\u00eb malazez\u00eb, kat\u00ebr apo 2.22 p\u00ebr qind jan\u00eb serb\u00eb, dy musliman\u00eb, dhe nga nj\u00eb boshnjak dhe maqedon, si dhe nj\u00eb q\u00eb nuk \u00ebsht\u00eb deklaruar mbi p\u00ebrkat\u00ebsin\u00eb.<br \/>\nN\u00eb komun\u00ebn e Rozhaj\u00ebs punon vet\u00ebm 1 shqiptar apo 1.28 p\u00ebr qind t\u00eb t\u00eb pun\u00ebsuarve, nd\u00ebrsa komunat e tjera ku jetojn\u00eb shqiptar\u00ebt si ajo e Tivarit, Podgoric\u00ebs dhe Plav\u00ebs nuk i kan\u00eb d\u00ebrguar t\u00eb dh\u00ebnat e k\u00ebrkuara.<br \/>\n<strong>Pabarazia e pakicave nacionale<\/strong><a rel=\"attachment wp-att-9562\" href=\"http:\/\/www.visit-ulcinj.com\/blog\/2009\/01\/21\/pakicat-jo-trajtim-te-barabarte\/nail-draga-2\/\"><img loading=\"lazy\" class=\"alignright size-thumbnail wp-image-9562\" title=\"nail-draga\" src=\"http:\/\/www.visit-ulcinj.com\/blog\/wp-content\/uploads\/2009\/01\/nail-draga-150x150.jpg\" alt=\"nail-draga\" width=\"150\" height=\"150\" \/><\/a><br \/>\nDr. Nail Draga thot\u00eb se Raporti i p\u00ebrgatitur nga Ombudsmani paraqet nj\u00eb pun\u00eb serioze dhe profesionale, ku p\u00ebr t\u00eb par\u00ebn her\u00eb ofrohen t\u00eb dh\u00ebna me interes lidhur me p\u00ebrfaq\u00ebsimin proporcional t\u00eb pjes\u00ebtar\u00ebve t\u00eb popujve pakic\u00eb apo pakicave nacionale n\u00eb institucionet shtet\u00ebrore dhe ato t\u00eb qeverisj\u00ebs lokale.<br \/>\nSipas tij, &#8220;t\u00eb dh\u00ebnat d\u00ebshmojn\u00eb n\u00eb m\u00ebnyr\u00eb transparente pabarazin\u00eb praktike t\u00eb pakicave nacionale n\u00eb nivelin lokal dhe at\u00eb qendror&#8221;.<br \/>\nFakti q\u00eb disa ministri apo komuna nuk i kan\u00eb d\u00ebrguar t\u00eb dh\u00ebnat p\u00ebrkat\u00ebse t\u00eb k\u00ebrkuara nga Ombudsmani d\u00ebshmon, sipas Drag\u00ebs, mosgatishm\u00ebrin\u00eb e tyre p\u00ebr t\u00eb prezentuar t\u00eb v\u00ebrtet\u00ebn kur b\u00ebhet fjal\u00eb p\u00ebr pun\u00ebsimin e pjes\u00ebtar\u00ebve t\u00eb popujve pakic\u00eb n\u00eb institucionet p\u00ebrkat\u00ebse.<br \/>\n&#8220;K\u00ebto t\u00eb dh\u00ebna d\u00ebshmojn\u00eb se Mali i Zi edhe pse \u00ebsht\u00eb mjedis multinacional, multikulturor dhe multikonfesional, n\u00eb fush\u00ebn e pun\u00ebsimit ekziston situat\u00eb e kund\u00ebrt q\u00eb \u00ebsht\u00eb n\u00eb kund\u00ebrshtim me legjislacionin shtet\u00ebror dhe standardet nd\u00ebrkomb\u00ebtare kur flitet p\u00ebr pakicat nacionale&#8221;, thekson ai.<br \/>\nM\u00eb tej ai i vler\u00ebson k\u00ebto t\u00eb dh\u00ebna si shqet\u00ebsuese dhe alarmuese p\u00ebr strukturat shtet\u00ebrore-qeveritare dhe thot\u00eb se &#8220;\u00ebsht\u00eb koha e fundit p\u00ebr t\u00eb ndryshuar qasja ndaj pakicave nacionale, sepse retorikat verbale jan\u00eb koncepte t\u00eb tejkaluara&#8221;.<br \/>\n&#8220;Mospjes\u00ebmarrja e asnj\u00eb shqiptari n\u00eb Ministrin\u00eb e Arsimit apo at\u00eb t\u00eb Kultur\u00ebs, dy ministri k\u00ebto q\u00eb trajtojn\u00eb \u00e7\u00ebshtjet e identitetit edhe t\u00eb shqiptar\u00ebve n\u00eb k\u00ebt\u00eb mjedis, th\u00ebn\u00eb me eufemiz\u00ebm, paraqet skandal t\u00eb llojit t\u00eb vet. Nuk ka dilem\u00eb se nj\u00eb veprim i till\u00eb d\u00ebshmon qasjen injoruese t\u00eb pushtetit dhe t\u00eb institucioneve p\u00ebrkat\u00ebse ndaj shqiptar\u00ebve dhe t\u00eb pakicave t\u00eb tjera n\u00eb p\u00ebrgjith\u00ebsi&#8221;, p\u00ebrfundon Draga.<br \/>\n<a rel=\"attachment wp-att-9564\" href=\"http:\/\/www.visit-ulcinj.com\/blog\/2009\/01\/21\/pakicat-jo-trajtim-te-barabarte\/leon-gjokaj\/\"><img loading=\"lazy\" class=\"alignleft size-full wp-image-9564\" title=\"leon-gjokaj\" src=\"http:\/\/www.visit-ulcinj.com\/blog\/wp-content\/uploads\/2009\/01\/leon-gjokaj.jpg\" alt=\"leon-gjokaj\" width=\"134\" height=\"137\" \/><\/a>Koordinatori i projekteve pran\u00eb Qendr\u00ebs Nansen Dialog, Leon Gjokaj, p\u00ebrshendet Raportin e Zyr\u00ebs s\u00eb Ombudsmanit, mir\u00ebpo, sipas tij, &#8220;ky raport p\u00ebr sektorin civil nuk paraqet di\u00e7ka t\u00eb re&#8221;.<br \/>\n&#8220;Ai vet\u00ebm se u jep vul\u00eb konstatimeve tona se n\u00eb shoq\u00ebrin\u00eb malazeze ekziston nj\u00eb diproporcion i madh n\u00eb mes gjendjes normative dhe realitetit. Po ashtu, ai v\u00ebrteton rezultatet e hulumtimeve empirike t\u00eb CEDEM-it, t\u00eb cilat tregojn\u00eb se n\u00eb Mal t\u00eb Zi \u00ebsht\u00eb n\u00eb rritje e sip\u00ebr distanca etnike, n\u00eb ve\u00e7anti ndaj popullat\u00ebs shqiptare dhe popullat\u00ebs RAE&#8221;, thot\u00eb Gjokaj.<br \/>\nEdhe sipas tij, p\u00ebr shqiptar\u00ebt situata &#8220;\u00ebsht\u00eb sidomos alarmante n\u00eb Ministrin\u00eb e Arsimit dhe Shkenc\u00ebs dhe n\u00eb Ministrin\u00eb e Kultur\u00ebs, Sportit dhe Medias, ku nga 119 t\u00eb pun\u00ebsuar, asnj\u00ebri\/a nuk i takon popullat\u00ebs shqiptare, e cila krahas pakicave t\u00eb tjera \u00ebsht\u00eb edhe pakic\u00eb gjuh\u00ebsore dhe p\u00ebr dallim nga popullata tjet\u00ebr, nuk ka prejardhje sllave&#8221;.<br \/>\nIndikativ p\u00ebr t\u00eb \u00ebsht\u00eb edhe struktura e t\u00eb pun\u00ebsuarve n\u00eb Ministrin\u00eb p\u00ebr Mbrojtjen e t\u00eb Drejtave t\u00eb Njeriut dhe Pakicave.<br \/>\n&#8220;Fakti q\u00eb n\u00eb k\u00ebt\u00eb ministri nuk kemi asnj\u00eb pjes\u00ebtar\/e t\u00eb popullat\u00ebs shumic\u00eb ndoshta m\u00eb s\u00eb miri d\u00ebshmon shkall\u00ebn e mosintersimit t\u00eb popullat\u00ebs shumic\u00eb lidhur me k\u00ebt\u00eb \u00e7\u00ebshtje&#8221;, thot\u00eb Gjokaj.<br \/>\nP\u00ebrkund\u00ebr k\u00ebtyre fakteve negative, Gjokaj thot\u00eb se &#8220;situata p\u00ebr sa i p\u00ebrket t\u00eb drejtave t\u00eb pakicave viteve t\u00eb fundit \u00ebsht\u00eb m\u00eb e mir\u00eb n\u00eb krahasim me t\u00eb kaluar\u00ebn&#8221;.<br \/>\nPor, sipas tij, ka ende mjaft \u00e7\u00ebshtje normative dhe shum\u00eb m\u00eb tep\u00ebr \u00e7\u00ebshtje t\u00eb natyr\u00ebs praktike p\u00ebr t\u00eb cilat duhet punuar.<br \/>\n&#8220;N\u00eb baz\u00eb t\u00eb standardeve demokratike, shteti jo vet\u00ebm q\u00eb duhet t\u00eb jet\u00ebsoj\u00eb m\u00eb tep\u00ebr parimin e aksionit afirmativ, por ai duhet edhe t\u00eb krijoj\u00eb mund\u00ebsi t\u00eb barabarta p\u00ebr t\u00eb gjith\u00eb qytetar\u00ebt dhe n\u00eb rast t\u00eb munges\u00ebs s\u00eb kuadrove nga radh\u00ebt e pakicave, ai ka p\u00ebr detyr\u00eb t\u00eb arsimoj\u00eb t\u00eb nj\u00ebjtit. Po ashtu, duhet sanksionuar organet shtet\u00ebrore, organet e vet\u00ebqeverisjes lokale dhe t\u00eb gjith\u00eb ata t\u00eb tjer\u00ebt q\u00eb jan\u00eb bart\u00ebs t\u00eb autorizimeve publike dhe q\u00eb shkelin aktet nd\u00ebrkomb\u00ebtare dhe legjislacionin nacional&#8221;, thot\u00eb Gjokaj.<a rel=\"attachment wp-att-9561\" href=\"http:\/\/www.visit-ulcinj.com\/blog\/2009\/01\/21\/pakicat-jo-trajtim-te-barabarte\/edina-hasanaga-cobaj\/\"><img loading=\"lazy\" class=\"alignright size-full wp-image-9561\" title=\"edina-hasanaga-cobaj\" src=\"http:\/\/www.visit-ulcinj.com\/blog\/wp-content\/uploads\/2009\/01\/edina-hasanaga-cobaj.jpg\" alt=\"edina-hasanaga-cobaj\" width=\"280\" height=\"210\" \/><\/a><br \/>\nEdina Hasanaga \u00c7obaj nga Nisma e t\u00eb Rinjve p\u00ebr t\u00eb Drejtat e Njeriut e cil\u00ebson iniciativ\u00ebn e Ombudsmanit pak t\u00eb vonuar &#8220;duke ditur se hulumtime dhe reagime publike p\u00ebr k\u00ebt\u00eb \u00e7\u00ebshtje ka patur edhe m\u00eb her\u00ebt nga t\u00eb gjitha subjektet&#8221;. Megjithat\u00eb, kjo iniciativ\u00eb, sipas saj, \u00ebsht\u00eb me vend.<br \/>\nEdhe p\u00ebr t\u00eb, kur flitet p\u00ebr shqiptar\u00ebt, \u00ebsht\u00eb tep\u00ebr brengos\u00ebs mosprania e tyre n\u00eb Ministrin\u00eb e Arsimit dhe Shkenc\u00ebs dhe Ministrin\u00eb e Kultur\u00ebs, Sportit dhe Medias, por edhe mungesa e p\u00ebrfaq\u00ebsuesve t\u00eb shumic\u00ebs n\u00eb Ministrin\u00eb p\u00ebr Mbrojtjen e t\u00eb Drejtave t\u00eb Njeriut dhe Pakicave.<br \/>\n&#8220;Mbrojtja e t\u00eb drejtave t\u00eb popujve pakic\u00eb nuk duhet t\u00eb jet\u00eb p\u00ebrpjekje vet\u00ebm e pakicave, por edhe e popullit shumic\u00eb sepse ai \u00ebsht\u00eb faktori q\u00eb i merr vendimet n\u00eb fund t\u00eb fundit. K\u00ebshtu q\u00eb mendoj se doemos \u00ebsht\u00eb e nevojshme q\u00eb n\u00eb k\u00ebt\u00eb ministri t\u00eb ket\u00eb edhe punonj\u00ebs t\u00eb popullit shumic\u00eb, ku t\u00eb gjith\u00eb do t\u00eb punojn\u00eb p\u00ebr mbrojtjen e pakicave dhe p\u00ebr avancimin e Malit t\u00eb Zi n\u00eb k\u00ebt\u00eb drejtim&#8221;, thot\u00eb \u00c7obaj.<br \/>\nAjo e shikon si negative edhe struktur\u00ebn e t\u00eb pun\u00ebsuarve n\u00eb Komun\u00ebn e Ulqinit, ku 88.88 % jan\u00eb shqiptar\u00eb, q\u00eb, sipas saj, &#8220;gjithashtu nuk \u00ebsht\u00eb n\u00eb pajtim me k\u00ebrkesat ligjore sepse n\u00eb Ulqin ka rreth 25% joshqiptare&#8221;.<br \/>\n&#8220;Si\u00e7 e shohim t\u00eb r\u00ebnd\u00ebsishme pranin\u00eb e pakicave n\u00eb nivelin shtet\u00ebror, duhet t\u00eb jemi t\u00eb vet\u00ebdijsh\u00ebm p\u00ebr nevoj\u00ebn e pranis\u00eb s\u00eb pakicave n\u00eb nivelin lokal&#8221;, thot\u00eb ajo.<br \/>\n\u00c7obaj e vler\u00ebson si pap\u00ebrgjegj\u00ebsi dhe mosrespektim t\u00eb institucionit t\u00eb Ombudsmanit faktin q\u00eb shum\u00eb ministri nuk i jan\u00eb p\u00ebrgjigjur k\u00ebrkes\u00ebs s\u00eb tij.<br \/>\n&#8220;Ky fakt tregon gjithashtu se institucionet shtet\u00ebrore nuk e kuptojn\u00eb akoma q\u00eb ato jan\u00eb n\u00eb sh\u00ebrbim t\u00eb qytetar\u00ebve dhe se secili institucion e ka obligim ligjor q\u00eb tzi p\u00ebrgjigjet jo vet\u00ebm ombudspersonit n\u00eb k\u00ebto pyetje, por edhe secilit nga neve&#8221;, thot\u00eb ajo.<br \/>\n<strong>I.Kallaba<br \/>\nKoha Javore<\/strong><\/p>\n<p><strong>[flv]http:\/\/www.alsat.tv\/images\/emisionet\/reklama\/maqedoni.flv[\/flv]<br \/>\n<\/strong><\/p>\n","protected":false},"excerpt":{"rendered":"<p>T\u00eb dh\u00ebna shqet\u00ebsuese t\u00eb zyr\u00ebs s\u00eb ombudsmanit mbi p\u00ebrfaq\u00ebsimin e pakicave n\u00eb organet shtet\u00ebrore, organet e qeverisjes lokale dhe sh\u00ebrbimet publike T\u00eb dh\u00ebnat e Ombudsmanit tregojn\u00eb se nj\u00eb pjes\u00eb e mir\u00eb e organeve shtet\u00ebrore dhe organeve t\u00eb ve\u00e7anta t\u00eb qeverisjes lokale nuk i implementojn\u00eb n\u00eb m\u00ebnyr\u00eb adekuate obligimet nd\u00ebrkomb\u00ebtare q\u00eb burojn\u00eb nga e drejta nd\u00ebrkomb\u00ebtare, [&hellip;]<\/p>\n","protected":false},"author":1,"featured_media":0,"comment_status":"open","ping_status":"closed","sticky":false,"template":"","format":"standard","meta":{"spay_email":"","jetpack_publicize_message":"","jetpack_is_tweetstorm":false,"jetpack_publicize_feature_enabled":true},"categories":[12],"tags":[6010,3199,95,318],"jetpack_publicize_connections":[],"yoast_head":"<!-- This site is optimized with the Yoast SEO plugin v19.1 - https:\/\/yoast.com\/wordpress\/plugins\/seo\/ -->\n<title>Pakicat, jo trajtim t\u00eb barabart\u00eb - Video - Lajme nga Ulqini<\/title>\n<meta name=\"description\" content=\"T\u00eb dh\u00ebna shqet\u00ebsuese t\u00eb zyr\u00ebs s\u00eb ombudsmanit mbi p\u00ebrfaq\u00ebsimin e pakicave n\u00eb organet shtet\u00ebrore, organet e qeverisjes lokale dhe sh\u00ebrbimet publike T\u00eb\" \/>\n<meta name=\"robots\" content=\"index, follow, max-snippet:-1, max-image-preview:large, max-video-preview:-1\" \/>\n<link rel=\"canonical\" href=\"https:\/\/www.visit-ulcinj.com\/blog\/2009\/01\/21\/pakicat-jo-trajtim-te-barabarte\/\" \/>\n<meta property=\"og:locale\" content=\"en_US\" \/>\n<meta property=\"og:type\" content=\"article\" \/>\n<meta property=\"og:title\" content=\"Pakicat, jo trajtim t\u00eb barabart\u00eb - Video - Lajme nga Ulqini\" \/>\n<meta property=\"og:description\" content=\"T\u00eb dh\u00ebna shqet\u00ebsuese t\u00eb zyr\u00ebs s\u00eb ombudsmanit mbi p\u00ebrfaq\u00ebsimin e pakicave n\u00eb organet shtet\u00ebrore, organet e qeverisjes lokale dhe sh\u00ebrbimet publike T\u00eb\" \/>\n<meta property=\"og:url\" content=\"https:\/\/www.visit-ulcinj.com\/blog\/2009\/01\/21\/pakicat-jo-trajtim-te-barabarte\/\" \/>\n<meta property=\"og:site_name\" content=\"Lajme nga Ulqini\" \/>\n<meta property=\"article:published_time\" content=\"2009-01-21T12:53:13+00:00\" \/>\n<meta property=\"article:modified_time\" content=\"2009-01-21T18:51:25+00:00\" \/>\n<meta property=\"og:image\" content=\"http:\/\/www.visit-ulcinj.com\/blog\/wp-content\/uploads\/2009\/01\/pakicat-jo-trajtim-te-barabarte.jpg\" \/>\n<meta name=\"twitter:label1\" content=\"Written by\" \/>\n\t<meta name=\"twitter:data1\" content=\"ulqini\" \/>\n\t<meta name=\"twitter:label2\" content=\"Est. reading time\" \/>\n\t<meta name=\"twitter:data2\" content=\"10 minutes\" \/>\n<script type=\"application\/ld+json\" class=\"yoast-schema-graph\">{\"@context\":\"https:\/\/schema.org\",\"@graph\":[{\"@type\":\"WebSite\",\"@id\":\"https:\/\/www.visit-ulcinj.com\/blog\/#website\",\"url\":\"https:\/\/www.visit-ulcinj.com\/blog\/\",\"name\":\"Lajme nga Ulqini\",\"description\":\"Lajme,Vijesti,Ulqini,Ulqin,Crna Gora,Mali i Zi\",\"potentialAction\":[{\"@type\":\"SearchAction\",\"target\":{\"@type\":\"EntryPoint\",\"urlTemplate\":\"https:\/\/www.visit-ulcinj.com\/blog\/?s={search_term_string}\"},\"query-input\":\"required name=search_term_string\"}],\"inLanguage\":\"en-US\"},{\"@type\":\"ImageObject\",\"inLanguage\":\"en-US\",\"@id\":\"https:\/\/www.visit-ulcinj.com\/blog\/2009\/01\/21\/pakicat-jo-trajtim-te-barabarte\/#primaryimage\",\"url\":\"https:\/\/www.visit-ulcinj.com\/blog\/wp-content\/uploads\/2009\/01\/pakicat-jo-trajtim-te-barabarte.jpg\",\"contentUrl\":\"https:\/\/www.visit-ulcinj.com\/blog\/wp-content\/uploads\/2009\/01\/pakicat-jo-trajtim-te-barabarte.jpg\",\"width\":\"300\",\"height\":\"226\"},{\"@type\":\"WebPage\",\"@id\":\"https:\/\/www.visit-ulcinj.com\/blog\/2009\/01\/21\/pakicat-jo-trajtim-te-barabarte\/#webpage\",\"url\":\"https:\/\/www.visit-ulcinj.com\/blog\/2009\/01\/21\/pakicat-jo-trajtim-te-barabarte\/\",\"name\":\"Pakicat, jo trajtim t\u00eb barabart\u00eb - Video - Lajme nga Ulqini\",\"isPartOf\":{\"@id\":\"https:\/\/www.visit-ulcinj.com\/blog\/#website\"},\"primaryImageOfPage\":{\"@id\":\"https:\/\/www.visit-ulcinj.com\/blog\/2009\/01\/21\/pakicat-jo-trajtim-te-barabarte\/#primaryimage\"},\"datePublished\":\"2009-01-21T12:53:13+00:00\",\"dateModified\":\"2009-01-21T18:51:25+00:00\",\"author\":{\"@id\":\"https:\/\/www.visit-ulcinj.com\/blog\/#\/schema\/person\/dcab619c614d3038751c63bc2aadc06d\"},\"description\":\"T\u00eb dh\u00ebna shqet\u00ebsuese t\u00eb zyr\u00ebs s\u00eb ombudsmanit mbi p\u00ebrfaq\u00ebsimin e pakicave n\u00eb organet shtet\u00ebrore, organet e qeverisjes lokale dhe sh\u00ebrbimet publike T\u00eb\",\"breadcrumb\":{\"@id\":\"https:\/\/www.visit-ulcinj.com\/blog\/2009\/01\/21\/pakicat-jo-trajtim-te-barabarte\/#breadcrumb\"},\"inLanguage\":\"en-US\",\"potentialAction\":[{\"@type\":\"ReadAction\",\"target\":[\"https:\/\/www.visit-ulcinj.com\/blog\/2009\/01\/21\/pakicat-jo-trajtim-te-barabarte\/\"]}]},{\"@type\":\"BreadcrumbList\",\"@id\":\"https:\/\/www.visit-ulcinj.com\/blog\/2009\/01\/21\/pakicat-jo-trajtim-te-barabarte\/#breadcrumb\",\"itemListElement\":[{\"@type\":\"ListItem\",\"position\":1,\"name\":\"Pakicat, jo trajtim t\u00eb barabart\u00eb &#8211; Video\"}]},{\"@type\":\"Person\",\"@id\":\"https:\/\/www.visit-ulcinj.com\/blog\/#\/schema\/person\/dcab619c614d3038751c63bc2aadc06d\",\"name\":\"ulqini\",\"sameAs\":[\"http:\/\/www.visit-ulcinj.com\"],\"url\":\"https:\/\/www.visit-ulcinj.com\/blog\/author\/admin\/\"}]}<\/script>\n<!-- \/ Yoast SEO plugin. -->","yoast_head_json":{"title":"Pakicat, jo trajtim t\u00eb barabart\u00eb - Video - Lajme nga Ulqini","description":"T\u00eb dh\u00ebna shqet\u00ebsuese t\u00eb zyr\u00ebs s\u00eb ombudsmanit mbi p\u00ebrfaq\u00ebsimin e pakicave n\u00eb organet shtet\u00ebrore, organet e qeverisjes lokale dhe sh\u00ebrbimet publike T\u00eb","robots":{"index":"index","follow":"follow","max-snippet":"max-snippet:-1","max-image-preview":"max-image-preview:large","max-video-preview":"max-video-preview:-1"},"canonical":"https:\/\/www.visit-ulcinj.com\/blog\/2009\/01\/21\/pakicat-jo-trajtim-te-barabarte\/","og_locale":"en_US","og_type":"article","og_title":"Pakicat, jo trajtim t\u00eb barabart\u00eb - Video - Lajme nga Ulqini","og_description":"T\u00eb dh\u00ebna shqet\u00ebsuese t\u00eb zyr\u00ebs s\u00eb ombudsmanit mbi p\u00ebrfaq\u00ebsimin e pakicave n\u00eb organet shtet\u00ebrore, organet e qeverisjes lokale dhe sh\u00ebrbimet publike T\u00eb","og_url":"https:\/\/www.visit-ulcinj.com\/blog\/2009\/01\/21\/pakicat-jo-trajtim-te-barabarte\/","og_site_name":"Lajme nga Ulqini","article_published_time":"2009-01-21T12:53:13+00:00","article_modified_time":"2009-01-21T18:51:25+00:00","og_image":[{"url":"http:\/\/www.visit-ulcinj.com\/blog\/wp-content\/uploads\/2009\/01\/pakicat-jo-trajtim-te-barabarte.jpg"}],"twitter_misc":{"Written by":"ulqini","Est. reading time":"10 minutes"},"schema":{"@context":"https:\/\/schema.org","@graph":[{"@type":"WebSite","@id":"https:\/\/www.visit-ulcinj.com\/blog\/#website","url":"https:\/\/www.visit-ulcinj.com\/blog\/","name":"Lajme nga Ulqini","description":"Lajme,Vijesti,Ulqini,Ulqin,Crna Gora,Mali i Zi","potentialAction":[{"@type":"SearchAction","target":{"@type":"EntryPoint","urlTemplate":"https:\/\/www.visit-ulcinj.com\/blog\/?s={search_term_string}"},"query-input":"required name=search_term_string"}],"inLanguage":"en-US"},{"@type":"ImageObject","inLanguage":"en-US","@id":"https:\/\/www.visit-ulcinj.com\/blog\/2009\/01\/21\/pakicat-jo-trajtim-te-barabarte\/#primaryimage","url":"https:\/\/www.visit-ulcinj.com\/blog\/wp-content\/uploads\/2009\/01\/pakicat-jo-trajtim-te-barabarte.jpg","contentUrl":"https:\/\/www.visit-ulcinj.com\/blog\/wp-content\/uploads\/2009\/01\/pakicat-jo-trajtim-te-barabarte.jpg","width":"300","height":"226"},{"@type":"WebPage","@id":"https:\/\/www.visit-ulcinj.com\/blog\/2009\/01\/21\/pakicat-jo-trajtim-te-barabarte\/#webpage","url":"https:\/\/www.visit-ulcinj.com\/blog\/2009\/01\/21\/pakicat-jo-trajtim-te-barabarte\/","name":"Pakicat, jo trajtim t\u00eb barabart\u00eb - Video - Lajme nga Ulqini","isPartOf":{"@id":"https:\/\/www.visit-ulcinj.com\/blog\/#website"},"primaryImageOfPage":{"@id":"https:\/\/www.visit-ulcinj.com\/blog\/2009\/01\/21\/pakicat-jo-trajtim-te-barabarte\/#primaryimage"},"datePublished":"2009-01-21T12:53:13+00:00","dateModified":"2009-01-21T18:51:25+00:00","author":{"@id":"https:\/\/www.visit-ulcinj.com\/blog\/#\/schema\/person\/dcab619c614d3038751c63bc2aadc06d"},"description":"T\u00eb dh\u00ebna shqet\u00ebsuese t\u00eb zyr\u00ebs s\u00eb ombudsmanit mbi p\u00ebrfaq\u00ebsimin e pakicave n\u00eb organet shtet\u00ebrore, organet e qeverisjes lokale dhe sh\u00ebrbimet publike T\u00eb","breadcrumb":{"@id":"https:\/\/www.visit-ulcinj.com\/blog\/2009\/01\/21\/pakicat-jo-trajtim-te-barabarte\/#breadcrumb"},"inLanguage":"en-US","potentialAction":[{"@type":"ReadAction","target":["https:\/\/www.visit-ulcinj.com\/blog\/2009\/01\/21\/pakicat-jo-trajtim-te-barabarte\/"]}]},{"@type":"BreadcrumbList","@id":"https:\/\/www.visit-ulcinj.com\/blog\/2009\/01\/21\/pakicat-jo-trajtim-te-barabarte\/#breadcrumb","itemListElement":[{"@type":"ListItem","position":1,"name":"Pakicat, jo trajtim t\u00eb barabart\u00eb &#8211; Video"}]},{"@type":"Person","@id":"https:\/\/www.visit-ulcinj.com\/blog\/#\/schema\/person\/dcab619c614d3038751c63bc2aadc06d","name":"ulqini","sameAs":["http:\/\/www.visit-ulcinj.com"],"url":"https:\/\/www.visit-ulcinj.com\/blog\/author\/admin\/"}]}},"jetpack_featured_media_url":"","jetpack_sharing_enabled":true,"jetpack_shortlink":"https:\/\/wp.me\/pe6lTn-2ub","_links":{"self":[{"href":"https:\/\/www.visit-ulcinj.com\/blog\/wp-json\/wp\/v2\/posts\/9559"}],"collection":[{"href":"https:\/\/www.visit-ulcinj.com\/blog\/wp-json\/wp\/v2\/posts"}],"about":[{"href":"https:\/\/www.visit-ulcinj.com\/blog\/wp-json\/wp\/v2\/types\/post"}],"author":[{"embeddable":true,"href":"https:\/\/www.visit-ulcinj.com\/blog\/wp-json\/wp\/v2\/users\/1"}],"replies":[{"embeddable":true,"href":"https:\/\/www.visit-ulcinj.com\/blog\/wp-json\/wp\/v2\/comments?post=9559"}],"version-history":[{"count":0,"href":"https:\/\/www.visit-ulcinj.com\/blog\/wp-json\/wp\/v2\/posts\/9559\/revisions"}],"wp:attachment":[{"href":"https:\/\/www.visit-ulcinj.com\/blog\/wp-json\/wp\/v2\/media?parent=9559"}],"wp:term":[{"taxonomy":"category","embeddable":true,"href":"https:\/\/www.visit-ulcinj.com\/blog\/wp-json\/wp\/v2\/categories?post=9559"},{"taxonomy":"post_tag","embeddable":true,"href":"https:\/\/www.visit-ulcinj.com\/blog\/wp-json\/wp\/v2\/tags?post=9559"}],"curies":[{"name":"wp","href":"https:\/\/api.w.org\/{rel}","templated":true}]}}