{"id":95590,"date":"2016-03-27T08:24:30","date_gmt":"2016-03-27T07:24:30","guid":{"rendered":"http:\/\/www.visit-ulcinj.com\/blog\/?p=95590"},"modified":"2016-03-28T19:37:05","modified_gmt":"2016-03-28T18:37:05","slug":"bejte-per-te-thyer-merzine-e-silver-kordiqit-per-ulqin","status":"publish","type":"post","link":"https:\/\/www.visit-ulcinj.com\/blog\/2016\/03\/27\/bejte-per-te-thyer-merzine-e-silver-kordiqit-per-ulqin\/","title":{"rendered":"Bejte p\u00ebr t\u00eb thyer m\u00ebrzin\u00eb e Silver Kordiqit p\u00ebr Ulqin"},"content":{"rendered":"<p><strong><a href=\"http:\/\/www.visit-ulcinj.com\/blog\/wp-content\/uploads\/2016\/03\/Silver-Korda-Kordic-Ulqin.jpg\"><img loading=\"lazy\" class=\"alignleft wp-image-95591\" src=\"http:\/\/www.visit-ulcinj.com\/blog\/wp-content\/uploads\/2016\/03\/Silver-Korda-Kordic-Ulqin.jpg\" alt=\"Silver Korda Kordic-Ulqin\" width=\"508\" height=\"505\" srcset=\"https:\/\/www.visit-ulcinj.com\/blog\/wp-content\/uploads\/2016\/03\/Silver-Korda-Kordic-Ulqin.jpg 740w, https:\/\/www.visit-ulcinj.com\/blog\/wp-content\/uploads\/2016\/03\/Silver-Korda-Kordic-Ulqin-150x150.jpg 150w, https:\/\/www.visit-ulcinj.com\/blog\/wp-content\/uploads\/2016\/03\/Silver-Korda-Kordic-Ulqin-300x298.jpg 300w\" sizes=\"(max-width: 508px) 100vw, 508px\" \/><\/a>KALALESHA SI PERRI<\/strong><\/p>\n<p>Viti nj\u00eb mij\u00eb e shtat\u00ebqind e gjasht\u00eb<br \/>\nKalaja isht\u00eb thelbi Ulqinit<br \/>\nShpijat p\u00ebr rreth me balt\u00eb dhe kasht\u00eb<br \/>\nbejler\u00ebt ngr\u00ebnin me lug\u00eb floririt<\/p>\n<p>E kam pas nj\u00eb st\u00ebrgjysh zenjin<br \/>\nka sh\u00ebrby n\u00eb Oborr t\u00eb Dauletit<br \/>\nkur ishte kthye n\u00eb Ulqin<br \/>\nka nd\u00ebrtua sht\u00ebpi af\u00ebr detit<\/p>\n<p>N\u00eb Ran\u00eb f\u00ebminia si n\u00eb p\u00ebrralla<br \/>\njam rritur, u b\u00ebna nj\u00ebzet\u00eb vje\u00e7ar<br \/>\np\u00ebr martes\u00eb m\u2018 kishte ardhur rralla<br \/>\ndasmat kushtonin Napolona me ar<\/p>\n<p>N\u2018 Kala u rrit vajza e efendi Asllanit<br \/>\nishte b\u00ebr\u00eb edhe ajo p\u00ebr fejes\u00eb<br \/>\nka dal z\u00ebri se me vetulla t\u2018gajtanit<br \/>\nja ka marr\u00eb djemve mend\u2018 e kres\u00eb<\/p>\n<p>U d\u00ebrgua shkusi* si ishte adeti<br \/>\nKapidani i taklloj n\u00eb der\u00eb<br \/>\ne kishin prit si\u2018 t\u00eb ishte mreti<br \/>\npiu got\u00ebn e ujit e u dau me ner\u00eb<\/p>\n<p>U shtri zani si flaka e pyllit<br \/>\ndyzenxhit erdh\u00ebn me lodra<br \/>\nsase, qemale e zani i fyllit<br \/>\nkishte dal populli n\u00eb kodra&#8230;<\/p>\n<p>Kan\u00eb kaluar shum\u00eb jav\u00eb e mu\u2018j<br \/>\nbaballar\u2018t na kan\u00eb feju<br \/>\np\u00ebr gjith\u00eb dit\u00eb n\u00eb Kala pa t\u2018ru\u2018j<br \/>\nbukurin\u00eb tande du mi shiju<\/p>\n<p>N\u00eb Kaceme fluturojn\u00eb pul\u00ebbardhat<br \/>\nkalldr\u00ebm me buqa deri te Porta<br \/>\nm\u00eb duken si t\u00eb ishin dardhat<br \/>\nulen e njiten peshkaxhit me shporta<\/p>\n<p>Rreth Kalas\u00eb e n\u00eb breg t\u00eb Ran\u00ebs<br \/>\nsanallat, fllugat dhe kor\u00e7at lundrojn\u00eb<br \/>\nn\u00eb sabah, edhe me drit\u00eb t\u00eb han\u00ebs<br \/>\ntuj\u00eb prit\u00eb dasm\u00ebn dit\u00ebt kalojn\u00eb<\/p>\n<p>Un\u00eb prej teje pres nj\u00eb shenj<br \/>\nme fac\u00eblet o me shami<br \/>\ntuj\u00eb pi kafe me marinar<br \/>\nk\u00ebtu n\u00eb Ran\u00eb te nj\u00eb xhami<\/p>\n<p>Dita isht\u00eb zgjat par si vjeta<br \/>\ns\u2018mund t\u00eb ndalem tuj\u00eb shkru p\u00ebr ty<br \/>\nbij e \u00e7ohem, b\u00ebn se fjeta<br \/>\nah, medet me t\u00eb pa me sy<\/p>\n<p>P\u00ebrgjith\u00eb nat\u00eb qielli me han\u00eb<br \/>\nedhe deti myhle, bunac\u00eb<br \/>\nti n\u00eb Kala e un\u00eb n\u00eb Ran\u00eb<br \/>\npa m\u00eb digjet shpirti gac\u00eb<\/p>\n<p>Tan napolonat n\u00eb tartane<br \/>\nnuk shk\u00eblqejn\u00eb si syt\u00eb e tu<br \/>\nflo\u00e7kat e detit prej bukuris\u00eb tane<br \/>\ndhe zilis, moj, jan\u00eb hutu<\/p>\n<p>T\u00eb shoh n\u00eb gjum\u00eb me flok m\u00ebndafshit<br \/>\nt\u2018 i \u00eblmojn karajelat<br \/>\nprej mallit t\u00eb madh m\u00eb del gjumi<br \/>\npa ja nis me k\u00ebndu gjelat<\/p>\n<p>Me fesa t\u00eb kuq burrat, me xhybleta<br \/>\ngrat\u00eb me denebrek e boh\u00e7e me rrjeta<br \/>\nrrugicave t\u00eb Kalas\u00eb pa vlon jeta<br \/>\npor pa ty duken si t\u00eb shkreta<\/p>\n<p>T\u00eb mart\u00ebn, n\u00eb xhuma, n\u00eb Pazar t\u2018Kalas\u00eb<br \/>\ntuj\u00eb shiku nep\u00ebr qemere<br \/>\nn\u00eb uzdaj\u00eb se pa t\u2018 shoh e flas\u00eb<br \/>\nku je fsheh mori hyzmere<\/p>\n<p>N\u00eb \u00e7arshi shtrihet era e byrekut<br \/>\nn\u2018 Kala tavat me mish e p\u00ebrpeq<br \/>\nRanacak\u2018t me f\u00ebrges\u00eb t\u00eb levrekut<br \/>\ntan\u00eb pa m\u00eb duken si me qen\u00eb meleq<\/p>\n<p>N\u00eb Mole t\u00eb vog\u00ebl u kastru velania<br \/>\nka erdh me i barku marinar\u2018t<br \/>\nflet Pazari se pa martohet Hajlia<br \/>\nme bereqet jan\u00eb mbush hambar\u2018t<\/p>\n<p>Haberi arriti n\u00eb port\u00eb t\u2018Stambollit<br \/>\nse Ulqini ka nj\u00eb vajz\u00eb perri<br \/>\nprej hallit, bukuroshet e Anadollit<br \/>\nkan\u00eb hek\u00eb hilallyk\u2018t e jan\u00eb vesh n\u00eb zi<\/p>\n<p>Ndri\u00e7on hana n\u00eb qiell me yje<br \/>\nsikur feneri n\u00eb maje t\u00eb Kalas\u00eb<br \/>\nprin\u00e7ipesh\u00eb moj kapanin ndryje<br \/>\nzemra p\u00ebr ty don\u00eb me m\u2018 plas\u00eb<\/p>\n<p>Dita e dasm\u00ebs po na afrohet<br \/>\nkonaku jon\u00eb \u00ebsht\u00eb b\u00eb si m\u00ebhall\u00eb<br \/>\nve\u00e7 si and\u00ebr kjo idil durohet<br \/>\nun\u00eb s\u2018jam p\u00ebr ty, ma b\u00ebn hallall<\/p>\n<p>Pra, un\u00eb ika n\u00eb nji epok\u00eb tjet\u00ebr<br \/>\nka me ardh\u00eb nji princ n\u2018 kal t\u00eb bardh\u00eb<br \/>\nve\u00e7 desha mi p\u00ebrjetu Kalan e vjet\u00ebr<br \/>\nnafak\u00eb pa\u00e7 n\u2018jet\u00eb, moj moll\u00eb e dardh\u00eb<\/p>\n<p>Fryn murrani n\u00eb gryk\u00eb t\u00eb Limanit<br \/>\nshihet nj\u00eb drit\u00eb n\u00eb horizont t\u2018detit<br \/>\n\u00ebsht\u00eb martu\u2018 vajza e efendi Asllanit<br \/>\nn\u00eb Stamboll, p\u00ebr nipin e mretit<\/p>\n<p>Edhe duzhdi i mbret\u00ebris\u00eb Raguza<br \/>\nka pas digju p\u00ebr perri t\u00eb Kalas\u00eb<br \/>\np\u00ebr grabitje asht\u00eb dridh buza<br \/>\nme kusar ja ka pritu shum\u00eb belas\u00eb<\/p>\n<p>Edhe sot, pas treqind vitesh<br \/>\ntuj\u00eb sh\u00ebtit n\u00ebp\u00ebr k\u00ebta sokaqe<br \/>\nshtrihen er\u00ebrat japrak\u00ebsh e pitesh<br \/>\nme hije t\u00ebnde bash m\u00eb k\u00ebnaqe&#8230;<\/p>\n<p>P\u00ebr gjith\u00eb dit\u00eb m\u00eb lodhin mendimet<br \/>\nnuk e di se \u00e7ka asht\u00eb ma mir\u00eb<br \/>\nt\u00eb vij n\u00eb Kala e t\u00eb thithi burimet<br \/>\na me shpirt t\u00eb zbraz\u00ebt me qen\u00eb i lir\u00eb..<\/p>\n<p id=\"js_2\" class=\"_5pbw\" data-ft=\"{&quot;tn&quot;:&quot;C&quot;}\"><span class=\"fwn fcg\"><span class=\"fcg\"><strong><span class=\"fwb\"><a id=\"js_b\" class=\"profileLink\" href=\"https:\/\/www.facebook.com\/profile.php?id=100002258040793\" data-ft=\"{&quot;tn&quot;:&quot;l&quot;}\" data-hovercard=\"\/ajax\/hovercard\/user.php?id=100002258040793\">Silver Korda Kordic Facebook<\/a><\/span><\/strong><br \/>\n<\/span><\/span><\/p>\n<p><iframe loading=\"lazy\" src=\"https:\/\/www.youtube.com\/embed\/XuBy9PHvd3o\" width=\"508\" height=\"315\" frameborder=\"0\" allowfullscreen=\"allowfullscreen\"><\/iframe><\/p>\n<p><strong>Jam ba me m\u00eb qa n\u00eb pece t\u00eb zez\u00eb<\/strong><\/p>\n<p>M\u00eb thon\u00eb Ulqin, jam shum\u00eb i vjet\u00ebr<br \/>\nm\u00eb kan\u00eb shkel pushtues pa far\u00eb<br \/>\nkam merituar nj\u00eb shtet tjet\u00ebr<span class=\"text_exposed_show\"><br \/>\nn\u00eb vend lavdis\u00eb m\u00eb kan\u00eb vu samar<\/span><\/p>\n<div class=\"text_exposed_show\">\n<p>Un\u00eb pa b\u00ebhem tre mij\u00eb vje\u00e7ar<br \/>\n200 vite nuk pash dit\u00eb t\u00eb mir\u00eb<br \/>\nkam shiju epokat me ar\u00eb<br \/>\na thua, kam me qen\u00eb denji her\u00eb i lir\u00eb<\/p>\n<p>E ndiej veten si t\u00eb isha Bangladesh<br \/>\nma i bukur kam qen\u00eb n\u00eb koh\u00eb t\u00eb pirat\u00ebve<br \/>\njeni tuj\u00eb la n\u00eb mu\u2018 li e lesh<br \/>\nma kujdes keni ndaj surrat\u00ebve<\/p>\n<p>Edhe n\u00eb koh\u00eb t\u00eb Antik\u00ebs s\u00eb Ulqinit<br \/>\nkam qen\u00eb thesar i mbar\u00eb kultur\u00ebs<br \/>\ntesh m\u00eb bluani si kok\u00ebrr ullinit<br \/>\nm\u00eb ngjishni si t\u00eb isha kalldr\u00ebm i ur\u00ebs<\/p>\n<p>Un\u00eb lus dua tesh dit\u00eb e nat\u00eb<br \/>\np\u00ebr nj\u00eb njeri t\u00eb Per\u00ebndimit<br \/>\nkam uzdaj\u00eb ndonj\u00eb gjenerat\u00eb<br \/>\nq\u00eb ka me m\u2018ruajt prej shkat\u00ebrrimit<\/p>\n<p>Jam kopili i Malit t\u00eb Zi<br \/>\nPodgorica m\u00eb thot\u00eb: \u201cjam njerka jote\u201d<br \/>\ntesh gjasht\u00ebdhjet\u00eb vjet s\u2018ka terezi<br \/>\nedhe pes\u00ebqind me fjal\u00eb t\u00eb kote<\/p>\n<p>Edhe katundet n\u00eb maje t\u00eb malit<br \/>\ni kan\u00eb shn\u00ebdru n\u00eb metropole<br \/>\nmu\u2018 s\u2018m\u00eb zgjidhin prej litarit<br \/>\nbash m\u00eb dukem si Bijello Pole<\/p>\n<p>N\u00eb Tivar si me dal n\u00eb San Tropez<br \/>\nBudva ia p\u00ebrngjet bash Amerik\u00ebs<br \/>\nmu m\u00eb keni ba p\u00ebr faqe t\u00eb zez\u00eb<br \/>\nsi dajre t\u00eb shkymun me maje t\u00eb thik\u00ebs<\/p>\n<p>Podgoric\u00eb, ti moj tradhtare<br \/>\nm\u00eb ke rrejt me inxhi hinit<br \/>\np\u00ebr lul\u00ebzim tim s\u2018ke ba gj\u00eb fare<br \/>\nUlqinak\u00ebt mordja me kapak floririt<\/p>\n<p>Banor\u2018t e mi jan\u00eb si pula pa tru<br \/>\npolitikan\u00ebt i g\u00ebrgojn p\u00ebr hundi<br \/>\nm\u00eb duket se s\u2018mundem ma me duru<br \/>\nngadal\u00eb pa i vjen edhe teatrit fundi<\/p>\n<p>Ju seroj bash p\u00ebr \u00e7udi<br \/>\ns\u2018punon kush gj\u00eb p\u00ebr s\u00eb mbarit<br \/>\nuzdaja m\u00eb ka mbet ve\u00e7 n\u00eb Jahudi<br \/>\nse p\u00ebr Ulqinak jam samar gomarit<\/p>\n<p>Dit\u00eb e nat\u00eb ve\u00e7 qani kriza<br \/>\nsalltaneti deri n\u00eb qi\u2018ll<br \/>\nprej bankave keni marr deviza<br \/>\np\u00ebr betona e ja p\u00ebr mi\u2018ll<\/p>\n<p>Un\u00eb jam ba me m\u2018qa n\u00eb pec\u00eb t\u00eb zez\u00eb<br \/>\nma keni nd\u00ebrrua edhe identitetin<br \/>\ntan\u00eb gjynahet tesh ju bien kres\u00eb<br \/>\ns\u2018pres ma t\u00eb mira, ve\u00e7 kiametin<\/p>\n<p>Ju Pinjeshin e keni harru<br \/>\nas me qen\u00eb se doni me i ik\u00eb<br \/>\nmij\u00ebra Ulqinak atje jan\u00eb varru<br \/>\ngjith\u00eb k\u00ebt\u00eb dam, t\u00eb keni pak\u00eb frik\u00eb<\/p>\n<p>Un\u00eb kam me qen\u00eb se t\u00eb jet\u00eb bot\u00eb<br \/>\nju jeni vet\u00ebn mysafir\u00ebt e mi<br \/>\np\u00ebr st\u00ebrnipat e juaj edhe Zoti thot\u00eb<br \/>\nm\u2018i lan\u00eb bukurit\u00eb e ja pluhun e hi<\/p>\n<p>N\u00eb deg\u00eb t\u00eb holla keni ra<br \/>\ns\u2018i jepni p\u00ebrgjigje as Zotit as robit<br \/>\nprej Kalas\u00eb e deri n\u00eb Mera<br \/>\nnd\u00ebrgjegjja ju\u2018j si kat\u00ebr stin\u00eb t\u2018motit<\/p>\n<p>Vet\u00ebdija e ul\u00ebt si n\u00eb koh\u00eb t\u00eb gurit<br \/>\nme sy n\u00eb ball\u00eb nuk shihni samarin<br \/>\nhorizonti detit si rrethim murit<br \/>\nve\u00e7 ju mungon t\u00eb kullotni barin<\/p>\n<p>Kam qen\u00eb dikur i bukur si inxhi<br \/>\ntrimat e mij\u00eb kan\u00eb dridh Mediteranin<br \/>\nn\u00eb themele t\u00eb veta m\u2018kan\u00eb b\u00eb jabanxhi<br \/>\ne ju thani ve\u00e7 terhanin<\/p>\n<p>Mendja e kres\u00eb \u00ebsht\u00eb p\u00ebr me pa<br \/>\nse syni i shterun ju err\u00ebson trunin<br \/>\nlakmin\u00eb as deti s\u2018mundet mi la<br \/>\nn\u00eb vend t\u2018 dijenis\u00eb ju napin hunin<\/p>\n<p>Invazion dhelprash nga malet e fushat<br \/>\npa m\u00eb shkyejn\u00eb si kurva kopilin<br \/>\ntuj\u00eb ba k\u00ebrdi, se kan\u00eb cof arushat<br \/>\nve\u00e7 edhe mungon me m\u00eb fut fitilin<\/p>\n<p>Deri tash ve\u00e7 tuj\u00eb m\u00eb shkat\u00ebrru<br \/>\nme shekuj m\u00eb \u00ebsht\u00eb ba dami<br \/>\nk\u00ebto gjynahe nuk lahen n\u00eb p\u00ebrru<br \/>\nme i shp\u00ebrla mundet ve\u00e7 Sunami.<\/p>\n<\/div>\n","protected":false},"excerpt":{"rendered":"<p>KALALESHA SI PERRI Viti nj\u00eb mij\u00eb e shtat\u00ebqind e gjasht\u00eb Kalaja isht\u00eb thelbi Ulqinit Shpijat p\u00ebr rreth me balt\u00eb dhe kasht\u00eb bejler\u00ebt ngr\u00ebnin me lug\u00eb floririt E kam pas nj\u00eb st\u00ebrgjysh zenjin ka sh\u00ebrby n\u00eb Oborr t\u00eb Dauletit kur ishte kthye n\u00eb Ulqin ka nd\u00ebrtua sht\u00ebpi af\u00ebr detit N\u00eb Ran\u00eb f\u00ebminia si n\u00eb p\u00ebrralla jam [&hellip;]<\/p>\n","protected":false},"author":1,"featured_media":0,"comment_status":"closed","ping_status":"closed","sticky":false,"template":"","format":"standard","meta":{"spay_email":"","jetpack_publicize_message":"","jetpack_is_tweetstorm":false,"jetpack_publicize_feature_enabled":true},"categories":[1,2451],"tags":[],"jetpack_publicize_connections":[],"yoast_head":"<!-- This site is optimized with the Yoast SEO plugin v19.1 - https:\/\/yoast.com\/wordpress\/plugins\/seo\/ -->\n<title>Bejte p\u00ebr t\u00eb thyer m\u00ebrzin\u00eb e Silver Kordiqit p\u00ebr Ulqin - Lajme nga Ulqini<\/title>\n<meta name=\"description\" content=\"KALALESHA SI PERRI Viti nj\u00eb mij\u00eb e shtat\u00ebqind e gjasht\u00eb Kalaja isht\u00eb thelbi Ulqinit Shpijat p\u00ebr rreth me balt\u00eb dhe kasht\u00eb bejler\u00ebt ngr\u00ebnin me lug\u00eb\" \/>\n<meta name=\"robots\" content=\"index, follow, max-snippet:-1, max-image-preview:large, max-video-preview:-1\" \/>\n<link rel=\"canonical\" href=\"https:\/\/www.visit-ulcinj.com\/blog\/2016\/03\/27\/bejte-per-te-thyer-merzine-e-silver-kordiqit-per-ulqin\/\" \/>\n<meta property=\"og:locale\" content=\"en_US\" \/>\n<meta property=\"og:type\" content=\"article\" \/>\n<meta property=\"og:title\" content=\"Bejte p\u00ebr t\u00eb thyer m\u00ebrzin\u00eb e Silver Kordiqit p\u00ebr Ulqin - Lajme nga Ulqini\" \/>\n<meta property=\"og:description\" content=\"KALALESHA SI PERRI Viti nj\u00eb mij\u00eb e shtat\u00ebqind e gjasht\u00eb Kalaja isht\u00eb thelbi Ulqinit Shpijat p\u00ebr rreth me balt\u00eb dhe kasht\u00eb bejler\u00ebt ngr\u00ebnin me lug\u00eb\" \/>\n<meta property=\"og:url\" content=\"https:\/\/www.visit-ulcinj.com\/blog\/2016\/03\/27\/bejte-per-te-thyer-merzine-e-silver-kordiqit-per-ulqin\/\" \/>\n<meta property=\"og:site_name\" content=\"Lajme nga Ulqini\" \/>\n<meta property=\"article:published_time\" content=\"2016-03-27T07:24:30+00:00\" \/>\n<meta property=\"article:modified_time\" content=\"2016-03-28T18:37:05+00:00\" \/>\n<meta property=\"og:image\" content=\"http:\/\/www.visit-ulcinj.com\/blog\/wp-content\/uploads\/2016\/03\/Silver-Korda-Kordic-Ulqin.jpg\" \/>\n<meta name=\"twitter:label1\" content=\"Written by\" \/>\n\t<meta name=\"twitter:data1\" content=\"ulqini\" \/>\n\t<meta name=\"twitter:label2\" content=\"Est. reading time\" \/>\n\t<meta name=\"twitter:data2\" content=\"7 minutes\" \/>\n<script type=\"application\/ld+json\" class=\"yoast-schema-graph\">{\"@context\":\"https:\/\/schema.org\",\"@graph\":[{\"@type\":\"WebSite\",\"@id\":\"https:\/\/www.visit-ulcinj.com\/blog\/#website\",\"url\":\"https:\/\/www.visit-ulcinj.com\/blog\/\",\"name\":\"Lajme nga Ulqini\",\"description\":\"Lajme,Vijesti,Ulqini,Ulqin,Crna Gora,Mali i Zi\",\"potentialAction\":[{\"@type\":\"SearchAction\",\"target\":{\"@type\":\"EntryPoint\",\"urlTemplate\":\"https:\/\/www.visit-ulcinj.com\/blog\/?s={search_term_string}\"},\"query-input\":\"required name=search_term_string\"}],\"inLanguage\":\"en-US\"},{\"@type\":\"ImageObject\",\"inLanguage\":\"en-US\",\"@id\":\"https:\/\/www.visit-ulcinj.com\/blog\/2016\/03\/27\/bejte-per-te-thyer-merzine-e-silver-kordiqit-per-ulqin\/#primaryimage\",\"url\":\"https:\/\/www.visit-ulcinj.com\/blog\/wp-content\/uploads\/2016\/03\/Silver-Korda-Kordic-Ulqin.jpg\",\"contentUrl\":\"https:\/\/www.visit-ulcinj.com\/blog\/wp-content\/uploads\/2016\/03\/Silver-Korda-Kordic-Ulqin.jpg\",\"width\":740,\"height\":735},{\"@type\":\"WebPage\",\"@id\":\"https:\/\/www.visit-ulcinj.com\/blog\/2016\/03\/27\/bejte-per-te-thyer-merzine-e-silver-kordiqit-per-ulqin\/#webpage\",\"url\":\"https:\/\/www.visit-ulcinj.com\/blog\/2016\/03\/27\/bejte-per-te-thyer-merzine-e-silver-kordiqit-per-ulqin\/\",\"name\":\"Bejte p\u00ebr t\u00eb thyer m\u00ebrzin\u00eb e Silver Kordiqit p\u00ebr Ulqin - Lajme nga Ulqini\",\"isPartOf\":{\"@id\":\"https:\/\/www.visit-ulcinj.com\/blog\/#website\"},\"primaryImageOfPage\":{\"@id\":\"https:\/\/www.visit-ulcinj.com\/blog\/2016\/03\/27\/bejte-per-te-thyer-merzine-e-silver-kordiqit-per-ulqin\/#primaryimage\"},\"datePublished\":\"2016-03-27T07:24:30+00:00\",\"dateModified\":\"2016-03-28T18:37:05+00:00\",\"author\":{\"@id\":\"https:\/\/www.visit-ulcinj.com\/blog\/#\/schema\/person\/dcab619c614d3038751c63bc2aadc06d\"},\"description\":\"KALALESHA SI PERRI Viti nj\u00eb mij\u00eb e shtat\u00ebqind e gjasht\u00eb Kalaja isht\u00eb thelbi Ulqinit Shpijat p\u00ebr rreth me balt\u00eb dhe kasht\u00eb bejler\u00ebt ngr\u00ebnin me lug\u00eb\",\"breadcrumb\":{\"@id\":\"https:\/\/www.visit-ulcinj.com\/blog\/2016\/03\/27\/bejte-per-te-thyer-merzine-e-silver-kordiqit-per-ulqin\/#breadcrumb\"},\"inLanguage\":\"en-US\",\"potentialAction\":[{\"@type\":\"ReadAction\",\"target\":[\"https:\/\/www.visit-ulcinj.com\/blog\/2016\/03\/27\/bejte-per-te-thyer-merzine-e-silver-kordiqit-per-ulqin\/\"]}]},{\"@type\":\"BreadcrumbList\",\"@id\":\"https:\/\/www.visit-ulcinj.com\/blog\/2016\/03\/27\/bejte-per-te-thyer-merzine-e-silver-kordiqit-per-ulqin\/#breadcrumb\",\"itemListElement\":[{\"@type\":\"ListItem\",\"position\":1,\"name\":\"Bejte p\u00ebr t\u00eb thyer m\u00ebrzin\u00eb e Silver Kordiqit p\u00ebr Ulqin\"}]},{\"@type\":\"Person\",\"@id\":\"https:\/\/www.visit-ulcinj.com\/blog\/#\/schema\/person\/dcab619c614d3038751c63bc2aadc06d\",\"name\":\"ulqini\",\"sameAs\":[\"http:\/\/www.visit-ulcinj.com\"],\"url\":\"https:\/\/www.visit-ulcinj.com\/blog\/author\/admin\/\"}]}<\/script>\n<!-- \/ Yoast SEO plugin. -->","yoast_head_json":{"title":"Bejte p\u00ebr t\u00eb thyer m\u00ebrzin\u00eb e Silver Kordiqit p\u00ebr Ulqin - Lajme nga Ulqini","description":"KALALESHA SI PERRI Viti nj\u00eb mij\u00eb e shtat\u00ebqind e gjasht\u00eb Kalaja isht\u00eb thelbi Ulqinit Shpijat p\u00ebr rreth me balt\u00eb dhe kasht\u00eb bejler\u00ebt ngr\u00ebnin me lug\u00eb","robots":{"index":"index","follow":"follow","max-snippet":"max-snippet:-1","max-image-preview":"max-image-preview:large","max-video-preview":"max-video-preview:-1"},"canonical":"https:\/\/www.visit-ulcinj.com\/blog\/2016\/03\/27\/bejte-per-te-thyer-merzine-e-silver-kordiqit-per-ulqin\/","og_locale":"en_US","og_type":"article","og_title":"Bejte p\u00ebr t\u00eb thyer m\u00ebrzin\u00eb e Silver Kordiqit p\u00ebr Ulqin - Lajme nga Ulqini","og_description":"KALALESHA SI PERRI Viti nj\u00eb mij\u00eb e shtat\u00ebqind e gjasht\u00eb Kalaja isht\u00eb thelbi Ulqinit Shpijat p\u00ebr rreth me balt\u00eb dhe kasht\u00eb bejler\u00ebt ngr\u00ebnin me lug\u00eb","og_url":"https:\/\/www.visit-ulcinj.com\/blog\/2016\/03\/27\/bejte-per-te-thyer-merzine-e-silver-kordiqit-per-ulqin\/","og_site_name":"Lajme nga Ulqini","article_published_time":"2016-03-27T07:24:30+00:00","article_modified_time":"2016-03-28T18:37:05+00:00","og_image":[{"url":"http:\/\/www.visit-ulcinj.com\/blog\/wp-content\/uploads\/2016\/03\/Silver-Korda-Kordic-Ulqin.jpg"}],"twitter_misc":{"Written by":"ulqini","Est. reading time":"7 minutes"},"schema":{"@context":"https:\/\/schema.org","@graph":[{"@type":"WebSite","@id":"https:\/\/www.visit-ulcinj.com\/blog\/#website","url":"https:\/\/www.visit-ulcinj.com\/blog\/","name":"Lajme nga Ulqini","description":"Lajme,Vijesti,Ulqini,Ulqin,Crna Gora,Mali i Zi","potentialAction":[{"@type":"SearchAction","target":{"@type":"EntryPoint","urlTemplate":"https:\/\/www.visit-ulcinj.com\/blog\/?s={search_term_string}"},"query-input":"required name=search_term_string"}],"inLanguage":"en-US"},{"@type":"ImageObject","inLanguage":"en-US","@id":"https:\/\/www.visit-ulcinj.com\/blog\/2016\/03\/27\/bejte-per-te-thyer-merzine-e-silver-kordiqit-per-ulqin\/#primaryimage","url":"https:\/\/www.visit-ulcinj.com\/blog\/wp-content\/uploads\/2016\/03\/Silver-Korda-Kordic-Ulqin.jpg","contentUrl":"https:\/\/www.visit-ulcinj.com\/blog\/wp-content\/uploads\/2016\/03\/Silver-Korda-Kordic-Ulqin.jpg","width":740,"height":735},{"@type":"WebPage","@id":"https:\/\/www.visit-ulcinj.com\/blog\/2016\/03\/27\/bejte-per-te-thyer-merzine-e-silver-kordiqit-per-ulqin\/#webpage","url":"https:\/\/www.visit-ulcinj.com\/blog\/2016\/03\/27\/bejte-per-te-thyer-merzine-e-silver-kordiqit-per-ulqin\/","name":"Bejte p\u00ebr t\u00eb thyer m\u00ebrzin\u00eb e Silver Kordiqit p\u00ebr Ulqin - Lajme nga Ulqini","isPartOf":{"@id":"https:\/\/www.visit-ulcinj.com\/blog\/#website"},"primaryImageOfPage":{"@id":"https:\/\/www.visit-ulcinj.com\/blog\/2016\/03\/27\/bejte-per-te-thyer-merzine-e-silver-kordiqit-per-ulqin\/#primaryimage"},"datePublished":"2016-03-27T07:24:30+00:00","dateModified":"2016-03-28T18:37:05+00:00","author":{"@id":"https:\/\/www.visit-ulcinj.com\/blog\/#\/schema\/person\/dcab619c614d3038751c63bc2aadc06d"},"description":"KALALESHA SI PERRI Viti nj\u00eb mij\u00eb e shtat\u00ebqind e gjasht\u00eb Kalaja isht\u00eb thelbi Ulqinit Shpijat p\u00ebr rreth me balt\u00eb dhe kasht\u00eb bejler\u00ebt ngr\u00ebnin me lug\u00eb","breadcrumb":{"@id":"https:\/\/www.visit-ulcinj.com\/blog\/2016\/03\/27\/bejte-per-te-thyer-merzine-e-silver-kordiqit-per-ulqin\/#breadcrumb"},"inLanguage":"en-US","potentialAction":[{"@type":"ReadAction","target":["https:\/\/www.visit-ulcinj.com\/blog\/2016\/03\/27\/bejte-per-te-thyer-merzine-e-silver-kordiqit-per-ulqin\/"]}]},{"@type":"BreadcrumbList","@id":"https:\/\/www.visit-ulcinj.com\/blog\/2016\/03\/27\/bejte-per-te-thyer-merzine-e-silver-kordiqit-per-ulqin\/#breadcrumb","itemListElement":[{"@type":"ListItem","position":1,"name":"Bejte p\u00ebr t\u00eb thyer m\u00ebrzin\u00eb e Silver Kordiqit p\u00ebr Ulqin"}]},{"@type":"Person","@id":"https:\/\/www.visit-ulcinj.com\/blog\/#\/schema\/person\/dcab619c614d3038751c63bc2aadc06d","name":"ulqini","sameAs":["http:\/\/www.visit-ulcinj.com"],"url":"https:\/\/www.visit-ulcinj.com\/blog\/author\/admin\/"}]}},"jetpack_featured_media_url":"","jetpack_sharing_enabled":true,"jetpack_shortlink":"https:\/\/wp.me\/pe6lTn-oRM","_links":{"self":[{"href":"https:\/\/www.visit-ulcinj.com\/blog\/wp-json\/wp\/v2\/posts\/95590"}],"collection":[{"href":"https:\/\/www.visit-ulcinj.com\/blog\/wp-json\/wp\/v2\/posts"}],"about":[{"href":"https:\/\/www.visit-ulcinj.com\/blog\/wp-json\/wp\/v2\/types\/post"}],"author":[{"embeddable":true,"href":"https:\/\/www.visit-ulcinj.com\/blog\/wp-json\/wp\/v2\/users\/1"}],"replies":[{"embeddable":true,"href":"https:\/\/www.visit-ulcinj.com\/blog\/wp-json\/wp\/v2\/comments?post=95590"}],"version-history":[{"count":7,"href":"https:\/\/www.visit-ulcinj.com\/blog\/wp-json\/wp\/v2\/posts\/95590\/revisions"}],"predecessor-version":[{"id":95611,"href":"https:\/\/www.visit-ulcinj.com\/blog\/wp-json\/wp\/v2\/posts\/95590\/revisions\/95611"}],"wp:attachment":[{"href":"https:\/\/www.visit-ulcinj.com\/blog\/wp-json\/wp\/v2\/media?parent=95590"}],"wp:term":[{"taxonomy":"category","embeddable":true,"href":"https:\/\/www.visit-ulcinj.com\/blog\/wp-json\/wp\/v2\/categories?post=95590"},{"taxonomy":"post_tag","embeddable":true,"href":"https:\/\/www.visit-ulcinj.com\/blog\/wp-json\/wp\/v2\/tags?post=95590"}],"curies":[{"name":"wp","href":"https:\/\/api.w.org\/{rel}","templated":true}]}}