{"id":956,"date":"2008-03-19T13:32:42","date_gmt":"2008-03-19T18:32:42","guid":{"rendered":"http:\/\/www.visit-ulcinj.com\/blog\/2008\/03\/19\/u-planu-koktel-ali-bez-ikakve-pompe\/"},"modified":"2008-03-19T13:32:42","modified_gmt":"2008-03-19T18:32:42","slug":"u-planu-koktel-ali-bez-ikakve-pompe","status":"publish","type":"post","link":"https:\/\/www.visit-ulcinj.com\/blog\/2008\/03\/19\/u-planu-koktel-ali-bez-ikakve-pompe\/","title":{"rendered":"U planu koktel, ali bez ikakve pompe"},"content":{"rendered":"<p><a href=\"http:\/\/www.visit-ulcinj.com\/blog\/wp-content\/uploads\/2008\/03\/muho-spuza.jpg\" title=\"Muho Spu\u017ea\"><img loading=\"lazy\" src=\"http:\/\/www.visit-ulcinj.com\/blog\/wp-content\/uploads\/2008\/03\/muho-spuza.thumbnail.jpg\" alt=\"Muho Spu\u017ea\" align=\"left\" height=\"141\" width=\"200\" \/><\/a><a href=\"http:\/\/www.visit-ulcinj.com\/gallery\/main.php\" title=\"ulcinj,ulqini,ulqin,montenegro\" target=\"_blank\">Ulcinj <\/a>&#8211; U skladu sa ranijom odlukom, \u0160kolski odbor O\u0160 &#8220;Bo\u0161ko Strugar&#8221; u <a href=\"http:\/\/www.visit-ulcinj.com\/gallery\/main.php\" title=\"ulcinj,ulqini,ulqin,montenegro\" target=\"_blank\">Ulcinju<\/a> donio je zaklju?ak da umjesto 20. maja, ove godine 24. mart bude obilje\u017een kao novi Dan \u0161kole.<br \/>\nZaklju?ak odbora u suprotnosti je sa saop\u0161tenjem Nastavni?kog vije?a s po?etka mjeseca, koje su objavile &#8220;Vijesti&#8221;, a u kome se izra\u017eava spremnost da \u0161kola ove godine ne obilje\u017ei Dan \u0161kole budu?i da se on poklapa sa danom kada je po?elo bombardovanje biv\u0161e SCG. Ne\u0161to ranije, promjeni datuma Dana \u0161kole \u017eestoko su se usprotivili potomci Bo\u0161ka Strugara, ?ije ime nosi \u0161kola i Savjet roditelja \u0161kole.<br \/>\n&#8211; Novi Dan \u0161kole, 24. mart, bi?e obilje\u017een i ove godine budu?i da je datum odre?en u skladu sa zakonom i statutom. Imaju?i u vidu da se datum poklapa sa po?etkom NATO bombardovanja, mogu?e je pokretanje inicijative preko roditeljskih sastanaka po svim odjeljenjima u cilju eventualnog predlaganja drugog datuma za Dan \u0161kole u skladu sa zakonom i statutom &#8211; navodi se u zaklju?ku sa sjednice \u0160kolskog odbora, odr\u017eane 10. marta.<br \/>\nGrupi nezadovoljnih, zbog promjene datuma Dana \u0161kole, pridru\u017eili su se i penzionisani prosvjetni radnici te \u0161kole, njih 19.<br \/>\nOni tra\u017ee da Dan \u0161kole ostane 20. maj kada, kako su naveli, &#8220;priroda olista i sve procvjeta, a u nama se bude plemenita osje?anja&#8221; za razliku od 24. marta, datuma &#8220;kada, istina, sti\u017ee prolje?e, ali koji asocira na dan kada su NATO snage bombardovale Crnu Goru&#8221;.<br \/>\nU peticiji od 28. februara naslovljenoj Ministarstvu prosvjete i biv\u0161em ministru Slobodanu Backovi?u, isti?e se da nijesu ta?ne tvrdnje da je najstarija \u0161kolska ustanova u <a href=\"http:\/\/www.visit-ulcinj.com\/gallery\/main.php\" title=\"ulcinj,ulqini,ulqin,montenegro\" target=\"_blank\">Ulcinju<\/a> po?ela da radi 24. marta 1886, \u0161to je Odboru i bio povod za promjenu datuma Dana \u0161kole.<br \/>\n&#8211; \u0160kola je po?ela da radi 8. novembra 1882, neposredno poslije dolaska knjaza Nikole u <a href=\"http:\/\/www.visit-ulcinj.com\/gallery\/main.php\" title=\"ulcinj,ulqini,ulqin,montenegro\" target=\"_blank\">Ulcinj<\/a> i njegovog razgovora sa mje\u0161tanima. Za prvog u?itelja postavljen je Mitar Iveli?, ?iji se grob nalazi u <a href=\"http:\/\/www.visit-ulcinj.com\/gallery\/main.php\" title=\"ulcinj,ulqini,ulqin,montenegro\" target=\"_blank\">Ulcinju<\/a> &#8211; navodi se u peticiji koja, kako je kazala jedna od potpisnika, Vjera Aleksi?, nije doprla do javnosti jer su penzionisani prosvjetari ?ekali odgovor \u0160kolskog odbora.<br \/>\nMinistar se peticijom poziva da &#8220;poslu\u0161a javno mnjenje&#8221; i ne dozvoli &#8220;dokazivanje&#8221; direktora Muhameda Spu\u017ee koji je &#8220;mladim, dobronamjernim, ali neiskusnim prosvjetnim radnicima podmetnuo &#8220;kukavi?je jaje&#8221; poku\u0161avaja?i da preina?i Dan \u0161kole&#8221;.<br \/>\n&#8220;Vijesti&#8221; saznaju da je uprava \u0161kole odlu?ila da ove godine Dan \u0161kole obilje\u017ei skromnim koktelom, te da zbog smirivanja tenzija ne?e biti nikakve proslave.<br \/>\nUprava \u0161kole &#8220;Vijestima&#8221; je ju?e dala na uvid istorijska akta koja potvr?uju da je \u0161kola po?ela da radi 24. marta 1886.<br \/>\nSpu\u017ea ju?e nije htio da komentari\u0161e peticiju biv\u0161ih radnika \u0161kole. On je naglasio da su optu\u017ebe upu?ene na pogre\u0161nu adresu jer je odluku o promjeni datuma Dana \u0161kole donio \u0160kolski odbor u kome on nema pravo glasa.<br \/>\nS.A.<\/p>\n<p>www.vijesti.cg.yu<\/p>\n","protected":false},"excerpt":{"rendered":"<p><img loading=\"lazy\" src=\"http:\/\/www.visit-ulcinj.com\/blog\/wp-content\/uploads\/2008\/03\/muho-spuza.thumbnail.jpg\" alt=\"Muho Spu\u017ea\" align=\"left\" height=\"140\" width=\"140\" \/><\/p>\n","protected":false},"author":1,"featured_media":0,"comment_status":"open","ping_status":"closed","sticky":false,"template":"","format":"standard","meta":{"spay_email":"","jetpack_publicize_message":"","jetpack_is_tweetstorm":false,"jetpack_publicize_feature_enabled":true},"categories":[11],"tags":[],"jetpack_publicize_connections":[],"yoast_head":"<!-- This site is optimized with the Yoast SEO plugin v19.1 - https:\/\/yoast.com\/wordpress\/plugins\/seo\/ -->\n<title>U planu koktel, ali bez ikakve pompe - Lajme nga Ulqini<\/title>\n<meta name=\"robots\" content=\"index, follow, max-snippet:-1, max-image-preview:large, max-video-preview:-1\" \/>\n<link rel=\"canonical\" href=\"https:\/\/www.visit-ulcinj.com\/blog\/2008\/03\/19\/u-planu-koktel-ali-bez-ikakve-pompe\/\" \/>\n<meta property=\"og:locale\" content=\"en_US\" \/>\n<meta property=\"og:type\" content=\"article\" \/>\n<meta property=\"og:title\" content=\"U planu koktel, ali bez ikakve pompe - Lajme nga Ulqini\" \/>\n<meta property=\"og:url\" content=\"https:\/\/www.visit-ulcinj.com\/blog\/2008\/03\/19\/u-planu-koktel-ali-bez-ikakve-pompe\/\" \/>\n<meta property=\"og:site_name\" content=\"Lajme nga Ulqini\" \/>\n<meta property=\"article:published_time\" content=\"2008-03-19T18:32:42+00:00\" \/>\n<meta property=\"og:image\" content=\"http:\/\/www.visit-ulcinj.com\/blog\/wp-content\/uploads\/2008\/03\/muho-spuza.thumbnail.jpg\" \/>\n<meta name=\"twitter:label1\" content=\"Written by\" \/>\n\t<meta name=\"twitter:data1\" content=\"ulqini\" \/>\n\t<meta name=\"twitter:label2\" content=\"Est. reading time\" \/>\n\t<meta name=\"twitter:data2\" content=\"2 minutes\" \/>\n<script type=\"application\/ld+json\" class=\"yoast-schema-graph\">{\"@context\":\"https:\/\/schema.org\",\"@graph\":[{\"@type\":\"WebSite\",\"@id\":\"https:\/\/www.visit-ulcinj.com\/blog\/#website\",\"url\":\"https:\/\/www.visit-ulcinj.com\/blog\/\",\"name\":\"Lajme nga Ulqini\",\"description\":\"Lajme,Vijesti,Ulqini,Ulqin,Crna Gora,Mali i Zi\",\"potentialAction\":[{\"@type\":\"SearchAction\",\"target\":{\"@type\":\"EntryPoint\",\"urlTemplate\":\"https:\/\/www.visit-ulcinj.com\/blog\/?s={search_term_string}\"},\"query-input\":\"required name=search_term_string\"}],\"inLanguage\":\"en-US\"},{\"@type\":\"ImageObject\",\"inLanguage\":\"en-US\",\"@id\":\"https:\/\/www.visit-ulcinj.com\/blog\/2008\/03\/19\/u-planu-koktel-ali-bez-ikakve-pompe\/#primaryimage\",\"url\":\"http:\/\/www.visit-ulcinj.com\/blog\/wp-content\/uploads\/2008\/03\/muho-spuza.thumbnail.jpg\",\"contentUrl\":\"http:\/\/www.visit-ulcinj.com\/blog\/wp-content\/uploads\/2008\/03\/muho-spuza.thumbnail.jpg\"},{\"@type\":\"WebPage\",\"@id\":\"https:\/\/www.visit-ulcinj.com\/blog\/2008\/03\/19\/u-planu-koktel-ali-bez-ikakve-pompe\/#webpage\",\"url\":\"https:\/\/www.visit-ulcinj.com\/blog\/2008\/03\/19\/u-planu-koktel-ali-bez-ikakve-pompe\/\",\"name\":\"U planu koktel, ali bez ikakve pompe - Lajme nga Ulqini\",\"isPartOf\":{\"@id\":\"https:\/\/www.visit-ulcinj.com\/blog\/#website\"},\"primaryImageOfPage\":{\"@id\":\"https:\/\/www.visit-ulcinj.com\/blog\/2008\/03\/19\/u-planu-koktel-ali-bez-ikakve-pompe\/#primaryimage\"},\"datePublished\":\"2008-03-19T18:32:42+00:00\",\"dateModified\":\"2008-03-19T18:32:42+00:00\",\"author\":{\"@id\":\"https:\/\/www.visit-ulcinj.com\/blog\/#\/schema\/person\/dcab619c614d3038751c63bc2aadc06d\"},\"breadcrumb\":{\"@id\":\"https:\/\/www.visit-ulcinj.com\/blog\/2008\/03\/19\/u-planu-koktel-ali-bez-ikakve-pompe\/#breadcrumb\"},\"inLanguage\":\"en-US\",\"potentialAction\":[{\"@type\":\"ReadAction\",\"target\":[\"https:\/\/www.visit-ulcinj.com\/blog\/2008\/03\/19\/u-planu-koktel-ali-bez-ikakve-pompe\/\"]}]},{\"@type\":\"BreadcrumbList\",\"@id\":\"https:\/\/www.visit-ulcinj.com\/blog\/2008\/03\/19\/u-planu-koktel-ali-bez-ikakve-pompe\/#breadcrumb\",\"itemListElement\":[{\"@type\":\"ListItem\",\"position\":1,\"name\":\"U planu koktel, ali bez ikakve pompe\"}]},{\"@type\":\"Person\",\"@id\":\"https:\/\/www.visit-ulcinj.com\/blog\/#\/schema\/person\/dcab619c614d3038751c63bc2aadc06d\",\"name\":\"ulqini\",\"sameAs\":[\"http:\/\/www.visit-ulcinj.com\"],\"url\":\"https:\/\/www.visit-ulcinj.com\/blog\/author\/admin\/\"}]}<\/script>\n<!-- \/ Yoast SEO plugin. -->","yoast_head_json":{"title":"U planu koktel, ali bez ikakve pompe - Lajme nga Ulqini","robots":{"index":"index","follow":"follow","max-snippet":"max-snippet:-1","max-image-preview":"max-image-preview:large","max-video-preview":"max-video-preview:-1"},"canonical":"https:\/\/www.visit-ulcinj.com\/blog\/2008\/03\/19\/u-planu-koktel-ali-bez-ikakve-pompe\/","og_locale":"en_US","og_type":"article","og_title":"U planu koktel, ali bez ikakve pompe - Lajme nga Ulqini","og_url":"https:\/\/www.visit-ulcinj.com\/blog\/2008\/03\/19\/u-planu-koktel-ali-bez-ikakve-pompe\/","og_site_name":"Lajme nga Ulqini","article_published_time":"2008-03-19T18:32:42+00:00","og_image":[{"url":"http:\/\/www.visit-ulcinj.com\/blog\/wp-content\/uploads\/2008\/03\/muho-spuza.thumbnail.jpg"}],"twitter_misc":{"Written by":"ulqini","Est. reading time":"2 minutes"},"schema":{"@context":"https:\/\/schema.org","@graph":[{"@type":"WebSite","@id":"https:\/\/www.visit-ulcinj.com\/blog\/#website","url":"https:\/\/www.visit-ulcinj.com\/blog\/","name":"Lajme nga Ulqini","description":"Lajme,Vijesti,Ulqini,Ulqin,Crna Gora,Mali i Zi","potentialAction":[{"@type":"SearchAction","target":{"@type":"EntryPoint","urlTemplate":"https:\/\/www.visit-ulcinj.com\/blog\/?s={search_term_string}"},"query-input":"required name=search_term_string"}],"inLanguage":"en-US"},{"@type":"ImageObject","inLanguage":"en-US","@id":"https:\/\/www.visit-ulcinj.com\/blog\/2008\/03\/19\/u-planu-koktel-ali-bez-ikakve-pompe\/#primaryimage","url":"http:\/\/www.visit-ulcinj.com\/blog\/wp-content\/uploads\/2008\/03\/muho-spuza.thumbnail.jpg","contentUrl":"http:\/\/www.visit-ulcinj.com\/blog\/wp-content\/uploads\/2008\/03\/muho-spuza.thumbnail.jpg"},{"@type":"WebPage","@id":"https:\/\/www.visit-ulcinj.com\/blog\/2008\/03\/19\/u-planu-koktel-ali-bez-ikakve-pompe\/#webpage","url":"https:\/\/www.visit-ulcinj.com\/blog\/2008\/03\/19\/u-planu-koktel-ali-bez-ikakve-pompe\/","name":"U planu koktel, ali bez ikakve pompe - Lajme nga Ulqini","isPartOf":{"@id":"https:\/\/www.visit-ulcinj.com\/blog\/#website"},"primaryImageOfPage":{"@id":"https:\/\/www.visit-ulcinj.com\/blog\/2008\/03\/19\/u-planu-koktel-ali-bez-ikakve-pompe\/#primaryimage"},"datePublished":"2008-03-19T18:32:42+00:00","dateModified":"2008-03-19T18:32:42+00:00","author":{"@id":"https:\/\/www.visit-ulcinj.com\/blog\/#\/schema\/person\/dcab619c614d3038751c63bc2aadc06d"},"breadcrumb":{"@id":"https:\/\/www.visit-ulcinj.com\/blog\/2008\/03\/19\/u-planu-koktel-ali-bez-ikakve-pompe\/#breadcrumb"},"inLanguage":"en-US","potentialAction":[{"@type":"ReadAction","target":["https:\/\/www.visit-ulcinj.com\/blog\/2008\/03\/19\/u-planu-koktel-ali-bez-ikakve-pompe\/"]}]},{"@type":"BreadcrumbList","@id":"https:\/\/www.visit-ulcinj.com\/blog\/2008\/03\/19\/u-planu-koktel-ali-bez-ikakve-pompe\/#breadcrumb","itemListElement":[{"@type":"ListItem","position":1,"name":"U planu koktel, ali bez ikakve pompe"}]},{"@type":"Person","@id":"https:\/\/www.visit-ulcinj.com\/blog\/#\/schema\/person\/dcab619c614d3038751c63bc2aadc06d","name":"ulqini","sameAs":["http:\/\/www.visit-ulcinj.com"],"url":"https:\/\/www.visit-ulcinj.com\/blog\/author\/admin\/"}]}},"jetpack_featured_media_url":"","jetpack_sharing_enabled":true,"jetpack_shortlink":"https:\/\/wp.me\/pe6lTn-fq","_links":{"self":[{"href":"https:\/\/www.visit-ulcinj.com\/blog\/wp-json\/wp\/v2\/posts\/956"}],"collection":[{"href":"https:\/\/www.visit-ulcinj.com\/blog\/wp-json\/wp\/v2\/posts"}],"about":[{"href":"https:\/\/www.visit-ulcinj.com\/blog\/wp-json\/wp\/v2\/types\/post"}],"author":[{"embeddable":true,"href":"https:\/\/www.visit-ulcinj.com\/blog\/wp-json\/wp\/v2\/users\/1"}],"replies":[{"embeddable":true,"href":"https:\/\/www.visit-ulcinj.com\/blog\/wp-json\/wp\/v2\/comments?post=956"}],"version-history":[{"count":0,"href":"https:\/\/www.visit-ulcinj.com\/blog\/wp-json\/wp\/v2\/posts\/956\/revisions"}],"wp:attachment":[{"href":"https:\/\/www.visit-ulcinj.com\/blog\/wp-json\/wp\/v2\/media?parent=956"}],"wp:term":[{"taxonomy":"category","embeddable":true,"href":"https:\/\/www.visit-ulcinj.com\/blog\/wp-json\/wp\/v2\/categories?post=956"},{"taxonomy":"post_tag","embeddable":true,"href":"https:\/\/www.visit-ulcinj.com\/blog\/wp-json\/wp\/v2\/tags?post=956"}],"curies":[{"name":"wp","href":"https:\/\/api.w.org\/{rel}","templated":true}]}}