{"id":95612,"date":"2016-03-28T19:30:13","date_gmt":"2016-03-28T18:30:13","guid":{"rendered":"http:\/\/www.visit-ulcinj.com\/blog\/?p=95612"},"modified":"2016-03-28T19:48:32","modified_gmt":"2016-03-28T18:48:32","slug":"dita-e-komunes-se-ulqinit-2016-p-r-o-g-r-m-f-e-s-t-v","status":"publish","type":"post","link":"https:\/\/www.visit-ulcinj.com\/blog\/2016\/03\/28\/dita-e-komunes-se-ulqinit-2016-p-r-o-g-r-m-f-e-s-t-v\/","title":{"rendered":"Dita e Komun\u00ebs s\u00eb Ulqinit 2016 &#8211; P r o g r a m i  f e s t i v"},"content":{"rendered":"<p><strong><a href=\"http:\/\/www.visit-ulcinj.com\/blog\/wp-content\/uploads\/2016\/03\/Dita-e-Komun\u00ebs-s\u00eb-Ulqinit-2016-.jpg\"><img loading=\"lazy\" class=\"alignleft wp-image-95613\" src=\"http:\/\/www.visit-ulcinj.com\/blog\/wp-content\/uploads\/2016\/03\/Dita-e-Komun\u00ebs-s\u00eb-Ulqinit-2016-.jpg\" alt=\"Dita e Komun\u00ebs s\u00eb Ulqinit 2016-\" width=\"508\" height=\"284\" srcset=\"https:\/\/www.visit-ulcinj.com\/blog\/wp-content\/uploads\/2016\/03\/Dita-e-Komun\u00ebs-s\u00eb-Ulqinit-2016-.jpg 575w, https:\/\/www.visit-ulcinj.com\/blog\/wp-content\/uploads\/2016\/03\/Dita-e-Komun\u00ebs-s\u00eb-Ulqinit-2016--300x167.jpg 300w\" sizes=\"(max-width: 508px) 100vw, 508px\" \/><\/a>1 prill 2016, e premte<\/strong><br \/>\n10:00 Hapja e konferenc\u00ebs shkencore &#8221; Roli dhe efektiviteti i investimeven\u00eb procesin e integrimit t\u00eb shoq\u00ebrive ballkanike pas Marr\u00ebveshjes s\u00eb Stabilizim-Asociimit&#8221;, Instituti p\u00ebr Hulumtime Shkencore dhe Zhvillim, Ulqin<br \/>\nSalla e Kuvendit Komunal t\u00eb Ulqinit<br \/>\n12:00 Vizit\u00eb p\u00ebrfundimit t\u00eb punimeve n\u00eb shetitoren e Pyllit t\u00eb Pishave<br \/>\n18:00 Ndjarja e bursave studet\u00ebve t\u00eb dalluar<br \/>\nSalla e takimeve e Kabinetit t\u00eb Kryetarit<br \/>\n19:00 Hapja e ekspozit\u00ebs t\u00eb piktoreve vendas: Rudi Goga, Bilal Nikeziq, Naser Hasa, Edin Kapllani, Jozo Ko\u00e7oviq, Vaida Hasaga Nimanbegu dhe Mersiha Resulbegu Mavriq<br \/>\nPallati i kultures \u2013 Ulqin<br \/>\n20:00 Koncert festiv i Shkoll\u00ebs se Muzik\u00ebs<br \/>\n2 prill 2016, e shtun\u00eb<br \/>\n11:00 Seanca solemne e Kuvendit Komunal t\u00eb Ulqinit<br \/>\n<strong>Programi:<\/strong><br \/>\nOrkestra sinfonike e t\u00eb rinjve nga Mali i Zi dhe Shqip\u00ebria, dirigjent Daniel Glineur nga Belgjika<br \/>\nSopran Zorana Latkovi\u0107<br \/>\nSopran Gjylie Pelingu<br \/>\n<strong>\u00a0Pjes\u00eb orkestrale nga autor\u00eb shqiptar dhe malaze.<\/strong><br \/>\n<strong>Koktej<\/strong><br \/>\nQendra p\u00ebr Kultur\u00eb &#8211; Ulqin<br \/>\n20:00 Koncert festiv i muzik\u00ebs klasike<br \/>\nQendra p\u00ebr Kultur\u00eb \u2013 Ulqin<br \/>\n3 prill 2016, e diele<br \/>\n10:00 Hapja e Panairit rajonal t\u00eb artizanateve, arteve vizive dhe produkteve nga ulliri &#8211; GlobusART 2016 dhe shoqatat e ullishtar\u00ebve.<br \/>\nSh\u00ebtitorja n\u00eb Ran\u00eb<br \/>\n11:00 Gara ne sporte luftarake &#8221;Sporti \u00ebsht\u00eb jet\u00eb&#8221;<br \/>\nPlazhi i Vog\u00ebl, Ulqin<\/p>\n","protected":false},"excerpt":{"rendered":"<p>1 prill 2016, e premte 10:00 Hapja e konferenc\u00ebs shkencore &#8221; Roli dhe efektiviteti i investimeven\u00eb procesin e integrimit t\u00eb shoq\u00ebrive ballkanike pas Marr\u00ebveshjes s\u00eb Stabilizim-Asociimit&#8221;, Instituti p\u00ebr Hulumtime Shkencore dhe Zhvillim, Ulqin Salla e Kuvendit Komunal t\u00eb Ulqinit 12:00 Vizit\u00eb p\u00ebrfundimit t\u00eb punimeve n\u00eb shetitoren e Pyllit t\u00eb Pishave 18:00 Ndjarja e bursave studet\u00ebve [&hellip;]<\/p>\n","protected":false},"author":1,"featured_media":0,"comment_status":"closed","ping_status":"closed","sticky":false,"template":"","format":"standard","meta":{"spay_email":"","jetpack_publicize_message":"","jetpack_is_tweetstorm":false,"jetpack_publicize_feature_enabled":true},"categories":[1],"tags":[],"jetpack_publicize_connections":[],"yoast_head":"<!-- This site is optimized with the Yoast SEO plugin v19.1 - https:\/\/yoast.com\/wordpress\/plugins\/seo\/ -->\n<title>Dita e Komun\u00ebs s\u00eb Ulqinit 2016 - P r o g r a m i f e s t i v - Lajme nga Ulqini<\/title>\n<meta name=\"description\" content=\"1 prill 2016, e premte 10:00 Hapja e konferenc\u00ebs shkencore &#039;&#039; Roli dhe efektiviteti i investimeven\u00eb procesin e integrimit t\u00eb shoq\u00ebrive ballkanike pas\" \/>\n<meta name=\"robots\" content=\"index, follow, max-snippet:-1, max-image-preview:large, max-video-preview:-1\" \/>\n<link rel=\"canonical\" href=\"https:\/\/www.visit-ulcinj.com\/blog\/2016\/03\/28\/dita-e-komunes-se-ulqinit-2016-p-r-o-g-r-m-f-e-s-t-v\/\" \/>\n<meta property=\"og:locale\" content=\"en_US\" \/>\n<meta property=\"og:type\" content=\"article\" \/>\n<meta property=\"og:title\" content=\"Dita e Komun\u00ebs s\u00eb Ulqinit 2016 - P r o g r a m i f e s t i v - Lajme nga Ulqini\" \/>\n<meta property=\"og:description\" content=\"1 prill 2016, e premte 10:00 Hapja e konferenc\u00ebs shkencore &#039;&#039; Roli dhe efektiviteti i investimeven\u00eb procesin e integrimit t\u00eb shoq\u00ebrive ballkanike pas\" \/>\n<meta property=\"og:url\" content=\"https:\/\/www.visit-ulcinj.com\/blog\/2016\/03\/28\/dita-e-komunes-se-ulqinit-2016-p-r-o-g-r-m-f-e-s-t-v\/\" \/>\n<meta property=\"og:site_name\" content=\"Lajme nga Ulqini\" \/>\n<meta property=\"article:published_time\" content=\"2016-03-28T18:30:13+00:00\" \/>\n<meta property=\"article:modified_time\" content=\"2016-03-28T18:48:32+00:00\" \/>\n<meta name=\"twitter:label1\" content=\"Written by\" \/>\n\t<meta name=\"twitter:data1\" content=\"ulqini\" \/>\n\t<meta name=\"twitter:label2\" content=\"Est. reading time\" \/>\n\t<meta name=\"twitter:data2\" content=\"1 minute\" \/>\n<script type=\"application\/ld+json\" class=\"yoast-schema-graph\">{\"@context\":\"https:\/\/schema.org\",\"@graph\":[{\"@type\":\"WebSite\",\"@id\":\"https:\/\/www.visit-ulcinj.com\/blog\/#website\",\"url\":\"https:\/\/www.visit-ulcinj.com\/blog\/\",\"name\":\"Lajme nga Ulqini\",\"description\":\"Lajme,Vijesti,Ulqini,Ulqin,Crna Gora,Mali i Zi\",\"potentialAction\":[{\"@type\":\"SearchAction\",\"target\":{\"@type\":\"EntryPoint\",\"urlTemplate\":\"https:\/\/www.visit-ulcinj.com\/blog\/?s={search_term_string}\"},\"query-input\":\"required name=search_term_string\"}],\"inLanguage\":\"en-US\"},{\"@type\":\"WebPage\",\"@id\":\"https:\/\/www.visit-ulcinj.com\/blog\/2016\/03\/28\/dita-e-komunes-se-ulqinit-2016-p-r-o-g-r-m-f-e-s-t-v\/#webpage\",\"url\":\"https:\/\/www.visit-ulcinj.com\/blog\/2016\/03\/28\/dita-e-komunes-se-ulqinit-2016-p-r-o-g-r-m-f-e-s-t-v\/\",\"name\":\"Dita e Komun\u00ebs s\u00eb Ulqinit 2016 - P r o g r a m i f e s t i v - Lajme nga Ulqini\",\"isPartOf\":{\"@id\":\"https:\/\/www.visit-ulcinj.com\/blog\/#website\"},\"datePublished\":\"2016-03-28T18:30:13+00:00\",\"dateModified\":\"2016-03-28T18:48:32+00:00\",\"author\":{\"@id\":\"https:\/\/www.visit-ulcinj.com\/blog\/#\/schema\/person\/dcab619c614d3038751c63bc2aadc06d\"},\"description\":\"1 prill 2016, e premte 10:00 Hapja e konferenc\u00ebs shkencore '' Roli dhe efektiviteti i investimeven\u00eb procesin e integrimit t\u00eb shoq\u00ebrive ballkanike pas\",\"breadcrumb\":{\"@id\":\"https:\/\/www.visit-ulcinj.com\/blog\/2016\/03\/28\/dita-e-komunes-se-ulqinit-2016-p-r-o-g-r-m-f-e-s-t-v\/#breadcrumb\"},\"inLanguage\":\"en-US\",\"potentialAction\":[{\"@type\":\"ReadAction\",\"target\":[\"https:\/\/www.visit-ulcinj.com\/blog\/2016\/03\/28\/dita-e-komunes-se-ulqinit-2016-p-r-o-g-r-m-f-e-s-t-v\/\"]}]},{\"@type\":\"BreadcrumbList\",\"@id\":\"https:\/\/www.visit-ulcinj.com\/blog\/2016\/03\/28\/dita-e-komunes-se-ulqinit-2016-p-r-o-g-r-m-f-e-s-t-v\/#breadcrumb\",\"itemListElement\":[{\"@type\":\"ListItem\",\"position\":1,\"name\":\"Dita e Komun\u00ebs s\u00eb Ulqinit 2016 &#8211; P r o g r a m i f e s t i v\"}]},{\"@type\":\"Person\",\"@id\":\"https:\/\/www.visit-ulcinj.com\/blog\/#\/schema\/person\/dcab619c614d3038751c63bc2aadc06d\",\"name\":\"ulqini\",\"sameAs\":[\"http:\/\/www.visit-ulcinj.com\"],\"url\":\"https:\/\/www.visit-ulcinj.com\/blog\/author\/admin\/\"}]}<\/script>\n<!-- \/ Yoast SEO plugin. -->","yoast_head_json":{"title":"Dita e Komun\u00ebs s\u00eb Ulqinit 2016 - P r o g r a m i f e s t i v - Lajme nga Ulqini","description":"1 prill 2016, e premte 10:00 Hapja e konferenc\u00ebs shkencore '' Roli dhe efektiviteti i investimeven\u00eb procesin e integrimit t\u00eb shoq\u00ebrive ballkanike pas","robots":{"index":"index","follow":"follow","max-snippet":"max-snippet:-1","max-image-preview":"max-image-preview:large","max-video-preview":"max-video-preview:-1"},"canonical":"https:\/\/www.visit-ulcinj.com\/blog\/2016\/03\/28\/dita-e-komunes-se-ulqinit-2016-p-r-o-g-r-m-f-e-s-t-v\/","og_locale":"en_US","og_type":"article","og_title":"Dita e Komun\u00ebs s\u00eb Ulqinit 2016 - P r o g r a m i f e s t i v - Lajme nga Ulqini","og_description":"1 prill 2016, e premte 10:00 Hapja e konferenc\u00ebs shkencore '' Roli dhe efektiviteti i investimeven\u00eb procesin e integrimit t\u00eb shoq\u00ebrive ballkanike pas","og_url":"https:\/\/www.visit-ulcinj.com\/blog\/2016\/03\/28\/dita-e-komunes-se-ulqinit-2016-p-r-o-g-r-m-f-e-s-t-v\/","og_site_name":"Lajme nga Ulqini","article_published_time":"2016-03-28T18:30:13+00:00","article_modified_time":"2016-03-28T18:48:32+00:00","twitter_misc":{"Written by":"ulqini","Est. reading time":"1 minute"},"schema":{"@context":"https:\/\/schema.org","@graph":[{"@type":"WebSite","@id":"https:\/\/www.visit-ulcinj.com\/blog\/#website","url":"https:\/\/www.visit-ulcinj.com\/blog\/","name":"Lajme nga Ulqini","description":"Lajme,Vijesti,Ulqini,Ulqin,Crna Gora,Mali i Zi","potentialAction":[{"@type":"SearchAction","target":{"@type":"EntryPoint","urlTemplate":"https:\/\/www.visit-ulcinj.com\/blog\/?s={search_term_string}"},"query-input":"required name=search_term_string"}],"inLanguage":"en-US"},{"@type":"WebPage","@id":"https:\/\/www.visit-ulcinj.com\/blog\/2016\/03\/28\/dita-e-komunes-se-ulqinit-2016-p-r-o-g-r-m-f-e-s-t-v\/#webpage","url":"https:\/\/www.visit-ulcinj.com\/blog\/2016\/03\/28\/dita-e-komunes-se-ulqinit-2016-p-r-o-g-r-m-f-e-s-t-v\/","name":"Dita e Komun\u00ebs s\u00eb Ulqinit 2016 - P r o g r a m i f e s t i v - Lajme nga Ulqini","isPartOf":{"@id":"https:\/\/www.visit-ulcinj.com\/blog\/#website"},"datePublished":"2016-03-28T18:30:13+00:00","dateModified":"2016-03-28T18:48:32+00:00","author":{"@id":"https:\/\/www.visit-ulcinj.com\/blog\/#\/schema\/person\/dcab619c614d3038751c63bc2aadc06d"},"description":"1 prill 2016, e premte 10:00 Hapja e konferenc\u00ebs shkencore '' Roli dhe efektiviteti i investimeven\u00eb procesin e integrimit t\u00eb shoq\u00ebrive ballkanike pas","breadcrumb":{"@id":"https:\/\/www.visit-ulcinj.com\/blog\/2016\/03\/28\/dita-e-komunes-se-ulqinit-2016-p-r-o-g-r-m-f-e-s-t-v\/#breadcrumb"},"inLanguage":"en-US","potentialAction":[{"@type":"ReadAction","target":["https:\/\/www.visit-ulcinj.com\/blog\/2016\/03\/28\/dita-e-komunes-se-ulqinit-2016-p-r-o-g-r-m-f-e-s-t-v\/"]}]},{"@type":"BreadcrumbList","@id":"https:\/\/www.visit-ulcinj.com\/blog\/2016\/03\/28\/dita-e-komunes-se-ulqinit-2016-p-r-o-g-r-m-f-e-s-t-v\/#breadcrumb","itemListElement":[{"@type":"ListItem","position":1,"name":"Dita e Komun\u00ebs s\u00eb Ulqinit 2016 &#8211; P r o g r a m i f e s t i v"}]},{"@type":"Person","@id":"https:\/\/www.visit-ulcinj.com\/blog\/#\/schema\/person\/dcab619c614d3038751c63bc2aadc06d","name":"ulqini","sameAs":["http:\/\/www.visit-ulcinj.com"],"url":"https:\/\/www.visit-ulcinj.com\/blog\/author\/admin\/"}]}},"jetpack_featured_media_url":"","jetpack_sharing_enabled":true,"jetpack_shortlink":"https:\/\/wp.me\/pe6lTn-oS8","_links":{"self":[{"href":"https:\/\/www.visit-ulcinj.com\/blog\/wp-json\/wp\/v2\/posts\/95612"}],"collection":[{"href":"https:\/\/www.visit-ulcinj.com\/blog\/wp-json\/wp\/v2\/posts"}],"about":[{"href":"https:\/\/www.visit-ulcinj.com\/blog\/wp-json\/wp\/v2\/types\/post"}],"author":[{"embeddable":true,"href":"https:\/\/www.visit-ulcinj.com\/blog\/wp-json\/wp\/v2\/users\/1"}],"replies":[{"embeddable":true,"href":"https:\/\/www.visit-ulcinj.com\/blog\/wp-json\/wp\/v2\/comments?post=95612"}],"version-history":[{"count":1,"href":"https:\/\/www.visit-ulcinj.com\/blog\/wp-json\/wp\/v2\/posts\/95612\/revisions"}],"predecessor-version":[{"id":95614,"href":"https:\/\/www.visit-ulcinj.com\/blog\/wp-json\/wp\/v2\/posts\/95612\/revisions\/95614"}],"wp:attachment":[{"href":"https:\/\/www.visit-ulcinj.com\/blog\/wp-json\/wp\/v2\/media?parent=95612"}],"wp:term":[{"taxonomy":"category","embeddable":true,"href":"https:\/\/www.visit-ulcinj.com\/blog\/wp-json\/wp\/v2\/categories?post=95612"},{"taxonomy":"post_tag","embeddable":true,"href":"https:\/\/www.visit-ulcinj.com\/blog\/wp-json\/wp\/v2\/tags?post=95612"}],"curies":[{"name":"wp","href":"https:\/\/api.w.org\/{rel}","templated":true}]}}