{"id":95615,"date":"2016-03-28T19:36:15","date_gmt":"2016-03-28T18:36:15","guid":{"rendered":"http:\/\/www.visit-ulcinj.com\/blog\/?p=95615"},"modified":"2016-03-28T19:36:15","modified_gmt":"2016-03-28T18:36:15","slug":"dan-opstine-ulcinj-2016-p-r-o-g-r-m","status":"publish","type":"post","link":"https:\/\/www.visit-ulcinj.com\/blog\/2016\/03\/28\/dan-opstine-ulcinj-2016-p-r-o-g-r-m\/","title":{"rendered":"Dan Op\u0161tine Ulcinj 2016 &#8211; P r o g r a m"},"content":{"rendered":"<p style=\"text-align: left;\"><strong><a href=\"http:\/\/www.visit-ulcinj.com\/blog\/wp-content\/uploads\/2016\/03\/Dan-Op\u0161tine-Ulcinj-2016-.jpg\"><img loading=\"lazy\" class=\"alignleft wp-image-95616\" src=\"http:\/\/www.visit-ulcinj.com\/blog\/wp-content\/uploads\/2016\/03\/Dan-Op\u0161tine-Ulcinj-2016-.jpg\" alt=\"Dan Op\u0161tine Ulcinj 2016-\" width=\"508\" height=\"304\" srcset=\"https:\/\/www.visit-ulcinj.com\/blog\/wp-content\/uploads\/2016\/03\/Dan-Op\u0161tine-Ulcinj-2016-.jpg 638w, https:\/\/www.visit-ulcinj.com\/blog\/wp-content\/uploads\/2016\/03\/Dan-Op\u0161tine-Ulcinj-2016--300x180.jpg 300w\" sizes=\"(max-width: 508px) 100vw, 508px\" \/><\/a>April 2016, petak<\/strong><br \/>\n10:00 Nau\u010dna konferencija &#8221;Zna\u010daj i efektivnost investicija u procesu integracija balkanski dr\u017eava nakon Sporazuma o stabilizaciji i pridru\u017eivanju&#8221;, Institut za nau\u010dna istra\u017eivanja i razvoj, Ulcinj<br \/>\nVelika sala Skup\u0161tine Op\u0161tine Ulcinj<br \/>\n12:00 Obilaz novog \u0161etali\u0161ta u Borovoj \u0161umi, Ulcinj<br \/>\n18:00 Dodjela stipendija najboljim studentima<br \/>\nSala za sastanke Kabineta predsjednika<\/p>\n<p style=\"text-align: left;\">\n<strong>19:00 Otvaranje zajedni\u010dke izlo\u017ebe ulcinjskih akademskih slikara: Rudi Goga, Bilal Nikezid, Naser Hasa, Edin Kaplani, Jozo Ko\u010dovid, Vaida Hasaga Nimanbegu dhe Mersiha Resulbegu Mavrid<\/strong><br \/>\n<strong>Dom kulture \u2013 Ulcinj<\/strong><br \/>\n20:00 Koncert Muzi\u010dke \u0161kole<br \/>\n2 april 2016, subota<br \/>\n11:00 Sve\u010dana sjednica Skup\u0161tine Op\u0161tine Ulcinj<\/p>\n<p style=\"text-align: left;\">\n<strong>Program:<\/strong><br \/>\nOmladinski sinfonijski orkestar Crne Gore i Albanije, dirigent Daniel Glineur iz Belgije<br \/>\nSopran Zorana Latkovid<br \/>\nSopran Gjylie Pelingu<br \/>\nOrkestralni odlomici crnogorskih i albanskih autora.<\/p>\n<p style=\"text-align: left;\">\n<strong>Koktel<\/strong><br \/>\nCentar za kulturu- Ulcinj<br \/>\n20:00 Koncert klasi\u010dne muzike<br \/>\nCentar za kulturu &#8211; Ulcinj<br \/>\n3 april 2016, nedjelja<\/p>\n<p style=\"text-align: left;\">\n<strong>10:00 Otvaranje Regionalnog sajma rukotvorina, vizualne umjetnosti i proizvoda od maslina GlobusART 2016 i udru\u017eenja maslinara iz Ulcinja<\/strong><br \/>\n\u0160etali\u0161te, Pristan<br \/>\n11:00 Takmi\u010denje u borila\u010dkim vje\u0161tinama &#8221;\u017divot je sport&#8221;<br \/>\nMala pla\u017ea, Ulcinj<\/p>\n","protected":false},"excerpt":{"rendered":"<p>April 2016, petak 10:00 Nau\u010dna konferencija &#8221;Zna\u010daj i efektivnost investicija u procesu integracija balkanski dr\u017eava nakon Sporazuma o stabilizaciji i pridru\u017eivanju&#8221;, Institut za nau\u010dna istra\u017eivanja i razvoj, Ulcinj Velika sala Skup\u0161tine Op\u0161tine Ulcinj 12:00 Obilaz novog \u0161etali\u0161ta u Borovoj \u0161umi, Ulcinj 18:00 Dodjela stipendija najboljim studentima Sala za sastanke Kabineta predsjednika 19:00 Otvaranje zajedni\u010dke izlo\u017ebe [&hellip;]<\/p>\n","protected":false},"author":1,"featured_media":0,"comment_status":"closed","ping_status":"closed","sticky":false,"template":"","format":"standard","meta":{"spay_email":"","jetpack_publicize_message":"","jetpack_is_tweetstorm":false,"jetpack_publicize_feature_enabled":true},"categories":[8337],"tags":[],"jetpack_publicize_connections":[],"yoast_head":"<!-- This site is optimized with the Yoast SEO plugin v19.1 - https:\/\/yoast.com\/wordpress\/plugins\/seo\/ -->\n<title>Dan Op\u0161tine Ulcinj 2016 - P r o g r a m - Lajme nga Ulqini<\/title>\n<meta name=\"description\" content=\"April 2016, petak 10:00 Nau\u010dna konferencija &#039;&#039;Zna\u010daj i efektivnost investicija u procesu integracija balkanski dr\u017eava nakon Sporazuma o stabilizaciji i\" \/>\n<meta name=\"robots\" content=\"index, follow, max-snippet:-1, max-image-preview:large, max-video-preview:-1\" \/>\n<link rel=\"canonical\" href=\"https:\/\/www.visit-ulcinj.com\/blog\/2016\/03\/28\/dan-opstine-ulcinj-2016-p-r-o-g-r-m\/\" \/>\n<meta property=\"og:locale\" content=\"en_US\" \/>\n<meta property=\"og:type\" content=\"article\" \/>\n<meta property=\"og:title\" content=\"Dan Op\u0161tine Ulcinj 2016 - P r o g r a m - Lajme nga Ulqini\" \/>\n<meta property=\"og:description\" content=\"April 2016, petak 10:00 Nau\u010dna konferencija &#039;&#039;Zna\u010daj i efektivnost investicija u procesu integracija balkanski dr\u017eava nakon Sporazuma o stabilizaciji i\" \/>\n<meta property=\"og:url\" content=\"https:\/\/www.visit-ulcinj.com\/blog\/2016\/03\/28\/dan-opstine-ulcinj-2016-p-r-o-g-r-m\/\" \/>\n<meta property=\"og:site_name\" content=\"Lajme nga Ulqini\" \/>\n<meta property=\"article:published_time\" content=\"2016-03-28T18:36:15+00:00\" \/>\n<meta name=\"twitter:label1\" content=\"Written by\" \/>\n\t<meta name=\"twitter:data1\" content=\"ulqini\" \/>\n\t<meta name=\"twitter:label2\" content=\"Est. reading time\" \/>\n\t<meta name=\"twitter:data2\" content=\"1 minute\" \/>\n<script type=\"application\/ld+json\" class=\"yoast-schema-graph\">{\"@context\":\"https:\/\/schema.org\",\"@graph\":[{\"@type\":\"WebSite\",\"@id\":\"https:\/\/www.visit-ulcinj.com\/blog\/#website\",\"url\":\"https:\/\/www.visit-ulcinj.com\/blog\/\",\"name\":\"Lajme nga Ulqini\",\"description\":\"Lajme,Vijesti,Ulqini,Ulqin,Crna Gora,Mali i Zi\",\"potentialAction\":[{\"@type\":\"SearchAction\",\"target\":{\"@type\":\"EntryPoint\",\"urlTemplate\":\"https:\/\/www.visit-ulcinj.com\/blog\/?s={search_term_string}\"},\"query-input\":\"required name=search_term_string\"}],\"inLanguage\":\"en-US\"},{\"@type\":\"WebPage\",\"@id\":\"https:\/\/www.visit-ulcinj.com\/blog\/2016\/03\/28\/dan-opstine-ulcinj-2016-p-r-o-g-r-m\/#webpage\",\"url\":\"https:\/\/www.visit-ulcinj.com\/blog\/2016\/03\/28\/dan-opstine-ulcinj-2016-p-r-o-g-r-m\/\",\"name\":\"Dan Op\u0161tine Ulcinj 2016 - P r o g r a m - Lajme nga Ulqini\",\"isPartOf\":{\"@id\":\"https:\/\/www.visit-ulcinj.com\/blog\/#website\"},\"datePublished\":\"2016-03-28T18:36:15+00:00\",\"dateModified\":\"2016-03-28T18:36:15+00:00\",\"author\":{\"@id\":\"https:\/\/www.visit-ulcinj.com\/blog\/#\/schema\/person\/dcab619c614d3038751c63bc2aadc06d\"},\"description\":\"April 2016, petak 10:00 Nau\u010dna konferencija ''Zna\u010daj i efektivnost investicija u procesu integracija balkanski dr\u017eava nakon Sporazuma o stabilizaciji i\",\"breadcrumb\":{\"@id\":\"https:\/\/www.visit-ulcinj.com\/blog\/2016\/03\/28\/dan-opstine-ulcinj-2016-p-r-o-g-r-m\/#breadcrumb\"},\"inLanguage\":\"en-US\",\"potentialAction\":[{\"@type\":\"ReadAction\",\"target\":[\"https:\/\/www.visit-ulcinj.com\/blog\/2016\/03\/28\/dan-opstine-ulcinj-2016-p-r-o-g-r-m\/\"]}]},{\"@type\":\"BreadcrumbList\",\"@id\":\"https:\/\/www.visit-ulcinj.com\/blog\/2016\/03\/28\/dan-opstine-ulcinj-2016-p-r-o-g-r-m\/#breadcrumb\",\"itemListElement\":[{\"@type\":\"ListItem\",\"position\":1,\"name\":\"Dan Op\u0161tine Ulcinj 2016 &#8211; P r o g r a m\"}]},{\"@type\":\"Person\",\"@id\":\"https:\/\/www.visit-ulcinj.com\/blog\/#\/schema\/person\/dcab619c614d3038751c63bc2aadc06d\",\"name\":\"ulqini\",\"sameAs\":[\"http:\/\/www.visit-ulcinj.com\"],\"url\":\"https:\/\/www.visit-ulcinj.com\/blog\/author\/admin\/\"}]}<\/script>\n<!-- \/ Yoast SEO plugin. -->","yoast_head_json":{"title":"Dan Op\u0161tine Ulcinj 2016 - P r o g r a m - Lajme nga Ulqini","description":"April 2016, petak 10:00 Nau\u010dna konferencija ''Zna\u010daj i efektivnost investicija u procesu integracija balkanski dr\u017eava nakon Sporazuma o stabilizaciji i","robots":{"index":"index","follow":"follow","max-snippet":"max-snippet:-1","max-image-preview":"max-image-preview:large","max-video-preview":"max-video-preview:-1"},"canonical":"https:\/\/www.visit-ulcinj.com\/blog\/2016\/03\/28\/dan-opstine-ulcinj-2016-p-r-o-g-r-m\/","og_locale":"en_US","og_type":"article","og_title":"Dan Op\u0161tine Ulcinj 2016 - P r o g r a m - Lajme nga Ulqini","og_description":"April 2016, petak 10:00 Nau\u010dna konferencija ''Zna\u010daj i efektivnost investicija u procesu integracija balkanski dr\u017eava nakon Sporazuma o stabilizaciji i","og_url":"https:\/\/www.visit-ulcinj.com\/blog\/2016\/03\/28\/dan-opstine-ulcinj-2016-p-r-o-g-r-m\/","og_site_name":"Lajme nga Ulqini","article_published_time":"2016-03-28T18:36:15+00:00","twitter_misc":{"Written by":"ulqini","Est. reading time":"1 minute"},"schema":{"@context":"https:\/\/schema.org","@graph":[{"@type":"WebSite","@id":"https:\/\/www.visit-ulcinj.com\/blog\/#website","url":"https:\/\/www.visit-ulcinj.com\/blog\/","name":"Lajme nga Ulqini","description":"Lajme,Vijesti,Ulqini,Ulqin,Crna Gora,Mali i Zi","potentialAction":[{"@type":"SearchAction","target":{"@type":"EntryPoint","urlTemplate":"https:\/\/www.visit-ulcinj.com\/blog\/?s={search_term_string}"},"query-input":"required name=search_term_string"}],"inLanguage":"en-US"},{"@type":"WebPage","@id":"https:\/\/www.visit-ulcinj.com\/blog\/2016\/03\/28\/dan-opstine-ulcinj-2016-p-r-o-g-r-m\/#webpage","url":"https:\/\/www.visit-ulcinj.com\/blog\/2016\/03\/28\/dan-opstine-ulcinj-2016-p-r-o-g-r-m\/","name":"Dan Op\u0161tine Ulcinj 2016 - P r o g r a m - Lajme nga Ulqini","isPartOf":{"@id":"https:\/\/www.visit-ulcinj.com\/blog\/#website"},"datePublished":"2016-03-28T18:36:15+00:00","dateModified":"2016-03-28T18:36:15+00:00","author":{"@id":"https:\/\/www.visit-ulcinj.com\/blog\/#\/schema\/person\/dcab619c614d3038751c63bc2aadc06d"},"description":"April 2016, petak 10:00 Nau\u010dna konferencija ''Zna\u010daj i efektivnost investicija u procesu integracija balkanski dr\u017eava nakon Sporazuma o stabilizaciji i","breadcrumb":{"@id":"https:\/\/www.visit-ulcinj.com\/blog\/2016\/03\/28\/dan-opstine-ulcinj-2016-p-r-o-g-r-m\/#breadcrumb"},"inLanguage":"en-US","potentialAction":[{"@type":"ReadAction","target":["https:\/\/www.visit-ulcinj.com\/blog\/2016\/03\/28\/dan-opstine-ulcinj-2016-p-r-o-g-r-m\/"]}]},{"@type":"BreadcrumbList","@id":"https:\/\/www.visit-ulcinj.com\/blog\/2016\/03\/28\/dan-opstine-ulcinj-2016-p-r-o-g-r-m\/#breadcrumb","itemListElement":[{"@type":"ListItem","position":1,"name":"Dan Op\u0161tine Ulcinj 2016 &#8211; P r o g r a m"}]},{"@type":"Person","@id":"https:\/\/www.visit-ulcinj.com\/blog\/#\/schema\/person\/dcab619c614d3038751c63bc2aadc06d","name":"ulqini","sameAs":["http:\/\/www.visit-ulcinj.com"],"url":"https:\/\/www.visit-ulcinj.com\/blog\/author\/admin\/"}]}},"jetpack_featured_media_url":"","jetpack_sharing_enabled":true,"jetpack_shortlink":"https:\/\/wp.me\/pe6lTn-oSb","_links":{"self":[{"href":"https:\/\/www.visit-ulcinj.com\/blog\/wp-json\/wp\/v2\/posts\/95615"}],"collection":[{"href":"https:\/\/www.visit-ulcinj.com\/blog\/wp-json\/wp\/v2\/posts"}],"about":[{"href":"https:\/\/www.visit-ulcinj.com\/blog\/wp-json\/wp\/v2\/types\/post"}],"author":[{"embeddable":true,"href":"https:\/\/www.visit-ulcinj.com\/blog\/wp-json\/wp\/v2\/users\/1"}],"replies":[{"embeddable":true,"href":"https:\/\/www.visit-ulcinj.com\/blog\/wp-json\/wp\/v2\/comments?post=95615"}],"version-history":[{"count":1,"href":"https:\/\/www.visit-ulcinj.com\/blog\/wp-json\/wp\/v2\/posts\/95615\/revisions"}],"predecessor-version":[{"id":95617,"href":"https:\/\/www.visit-ulcinj.com\/blog\/wp-json\/wp\/v2\/posts\/95615\/revisions\/95617"}],"wp:attachment":[{"href":"https:\/\/www.visit-ulcinj.com\/blog\/wp-json\/wp\/v2\/media?parent=95615"}],"wp:term":[{"taxonomy":"category","embeddable":true,"href":"https:\/\/www.visit-ulcinj.com\/blog\/wp-json\/wp\/v2\/categories?post=95615"},{"taxonomy":"post_tag","embeddable":true,"href":"https:\/\/www.visit-ulcinj.com\/blog\/wp-json\/wp\/v2\/tags?post=95615"}],"curies":[{"name":"wp","href":"https:\/\/api.w.org\/{rel}","templated":true}]}}