{"id":95618,"date":"2016-03-28T19:44:56","date_gmt":"2016-03-28T18:44:56","guid":{"rendered":"http:\/\/www.visit-ulcinj.com\/blog\/?p=95618"},"modified":"2016-03-29T17:17:08","modified_gmt":"2016-03-29T16:17:08","slug":"ne-tirane-ndahen-tituj-te-larte-per-krijuesit-nga-mali-zi","status":"publish","type":"post","link":"https:\/\/www.visit-ulcinj.com\/blog\/2016\/03\/28\/ne-tirane-ndahen-tituj-te-larte-per-krijuesit-nga-mali-zi\/","title":{"rendered":"N\u00eb Tiran\u00eb ndahen tituj t\u00eb lart\u00eb p\u00ebr krijuesit nga Mali I Zi"},"content":{"rendered":"<p><a href=\"http:\/\/www.visit-ulcinj.com\/blog\/wp-content\/uploads\/2016\/03\/Ibrahim-Berjashi-Hatixhe-Nelaj-Ali-Daci-Ismet-Karamanaga-\u2013Flutur-Mustafa-\u2013.jpg\"><img loading=\"lazy\" class=\"alignleft wp-image-95619\" src=\"http:\/\/www.visit-ulcinj.com\/blog\/wp-content\/uploads\/2016\/03\/Ibrahim-Berjashi-Hatixhe-Nelaj-Ali-Daci-Ismet-Karamanaga-\u2013Flutur-Mustafa-\u2013.jpg\" alt=\"Ibrahim Berjashi-Hatixhe Nelaj-Ali Daci-Ismet Karamanaga \u2013Flutur Mustafa \u2013\" width=\"508\" height=\"371\" srcset=\"https:\/\/www.visit-ulcinj.com\/blog\/wp-content\/uploads\/2016\/03\/Ibrahim-Berjashi-Hatixhe-Nelaj-Ali-Daci-Ismet-Karamanaga-\u2013Flutur-Mustafa-\u2013.jpg 998w, https:\/\/www.visit-ulcinj.com\/blog\/wp-content\/uploads\/2016\/03\/Ibrahim-Berjashi-Hatixhe-Nelaj-Ali-Daci-Ismet-Karamanaga-\u2013Flutur-Mustafa-\u2013-300x219.jpg 300w\" sizes=\"(max-width: 508px) 100vw, 508px\" \/><\/a>P\u00ebr here t\u00eb par\u00eb\u00a0 Lidhja Nd\u00ebrkomb\u00ebtare\u00a0 e poet\u00ebve ,shkrimtar\u00ebve dhe artist\u00ebve \u201cPegasi \u201cAlbania , ,Akademia Alternative Pegasiane, dje n\u00eb Muzeun historik n\u00eb Tiran\u00eb , u\u00a0 jep titullin e lart\u00eb \u201cPegasian\u201d\u00a0\u00a0 5 krijues\u00ebve dhe veprimtar\u00ebve t\u00eb shquar nga Komuna e Ulqinit dhe Rozhaj\u00ebs.<\/p>\n<p>Krijuesit\u00a0 kreativ shqiptar\u00eb n\u00eb Mal t\u00eb Zi p\u00ebr vitin 2015 u shpallen: Ibrahim Berjashi \u2013poet i vitit,Hatixhe Nelaj &#8211; gazetarja e vitit ,Ali Daci-Aktivisti kulturor I vitit, Ismet Karamanaga \u2013Mbrojt\u00ebs i vlerave autoktone shqiptare dhe Flutur Mustafa \u2013Poetja e\u00a0 re e vitit .<\/p>\n<p>\u201cJam e lumtur q\u00eb u pajisa me nj\u00eb \u00e7mim Nd\u00ebrkomb\u00ebtar\u00eb,dhe se p\u00ebrkushtimi dhe angazhimi im\u00a0 rreth 20 vje\u00e7ar n\u00eb gazetari u vler\u00ebsua nga Tirana dhe Kosova.Kjo do t\u00eb m\u00eb jap motiv dhe stimulim m\u00eb shum\u00eb\u00a0 t\u00eb vazhdoj\u00eb edhe m\u00eb tutje t\u00eb b\u00ebj\u00eb pun\u00ebn time,t\u00eb informoj\u00eb drejt\u00eb dhe sakt\u00eb pa presione dhe ndikime nga askush,duke u p\u00ebrbajtur kodeksit gazetaresk.\u201d shprehet p\u00ebr portalin ton\u00eb nj\u00eb nga\u00a0 fitueset e k\u00ebtij \u00e7mimi, gazetarja e Televizionit Teuta Hatixhe Nelaj.<\/p>\n<p>Ajo morri \u00e7mimin me motivacion\u201d Gazetare dhe veprimtare bashk\u00ebkohore me nj\u00eb aktivitet t\u00eb vrullsh\u00ebm n\u00eb sh\u00ebrbim t\u00eb brezave.Me syrin dhe pen\u00ebn e saj t\u00eb v\u00ebmendshme trajtoi ngjarje dhe personalitete ,individualitete dhe koh\u00ebra,duke p\u00ebr\u00e7uar z\u00ebrin e popullat\u00ebs shqiptare.\u201d<\/p>\n<p>Ky \u00e7mim p\u00ebr her\u00eb t\u00eb par\u00eb u ndahet krijues\u00ebve dhe aktivist\u00ebve nga Mali i Zi.<\/p>\n\n\t\t<style type=\"text\/css\">\n\t\t\t#gallery-1 {\n\t\t\t\tmargin: auto;\n\t\t\t}\n\t\t\t#gallery-1 .gallery-item {\n\t\t\t\tfloat: left;\n\t\t\t\tmargin-top: 10px;\n\t\t\t\ttext-align: center;\n\t\t\t\twidth: 33%;\n\t\t\t}\n\t\t\t#gallery-1 img {\n\t\t\t\tborder: 2px solid #cfcfcf;\n\t\t\t}\n\t\t\t#gallery-1 .gallery-caption {\n\t\t\t\tmargin-left: 0;\n\t\t\t}\n\t\t\t\/* see gallery_shortcode() in wp-includes\/media.php *\/\n\t\t<\/style>\n\t\t<div id='gallery-1' class='gallery galleryid-95618 gallery-columns-3 gallery-size-thumbnail'><dl class='gallery-item'>\n\t\t\t<dt class='gallery-icon landscape'>\n\t\t\t\t<a href='https:\/\/www.visit-ulcinj.com\/blog\/2016\/03\/28\/ne-tirane-ndahen-tituj-te-larte-per-krijuesit-nga-mali-zi\/ibrahim-berjashi-hatixhe-nelaj-ali-daci-ismet-karamanaga-flutur-mustafa-1\/'><img width=\"150\" height=\"150\" src=\"https:\/\/www.visit-ulcinj.com\/blog\/wp-content\/uploads\/2016\/03\/Ibrahim-Berjashi-Hatixhe-Nelaj-Ali-Daci-Ismet-Karamanaga-\u2013Flutur-Mustafa-\u20131-150x150.jpg\" class=\"attachment-thumbnail size-thumbnail\" alt=\"\" loading=\"lazy\" \/><\/a>\n\t\t\t<\/dt><\/dl><dl class='gallery-item'>\n\t\t\t<dt class='gallery-icon landscape'>\n\t\t\t\t<a href='https:\/\/www.visit-ulcinj.com\/blog\/2016\/03\/28\/ne-tirane-ndahen-tituj-te-larte-per-krijuesit-nga-mali-zi\/ibrahim-berjashi-hatixhe-nelaj-ali-daci-ismet-karamanaga-flutur-mustafa-2\/'><img width=\"150\" height=\"150\" src=\"https:\/\/www.visit-ulcinj.com\/blog\/wp-content\/uploads\/2016\/03\/Ibrahim-Berjashi-Hatixhe-Nelaj-Ali-Daci-Ismet-Karamanaga-\u2013Flutur-Mustafa-\u20132-150x150.jpg\" class=\"attachment-thumbnail size-thumbnail\" alt=\"\" loading=\"lazy\" \/><\/a>\n\t\t\t<\/dt><\/dl><dl class='gallery-item'>\n\t\t\t<dt class='gallery-icon portrait'>\n\t\t\t\t<a href='https:\/\/www.visit-ulcinj.com\/blog\/2016\/03\/28\/ne-tirane-ndahen-tituj-te-larte-per-krijuesit-nga-mali-zi\/ibrahim-berjashi-hatixhe-nelaj-ali-daci-ismet-karamanaga-flutur-mustafa-3\/'><img width=\"150\" height=\"150\" src=\"https:\/\/www.visit-ulcinj.com\/blog\/wp-content\/uploads\/2016\/03\/Ibrahim-Berjashi-Hatixhe-Nelaj-Ali-Daci-Ismet-Karamanaga-\u2013Flutur-Mustafa-\u20133-150x150.jpg\" class=\"attachment-thumbnail size-thumbnail\" alt=\"\" loading=\"lazy\" \/><\/a>\n\t\t\t<\/dt><\/dl><br style=\"clear: both\" \/>\n\t\t<\/div>\n\n","protected":false},"excerpt":{"rendered":"<p>P\u00ebr here t\u00eb par\u00eb\u00a0 Lidhja Nd\u00ebrkomb\u00ebtare\u00a0 e poet\u00ebve ,shkrimtar\u00ebve dhe artist\u00ebve \u201cPegasi \u201cAlbania , ,Akademia Alternative Pegasiane, dje n\u00eb Muzeun historik n\u00eb Tiran\u00eb , u\u00a0 jep titullin e lart\u00eb \u201cPegasian\u201d\u00a0\u00a0 5 krijues\u00ebve dhe veprimtar\u00ebve t\u00eb shquar nga Komuna e Ulqinit dhe Rozhaj\u00ebs. Krijuesit\u00a0 kreativ shqiptar\u00eb n\u00eb Mal t\u00eb Zi p\u00ebr vitin 2015 u shpallen: Ibrahim [&hellip;]<\/p>\n","protected":false},"author":1,"featured_media":0,"comment_status":"closed","ping_status":"closed","sticky":false,"template":"","format":"standard","meta":{"spay_email":"","jetpack_publicize_message":"","jetpack_is_tweetstorm":false,"jetpack_publicize_feature_enabled":true},"categories":[4,1],"tags":[],"jetpack_publicize_connections":[],"yoast_head":"<!-- This site is optimized with the Yoast SEO plugin v19.1 - https:\/\/yoast.com\/wordpress\/plugins\/seo\/ -->\n<title>N\u00eb Tiran\u00eb ndahen tituj t\u00eb lart\u00eb p\u00ebr krijuesit nga Mali I Zi - Lajme nga Ulqini<\/title>\n<meta name=\"description\" content=\"P\u00ebr here t\u00eb par\u00eb\u00a0 Lidhja Nd\u00ebrkomb\u00ebtare\u00a0 e poet\u00ebve ,shkrimtar\u00ebve dhe artist\u00ebve \u201cPegasi \u201cAlbania , ,Akademia Alternative Pegasiane, dje n\u00eb Muzeun historik\" \/>\n<meta name=\"robots\" content=\"index, follow, max-snippet:-1, max-image-preview:large, max-video-preview:-1\" \/>\n<link rel=\"canonical\" href=\"https:\/\/www.visit-ulcinj.com\/blog\/2016\/03\/28\/ne-tirane-ndahen-tituj-te-larte-per-krijuesit-nga-mali-zi\/\" \/>\n<meta property=\"og:locale\" content=\"en_US\" \/>\n<meta property=\"og:type\" content=\"article\" \/>\n<meta property=\"og:title\" content=\"N\u00eb Tiran\u00eb ndahen tituj t\u00eb lart\u00eb p\u00ebr krijuesit nga Mali I Zi - Lajme nga Ulqini\" \/>\n<meta property=\"og:description\" content=\"P\u00ebr here t\u00eb par\u00eb\u00a0 Lidhja Nd\u00ebrkomb\u00ebtare\u00a0 e poet\u00ebve ,shkrimtar\u00ebve dhe artist\u00ebve \u201cPegasi \u201cAlbania , ,Akademia Alternative Pegasiane, dje n\u00eb Muzeun historik\" \/>\n<meta property=\"og:url\" content=\"https:\/\/www.visit-ulcinj.com\/blog\/2016\/03\/28\/ne-tirane-ndahen-tituj-te-larte-per-krijuesit-nga-mali-zi\/\" \/>\n<meta property=\"og:site_name\" content=\"Lajme nga Ulqini\" \/>\n<meta property=\"article:published_time\" content=\"2016-03-28T18:44:56+00:00\" \/>\n<meta property=\"article:modified_time\" content=\"2016-03-29T16:17:08+00:00\" \/>\n<meta property=\"og:image\" content=\"https:\/\/www.visit-ulcinj.com\/blog\/wp-content\/uploads\/2016\/03\/Ibrahim-Berjashi-Hatixhe-Nelaj-Ali-Daci-Ismet-Karamanaga-\u2013Flutur-Mustafa-\u20131-150x150.jpg\" \/>\n<meta name=\"twitter:label1\" content=\"Written by\" \/>\n\t<meta name=\"twitter:data1\" content=\"ulqini\" \/>\n\t<meta name=\"twitter:label2\" content=\"Est. reading time\" \/>\n\t<meta name=\"twitter:data2\" content=\"1 minute\" \/>\n<script type=\"application\/ld+json\" class=\"yoast-schema-graph\">{\"@context\":\"https:\/\/schema.org\",\"@graph\":[{\"@type\":\"WebSite\",\"@id\":\"https:\/\/www.visit-ulcinj.com\/blog\/#website\",\"url\":\"https:\/\/www.visit-ulcinj.com\/blog\/\",\"name\":\"Lajme nga Ulqini\",\"description\":\"Lajme,Vijesti,Ulqini,Ulqin,Crna Gora,Mali i Zi\",\"potentialAction\":[{\"@type\":\"SearchAction\",\"target\":{\"@type\":\"EntryPoint\",\"urlTemplate\":\"https:\/\/www.visit-ulcinj.com\/blog\/?s={search_term_string}\"},\"query-input\":\"required name=search_term_string\"}],\"inLanguage\":\"en-US\"},{\"@type\":\"WebPage\",\"@id\":\"https:\/\/www.visit-ulcinj.com\/blog\/2016\/03\/28\/ne-tirane-ndahen-tituj-te-larte-per-krijuesit-nga-mali-zi\/#webpage\",\"url\":\"https:\/\/www.visit-ulcinj.com\/blog\/2016\/03\/28\/ne-tirane-ndahen-tituj-te-larte-per-krijuesit-nga-mali-zi\/\",\"name\":\"N\u00eb Tiran\u00eb ndahen tituj t\u00eb lart\u00eb p\u00ebr krijuesit nga Mali I Zi - Lajme nga Ulqini\",\"isPartOf\":{\"@id\":\"https:\/\/www.visit-ulcinj.com\/blog\/#website\"},\"datePublished\":\"2016-03-28T18:44:56+00:00\",\"dateModified\":\"2016-03-29T16:17:08+00:00\",\"author\":{\"@id\":\"https:\/\/www.visit-ulcinj.com\/blog\/#\/schema\/person\/dcab619c614d3038751c63bc2aadc06d\"},\"description\":\"P\u00ebr here t\u00eb par\u00eb\u00a0 Lidhja Nd\u00ebrkomb\u00ebtare\u00a0 e poet\u00ebve ,shkrimtar\u00ebve dhe artist\u00ebve \u201cPegasi \u201cAlbania , ,Akademia Alternative Pegasiane, dje n\u00eb Muzeun historik\",\"breadcrumb\":{\"@id\":\"https:\/\/www.visit-ulcinj.com\/blog\/2016\/03\/28\/ne-tirane-ndahen-tituj-te-larte-per-krijuesit-nga-mali-zi\/#breadcrumb\"},\"inLanguage\":\"en-US\",\"potentialAction\":[{\"@type\":\"ReadAction\",\"target\":[\"https:\/\/www.visit-ulcinj.com\/blog\/2016\/03\/28\/ne-tirane-ndahen-tituj-te-larte-per-krijuesit-nga-mali-zi\/\"]}]},{\"@type\":\"BreadcrumbList\",\"@id\":\"https:\/\/www.visit-ulcinj.com\/blog\/2016\/03\/28\/ne-tirane-ndahen-tituj-te-larte-per-krijuesit-nga-mali-zi\/#breadcrumb\",\"itemListElement\":[{\"@type\":\"ListItem\",\"position\":1,\"name\":\"N\u00eb Tiran\u00eb ndahen tituj t\u00eb lart\u00eb p\u00ebr krijuesit nga Mali I Zi\"}]},{\"@type\":\"Person\",\"@id\":\"https:\/\/www.visit-ulcinj.com\/blog\/#\/schema\/person\/dcab619c614d3038751c63bc2aadc06d\",\"name\":\"ulqini\",\"sameAs\":[\"http:\/\/www.visit-ulcinj.com\"],\"url\":\"https:\/\/www.visit-ulcinj.com\/blog\/author\/admin\/\"}]}<\/script>\n<!-- \/ Yoast SEO plugin. -->","yoast_head_json":{"title":"N\u00eb Tiran\u00eb ndahen tituj t\u00eb lart\u00eb p\u00ebr krijuesit nga Mali I Zi - Lajme nga Ulqini","description":"P\u00ebr here t\u00eb par\u00eb\u00a0 Lidhja Nd\u00ebrkomb\u00ebtare\u00a0 e poet\u00ebve ,shkrimtar\u00ebve dhe artist\u00ebve \u201cPegasi \u201cAlbania , ,Akademia Alternative Pegasiane, dje n\u00eb Muzeun historik","robots":{"index":"index","follow":"follow","max-snippet":"max-snippet:-1","max-image-preview":"max-image-preview:large","max-video-preview":"max-video-preview:-1"},"canonical":"https:\/\/www.visit-ulcinj.com\/blog\/2016\/03\/28\/ne-tirane-ndahen-tituj-te-larte-per-krijuesit-nga-mali-zi\/","og_locale":"en_US","og_type":"article","og_title":"N\u00eb Tiran\u00eb ndahen tituj t\u00eb lart\u00eb p\u00ebr krijuesit nga Mali I Zi - Lajme nga Ulqini","og_description":"P\u00ebr here t\u00eb par\u00eb\u00a0 Lidhja Nd\u00ebrkomb\u00ebtare\u00a0 e poet\u00ebve ,shkrimtar\u00ebve dhe artist\u00ebve \u201cPegasi \u201cAlbania , ,Akademia Alternative Pegasiane, dje n\u00eb Muzeun historik","og_url":"https:\/\/www.visit-ulcinj.com\/blog\/2016\/03\/28\/ne-tirane-ndahen-tituj-te-larte-per-krijuesit-nga-mali-zi\/","og_site_name":"Lajme nga Ulqini","article_published_time":"2016-03-28T18:44:56+00:00","article_modified_time":"2016-03-29T16:17:08+00:00","og_image":[{"url":"https:\/\/www.visit-ulcinj.com\/blog\/wp-content\/uploads\/2016\/03\/Ibrahim-Berjashi-Hatixhe-Nelaj-Ali-Daci-Ismet-Karamanaga-\u2013Flutur-Mustafa-\u20131-150x150.jpg"}],"twitter_misc":{"Written by":"ulqini","Est. reading time":"1 minute"},"schema":{"@context":"https:\/\/schema.org","@graph":[{"@type":"WebSite","@id":"https:\/\/www.visit-ulcinj.com\/blog\/#website","url":"https:\/\/www.visit-ulcinj.com\/blog\/","name":"Lajme nga Ulqini","description":"Lajme,Vijesti,Ulqini,Ulqin,Crna Gora,Mali i Zi","potentialAction":[{"@type":"SearchAction","target":{"@type":"EntryPoint","urlTemplate":"https:\/\/www.visit-ulcinj.com\/blog\/?s={search_term_string}"},"query-input":"required name=search_term_string"}],"inLanguage":"en-US"},{"@type":"WebPage","@id":"https:\/\/www.visit-ulcinj.com\/blog\/2016\/03\/28\/ne-tirane-ndahen-tituj-te-larte-per-krijuesit-nga-mali-zi\/#webpage","url":"https:\/\/www.visit-ulcinj.com\/blog\/2016\/03\/28\/ne-tirane-ndahen-tituj-te-larte-per-krijuesit-nga-mali-zi\/","name":"N\u00eb Tiran\u00eb ndahen tituj t\u00eb lart\u00eb p\u00ebr krijuesit nga Mali I Zi - Lajme nga Ulqini","isPartOf":{"@id":"https:\/\/www.visit-ulcinj.com\/blog\/#website"},"datePublished":"2016-03-28T18:44:56+00:00","dateModified":"2016-03-29T16:17:08+00:00","author":{"@id":"https:\/\/www.visit-ulcinj.com\/blog\/#\/schema\/person\/dcab619c614d3038751c63bc2aadc06d"},"description":"P\u00ebr here t\u00eb par\u00eb\u00a0 Lidhja Nd\u00ebrkomb\u00ebtare\u00a0 e poet\u00ebve ,shkrimtar\u00ebve dhe artist\u00ebve \u201cPegasi \u201cAlbania , ,Akademia Alternative Pegasiane, dje n\u00eb Muzeun historik","breadcrumb":{"@id":"https:\/\/www.visit-ulcinj.com\/blog\/2016\/03\/28\/ne-tirane-ndahen-tituj-te-larte-per-krijuesit-nga-mali-zi\/#breadcrumb"},"inLanguage":"en-US","potentialAction":[{"@type":"ReadAction","target":["https:\/\/www.visit-ulcinj.com\/blog\/2016\/03\/28\/ne-tirane-ndahen-tituj-te-larte-per-krijuesit-nga-mali-zi\/"]}]},{"@type":"BreadcrumbList","@id":"https:\/\/www.visit-ulcinj.com\/blog\/2016\/03\/28\/ne-tirane-ndahen-tituj-te-larte-per-krijuesit-nga-mali-zi\/#breadcrumb","itemListElement":[{"@type":"ListItem","position":1,"name":"N\u00eb Tiran\u00eb ndahen tituj t\u00eb lart\u00eb p\u00ebr krijuesit nga Mali I Zi"}]},{"@type":"Person","@id":"https:\/\/www.visit-ulcinj.com\/blog\/#\/schema\/person\/dcab619c614d3038751c63bc2aadc06d","name":"ulqini","sameAs":["http:\/\/www.visit-ulcinj.com"],"url":"https:\/\/www.visit-ulcinj.com\/blog\/author\/admin\/"}]}},"jetpack_featured_media_url":"","jetpack_sharing_enabled":true,"jetpack_shortlink":"https:\/\/wp.me\/pe6lTn-oSe","_links":{"self":[{"href":"https:\/\/www.visit-ulcinj.com\/blog\/wp-json\/wp\/v2\/posts\/95618"}],"collection":[{"href":"https:\/\/www.visit-ulcinj.com\/blog\/wp-json\/wp\/v2\/posts"}],"about":[{"href":"https:\/\/www.visit-ulcinj.com\/blog\/wp-json\/wp\/v2\/types\/post"}],"author":[{"embeddable":true,"href":"https:\/\/www.visit-ulcinj.com\/blog\/wp-json\/wp\/v2\/users\/1"}],"replies":[{"embeddable":true,"href":"https:\/\/www.visit-ulcinj.com\/blog\/wp-json\/wp\/v2\/comments?post=95618"}],"version-history":[{"count":3,"href":"https:\/\/www.visit-ulcinj.com\/blog\/wp-json\/wp\/v2\/posts\/95618\/revisions"}],"predecessor-version":[{"id":95625,"href":"https:\/\/www.visit-ulcinj.com\/blog\/wp-json\/wp\/v2\/posts\/95618\/revisions\/95625"}],"wp:attachment":[{"href":"https:\/\/www.visit-ulcinj.com\/blog\/wp-json\/wp\/v2\/media?parent=95618"}],"wp:term":[{"taxonomy":"category","embeddable":true,"href":"https:\/\/www.visit-ulcinj.com\/blog\/wp-json\/wp\/v2\/categories?post=95618"},{"taxonomy":"post_tag","embeddable":true,"href":"https:\/\/www.visit-ulcinj.com\/blog\/wp-json\/wp\/v2\/tags?post=95618"}],"curies":[{"name":"wp","href":"https:\/\/api.w.org\/{rel}","templated":true}]}}