{"id":95632,"date":"2016-03-28T20:08:08","date_gmt":"2016-03-28T19:08:08","guid":{"rendered":"http:\/\/www.visit-ulcinj.com\/blog\/?p=95632"},"modified":"2016-03-31T17:53:38","modified_gmt":"2016-03-31T16:53:38","slug":"komuna-e-ulqinit-kerkon-kthimin-e-miliona-eurove-te-konfiskuara","status":"publish","type":"post","link":"https:\/\/www.visit-ulcinj.com\/blog\/2016\/03\/28\/komuna-e-ulqinit-kerkon-kthimin-e-miliona-eurove-te-konfiskuara\/","title":{"rendered":"Komuna e Ulqinit k\u00ebrkon kthimin e miliona eurove t\u00eb konfiskuara &#8211; Video"},"content":{"rendered":"<p><strong><a href=\"http:\/\/www.visit-ulcinj.com\/blog\/wp-content\/uploads\/2016\/03\/Kryetari-Cungu-k\u00ebrkon-kthimin-e-miliona-eurove-t\u00eb-konfiskuara.jpg\"><img loading=\"lazy\" class=\"alignleft wp-image-95633\" src=\"http:\/\/www.visit-ulcinj.com\/blog\/wp-content\/uploads\/2016\/03\/Kryetari-Cungu-k\u00ebrkon-kthimin-e-miliona-eurove-t\u00eb-konfiskuara.jpg\" alt=\"Kryetari-Cungu-k\u00ebrkon kthimin e miliona eurove t\u00eb konfiskuara\" width=\"508\" height=\"337\" srcset=\"https:\/\/www.visit-ulcinj.com\/blog\/wp-content\/uploads\/2016\/03\/Kryetari-Cungu-k\u00ebrkon-kthimin-e-miliona-eurove-t\u00eb-konfiskuara.jpg 640w, https:\/\/www.visit-ulcinj.com\/blog\/wp-content\/uploads\/2016\/03\/Kryetari-Cungu-k\u00ebrkon-kthimin-e-miliona-eurove-t\u00eb-konfiskuara-300x199.jpg 300w\" sizes=\"(max-width: 508px) 100vw, 508px\" \/><\/a>Komuna e Ulqinit k\u00ebrkon kthimin e mjeteve nga l\u00ebndet e fitura gjyq\u00ebsore<\/strong><\/p>\n<p>Komuna e Ulqinit do t\u00eb\u00a0 b\u00ebj\u00eb\u00a0 cmos\u00a0 p\u00ebr\u00a0 t\u00eb\u00a0 kthyer\u00a0 mjetet\u00a0 nga\u00a0 l\u00ebnd\u00ebt e fituara\u00a0 gjyqsore\u00a0 tha\u00a0 n\u00eb\u00a0 konferenc\u00ebn\u00a0 me\u00a0 gazetar\u00eb Kryetari\u00a0 Nazif\u00a0 Cungu.<\/p>\n<p>Sipas\u00a0 tij\u00a0 b\u00ebhet\u00a0 fjal\u00eb p\u00ebr\u00a0 nj\u00eb shum\u00eb\u00a0\u00a0 mbi 1 milion e kat\u00ebrqindmij\u00eb\u00a0 euro.\u00a0\u00a0\u00a0Rasti i fundit\u00a0 tha ai\u00a0 \u00ebsht\u00eb l\u00ebnda n\u00eb baz\u00eb t\u00eb cil\u00ebs avokati Nusho Kalla\u00e7 \u00a0\u00a0\u00a0\u00a0 nga\u00a0 Rozhaja, n\u00eb baz\u00eb t\u00eb vendimit t\u00eb GJykat\u00ebs s\u00eb lart\u00eb t\u00eb Malit t\u00eb Zi ka marr\u00eb shum\u00ebn\u00a0 rreth 540.000 euro nga\u00a0 buxheti i\u00a0 Komun\u00ebs s\u00eb Ulqinit. Gjykata supreme e Malit t\u00eb Zi\u00a0 ka hedhur\u00a0 posht\u00eb at\u00eb vendim dhe ka gjykuar n\u00eb favor t\u00eb komun\u00ebs s\u00eb Ulqinit, dhe p\u00ebr\u00a0 k\u00ebt\u00eb\u00a0\u00a0 i b\u00ebjm\u00eb\u00a0 thirje Nusho Kalla\u00e7 q\u00eb ti kthej\u00eb mjetet n\u00eb buxhetin e komun\u00ebs s\u00eb Ulqinit.<\/p>\n<p>Ky nuk \u00ebsht\u00eb rasti i vet\u00ebm ku komuna e Ulqinit \u00ebsht\u00eb e d\u00ebmtuar n\u00eb k\u00ebt\u00eb m\u00ebnyr\u00eb. Rast i\u00a0 ngjash\u00ebm\u00a0 \u00ebsht\u00eb l\u00ebnda e cila \u00ebsht\u00eb udh\u00ebhequr n\u00eb baz\u00eb t\u00eb padis\u00eb s\u00eb Ku\u00e7 Osman dhe Hot Hajran, t\u00eb cil\u00ebt gjithashtu n\u00eb baz\u00eb t\u00eb mjeteve t\u00eb marra pa baz\u00eb ,sipas vendimit t\u00eb Gjykat\u00ebs supreme t\u00eb Malit t\u00eb Zi i kan\u00eb borxh komun\u00ebs s\u00eb Ulqinit\u00a0 shum\u00ebn\u00a0\u00a0 n\u00eb mas\u00ebn\u00a0 rreth 400.000 euro.<\/p>\n<p>Gjithashtu n\u00eb vitin 2012 Kompania Otrantkomerc\u00a0 tha\u00a0 Z. Cungu nga buxheti i komun\u00ebs s\u00eb Ulqinit ka marr\u00eb shum\u00ebn 250.000 euro. Presim q\u00eb ky vendim t\u00eb bije posht\u00eb\u00a0 dhe t\u00eb sillet\u00a0 n\u00eb favor t\u00eb komun\u00ebs s\u00eb Ulqinit<\/p>\n<p>N\u00eb baz\u00eb t\u00eb vendimit z\u00eb plotfuqish\u00ebm t\u00eb gjykat\u00ebs s\u00eb lart\u00eb t\u00eb Malit t\u00eb Zi, Komuna e Ulqinit k\u00ebrkon nga Lohshmit Mirjana prej Zvicrr\u00ebs shum\u00ebn prej rreth 117.000 eura duke p\u00ebrfshir\u00eb borxhin kryesor dhe interesin p\u00ebr objekt dhe pron\u00eb n\u00eb kala.<\/p>\n<p>Gjithsejt s\u00eb bashku b\u00ebhet fjal\u00eb p\u00ebr shum\u00ebn rreth 1.400.000 eur\u00eb t\u00eb cil\u00ebn Komuna e Ulqinit k\u00ebrkon n\u00eb baz\u00eb t\u00eb k\u00ebtyre l\u00ebnd\u00ebve.<\/p>\n<p>Kryetari\u00a0 Cungu\u00a0 m\u00eb pas \u00a0u pergjigj\u00a0 n\u00eb\u00a0 pyetjet e gazetar\u00ebve.<\/p>\n<p>Komuna Ulqinit<\/p>\n<p><iframe loading=\"lazy\" frameborder=\"0\" width=\"508\" height=\"315\" src=\"\/\/www.dailymotion.com\/embed\/video\/x40qmga?autoPlay=1\" allowfullscreen><\/iframe>><\/p>\n\n\t\t<style type=\"text\/css\">\n\t\t\t#gallery-1 {\n\t\t\t\tmargin: auto;\n\t\t\t}\n\t\t\t#gallery-1 .gallery-item {\n\t\t\t\tfloat: left;\n\t\t\t\tmargin-top: 10px;\n\t\t\t\ttext-align: center;\n\t\t\t\twidth: 50%;\n\t\t\t}\n\t\t\t#gallery-1 img {\n\t\t\t\tborder: 2px solid #cfcfcf;\n\t\t\t}\n\t\t\t#gallery-1 .gallery-caption {\n\t\t\t\tmargin-left: 0;\n\t\t\t}\n\t\t\t\/* see gallery_shortcode() in wp-includes\/media.php *\/\n\t\t<\/style>\n\t\t<div id='gallery-1' class='gallery galleryid-95632 gallery-columns-2 gallery-size-thumbnail'><dl class='gallery-item'>\n\t\t\t<dt class='gallery-icon landscape'>\n\t\t\t\t<a href='https:\/\/www.visit-ulcinj.com\/blog\/2016\/03\/28\/komuna-e-ulqinit-kerkon-kthimin-e-miliona-eurove-te-konfiskuara\/kryetari-cungu-kerkon-kthimin-e-miliona-eurove-te-konfiskuara-1\/'><img width=\"150\" height=\"150\" src=\"https:\/\/www.visit-ulcinj.com\/blog\/wp-content\/uploads\/2016\/03\/Kryetari-Cungu-k\u00ebrkon-kthimin-e-miliona-eurove-t\u00eb-konfiskuara-1-150x150.jpg\" class=\"attachment-thumbnail size-thumbnail\" alt=\"\" loading=\"lazy\" \/><\/a>\n\t\t\t<\/dt><\/dl><dl class='gallery-item'>\n\t\t\t<dt class='gallery-icon landscape'>\n\t\t\t\t<a href='https:\/\/www.visit-ulcinj.com\/blog\/2016\/03\/28\/komuna-e-ulqinit-kerkon-kthimin-e-miliona-eurove-te-konfiskuara\/kryetari-cungu-kerkon-kthimin-e-miliona-eurove-te-konfiskuara-2\/'><img width=\"150\" height=\"150\" src=\"https:\/\/www.visit-ulcinj.com\/blog\/wp-content\/uploads\/2016\/03\/Kryetari-Cungu-k\u00ebrkon-kthimin-e-miliona-eurove-t\u00eb-konfiskuara-2-150x150.jpg\" class=\"attachment-thumbnail size-thumbnail\" alt=\"\" loading=\"lazy\" \/><\/a>\n\t\t\t<\/dt><\/dl><br style=\"clear: both\" \/>\n\t\t<\/div>\n\n","protected":false},"excerpt":{"rendered":"<p>Komuna e Ulqinit k\u00ebrkon kthimin e mjeteve nga l\u00ebndet e fitura gjyq\u00ebsore Komuna e Ulqinit do t\u00eb\u00a0 b\u00ebj\u00eb\u00a0 cmos\u00a0 p\u00ebr\u00a0 t\u00eb\u00a0 kthyer\u00a0 mjetet\u00a0 nga\u00a0 l\u00ebnd\u00ebt e fituara\u00a0 gjyqsore\u00a0 tha\u00a0 n\u00eb\u00a0 konferenc\u00ebn\u00a0 me\u00a0 gazetar\u00eb Kryetari\u00a0 Nazif\u00a0 Cungu. Sipas\u00a0 tij\u00a0 b\u00ebhet\u00a0 fjal\u00eb p\u00ebr\u00a0 nj\u00eb shum\u00eb\u00a0\u00a0 mbi 1 milion e kat\u00ebrqindmij\u00eb\u00a0 euro.\u00a0\u00a0\u00a0Rasti i fundit\u00a0 tha ai\u00a0 \u00ebsht\u00eb l\u00ebnda [&hellip;]<\/p>\n","protected":false},"author":1,"featured_media":0,"comment_status":"closed","ping_status":"closed","sticky":false,"template":"","format":"standard","meta":{"spay_email":"","jetpack_publicize_message":"","jetpack_is_tweetstorm":false,"jetpack_publicize_feature_enabled":true},"categories":[6],"tags":[],"jetpack_publicize_connections":[],"yoast_head":"<!-- This site is optimized with the Yoast SEO plugin v19.1 - https:\/\/yoast.com\/wordpress\/plugins\/seo\/ -->\n<title>Komuna e Ulqinit k\u00ebrkon kthimin e miliona eurove t\u00eb konfiskuara - Video - Lajme nga Ulqini<\/title>\n<meta name=\"description\" content=\"Komuna e Ulqinit k\u00ebrkon kthimin e mjeteve nga l\u00ebndet e fitura gjyq\u00ebsore Komuna e Ulqinit do t\u00eb\u00a0 b\u00ebj\u00eb\u00a0 cmos\u00a0 p\u00ebr\u00a0 t\u00eb\u00a0 kthyer\u00a0 mjetet\u00a0 nga\u00a0 l\u00ebnd\u00ebt e\" \/>\n<meta name=\"robots\" content=\"index, follow, max-snippet:-1, max-image-preview:large, max-video-preview:-1\" \/>\n<link rel=\"canonical\" href=\"https:\/\/www.visit-ulcinj.com\/blog\/2016\/03\/28\/komuna-e-ulqinit-kerkon-kthimin-e-miliona-eurove-te-konfiskuara\/\" \/>\n<meta property=\"og:locale\" content=\"en_US\" \/>\n<meta property=\"og:type\" content=\"article\" \/>\n<meta property=\"og:title\" content=\"Komuna e Ulqinit k\u00ebrkon kthimin e miliona eurove t\u00eb konfiskuara - Video - Lajme nga Ulqini\" \/>\n<meta property=\"og:description\" content=\"Komuna e Ulqinit k\u00ebrkon kthimin e mjeteve nga l\u00ebndet e fitura gjyq\u00ebsore Komuna e Ulqinit do t\u00eb\u00a0 b\u00ebj\u00eb\u00a0 cmos\u00a0 p\u00ebr\u00a0 t\u00eb\u00a0 kthyer\u00a0 mjetet\u00a0 nga\u00a0 l\u00ebnd\u00ebt e\" \/>\n<meta property=\"og:url\" content=\"https:\/\/www.visit-ulcinj.com\/blog\/2016\/03\/28\/komuna-e-ulqinit-kerkon-kthimin-e-miliona-eurove-te-konfiskuara\/\" \/>\n<meta property=\"og:site_name\" content=\"Lajme nga Ulqini\" \/>\n<meta property=\"article:published_time\" content=\"2016-03-28T19:08:08+00:00\" \/>\n<meta property=\"article:modified_time\" content=\"2016-03-31T16:53:38+00:00\" \/>\n<meta property=\"og:image\" content=\"https:\/\/www.visit-ulcinj.com\/blog\/wp-content\/uploads\/2016\/03\/Kryetari-Cungu-k\u00ebrkon-kthimin-e-miliona-eurove-t\u00eb-konfiskuara-1-150x150.jpg\" \/>\n<meta name=\"twitter:label1\" content=\"Written by\" \/>\n\t<meta name=\"twitter:data1\" content=\"ulqini\" \/>\n\t<meta name=\"twitter:label2\" content=\"Est. reading time\" \/>\n\t<meta name=\"twitter:data2\" content=\"2 minutes\" \/>\n<script type=\"application\/ld+json\" class=\"yoast-schema-graph\">{\"@context\":\"https:\/\/schema.org\",\"@graph\":[{\"@type\":\"WebSite\",\"@id\":\"https:\/\/www.visit-ulcinj.com\/blog\/#website\",\"url\":\"https:\/\/www.visit-ulcinj.com\/blog\/\",\"name\":\"Lajme nga Ulqini\",\"description\":\"Lajme,Vijesti,Ulqini,Ulqin,Crna Gora,Mali i Zi\",\"potentialAction\":[{\"@type\":\"SearchAction\",\"target\":{\"@type\":\"EntryPoint\",\"urlTemplate\":\"https:\/\/www.visit-ulcinj.com\/blog\/?s={search_term_string}\"},\"query-input\":\"required name=search_term_string\"}],\"inLanguage\":\"en-US\"},{\"@type\":\"WebPage\",\"@id\":\"https:\/\/www.visit-ulcinj.com\/blog\/2016\/03\/28\/komuna-e-ulqinit-kerkon-kthimin-e-miliona-eurove-te-konfiskuara\/#webpage\",\"url\":\"https:\/\/www.visit-ulcinj.com\/blog\/2016\/03\/28\/komuna-e-ulqinit-kerkon-kthimin-e-miliona-eurove-te-konfiskuara\/\",\"name\":\"Komuna e Ulqinit k\u00ebrkon kthimin e miliona eurove t\u00eb konfiskuara - Video - Lajme nga Ulqini\",\"isPartOf\":{\"@id\":\"https:\/\/www.visit-ulcinj.com\/blog\/#website\"},\"datePublished\":\"2016-03-28T19:08:08+00:00\",\"dateModified\":\"2016-03-31T16:53:38+00:00\",\"author\":{\"@id\":\"https:\/\/www.visit-ulcinj.com\/blog\/#\/schema\/person\/dcab619c614d3038751c63bc2aadc06d\"},\"description\":\"Komuna e Ulqinit k\u00ebrkon kthimin e mjeteve nga l\u00ebndet e fitura gjyq\u00ebsore Komuna e Ulqinit do t\u00eb\u00a0 b\u00ebj\u00eb\u00a0 cmos\u00a0 p\u00ebr\u00a0 t\u00eb\u00a0 kthyer\u00a0 mjetet\u00a0 nga\u00a0 l\u00ebnd\u00ebt e\",\"breadcrumb\":{\"@id\":\"https:\/\/www.visit-ulcinj.com\/blog\/2016\/03\/28\/komuna-e-ulqinit-kerkon-kthimin-e-miliona-eurove-te-konfiskuara\/#breadcrumb\"},\"inLanguage\":\"en-US\",\"potentialAction\":[{\"@type\":\"ReadAction\",\"target\":[\"https:\/\/www.visit-ulcinj.com\/blog\/2016\/03\/28\/komuna-e-ulqinit-kerkon-kthimin-e-miliona-eurove-te-konfiskuara\/\"]}]},{\"@type\":\"BreadcrumbList\",\"@id\":\"https:\/\/www.visit-ulcinj.com\/blog\/2016\/03\/28\/komuna-e-ulqinit-kerkon-kthimin-e-miliona-eurove-te-konfiskuara\/#breadcrumb\",\"itemListElement\":[{\"@type\":\"ListItem\",\"position\":1,\"name\":\"Komuna e Ulqinit k\u00ebrkon kthimin e miliona eurove t\u00eb konfiskuara &#8211; Video\"}]},{\"@type\":\"Person\",\"@id\":\"https:\/\/www.visit-ulcinj.com\/blog\/#\/schema\/person\/dcab619c614d3038751c63bc2aadc06d\",\"name\":\"ulqini\",\"sameAs\":[\"http:\/\/www.visit-ulcinj.com\"],\"url\":\"https:\/\/www.visit-ulcinj.com\/blog\/author\/admin\/\"}]}<\/script>\n<!-- \/ Yoast SEO plugin. -->","yoast_head_json":{"title":"Komuna e Ulqinit k\u00ebrkon kthimin e miliona eurove t\u00eb konfiskuara - Video - Lajme nga Ulqini","description":"Komuna e Ulqinit k\u00ebrkon kthimin e mjeteve nga l\u00ebndet e fitura gjyq\u00ebsore Komuna e Ulqinit do t\u00eb\u00a0 b\u00ebj\u00eb\u00a0 cmos\u00a0 p\u00ebr\u00a0 t\u00eb\u00a0 kthyer\u00a0 mjetet\u00a0 nga\u00a0 l\u00ebnd\u00ebt e","robots":{"index":"index","follow":"follow","max-snippet":"max-snippet:-1","max-image-preview":"max-image-preview:large","max-video-preview":"max-video-preview:-1"},"canonical":"https:\/\/www.visit-ulcinj.com\/blog\/2016\/03\/28\/komuna-e-ulqinit-kerkon-kthimin-e-miliona-eurove-te-konfiskuara\/","og_locale":"en_US","og_type":"article","og_title":"Komuna e Ulqinit k\u00ebrkon kthimin e miliona eurove t\u00eb konfiskuara - Video - Lajme nga Ulqini","og_description":"Komuna e Ulqinit k\u00ebrkon kthimin e mjeteve nga l\u00ebndet e fitura gjyq\u00ebsore Komuna e Ulqinit do t\u00eb\u00a0 b\u00ebj\u00eb\u00a0 cmos\u00a0 p\u00ebr\u00a0 t\u00eb\u00a0 kthyer\u00a0 mjetet\u00a0 nga\u00a0 l\u00ebnd\u00ebt e","og_url":"https:\/\/www.visit-ulcinj.com\/blog\/2016\/03\/28\/komuna-e-ulqinit-kerkon-kthimin-e-miliona-eurove-te-konfiskuara\/","og_site_name":"Lajme nga Ulqini","article_published_time":"2016-03-28T19:08:08+00:00","article_modified_time":"2016-03-31T16:53:38+00:00","og_image":[{"url":"https:\/\/www.visit-ulcinj.com\/blog\/wp-content\/uploads\/2016\/03\/Kryetari-Cungu-k\u00ebrkon-kthimin-e-miliona-eurove-t\u00eb-konfiskuara-1-150x150.jpg"}],"twitter_misc":{"Written by":"ulqini","Est. reading time":"2 minutes"},"schema":{"@context":"https:\/\/schema.org","@graph":[{"@type":"WebSite","@id":"https:\/\/www.visit-ulcinj.com\/blog\/#website","url":"https:\/\/www.visit-ulcinj.com\/blog\/","name":"Lajme nga Ulqini","description":"Lajme,Vijesti,Ulqini,Ulqin,Crna Gora,Mali i Zi","potentialAction":[{"@type":"SearchAction","target":{"@type":"EntryPoint","urlTemplate":"https:\/\/www.visit-ulcinj.com\/blog\/?s={search_term_string}"},"query-input":"required name=search_term_string"}],"inLanguage":"en-US"},{"@type":"WebPage","@id":"https:\/\/www.visit-ulcinj.com\/blog\/2016\/03\/28\/komuna-e-ulqinit-kerkon-kthimin-e-miliona-eurove-te-konfiskuara\/#webpage","url":"https:\/\/www.visit-ulcinj.com\/blog\/2016\/03\/28\/komuna-e-ulqinit-kerkon-kthimin-e-miliona-eurove-te-konfiskuara\/","name":"Komuna e Ulqinit k\u00ebrkon kthimin e miliona eurove t\u00eb konfiskuara - Video - Lajme nga Ulqini","isPartOf":{"@id":"https:\/\/www.visit-ulcinj.com\/blog\/#website"},"datePublished":"2016-03-28T19:08:08+00:00","dateModified":"2016-03-31T16:53:38+00:00","author":{"@id":"https:\/\/www.visit-ulcinj.com\/blog\/#\/schema\/person\/dcab619c614d3038751c63bc2aadc06d"},"description":"Komuna e Ulqinit k\u00ebrkon kthimin e mjeteve nga l\u00ebndet e fitura gjyq\u00ebsore Komuna e Ulqinit do t\u00eb\u00a0 b\u00ebj\u00eb\u00a0 cmos\u00a0 p\u00ebr\u00a0 t\u00eb\u00a0 kthyer\u00a0 mjetet\u00a0 nga\u00a0 l\u00ebnd\u00ebt e","breadcrumb":{"@id":"https:\/\/www.visit-ulcinj.com\/blog\/2016\/03\/28\/komuna-e-ulqinit-kerkon-kthimin-e-miliona-eurove-te-konfiskuara\/#breadcrumb"},"inLanguage":"en-US","potentialAction":[{"@type":"ReadAction","target":["https:\/\/www.visit-ulcinj.com\/blog\/2016\/03\/28\/komuna-e-ulqinit-kerkon-kthimin-e-miliona-eurove-te-konfiskuara\/"]}]},{"@type":"BreadcrumbList","@id":"https:\/\/www.visit-ulcinj.com\/blog\/2016\/03\/28\/komuna-e-ulqinit-kerkon-kthimin-e-miliona-eurove-te-konfiskuara\/#breadcrumb","itemListElement":[{"@type":"ListItem","position":1,"name":"Komuna e Ulqinit k\u00ebrkon kthimin e miliona eurove t\u00eb konfiskuara &#8211; Video"}]},{"@type":"Person","@id":"https:\/\/www.visit-ulcinj.com\/blog\/#\/schema\/person\/dcab619c614d3038751c63bc2aadc06d","name":"ulqini","sameAs":["http:\/\/www.visit-ulcinj.com"],"url":"https:\/\/www.visit-ulcinj.com\/blog\/author\/admin\/"}]}},"jetpack_featured_media_url":"","jetpack_sharing_enabled":true,"jetpack_shortlink":"https:\/\/wp.me\/pe6lTn-oSs","_links":{"self":[{"href":"https:\/\/www.visit-ulcinj.com\/blog\/wp-json\/wp\/v2\/posts\/95632"}],"collection":[{"href":"https:\/\/www.visit-ulcinj.com\/blog\/wp-json\/wp\/v2\/posts"}],"about":[{"href":"https:\/\/www.visit-ulcinj.com\/blog\/wp-json\/wp\/v2\/types\/post"}],"author":[{"embeddable":true,"href":"https:\/\/www.visit-ulcinj.com\/blog\/wp-json\/wp\/v2\/users\/1"}],"replies":[{"embeddable":true,"href":"https:\/\/www.visit-ulcinj.com\/blog\/wp-json\/wp\/v2\/comments?post=95632"}],"version-history":[{"count":4,"href":"https:\/\/www.visit-ulcinj.com\/blog\/wp-json\/wp\/v2\/posts\/95632\/revisions"}],"predecessor-version":[{"id":95733,"href":"https:\/\/www.visit-ulcinj.com\/blog\/wp-json\/wp\/v2\/posts\/95632\/revisions\/95733"}],"wp:attachment":[{"href":"https:\/\/www.visit-ulcinj.com\/blog\/wp-json\/wp\/v2\/media?parent=95632"}],"wp:term":[{"taxonomy":"category","embeddable":true,"href":"https:\/\/www.visit-ulcinj.com\/blog\/wp-json\/wp\/v2\/categories?post=95632"},{"taxonomy":"post_tag","embeddable":true,"href":"https:\/\/www.visit-ulcinj.com\/blog\/wp-json\/wp\/v2\/tags?post=95632"}],"curies":[{"name":"wp","href":"https:\/\/api.w.org\/{rel}","templated":true}]}}