{"id":95658,"date":"2016-03-29T18:17:48","date_gmt":"2016-03-29T17:17:48","guid":{"rendered":"http:\/\/www.visit-ulcinj.com\/blog\/?p=95658"},"modified":"2016-03-29T18:17:48","modified_gmt":"2016-03-29T17:17:48","slug":"akademia-pegasi-dekoron-ismet-karamanagen","status":"publish","type":"post","link":"https:\/\/www.visit-ulcinj.com\/blog\/2016\/03\/29\/akademia-pegasi-dekoron-ismet-karamanagen\/","title":{"rendered":"Akademia Pegasi dekoron Ismet Karamanag\u00ebn"},"content":{"rendered":"<p><strong><a href=\"http:\/\/www.visit-ulcinj.com\/blog\/wp-content\/uploads\/2016\/03\/Akademia-Pegasi-dekoron-Ismet-Karamanag\u00ebn-.jpg\"><img loading=\"lazy\" class=\"alignleft wp-image-95659\" src=\"http:\/\/www.visit-ulcinj.com\/blog\/wp-content\/uploads\/2016\/03\/Akademia-Pegasi-dekoron-Ismet-Karamanag\u00ebn-.jpg\" alt=\"Akademia Pegasi dekoron Ismet Karamanag\u00ebn-\" width=\"508\" height=\"381\" srcset=\"https:\/\/www.visit-ulcinj.com\/blog\/wp-content\/uploads\/2016\/03\/Akademia-Pegasi-dekoron-Ismet-Karamanag\u00ebn-.jpg 960w, https:\/\/www.visit-ulcinj.com\/blog\/wp-content\/uploads\/2016\/03\/Akademia-Pegasi-dekoron-Ismet-Karamanag\u00ebn--300x225.jpg 300w\" sizes=\"(max-width: 508px) 100vw, 508px\" \/><\/a>Akademia Pegasi dekoron Ismet Karamanag\u00ebn, &#8220;Mbrojt\u00ebs e vlerave autoktone shqiptare&#8221;<\/strong><\/p>\n<p>N\u00eb kuad\u00ebr t\u00eb nominimeve p\u00ebr krijuesit p\u00ebr vitin 2015, Lidhja nd\u00ebrkomb\u00ebtare e poeteve , shkrimtar\u00ebve dhe artisteve \u201cPEGASI\u201d Albania, n\u00eb ceremonin\u00eb e mbajtur dje n\u00eb Tiran\u00eb, ndau titujt e lart\u00eb Pegasian, p\u00ebr vitin 2015.<br \/>\nNd\u00ebr \u00e7mimet e ndara p\u00ebr k\u00ebt\u00eb vit ishin edhe ato p\u00ebr krijusit kreative shqiptare nga Mali i Zi. Me propozimin e zonja Migena ARLLATI, kryetare e \u201cPegasi\u201d Kosov\u00eb dhe me miratimin e z. Kristaq SHABANI, \u201cPegasi\u201d Albania shpalli krijus\u00ebt :<br \/>\nHatixhe NELAJ, gazetarja e vitit, Flutra MUSTAFA, Poezija e re e vitit, Ibrahim BERJASHI, Poeti i vitin, Ali DACI, Aktivist kulturor, dhe un\u00eb Ismet KARAMANAGA, Mbrojt\u00ebs e vlerave autoktone shqiptare.<\/p>\n<p><a href=\"http:\/\/www.visit-ulcinj.com\/blog\/wp-content\/uploads\/2016\/03\/Akademia-Pegasi-dekoron-Ismet-Karamanag\u00ebn-1.jpg\"><img loading=\"lazy\" class=\"alignleft wp-image-95660\" src=\"http:\/\/www.visit-ulcinj.com\/blog\/wp-content\/uploads\/2016\/03\/Akademia-Pegasi-dekoron-Ismet-Karamanag\u00ebn-1.jpg\" alt=\"Akademia Pegasi dekoron Ismet Karamanag\u00ebn-1\" width=\"508\" height=\"381\" srcset=\"https:\/\/www.visit-ulcinj.com\/blog\/wp-content\/uploads\/2016\/03\/Akademia-Pegasi-dekoron-Ismet-Karamanag\u00ebn-1.jpg 960w, https:\/\/www.visit-ulcinj.com\/blog\/wp-content\/uploads\/2016\/03\/Akademia-Pegasi-dekoron-Ismet-Karamanag\u00ebn-1-300x225.jpg 300w\" sizes=\"(max-width: 508px) 100vw, 508px\" \/><\/a><\/p>\n<p>Un\u00eb jam shum\u00eb krenar p\u00ebr k\u00ebt\u00eb Mir\u00ebnjohje. Posa\u00e7\u00ebrisht p\u00ebr motivacionin p\u00ebr ndarjen e Mir\u00ebnjohjes p\u00ebr mua. Dua t\u00eb citoj zonja Migena Arllatin: \u201d Kontribut i palodhsh\u00ebm n\u00eb ruajtjen dhe promovimin e historis\u00eb, arkeologjis\u00eb dhe etnografis\u00eb shqipe, mbrojt\u00ebs dhe hulumtus i vlerave muzeale, traditave dhe simbolikave t\u00eb rr\u00ebnj\u00ebve shqiptare n\u00eb t\u00ebrsi\u201d<br \/>\nN\u00eb fund, d\u00ebshiroj t\u00eb shtoj edhe di\u00e7ka p\u00ebr t\u00eb gjith\u00eb ato t\u00eb cil\u00ebt kan\u00eb d\u00ebshime. Si shoq\u00ebruas me Licenc\u00ebn e Republik\u00ebs t\u00eb Malit t\u00eb Zi, vite me radh\u00eb shoq\u00ebroj grupe t\u00eb ndryshme nga vendi dhe nga Bota si ciceron n\u00eb 5 gjuh\u00eb, duke i treguar historin\u00eb e famshme e qytetit ton\u00eb.<\/p>\n<p><a href=\"http:\/\/www.visit-ulcinj.com\/blog\/wp-content\/uploads\/2016\/03\/Akademia-Pegasi-dekoron-Ismet-Karamanag\u00ebn-2.jpg\"><img loading=\"lazy\" class=\"alignleft wp-image-95661\" src=\"http:\/\/www.visit-ulcinj.com\/blog\/wp-content\/uploads\/2016\/03\/Akademia-Pegasi-dekoron-Ismet-Karamanag\u00ebn-2.jpg\" alt=\"Akademia Pegasi dekoron Ismet Karamanag\u00ebn-2\" width=\"508\" height=\"381\" srcset=\"https:\/\/www.visit-ulcinj.com\/blog\/wp-content\/uploads\/2016\/03\/Akademia-Pegasi-dekoron-Ismet-Karamanag\u00ebn-2.jpg 960w, https:\/\/www.visit-ulcinj.com\/blog\/wp-content\/uploads\/2016\/03\/Akademia-Pegasi-dekoron-Ismet-Karamanag\u00ebn-2-300x225.jpg 300w\" sizes=\"(max-width: 508px) 100vw, 508px\" \/><\/a><br \/>\nSi Kryetar i Shoqat\u00ebs \u201cMiqt\u00eb e Kalas\u00eb\u201d, \u201cKALAJA\u201d, kam shpallur Kalan\u00eb e Ulqinit pretendente p\u00ebr radhitjen e saj n\u00ebn mbrojtje t\u00eb Unescos. Me shkrime dhe kumtesa t\u00eb ndryshme n\u00ebp\u00ebr masmedia, nga vendi dhe m\u00eb gj\u00ebr\u00eb, kam punuar dhe ende punoj, p\u00ebr ruajtjen dhe mir\u00ebmbajtjen e p\u00ebrmendoreve kulturo historike, jo vet\u00ebm t\u00eb Kalas\u00eb, por edhe p\u00ebr ato t\u00eb Shasit dhe rethin\u00ebs. Posa\u00e7\u00ebrisht p\u00ebrmes t\u00eb TV nga vendi dhe nga Bota, kam treguar dhe ende tregoj nj\u00eb hariz\u00ebm, por edhe nj\u00eb kultur\u00eb t\u00eb gj\u00ebr\u00eb, n\u00eb ve\u00e7anti duke folur p\u00ebr historin\u00eb 2500 vje\u00e7are t\u00eb popullit ton\u00eb, t\u00eb qytetit ton\u00eb. Jam njoh\u00ebs i disa gjuh\u00ebve t\u00eb huaja, autor dhe publicist i shum\u00eb teksteve nga jeta, historia dhe kultura. Gjithashtu jam edhe autori i dy librave \u201cKALAJA, legjend\u00eb dhe art\u201d dhe \u201cULQINI, monumente, portrete, ngjarje\u201d.<br \/>\nM\u00eb duket se nuk \u00ebsht\u00eb rast\u00ebsisht i vendosur ai shkrimi n\u00eb gjuh\u00ebn latine, n\u00eb nj\u00eb sht\u00ebpi karakteristike t\u00eb bukur n\u00eb Kala.<\/p>\n<p><strong><a id=\"js_93\" class=\"taggee\" href=\"https:\/\/www.facebook.com\/ismet.karamanaga?fref=photo\" data-tag=\"1359492972\" data-hovercard=\"\/ajax\/hovercard\/hovercard.php?id=1359492972&amp;media_info=6.10208939822437016&amp;type=mediatag\">Ismet Karamanaga <\/a>Facebook<\/strong><\/p>\n<p>&nbsp;<\/p>\n","protected":false},"excerpt":{"rendered":"<p>Akademia Pegasi dekoron Ismet Karamanag\u00ebn, &#8220;Mbrojt\u00ebs e vlerave autoktone shqiptare&#8221; N\u00eb kuad\u00ebr t\u00eb nominimeve p\u00ebr krijuesit p\u00ebr vitin 2015, Lidhja nd\u00ebrkomb\u00ebtare e poeteve , shkrimtar\u00ebve dhe artisteve \u201cPEGASI\u201d Albania, n\u00eb ceremonin\u00eb e mbajtur dje n\u00eb Tiran\u00eb, ndau titujt e lart\u00eb Pegasian, p\u00ebr vitin 2015. Nd\u00ebr \u00e7mimet e ndara p\u00ebr k\u00ebt\u00eb vit ishin edhe ato p\u00ebr [&hellip;]<\/p>\n","protected":false},"author":1,"featured_media":0,"comment_status":"closed","ping_status":"closed","sticky":false,"template":"","format":"standard","meta":{"spay_email":"","jetpack_publicize_message":"","jetpack_is_tweetstorm":false,"jetpack_publicize_feature_enabled":true},"categories":[2451],"tags":[],"jetpack_publicize_connections":[],"yoast_head":"<!-- This site is optimized with the Yoast SEO plugin v19.1 - https:\/\/yoast.com\/wordpress\/plugins\/seo\/ -->\n<title>Akademia Pegasi dekoron Ismet Karamanag\u00ebn - Lajme nga Ulqini<\/title>\n<meta name=\"description\" content=\"Akademia Pegasi dekoron Ismet Karamanag\u00ebn, &quot;Mbrojt\u00ebs e vlerave autoktone shqiptare&quot; N\u00eb kuad\u00ebr t\u00eb nominimeve p\u00ebr krijuesit p\u00ebr vitin 2015, Lidhja\" \/>\n<meta name=\"robots\" content=\"index, follow, max-snippet:-1, max-image-preview:large, max-video-preview:-1\" \/>\n<link rel=\"canonical\" href=\"https:\/\/www.visit-ulcinj.com\/blog\/2016\/03\/29\/akademia-pegasi-dekoron-ismet-karamanagen\/\" \/>\n<meta property=\"og:locale\" content=\"en_US\" \/>\n<meta property=\"og:type\" content=\"article\" \/>\n<meta property=\"og:title\" content=\"Akademia Pegasi dekoron Ismet Karamanag\u00ebn - Lajme nga Ulqini\" \/>\n<meta property=\"og:description\" content=\"Akademia Pegasi dekoron Ismet Karamanag\u00ebn, &quot;Mbrojt\u00ebs e vlerave autoktone shqiptare&quot; N\u00eb kuad\u00ebr t\u00eb nominimeve p\u00ebr krijuesit p\u00ebr vitin 2015, Lidhja\" \/>\n<meta property=\"og:url\" content=\"https:\/\/www.visit-ulcinj.com\/blog\/2016\/03\/29\/akademia-pegasi-dekoron-ismet-karamanagen\/\" \/>\n<meta property=\"og:site_name\" content=\"Lajme nga Ulqini\" \/>\n<meta property=\"article:published_time\" content=\"2016-03-29T17:17:48+00:00\" \/>\n<meta name=\"twitter:label1\" content=\"Written by\" \/>\n\t<meta name=\"twitter:data1\" content=\"ulqini\" \/>\n\t<meta name=\"twitter:label2\" content=\"Est. reading time\" \/>\n\t<meta name=\"twitter:data2\" content=\"2 minutes\" \/>\n<script type=\"application\/ld+json\" class=\"yoast-schema-graph\">{\"@context\":\"https:\/\/schema.org\",\"@graph\":[{\"@type\":\"WebSite\",\"@id\":\"https:\/\/www.visit-ulcinj.com\/blog\/#website\",\"url\":\"https:\/\/www.visit-ulcinj.com\/blog\/\",\"name\":\"Lajme nga Ulqini\",\"description\":\"Lajme,Vijesti,Ulqini,Ulqin,Crna Gora,Mali i Zi\",\"potentialAction\":[{\"@type\":\"SearchAction\",\"target\":{\"@type\":\"EntryPoint\",\"urlTemplate\":\"https:\/\/www.visit-ulcinj.com\/blog\/?s={search_term_string}\"},\"query-input\":\"required name=search_term_string\"}],\"inLanguage\":\"en-US\"},{\"@type\":\"WebPage\",\"@id\":\"https:\/\/www.visit-ulcinj.com\/blog\/2016\/03\/29\/akademia-pegasi-dekoron-ismet-karamanagen\/#webpage\",\"url\":\"https:\/\/www.visit-ulcinj.com\/blog\/2016\/03\/29\/akademia-pegasi-dekoron-ismet-karamanagen\/\",\"name\":\"Akademia Pegasi dekoron Ismet Karamanag\u00ebn - Lajme nga Ulqini\",\"isPartOf\":{\"@id\":\"https:\/\/www.visit-ulcinj.com\/blog\/#website\"},\"datePublished\":\"2016-03-29T17:17:48+00:00\",\"dateModified\":\"2016-03-29T17:17:48+00:00\",\"author\":{\"@id\":\"https:\/\/www.visit-ulcinj.com\/blog\/#\/schema\/person\/dcab619c614d3038751c63bc2aadc06d\"},\"description\":\"Akademia Pegasi dekoron Ismet Karamanag\u00ebn, \\\"Mbrojt\u00ebs e vlerave autoktone shqiptare\\\" N\u00eb kuad\u00ebr t\u00eb nominimeve p\u00ebr krijuesit p\u00ebr vitin 2015, Lidhja\",\"breadcrumb\":{\"@id\":\"https:\/\/www.visit-ulcinj.com\/blog\/2016\/03\/29\/akademia-pegasi-dekoron-ismet-karamanagen\/#breadcrumb\"},\"inLanguage\":\"en-US\",\"potentialAction\":[{\"@type\":\"ReadAction\",\"target\":[\"https:\/\/www.visit-ulcinj.com\/blog\/2016\/03\/29\/akademia-pegasi-dekoron-ismet-karamanagen\/\"]}]},{\"@type\":\"BreadcrumbList\",\"@id\":\"https:\/\/www.visit-ulcinj.com\/blog\/2016\/03\/29\/akademia-pegasi-dekoron-ismet-karamanagen\/#breadcrumb\",\"itemListElement\":[{\"@type\":\"ListItem\",\"position\":1,\"name\":\"Akademia Pegasi dekoron Ismet Karamanag\u00ebn\"}]},{\"@type\":\"Person\",\"@id\":\"https:\/\/www.visit-ulcinj.com\/blog\/#\/schema\/person\/dcab619c614d3038751c63bc2aadc06d\",\"name\":\"ulqini\",\"sameAs\":[\"http:\/\/www.visit-ulcinj.com\"],\"url\":\"https:\/\/www.visit-ulcinj.com\/blog\/author\/admin\/\"}]}<\/script>\n<!-- \/ Yoast SEO plugin. -->","yoast_head_json":{"title":"Akademia Pegasi dekoron Ismet Karamanag\u00ebn - Lajme nga Ulqini","description":"Akademia Pegasi dekoron Ismet Karamanag\u00ebn, \"Mbrojt\u00ebs e vlerave autoktone shqiptare\" N\u00eb kuad\u00ebr t\u00eb nominimeve p\u00ebr krijuesit p\u00ebr vitin 2015, Lidhja","robots":{"index":"index","follow":"follow","max-snippet":"max-snippet:-1","max-image-preview":"max-image-preview:large","max-video-preview":"max-video-preview:-1"},"canonical":"https:\/\/www.visit-ulcinj.com\/blog\/2016\/03\/29\/akademia-pegasi-dekoron-ismet-karamanagen\/","og_locale":"en_US","og_type":"article","og_title":"Akademia Pegasi dekoron Ismet Karamanag\u00ebn - Lajme nga Ulqini","og_description":"Akademia Pegasi dekoron Ismet Karamanag\u00ebn, \"Mbrojt\u00ebs e vlerave autoktone shqiptare\" N\u00eb kuad\u00ebr t\u00eb nominimeve p\u00ebr krijuesit p\u00ebr vitin 2015, Lidhja","og_url":"https:\/\/www.visit-ulcinj.com\/blog\/2016\/03\/29\/akademia-pegasi-dekoron-ismet-karamanagen\/","og_site_name":"Lajme nga Ulqini","article_published_time":"2016-03-29T17:17:48+00:00","twitter_misc":{"Written by":"ulqini","Est. reading time":"2 minutes"},"schema":{"@context":"https:\/\/schema.org","@graph":[{"@type":"WebSite","@id":"https:\/\/www.visit-ulcinj.com\/blog\/#website","url":"https:\/\/www.visit-ulcinj.com\/blog\/","name":"Lajme nga Ulqini","description":"Lajme,Vijesti,Ulqini,Ulqin,Crna Gora,Mali i Zi","potentialAction":[{"@type":"SearchAction","target":{"@type":"EntryPoint","urlTemplate":"https:\/\/www.visit-ulcinj.com\/blog\/?s={search_term_string}"},"query-input":"required name=search_term_string"}],"inLanguage":"en-US"},{"@type":"WebPage","@id":"https:\/\/www.visit-ulcinj.com\/blog\/2016\/03\/29\/akademia-pegasi-dekoron-ismet-karamanagen\/#webpage","url":"https:\/\/www.visit-ulcinj.com\/blog\/2016\/03\/29\/akademia-pegasi-dekoron-ismet-karamanagen\/","name":"Akademia Pegasi dekoron Ismet Karamanag\u00ebn - Lajme nga Ulqini","isPartOf":{"@id":"https:\/\/www.visit-ulcinj.com\/blog\/#website"},"datePublished":"2016-03-29T17:17:48+00:00","dateModified":"2016-03-29T17:17:48+00:00","author":{"@id":"https:\/\/www.visit-ulcinj.com\/blog\/#\/schema\/person\/dcab619c614d3038751c63bc2aadc06d"},"description":"Akademia Pegasi dekoron Ismet Karamanag\u00ebn, \"Mbrojt\u00ebs e vlerave autoktone shqiptare\" N\u00eb kuad\u00ebr t\u00eb nominimeve p\u00ebr krijuesit p\u00ebr vitin 2015, Lidhja","breadcrumb":{"@id":"https:\/\/www.visit-ulcinj.com\/blog\/2016\/03\/29\/akademia-pegasi-dekoron-ismet-karamanagen\/#breadcrumb"},"inLanguage":"en-US","potentialAction":[{"@type":"ReadAction","target":["https:\/\/www.visit-ulcinj.com\/blog\/2016\/03\/29\/akademia-pegasi-dekoron-ismet-karamanagen\/"]}]},{"@type":"BreadcrumbList","@id":"https:\/\/www.visit-ulcinj.com\/blog\/2016\/03\/29\/akademia-pegasi-dekoron-ismet-karamanagen\/#breadcrumb","itemListElement":[{"@type":"ListItem","position":1,"name":"Akademia Pegasi dekoron Ismet Karamanag\u00ebn"}]},{"@type":"Person","@id":"https:\/\/www.visit-ulcinj.com\/blog\/#\/schema\/person\/dcab619c614d3038751c63bc2aadc06d","name":"ulqini","sameAs":["http:\/\/www.visit-ulcinj.com"],"url":"https:\/\/www.visit-ulcinj.com\/blog\/author\/admin\/"}]}},"jetpack_featured_media_url":"","jetpack_sharing_enabled":true,"jetpack_shortlink":"https:\/\/wp.me\/pe6lTn-oSS","_links":{"self":[{"href":"https:\/\/www.visit-ulcinj.com\/blog\/wp-json\/wp\/v2\/posts\/95658"}],"collection":[{"href":"https:\/\/www.visit-ulcinj.com\/blog\/wp-json\/wp\/v2\/posts"}],"about":[{"href":"https:\/\/www.visit-ulcinj.com\/blog\/wp-json\/wp\/v2\/types\/post"}],"author":[{"embeddable":true,"href":"https:\/\/www.visit-ulcinj.com\/blog\/wp-json\/wp\/v2\/users\/1"}],"replies":[{"embeddable":true,"href":"https:\/\/www.visit-ulcinj.com\/blog\/wp-json\/wp\/v2\/comments?post=95658"}],"version-history":[{"count":1,"href":"https:\/\/www.visit-ulcinj.com\/blog\/wp-json\/wp\/v2\/posts\/95658\/revisions"}],"predecessor-version":[{"id":95662,"href":"https:\/\/www.visit-ulcinj.com\/blog\/wp-json\/wp\/v2\/posts\/95658\/revisions\/95662"}],"wp:attachment":[{"href":"https:\/\/www.visit-ulcinj.com\/blog\/wp-json\/wp\/v2\/media?parent=95658"}],"wp:term":[{"taxonomy":"category","embeddable":true,"href":"https:\/\/www.visit-ulcinj.com\/blog\/wp-json\/wp\/v2\/categories?post=95658"},{"taxonomy":"post_tag","embeddable":true,"href":"https:\/\/www.visit-ulcinj.com\/blog\/wp-json\/wp\/v2\/tags?post=95658"}],"curies":[{"name":"wp","href":"https:\/\/api.w.org\/{rel}","templated":true}]}}