{"id":9568,"date":"2009-01-21T14:00:09","date_gmt":"2009-01-21T13:00:09","guid":{"rendered":"http:\/\/www.visit-ulcinj.com\/blog\/?p=9568"},"modified":"2009-01-21T14:01:33","modified_gmt":"2009-01-21T13:01:33","slug":"votimet-shkojne-ligji-mbetet","status":"publish","type":"post","link":"https:\/\/www.visit-ulcinj.com\/blog\/2009\/01\/21\/votimet-shkojne-ligji-mbetet\/","title":{"rendered":"Votimet shkojn\u00eb, ligji mbetet"},"content":{"rendered":"<p><a rel=\"attachment wp-att-9569\" href=\"http:\/\/www.visit-ulcinj.com\/blog\/2009\/01\/21\/votimet-shkojne-ligji-mbetet\/forcalogo\/\"><img loading=\"lazy\" class=\"alignleft size-full wp-image-9569\" title=\"forcalogo\" src=\"http:\/\/www.visit-ulcinj.com\/blog\/wp-content\/uploads\/2009\/01\/forcalogo.jpg\" alt=\"forcalogo\" width=\"570\" height=\"400\" \/><\/a>Ngadal\u00eb por sigurt, shteti i Malit t\u00eb Zi\u00a0 po p\u00ebrgatitet p\u00ebr zgjedhje t\u00eb reja t\u00eb cilat sipas t\u00eb gjitha gjasave duhet t\u00eb mbahen n\u00eb pranver\u00eb t\u00eb k\u00ebtij viti.<br \/>\nDerisa kalohet prej zgjedhjeve n\u00eb zgjedhje, n\u00eb kund\u00ebrshtim dhe n\u00eb m\u00ebnyre paradoksale, ngadal\u00eb po kalohet nga ligji i shkruar deri tek realizimi i tij praktik. K\u00ebshtu edhe k\u00ebto zgjedhje t\u00eb paralajm\u00ebruara jan\u00eb n\u00eb mospajtim me ligjin dhe zgjedhjet nd\u00ebrsa problemi q\u00ebndron n\u00eb faktin q\u00eb p\u00ebrs\u00ebri duan t\u00eb gabojn\u00eb aty ku mund t\u00eb themi q\u00eb Mali i Zi \u00ebsht\u00eb m\u00eb i ndiesh\u00ebm, e ajo \u00ebsht\u00eb \u00e7\u00ebshtja e pakicave komb\u00ebtare. Edhe pse me Kushtetut\u00eb \u00ebsht\u00eb e garantuar q\u00eb 5 mandate t\u00eb ndahen nd\u00ebrmjet partive shqiptare me q\u00ebllim q\u00eb t\u00eb k\u00ebnaqin p\u00ebrfaq\u00ebsimin autentik, prej t\u00eb gjith\u00eb k\u00ebsaj n\u00eb fund nuk do t\u00eb ket\u00eb asgj\u00eb.<br \/>\nSi edhe shum\u00eb her\u00eb deri m\u00eb tani, kjo gj\u00eb tregohet e komplikuar, derisa \u00ebsht\u00eb shum\u00eb e thjesht\u00eb. Pyetja \u00ebsht\u00eb se a do t\u00eb mbahen zgjedhjet duke respektuar Kushtetut\u00ebn e shtetit ose duhet q\u00eb Kushtetuta ta respektoj\u00eb politik\u00ebn e tashme t\u00eb zgjedhjeve t\u00eb shumic\u00ebs n\u00eb pushtet.<\/p>\n<p><strong>Sh\u00ebrbimi Informativ i Forc\u00ebs<\/strong><\/p>\n","protected":false},"excerpt":{"rendered":"<p>Ngadal\u00eb por sigurt, shteti i Malit t\u00eb Zi\u00a0 po p\u00ebrgatitet p\u00ebr zgjedhje t\u00eb reja t\u00eb cilat sipas t\u00eb gjitha gjasave duhet t\u00eb mbahen n\u00eb pranver\u00eb t\u00eb k\u00ebtij viti. Derisa kalohet prej zgjedhjeve n\u00eb zgjedhje, n\u00eb kund\u00ebrshtim dhe n\u00eb m\u00ebnyre paradoksale, ngadal\u00eb po kalohet nga ligji i shkruar deri tek realizimi i tij praktik. K\u00ebshtu edhe [&hellip;]<\/p>\n","protected":false},"author":1,"featured_media":0,"comment_status":"open","ping_status":"closed","sticky":false,"template":"","format":"standard","meta":{"spay_email":"","jetpack_publicize_message":"","jetpack_is_tweetstorm":false,"jetpack_publicize_feature_enabled":true},"categories":[6],"tags":[6011,874,95,200,18],"jetpack_publicize_connections":[],"yoast_head":"<!-- This site is optimized with the Yoast SEO plugin v19.1 - https:\/\/yoast.com\/wordpress\/plugins\/seo\/ -->\n<title>Votimet shkojn\u00eb, ligji mbetet - Lajme nga Ulqini<\/title>\n<meta name=\"description\" content=\"Ngadal\u00eb por sigurt, shteti i Malit t\u00eb Zi\u00a0 po p\u00ebrgatitet p\u00ebr zgjedhje t\u00eb reja t\u00eb cilat sipas t\u00eb gjitha gjasave duhet t\u00eb mbahen n\u00eb pranver\u00eb t\u00eb k\u00ebtij viti.\" \/>\n<meta name=\"robots\" content=\"index, follow, max-snippet:-1, max-image-preview:large, max-video-preview:-1\" \/>\n<link rel=\"canonical\" href=\"https:\/\/www.visit-ulcinj.com\/blog\/2009\/01\/21\/votimet-shkojne-ligji-mbetet\/\" \/>\n<meta property=\"og:locale\" content=\"en_US\" \/>\n<meta property=\"og:type\" content=\"article\" \/>\n<meta property=\"og:title\" content=\"Votimet shkojn\u00eb, ligji mbetet - Lajme nga Ulqini\" \/>\n<meta property=\"og:description\" content=\"Ngadal\u00eb por sigurt, shteti i Malit t\u00eb Zi\u00a0 po p\u00ebrgatitet p\u00ebr zgjedhje t\u00eb reja t\u00eb cilat sipas t\u00eb gjitha gjasave duhet t\u00eb mbahen n\u00eb pranver\u00eb t\u00eb k\u00ebtij viti.\" \/>\n<meta property=\"og:url\" content=\"https:\/\/www.visit-ulcinj.com\/blog\/2009\/01\/21\/votimet-shkojne-ligji-mbetet\/\" \/>\n<meta property=\"og:site_name\" content=\"Lajme nga Ulqini\" \/>\n<meta property=\"article:published_time\" content=\"2009-01-21T13:00:09+00:00\" \/>\n<meta property=\"article:modified_time\" content=\"2009-01-21T13:01:33+00:00\" \/>\n<meta property=\"og:image\" content=\"http:\/\/www.visit-ulcinj.com\/blog\/wp-content\/uploads\/2009\/01\/forcalogo.jpg\" \/>\n<meta name=\"twitter:label1\" content=\"Written by\" \/>\n\t<meta name=\"twitter:data1\" content=\"ulqini\" \/>\n\t<meta name=\"twitter:label2\" content=\"Est. reading time\" \/>\n\t<meta name=\"twitter:data2\" content=\"1 minute\" \/>\n<script type=\"application\/ld+json\" class=\"yoast-schema-graph\">{\"@context\":\"https:\/\/schema.org\",\"@graph\":[{\"@type\":\"WebSite\",\"@id\":\"https:\/\/www.visit-ulcinj.com\/blog\/#website\",\"url\":\"https:\/\/www.visit-ulcinj.com\/blog\/\",\"name\":\"Lajme nga Ulqini\",\"description\":\"Lajme,Vijesti,Ulqini,Ulqin,Crna Gora,Mali i Zi\",\"potentialAction\":[{\"@type\":\"SearchAction\",\"target\":{\"@type\":\"EntryPoint\",\"urlTemplate\":\"https:\/\/www.visit-ulcinj.com\/blog\/?s={search_term_string}\"},\"query-input\":\"required name=search_term_string\"}],\"inLanguage\":\"en-US\"},{\"@type\":\"ImageObject\",\"inLanguage\":\"en-US\",\"@id\":\"https:\/\/www.visit-ulcinj.com\/blog\/2009\/01\/21\/votimet-shkojne-ligji-mbetet\/#primaryimage\",\"url\":\"https:\/\/www.visit-ulcinj.com\/blog\/wp-content\/uploads\/2009\/01\/forcalogo.jpg\",\"contentUrl\":\"https:\/\/www.visit-ulcinj.com\/blog\/wp-content\/uploads\/2009\/01\/forcalogo.jpg\",\"width\":\"500\",\"height\":\"481\"},{\"@type\":\"WebPage\",\"@id\":\"https:\/\/www.visit-ulcinj.com\/blog\/2009\/01\/21\/votimet-shkojne-ligji-mbetet\/#webpage\",\"url\":\"https:\/\/www.visit-ulcinj.com\/blog\/2009\/01\/21\/votimet-shkojne-ligji-mbetet\/\",\"name\":\"Votimet shkojn\u00eb, ligji mbetet - Lajme nga Ulqini\",\"isPartOf\":{\"@id\":\"https:\/\/www.visit-ulcinj.com\/blog\/#website\"},\"primaryImageOfPage\":{\"@id\":\"https:\/\/www.visit-ulcinj.com\/blog\/2009\/01\/21\/votimet-shkojne-ligji-mbetet\/#primaryimage\"},\"datePublished\":\"2009-01-21T13:00:09+00:00\",\"dateModified\":\"2009-01-21T13:01:33+00:00\",\"author\":{\"@id\":\"https:\/\/www.visit-ulcinj.com\/blog\/#\/schema\/person\/dcab619c614d3038751c63bc2aadc06d\"},\"description\":\"Ngadal\u00eb por sigurt, shteti i Malit t\u00eb Zi\u00a0 po p\u00ebrgatitet p\u00ebr zgjedhje t\u00eb reja t\u00eb cilat sipas t\u00eb gjitha gjasave duhet t\u00eb mbahen n\u00eb pranver\u00eb t\u00eb k\u00ebtij viti.\",\"breadcrumb\":{\"@id\":\"https:\/\/www.visit-ulcinj.com\/blog\/2009\/01\/21\/votimet-shkojne-ligji-mbetet\/#breadcrumb\"},\"inLanguage\":\"en-US\",\"potentialAction\":[{\"@type\":\"ReadAction\",\"target\":[\"https:\/\/www.visit-ulcinj.com\/blog\/2009\/01\/21\/votimet-shkojne-ligji-mbetet\/\"]}]},{\"@type\":\"BreadcrumbList\",\"@id\":\"https:\/\/www.visit-ulcinj.com\/blog\/2009\/01\/21\/votimet-shkojne-ligji-mbetet\/#breadcrumb\",\"itemListElement\":[{\"@type\":\"ListItem\",\"position\":1,\"name\":\"Votimet shkojn\u00eb, ligji mbetet\"}]},{\"@type\":\"Person\",\"@id\":\"https:\/\/www.visit-ulcinj.com\/blog\/#\/schema\/person\/dcab619c614d3038751c63bc2aadc06d\",\"name\":\"ulqini\",\"sameAs\":[\"http:\/\/www.visit-ulcinj.com\"],\"url\":\"https:\/\/www.visit-ulcinj.com\/blog\/author\/admin\/\"}]}<\/script>\n<!-- \/ Yoast SEO plugin. -->","yoast_head_json":{"title":"Votimet shkojn\u00eb, ligji mbetet - Lajme nga Ulqini","description":"Ngadal\u00eb por sigurt, shteti i Malit t\u00eb Zi\u00a0 po p\u00ebrgatitet p\u00ebr zgjedhje t\u00eb reja t\u00eb cilat sipas t\u00eb gjitha gjasave duhet t\u00eb mbahen n\u00eb pranver\u00eb t\u00eb k\u00ebtij viti.","robots":{"index":"index","follow":"follow","max-snippet":"max-snippet:-1","max-image-preview":"max-image-preview:large","max-video-preview":"max-video-preview:-1"},"canonical":"https:\/\/www.visit-ulcinj.com\/blog\/2009\/01\/21\/votimet-shkojne-ligji-mbetet\/","og_locale":"en_US","og_type":"article","og_title":"Votimet shkojn\u00eb, ligji mbetet - Lajme nga Ulqini","og_description":"Ngadal\u00eb por sigurt, shteti i Malit t\u00eb Zi\u00a0 po p\u00ebrgatitet p\u00ebr zgjedhje t\u00eb reja t\u00eb cilat sipas t\u00eb gjitha gjasave duhet t\u00eb mbahen n\u00eb pranver\u00eb t\u00eb k\u00ebtij viti.","og_url":"https:\/\/www.visit-ulcinj.com\/blog\/2009\/01\/21\/votimet-shkojne-ligji-mbetet\/","og_site_name":"Lajme nga Ulqini","article_published_time":"2009-01-21T13:00:09+00:00","article_modified_time":"2009-01-21T13:01:33+00:00","og_image":[{"url":"http:\/\/www.visit-ulcinj.com\/blog\/wp-content\/uploads\/2009\/01\/forcalogo.jpg"}],"twitter_misc":{"Written by":"ulqini","Est. reading time":"1 minute"},"schema":{"@context":"https:\/\/schema.org","@graph":[{"@type":"WebSite","@id":"https:\/\/www.visit-ulcinj.com\/blog\/#website","url":"https:\/\/www.visit-ulcinj.com\/blog\/","name":"Lajme nga Ulqini","description":"Lajme,Vijesti,Ulqini,Ulqin,Crna Gora,Mali i Zi","potentialAction":[{"@type":"SearchAction","target":{"@type":"EntryPoint","urlTemplate":"https:\/\/www.visit-ulcinj.com\/blog\/?s={search_term_string}"},"query-input":"required name=search_term_string"}],"inLanguage":"en-US"},{"@type":"ImageObject","inLanguage":"en-US","@id":"https:\/\/www.visit-ulcinj.com\/blog\/2009\/01\/21\/votimet-shkojne-ligji-mbetet\/#primaryimage","url":"https:\/\/www.visit-ulcinj.com\/blog\/wp-content\/uploads\/2009\/01\/forcalogo.jpg","contentUrl":"https:\/\/www.visit-ulcinj.com\/blog\/wp-content\/uploads\/2009\/01\/forcalogo.jpg","width":"500","height":"481"},{"@type":"WebPage","@id":"https:\/\/www.visit-ulcinj.com\/blog\/2009\/01\/21\/votimet-shkojne-ligji-mbetet\/#webpage","url":"https:\/\/www.visit-ulcinj.com\/blog\/2009\/01\/21\/votimet-shkojne-ligji-mbetet\/","name":"Votimet shkojn\u00eb, ligji mbetet - Lajme nga Ulqini","isPartOf":{"@id":"https:\/\/www.visit-ulcinj.com\/blog\/#website"},"primaryImageOfPage":{"@id":"https:\/\/www.visit-ulcinj.com\/blog\/2009\/01\/21\/votimet-shkojne-ligji-mbetet\/#primaryimage"},"datePublished":"2009-01-21T13:00:09+00:00","dateModified":"2009-01-21T13:01:33+00:00","author":{"@id":"https:\/\/www.visit-ulcinj.com\/blog\/#\/schema\/person\/dcab619c614d3038751c63bc2aadc06d"},"description":"Ngadal\u00eb por sigurt, shteti i Malit t\u00eb Zi\u00a0 po p\u00ebrgatitet p\u00ebr zgjedhje t\u00eb reja t\u00eb cilat sipas t\u00eb gjitha gjasave duhet t\u00eb mbahen n\u00eb pranver\u00eb t\u00eb k\u00ebtij viti.","breadcrumb":{"@id":"https:\/\/www.visit-ulcinj.com\/blog\/2009\/01\/21\/votimet-shkojne-ligji-mbetet\/#breadcrumb"},"inLanguage":"en-US","potentialAction":[{"@type":"ReadAction","target":["https:\/\/www.visit-ulcinj.com\/blog\/2009\/01\/21\/votimet-shkojne-ligji-mbetet\/"]}]},{"@type":"BreadcrumbList","@id":"https:\/\/www.visit-ulcinj.com\/blog\/2009\/01\/21\/votimet-shkojne-ligji-mbetet\/#breadcrumb","itemListElement":[{"@type":"ListItem","position":1,"name":"Votimet shkojn\u00eb, ligji mbetet"}]},{"@type":"Person","@id":"https:\/\/www.visit-ulcinj.com\/blog\/#\/schema\/person\/dcab619c614d3038751c63bc2aadc06d","name":"ulqini","sameAs":["http:\/\/www.visit-ulcinj.com"],"url":"https:\/\/www.visit-ulcinj.com\/blog\/author\/admin\/"}]}},"jetpack_featured_media_url":"","jetpack_sharing_enabled":true,"jetpack_shortlink":"https:\/\/wp.me\/pe6lTn-2uk","_links":{"self":[{"href":"https:\/\/www.visit-ulcinj.com\/blog\/wp-json\/wp\/v2\/posts\/9568"}],"collection":[{"href":"https:\/\/www.visit-ulcinj.com\/blog\/wp-json\/wp\/v2\/posts"}],"about":[{"href":"https:\/\/www.visit-ulcinj.com\/blog\/wp-json\/wp\/v2\/types\/post"}],"author":[{"embeddable":true,"href":"https:\/\/www.visit-ulcinj.com\/blog\/wp-json\/wp\/v2\/users\/1"}],"replies":[{"embeddable":true,"href":"https:\/\/www.visit-ulcinj.com\/blog\/wp-json\/wp\/v2\/comments?post=9568"}],"version-history":[{"count":0,"href":"https:\/\/www.visit-ulcinj.com\/blog\/wp-json\/wp\/v2\/posts\/9568\/revisions"}],"wp:attachment":[{"href":"https:\/\/www.visit-ulcinj.com\/blog\/wp-json\/wp\/v2\/media?parent=9568"}],"wp:term":[{"taxonomy":"category","embeddable":true,"href":"https:\/\/www.visit-ulcinj.com\/blog\/wp-json\/wp\/v2\/categories?post=9568"},{"taxonomy":"post_tag","embeddable":true,"href":"https:\/\/www.visit-ulcinj.com\/blog\/wp-json\/wp\/v2\/tags?post=9568"}],"curies":[{"name":"wp","href":"https:\/\/api.w.org\/{rel}","templated":true}]}}