{"id":95686,"date":"2016-03-30T18:07:50","date_gmt":"2016-03-30T17:07:50","guid":{"rendered":"http:\/\/www.visit-ulcinj.com\/blog\/?p=95686"},"modified":"2016-03-30T18:07:50","modified_gmt":"2016-03-30T17:07:50","slug":"obracanje-dritana-abazovica-manjinski-narodi-da-ne-sluze-za-politicku-trgovinu","status":"publish","type":"post","link":"https:\/\/www.visit-ulcinj.com\/blog\/2016\/03\/30\/obracanje-dritana-abazovica-manjinski-narodi-da-ne-sluze-za-politicku-trgovinu\/","title":{"rendered":"Obra\u0107anje Dritana Abazovi\u0107a : Manjinski narodi da ne slu\u017ee za politi\u010dku trgovinu"},"content":{"rendered":"<p><strong><a href=\"http:\/\/www.visit-ulcinj.com\/blog\/wp-content\/uploads\/2016\/03\/Obracanje-Dritana-Abazovica.jpg\"><img loading=\"lazy\" class=\"alignleft wp-image-95687\" src=\"http:\/\/www.visit-ulcinj.com\/blog\/wp-content\/uploads\/2016\/03\/Obracanje-Dritana-Abazovica.jpg\" alt=\"Obracanje Dritana Abazovica\" width=\"508\" height=\"319\" srcset=\"https:\/\/www.visit-ulcinj.com\/blog\/wp-content\/uploads\/2016\/03\/Obracanje-Dritana-Abazovica.jpg 560w, https:\/\/www.visit-ulcinj.com\/blog\/wp-content\/uploads\/2016\/03\/Obracanje-Dritana-Abazovica-300x189.jpg 300w\" sizes=\"(max-width: 508px) 100vw, 508px\" \/><\/a>Kako je rekao, podru\u010dja gdje \u017eive manjinski narodi danas u Crnoj Gori, najsiroma\u0161nija su u zemlji<\/strong><\/p>\n<p>Situacija, u kojoj manjinski narodi slu\u017ee za potkusurivanje i politi\u010dku trgovinu, mora da se promijeni, poru\u010deno je iz Gra\u0111anskog pokreta URA.<\/p>\n<p>Potpredsjednik Dritan Abazovi\u0107, saop\u0161tio je da je URA najiskreniji prijatelj manjinskih naroda u Crnoj Gori.<\/p>\n<p>Kako je rekao, podru\u010dja gdje \u017eive manjinski narodi danas u Crnoj Gori, najsiroma\u0161nija su u zemlji.<\/p>\n<p>Prema njegovim rije\u010dima, URA \u0107e se zalagati da to tako vi\u0161e ne bude, da sudbina svih naroda bude zaista vezana za sudbinu Crne Gore na pravedan na\u010din, \u0161to trenutno nije slu\u010daj.<\/p>\n<p>\u201eMi mislimo da manjinski narodi ne treba da budu za\u0161ti\u0107eni samo formalno i kroz zakone. Mi mislimo da dana\u0161nja situacija, u kojoj manjinski narodi slu\u017ee za potkusurivanje i politi\u010dku trgovinu, mora da se promijeni\u201c, saop\u0161tio je Abazovi\u0107.<\/p>\n<p>Prema njegovim rije\u010dima, nije bitno koliko je neki narod zastupljen broj\u010dano u Crnoj Gori. \u201eMi se zala\u017eemo za zemlju gdje \u0107e svi imati jednaka prava, jednako biti inkorporirani bez ikakvih razlika i u institucije sistema i u ekonomski razvoj Crne Gore\u201c.<\/p>\n<p>\u201eNajve\u0107a prednost Crne Gore, na koju smo ponosni, jeste njena nacionalna raznolikost. U\u010dini\u0107emo da ona bude funkcionalna u svakom smislu i da ne bude, kao \u0161to je do sada bio slu\u010daj, predmet raznih trgovina\u201c, kazao je Abazovi\u0107.<\/p>\n<p><strong>Izvor: MINA \/ Vijesti<\/strong><\/p>\n<!--YouTube Error: bad URL entered-->\n<p>&nbsp;<\/p>\n","protected":false},"excerpt":{"rendered":"<p>Kako je rekao, podru\u010dja gdje \u017eive manjinski narodi danas u Crnoj Gori, najsiroma\u0161nija su u zemlji Situacija, u kojoj manjinski narodi slu\u017ee za potkusurivanje i politi\u010dku trgovinu, mora da se promijeni, poru\u010deno je iz Gra\u0111anskog pokreta URA. Potpredsjednik Dritan Abazovi\u0107, saop\u0161tio je da je URA najiskreniji prijatelj manjinskih naroda u Crnoj Gori. Kako je rekao, [&hellip;]<\/p>\n","protected":false},"author":1,"featured_media":0,"comment_status":"closed","ping_status":"closed","sticky":false,"template":"","format":"standard","meta":{"spay_email":"","jetpack_publicize_message":"","jetpack_is_tweetstorm":false,"jetpack_publicize_feature_enabled":true},"categories":[8337],"tags":[],"jetpack_publicize_connections":[],"yoast_head":"<!-- This site is optimized with the Yoast SEO plugin v19.1 - https:\/\/yoast.com\/wordpress\/plugins\/seo\/ -->\n<title>Obra\u0107anje Dritana Abazovi\u0107a : Manjinski narodi da ne slu\u017ee za politi\u010dku trgovinu - Lajme nga Ulqini<\/title>\n<meta name=\"description\" content=\"Kako je rekao, podru\u010dja gdje \u017eive manjinski narodi danas u Crnoj Gori, najsiroma\u0161nija su u zemlji Situacija, u kojoj manjinski narodi slu\u017ee za\" \/>\n<meta name=\"robots\" content=\"index, follow, max-snippet:-1, max-image-preview:large, max-video-preview:-1\" \/>\n<link rel=\"canonical\" href=\"https:\/\/www.visit-ulcinj.com\/blog\/2016\/03\/30\/obracanje-dritana-abazovica-manjinski-narodi-da-ne-sluze-za-politicku-trgovinu\/\" \/>\n<meta property=\"og:locale\" content=\"en_US\" \/>\n<meta property=\"og:type\" content=\"article\" \/>\n<meta property=\"og:title\" content=\"Obra\u0107anje Dritana Abazovi\u0107a : Manjinski narodi da ne slu\u017ee za politi\u010dku trgovinu - Lajme nga Ulqini\" \/>\n<meta property=\"og:description\" content=\"Kako je rekao, podru\u010dja gdje \u017eive manjinski narodi danas u Crnoj Gori, najsiroma\u0161nija su u zemlji Situacija, u kojoj manjinski narodi slu\u017ee za\" \/>\n<meta property=\"og:url\" content=\"https:\/\/www.visit-ulcinj.com\/blog\/2016\/03\/30\/obracanje-dritana-abazovica-manjinski-narodi-da-ne-sluze-za-politicku-trgovinu\/\" \/>\n<meta property=\"og:site_name\" content=\"Lajme nga Ulqini\" \/>\n<meta property=\"article:published_time\" content=\"2016-03-30T17:07:50+00:00\" \/>\n<meta property=\"og:image\" content=\"http:\/\/www.visit-ulcinj.com\/blog\/wp-content\/uploads\/2016\/03\/Obracanje-Dritana-Abazovica.jpg\" \/>\n<meta name=\"twitter:label1\" content=\"Written by\" \/>\n\t<meta name=\"twitter:data1\" content=\"ulqini\" \/>\n\t<meta name=\"twitter:label2\" content=\"Est. reading time\" \/>\n\t<meta name=\"twitter:data2\" content=\"1 minute\" \/>\n<script type=\"application\/ld+json\" class=\"yoast-schema-graph\">{\"@context\":\"https:\/\/schema.org\",\"@graph\":[{\"@type\":\"WebSite\",\"@id\":\"https:\/\/www.visit-ulcinj.com\/blog\/#website\",\"url\":\"https:\/\/www.visit-ulcinj.com\/blog\/\",\"name\":\"Lajme nga Ulqini\",\"description\":\"Lajme,Vijesti,Ulqini,Ulqin,Crna Gora,Mali i Zi\",\"potentialAction\":[{\"@type\":\"SearchAction\",\"target\":{\"@type\":\"EntryPoint\",\"urlTemplate\":\"https:\/\/www.visit-ulcinj.com\/blog\/?s={search_term_string}\"},\"query-input\":\"required name=search_term_string\"}],\"inLanguage\":\"en-US\"},{\"@type\":\"ImageObject\",\"inLanguage\":\"en-US\",\"@id\":\"https:\/\/www.visit-ulcinj.com\/blog\/2016\/03\/30\/obracanje-dritana-abazovica-manjinski-narodi-da-ne-sluze-za-politicku-trgovinu\/#primaryimage\",\"url\":\"https:\/\/www.visit-ulcinj.com\/blog\/wp-content\/uploads\/2016\/03\/Obracanje-Dritana-Abazovica.jpg\",\"contentUrl\":\"https:\/\/www.visit-ulcinj.com\/blog\/wp-content\/uploads\/2016\/03\/Obracanje-Dritana-Abazovica.jpg\",\"width\":560,\"height\":352},{\"@type\":\"WebPage\",\"@id\":\"https:\/\/www.visit-ulcinj.com\/blog\/2016\/03\/30\/obracanje-dritana-abazovica-manjinski-narodi-da-ne-sluze-za-politicku-trgovinu\/#webpage\",\"url\":\"https:\/\/www.visit-ulcinj.com\/blog\/2016\/03\/30\/obracanje-dritana-abazovica-manjinski-narodi-da-ne-sluze-za-politicku-trgovinu\/\",\"name\":\"Obra\u0107anje Dritana Abazovi\u0107a : Manjinski narodi da ne slu\u017ee za politi\u010dku trgovinu - Lajme nga Ulqini\",\"isPartOf\":{\"@id\":\"https:\/\/www.visit-ulcinj.com\/blog\/#website\"},\"primaryImageOfPage\":{\"@id\":\"https:\/\/www.visit-ulcinj.com\/blog\/2016\/03\/30\/obracanje-dritana-abazovica-manjinski-narodi-da-ne-sluze-za-politicku-trgovinu\/#primaryimage\"},\"datePublished\":\"2016-03-30T17:07:50+00:00\",\"dateModified\":\"2016-03-30T17:07:50+00:00\",\"author\":{\"@id\":\"https:\/\/www.visit-ulcinj.com\/blog\/#\/schema\/person\/dcab619c614d3038751c63bc2aadc06d\"},\"description\":\"Kako je rekao, podru\u010dja gdje \u017eive manjinski narodi danas u Crnoj Gori, najsiroma\u0161nija su u zemlji Situacija, u kojoj manjinski narodi slu\u017ee za\",\"breadcrumb\":{\"@id\":\"https:\/\/www.visit-ulcinj.com\/blog\/2016\/03\/30\/obracanje-dritana-abazovica-manjinski-narodi-da-ne-sluze-za-politicku-trgovinu\/#breadcrumb\"},\"inLanguage\":\"en-US\",\"potentialAction\":[{\"@type\":\"ReadAction\",\"target\":[\"https:\/\/www.visit-ulcinj.com\/blog\/2016\/03\/30\/obracanje-dritana-abazovica-manjinski-narodi-da-ne-sluze-za-politicku-trgovinu\/\"]}]},{\"@type\":\"BreadcrumbList\",\"@id\":\"https:\/\/www.visit-ulcinj.com\/blog\/2016\/03\/30\/obracanje-dritana-abazovica-manjinski-narodi-da-ne-sluze-za-politicku-trgovinu\/#breadcrumb\",\"itemListElement\":[{\"@type\":\"ListItem\",\"position\":1,\"name\":\"Obra\u0107anje Dritana Abazovi\u0107a : Manjinski narodi da ne slu\u017ee za politi\u010dku trgovinu\"}]},{\"@type\":\"Person\",\"@id\":\"https:\/\/www.visit-ulcinj.com\/blog\/#\/schema\/person\/dcab619c614d3038751c63bc2aadc06d\",\"name\":\"ulqini\",\"sameAs\":[\"http:\/\/www.visit-ulcinj.com\"],\"url\":\"https:\/\/www.visit-ulcinj.com\/blog\/author\/admin\/\"}]}<\/script>\n<!-- \/ Yoast SEO plugin. -->","yoast_head_json":{"title":"Obra\u0107anje Dritana Abazovi\u0107a : Manjinski narodi da ne slu\u017ee za politi\u010dku trgovinu - Lajme nga Ulqini","description":"Kako je rekao, podru\u010dja gdje \u017eive manjinski narodi danas u Crnoj Gori, najsiroma\u0161nija su u zemlji Situacija, u kojoj manjinski narodi slu\u017ee za","robots":{"index":"index","follow":"follow","max-snippet":"max-snippet:-1","max-image-preview":"max-image-preview:large","max-video-preview":"max-video-preview:-1"},"canonical":"https:\/\/www.visit-ulcinj.com\/blog\/2016\/03\/30\/obracanje-dritana-abazovica-manjinski-narodi-da-ne-sluze-za-politicku-trgovinu\/","og_locale":"en_US","og_type":"article","og_title":"Obra\u0107anje Dritana Abazovi\u0107a : Manjinski narodi da ne slu\u017ee za politi\u010dku trgovinu - Lajme nga Ulqini","og_description":"Kako je rekao, podru\u010dja gdje \u017eive manjinski narodi danas u Crnoj Gori, najsiroma\u0161nija su u zemlji Situacija, u kojoj manjinski narodi slu\u017ee za","og_url":"https:\/\/www.visit-ulcinj.com\/blog\/2016\/03\/30\/obracanje-dritana-abazovica-manjinski-narodi-da-ne-sluze-za-politicku-trgovinu\/","og_site_name":"Lajme nga Ulqini","article_published_time":"2016-03-30T17:07:50+00:00","og_image":[{"url":"http:\/\/www.visit-ulcinj.com\/blog\/wp-content\/uploads\/2016\/03\/Obracanje-Dritana-Abazovica.jpg"}],"twitter_misc":{"Written by":"ulqini","Est. reading time":"1 minute"},"schema":{"@context":"https:\/\/schema.org","@graph":[{"@type":"WebSite","@id":"https:\/\/www.visit-ulcinj.com\/blog\/#website","url":"https:\/\/www.visit-ulcinj.com\/blog\/","name":"Lajme nga Ulqini","description":"Lajme,Vijesti,Ulqini,Ulqin,Crna Gora,Mali i Zi","potentialAction":[{"@type":"SearchAction","target":{"@type":"EntryPoint","urlTemplate":"https:\/\/www.visit-ulcinj.com\/blog\/?s={search_term_string}"},"query-input":"required name=search_term_string"}],"inLanguage":"en-US"},{"@type":"ImageObject","inLanguage":"en-US","@id":"https:\/\/www.visit-ulcinj.com\/blog\/2016\/03\/30\/obracanje-dritana-abazovica-manjinski-narodi-da-ne-sluze-za-politicku-trgovinu\/#primaryimage","url":"https:\/\/www.visit-ulcinj.com\/blog\/wp-content\/uploads\/2016\/03\/Obracanje-Dritana-Abazovica.jpg","contentUrl":"https:\/\/www.visit-ulcinj.com\/blog\/wp-content\/uploads\/2016\/03\/Obracanje-Dritana-Abazovica.jpg","width":560,"height":352},{"@type":"WebPage","@id":"https:\/\/www.visit-ulcinj.com\/blog\/2016\/03\/30\/obracanje-dritana-abazovica-manjinski-narodi-da-ne-sluze-za-politicku-trgovinu\/#webpage","url":"https:\/\/www.visit-ulcinj.com\/blog\/2016\/03\/30\/obracanje-dritana-abazovica-manjinski-narodi-da-ne-sluze-za-politicku-trgovinu\/","name":"Obra\u0107anje Dritana Abazovi\u0107a : Manjinski narodi da ne slu\u017ee za politi\u010dku trgovinu - Lajme nga Ulqini","isPartOf":{"@id":"https:\/\/www.visit-ulcinj.com\/blog\/#website"},"primaryImageOfPage":{"@id":"https:\/\/www.visit-ulcinj.com\/blog\/2016\/03\/30\/obracanje-dritana-abazovica-manjinski-narodi-da-ne-sluze-za-politicku-trgovinu\/#primaryimage"},"datePublished":"2016-03-30T17:07:50+00:00","dateModified":"2016-03-30T17:07:50+00:00","author":{"@id":"https:\/\/www.visit-ulcinj.com\/blog\/#\/schema\/person\/dcab619c614d3038751c63bc2aadc06d"},"description":"Kako je rekao, podru\u010dja gdje \u017eive manjinski narodi danas u Crnoj Gori, najsiroma\u0161nija su u zemlji Situacija, u kojoj manjinski narodi slu\u017ee za","breadcrumb":{"@id":"https:\/\/www.visit-ulcinj.com\/blog\/2016\/03\/30\/obracanje-dritana-abazovica-manjinski-narodi-da-ne-sluze-za-politicku-trgovinu\/#breadcrumb"},"inLanguage":"en-US","potentialAction":[{"@type":"ReadAction","target":["https:\/\/www.visit-ulcinj.com\/blog\/2016\/03\/30\/obracanje-dritana-abazovica-manjinski-narodi-da-ne-sluze-za-politicku-trgovinu\/"]}]},{"@type":"BreadcrumbList","@id":"https:\/\/www.visit-ulcinj.com\/blog\/2016\/03\/30\/obracanje-dritana-abazovica-manjinski-narodi-da-ne-sluze-za-politicku-trgovinu\/#breadcrumb","itemListElement":[{"@type":"ListItem","position":1,"name":"Obra\u0107anje Dritana Abazovi\u0107a : Manjinski narodi da ne slu\u017ee za politi\u010dku trgovinu"}]},{"@type":"Person","@id":"https:\/\/www.visit-ulcinj.com\/blog\/#\/schema\/person\/dcab619c614d3038751c63bc2aadc06d","name":"ulqini","sameAs":["http:\/\/www.visit-ulcinj.com"],"url":"https:\/\/www.visit-ulcinj.com\/blog\/author\/admin\/"}]}},"jetpack_featured_media_url":"","jetpack_sharing_enabled":true,"jetpack_shortlink":"https:\/\/wp.me\/pe6lTn-oTk","_links":{"self":[{"href":"https:\/\/www.visit-ulcinj.com\/blog\/wp-json\/wp\/v2\/posts\/95686"}],"collection":[{"href":"https:\/\/www.visit-ulcinj.com\/blog\/wp-json\/wp\/v2\/posts"}],"about":[{"href":"https:\/\/www.visit-ulcinj.com\/blog\/wp-json\/wp\/v2\/types\/post"}],"author":[{"embeddable":true,"href":"https:\/\/www.visit-ulcinj.com\/blog\/wp-json\/wp\/v2\/users\/1"}],"replies":[{"embeddable":true,"href":"https:\/\/www.visit-ulcinj.com\/blog\/wp-json\/wp\/v2\/comments?post=95686"}],"version-history":[{"count":1,"href":"https:\/\/www.visit-ulcinj.com\/blog\/wp-json\/wp\/v2\/posts\/95686\/revisions"}],"predecessor-version":[{"id":95688,"href":"https:\/\/www.visit-ulcinj.com\/blog\/wp-json\/wp\/v2\/posts\/95686\/revisions\/95688"}],"wp:attachment":[{"href":"https:\/\/www.visit-ulcinj.com\/blog\/wp-json\/wp\/v2\/media?parent=95686"}],"wp:term":[{"taxonomy":"category","embeddable":true,"href":"https:\/\/www.visit-ulcinj.com\/blog\/wp-json\/wp\/v2\/categories?post=95686"},{"taxonomy":"post_tag","embeddable":true,"href":"https:\/\/www.visit-ulcinj.com\/blog\/wp-json\/wp\/v2\/tags?post=95686"}],"curies":[{"name":"wp","href":"https:\/\/api.w.org\/{rel}","templated":true}]}}