{"id":957,"date":"2008-03-19T13:42:24","date_gmt":"2008-03-19T18:42:24","guid":{"rendered":"http:\/\/www.visit-ulcinj.com\/blog\/2008\/03\/19\/ljubisa-perovic-nije-dubai-za-maslinjake\/"},"modified":"2008-11-25T16:21:15","modified_gmt":"2008-11-25T15:21:15","slug":"ljubisa-perovic-nije-dubai-za-maslinjake","status":"publish","type":"post","link":"https:\/\/www.visit-ulcinj.com\/blog\/2008\/03\/19\/ljubisa-perovic-nije-dubai-za-maslinjake\/","title":{"rendered":"Ljubi\u0161a Perovi?: Nije Dubai za maslinjake"},"content":{"rendered":"<p><a title=\"Dubai_Ulcinj\" href=\"http:\/\/www.visit-ulcinj.com\/blog\/wp-content\/uploads\/2008\/03\/dubai-skyline.jpg\"><img loading=\"lazy\" src=\"http:\/\/www.visit-ulcinj.com\/blog\/wp-content\/uploads\/2008\/03\/dubai-skyline.thumbnail.jpg\" alt=\"Dubai_Ulcinj\" width=\"200\" height=\"150\" align=\"left\" \/><\/a>Podgorica (MINA) &#8211; U Crnoj Gori su brojna, jasna i svakodnevna ozbiljna naru\u0161avanja \u017eivotne sredine i nepo\u0161tovanja principa odr\u017eivog razvoja, ?ime se ugro\u017eavaju perspektive njenog harmoni?nog i prosperitetnog razvoja &#8211; ocijenio je ju?e \u0161ef Kancelarije za odr\u017eivi razvoj Ljubi\u0161a Perovi?.<br \/>\nOn je na konferenciji &#8220;Nacionalna strategija odr\u017eivog razvoja (NSOR), nacionalni parkovi i za\u0161ti?ena podru?ja u Crnoj Gori &#8211; izazov za prostorno planiranje&#8221; podsjetio da je Crna Gora prije nekoliko godina &#8220;oja?ala namjeru da razvija ekolo\u0161ku dr\u017eavu na principima odr\u017eivosti&#8221;.<br \/>\n&#8211; Osnovan je Nacionalni savjet za odr\u017eivi razvoj, usvojena su strate\u0161ka dokumenta kao \u0161to su Pravci razvoja Crne Gore ekolo\u0161ke dr\u017eave, NSOR, potpisane su va\u017ene me?unarodne konvencije &#8211; kazao je Perovi?, dodaju?i da se i u Ustavu navodi da je Crna Gora ekolo\u0161ka dr\u017eava.<a title=\"Ljubi\u0161a Perovi?\" href=\"http:\/\/www.visit-ulcinj.com\/blog\/wp-content\/uploads\/2008\/03\/ljubisa-perovic.jpg\"><img loading=\"lazy\" src=\"http:\/\/www.visit-ulcinj.com\/blog\/wp-content\/uploads\/2008\/03\/ljubisa-perovic.thumbnail.jpg\" alt=\"Ljubi\u0161a Perovi?\" width=\"90\" height=\"200\" align=\"right\" \/><\/a><br \/>\nPrema njegovim rije?ima, i nezavisno od toga postoje brojni i sna\u017eni argumenti da je orijentacija Crne Gore ka takvom razvoju superiorno rje\u0161enje.<br \/>\n&#8211; Me?utim, situacija na terenu nije adekvatna &#8211; smatra on i navodi da i Drugi izvje\u0161taj Ekonomske komisije Ujedinjenih nacija za Evropu, koji je Vlada usvojila, konstatuje da stanje \u017eivotne sredine nije dobro i da postoji jaz izme?u proklamovanih odluka i dokumenata i njihove implementacije.<br \/>\nPerovi? je kao ilustraciju &#8220;zabrinjavaju?ih trendova&#8221; naveo viziju <a title=\"ulcinj,ulqini,ulqin,montenegro\" href=\"http:\/\/www.visit-ulcinj.com\/gallery\/main.php\" target=\"_blank\">Velike ulcinjske pla\u017ee<\/a> koju nudi ma?arska kompanija Trigranit, a koja predvi?a veliki broj solitera na obali i du\u017e rijeke <a title=\"ulcinj,ulqini,ulqin,montenegro\" href=\"http:\/\/www.visit-ulcinj.com\/gallery\/main.php\" target=\"_blank\">Bojane.<\/a><br \/>\n&#8211; U Crnoj Gori se, u posljednje vrijeme, nude razli?iti modeli kao uzori razvoja, pri ?emu prednja?i primjer Dubaija koji se, prili?no nekriti?ki, ve? prihvata u na\u0161oj razvojnoj filozofiji i praksi &#8211; kazao je on.<br \/>\nPerovi? je kazao da je Crna Gora jedinstvena i specifi?na i da zato treba mudro i samostalno da odlu?i o razvoju koji podrazumijeva prosperitet za sada\u0161nje, ali i za budu?e generacije.<br \/>\n&#8211; I da ona bude uzor za druge. Nijesam siguran da je sje?a maslina i izgradnja desetina hiljada stanova na pre?a\u0161njim vinogradima, i nastajanje urbane pustinje, na?in da se do?e do tog cilja &#8211; rekao je on.<br \/>\nPerovi? je kazao da se konferencija mo\u017ee shvatiti kao po?etak procesa koji ?e razjasniti i definisati hijerarhiju za\u0161ti?enih podru?ja u Crnoj Gori na temelju NSOR.<br \/>\nOn je najavio da ?e na sljede?em sastanku Nacionalnog savjeta za odr\u017eivi razvoj biti predstavljen prvi godi\u0161nji izvje\u0161taj o progresu sprovo?enja te strategije.<br \/>\nMinistar turizma i za\u0161tite \u017eivotne sredine Predrag Nenezi? kazao je da je strate\u0161ko opredjeljenje Crne Gore razvoj uskla?en sa potrebama o?uvanja prirodnih ekosistema.<br \/>\n&#8211; U narednom periodu, Ministarstvo ?e aktivnosti usmjeriti na za\u0161titu i valorizaciju podru?ja koja su prostornim planom Crne Gore do 2020. godine predvi?ena za za\u0161titu &#8211; kazao je on.<br \/>\nNenezi? je naveo inicijative za za\u0161titu podru?ja Komova kao regionalnog parka, kao i prostora Rumije.<br \/>\n&#8211; U zavr\u0161noj fazi je i progla\u0161enje petog nacionalnog parka &#8211; Crnogorskih Prokletija, a posebna pa\u017enja bi?e usmjerena i na za\u0161titu morskog ekosistema kroz implementaciju zahtjeva Mediteranskog akcionog plana i Barselonske konvencije &#8211; rekao je on.<br \/>\nDirektor kancelarije za jugoisto?nu Evropu Svjetske unije za za\u0161titu prirode (IUCN) Jorg Loman je kazao da je nematerijalna vrijednost prirode velika i da je treba sa?uvati za budu?e generacije.<br \/>\nPrema njegovim rije?ima, prva za\u0161ti?ena zona u svijetu bila je u Mongoliji, 1778. a ne, kako se dugo vjerovalo, ameri?ki nacionalni park Jelouston, osnovan 1872. godine.<br \/>\nLoman smatra da je bitno da se razli?iti akteri uklju?e u za\u0161titu pojedinih zona, tako da nacionalni parkovi &#8220;slu\u017ee i ljudima i za\u0161titi prirode&#8221;.<br \/>\nOn je kazao da je 25 odsto za\u0161ti?enog podru?ja koje se predvi?a u Crnoj Gori, u skladu sa me?unarodnim standardima, ali nije obavezno.<br \/>\n&#8211; IUCN se ne mije\u0161a u nacionalni suverenitet ni u jednoj zemlji, svaka ima svoje specifi?nosti &#8211; rekao je Loman.<br \/>\nOn je naglasio da je upravljanje najva\u017enije pitanje u za\u0161ti?enim zonama, i da se ne postavlja pitanje da li su za\u0161ti?ene zone potrebne, nego &#8211; u ?emu je njihova vrijednost i svrha.<br \/>\n(MINA)<\/p>\n","protected":false},"excerpt":{"rendered":"<p><img loading=\"lazy\" src=\"http:\/\/www.visit-ulcinj.com\/blog\/wp-content\/uploads\/2008\/03\/dubai-skyline.thumbnail.jpg\" alt=\"Dubai_Ulcinj\" align=\"left\" height=\"140\" width=\"140\" \/><\/p>\n","protected":false},"author":1,"featured_media":0,"comment_status":"open","ping_status":"closed","sticky":false,"template":"","format":"standard","meta":{"spay_email":"","jetpack_publicize_message":"","jetpack_is_tweetstorm":false,"jetpack_publicize_feature_enabled":true},"categories":[15],"tags":[],"jetpack_publicize_connections":[],"yoast_head":"<!-- This site is optimized with the Yoast SEO plugin v19.1 - https:\/\/yoast.com\/wordpress\/plugins\/seo\/ -->\n<title>Ljubi\u0161a Perovi?: Nije Dubai za maslinjake - Lajme nga Ulqini<\/title>\n<meta name=\"robots\" content=\"index, follow, max-snippet:-1, max-image-preview:large, max-video-preview:-1\" \/>\n<link rel=\"canonical\" href=\"https:\/\/www.visit-ulcinj.com\/blog\/2008\/03\/19\/ljubisa-perovic-nije-dubai-za-maslinjake\/\" \/>\n<meta property=\"og:locale\" content=\"en_US\" \/>\n<meta property=\"og:type\" content=\"article\" \/>\n<meta property=\"og:title\" content=\"Ljubi\u0161a Perovi?: Nije Dubai za maslinjake - Lajme nga Ulqini\" \/>\n<meta property=\"og:url\" content=\"https:\/\/www.visit-ulcinj.com\/blog\/2008\/03\/19\/ljubisa-perovic-nije-dubai-za-maslinjake\/\" \/>\n<meta property=\"og:site_name\" content=\"Lajme nga Ulqini\" \/>\n<meta property=\"article:published_time\" content=\"2008-03-19T18:42:24+00:00\" \/>\n<meta property=\"article:modified_time\" content=\"2008-11-25T15:21:15+00:00\" \/>\n<meta property=\"og:image\" content=\"http:\/\/www.visit-ulcinj.com\/blog\/wp-content\/uploads\/2008\/03\/dubai-skyline.thumbnail.jpg\" \/>\n<meta name=\"twitter:label1\" content=\"Written by\" \/>\n\t<meta name=\"twitter:data1\" content=\"ulqini\" \/>\n\t<meta name=\"twitter:label2\" content=\"Est. reading time\" \/>\n\t<meta name=\"twitter:data2\" content=\"4 minutes\" \/>\n<script type=\"application\/ld+json\" class=\"yoast-schema-graph\">{\"@context\":\"https:\/\/schema.org\",\"@graph\":[{\"@type\":\"WebSite\",\"@id\":\"https:\/\/www.visit-ulcinj.com\/blog\/#website\",\"url\":\"https:\/\/www.visit-ulcinj.com\/blog\/\",\"name\":\"Lajme nga Ulqini\",\"description\":\"Lajme,Vijesti,Ulqini,Ulqin,Crna Gora,Mali i Zi\",\"potentialAction\":[{\"@type\":\"SearchAction\",\"target\":{\"@type\":\"EntryPoint\",\"urlTemplate\":\"https:\/\/www.visit-ulcinj.com\/blog\/?s={search_term_string}\"},\"query-input\":\"required name=search_term_string\"}],\"inLanguage\":\"en-US\"},{\"@type\":\"ImageObject\",\"inLanguage\":\"en-US\",\"@id\":\"https:\/\/www.visit-ulcinj.com\/blog\/2008\/03\/19\/ljubisa-perovic-nije-dubai-za-maslinjake\/#primaryimage\",\"url\":\"http:\/\/www.visit-ulcinj.com\/blog\/wp-content\/uploads\/2008\/03\/dubai-skyline.thumbnail.jpg\",\"contentUrl\":\"http:\/\/www.visit-ulcinj.com\/blog\/wp-content\/uploads\/2008\/03\/dubai-skyline.thumbnail.jpg\"},{\"@type\":\"WebPage\",\"@id\":\"https:\/\/www.visit-ulcinj.com\/blog\/2008\/03\/19\/ljubisa-perovic-nije-dubai-za-maslinjake\/#webpage\",\"url\":\"https:\/\/www.visit-ulcinj.com\/blog\/2008\/03\/19\/ljubisa-perovic-nije-dubai-za-maslinjake\/\",\"name\":\"Ljubi\u0161a Perovi?: Nije Dubai za maslinjake - Lajme nga Ulqini\",\"isPartOf\":{\"@id\":\"https:\/\/www.visit-ulcinj.com\/blog\/#website\"},\"primaryImageOfPage\":{\"@id\":\"https:\/\/www.visit-ulcinj.com\/blog\/2008\/03\/19\/ljubisa-perovic-nije-dubai-za-maslinjake\/#primaryimage\"},\"datePublished\":\"2008-03-19T18:42:24+00:00\",\"dateModified\":\"2008-11-25T15:21:15+00:00\",\"author\":{\"@id\":\"https:\/\/www.visit-ulcinj.com\/blog\/#\/schema\/person\/dcab619c614d3038751c63bc2aadc06d\"},\"breadcrumb\":{\"@id\":\"https:\/\/www.visit-ulcinj.com\/blog\/2008\/03\/19\/ljubisa-perovic-nije-dubai-za-maslinjake\/#breadcrumb\"},\"inLanguage\":\"en-US\",\"potentialAction\":[{\"@type\":\"ReadAction\",\"target\":[\"https:\/\/www.visit-ulcinj.com\/blog\/2008\/03\/19\/ljubisa-perovic-nije-dubai-za-maslinjake\/\"]}]},{\"@type\":\"BreadcrumbList\",\"@id\":\"https:\/\/www.visit-ulcinj.com\/blog\/2008\/03\/19\/ljubisa-perovic-nije-dubai-za-maslinjake\/#breadcrumb\",\"itemListElement\":[{\"@type\":\"ListItem\",\"position\":1,\"name\":\"Ljubi\u0161a Perovi?: Nije Dubai za maslinjake\"}]},{\"@type\":\"Person\",\"@id\":\"https:\/\/www.visit-ulcinj.com\/blog\/#\/schema\/person\/dcab619c614d3038751c63bc2aadc06d\",\"name\":\"ulqini\",\"sameAs\":[\"http:\/\/www.visit-ulcinj.com\"],\"url\":\"https:\/\/www.visit-ulcinj.com\/blog\/author\/admin\/\"}]}<\/script>\n<!-- \/ Yoast SEO plugin. -->","yoast_head_json":{"title":"Ljubi\u0161a Perovi?: Nije Dubai za maslinjake - Lajme nga Ulqini","robots":{"index":"index","follow":"follow","max-snippet":"max-snippet:-1","max-image-preview":"max-image-preview:large","max-video-preview":"max-video-preview:-1"},"canonical":"https:\/\/www.visit-ulcinj.com\/blog\/2008\/03\/19\/ljubisa-perovic-nije-dubai-za-maslinjake\/","og_locale":"en_US","og_type":"article","og_title":"Ljubi\u0161a Perovi?: Nije Dubai za maslinjake - Lajme nga Ulqini","og_url":"https:\/\/www.visit-ulcinj.com\/blog\/2008\/03\/19\/ljubisa-perovic-nije-dubai-za-maslinjake\/","og_site_name":"Lajme nga Ulqini","article_published_time":"2008-03-19T18:42:24+00:00","article_modified_time":"2008-11-25T15:21:15+00:00","og_image":[{"url":"http:\/\/www.visit-ulcinj.com\/blog\/wp-content\/uploads\/2008\/03\/dubai-skyline.thumbnail.jpg"}],"twitter_misc":{"Written by":"ulqini","Est. reading time":"4 minutes"},"schema":{"@context":"https:\/\/schema.org","@graph":[{"@type":"WebSite","@id":"https:\/\/www.visit-ulcinj.com\/blog\/#website","url":"https:\/\/www.visit-ulcinj.com\/blog\/","name":"Lajme nga Ulqini","description":"Lajme,Vijesti,Ulqini,Ulqin,Crna Gora,Mali i Zi","potentialAction":[{"@type":"SearchAction","target":{"@type":"EntryPoint","urlTemplate":"https:\/\/www.visit-ulcinj.com\/blog\/?s={search_term_string}"},"query-input":"required name=search_term_string"}],"inLanguage":"en-US"},{"@type":"ImageObject","inLanguage":"en-US","@id":"https:\/\/www.visit-ulcinj.com\/blog\/2008\/03\/19\/ljubisa-perovic-nije-dubai-za-maslinjake\/#primaryimage","url":"http:\/\/www.visit-ulcinj.com\/blog\/wp-content\/uploads\/2008\/03\/dubai-skyline.thumbnail.jpg","contentUrl":"http:\/\/www.visit-ulcinj.com\/blog\/wp-content\/uploads\/2008\/03\/dubai-skyline.thumbnail.jpg"},{"@type":"WebPage","@id":"https:\/\/www.visit-ulcinj.com\/blog\/2008\/03\/19\/ljubisa-perovic-nije-dubai-za-maslinjake\/#webpage","url":"https:\/\/www.visit-ulcinj.com\/blog\/2008\/03\/19\/ljubisa-perovic-nije-dubai-za-maslinjake\/","name":"Ljubi\u0161a Perovi?: Nije Dubai za maslinjake - Lajme nga Ulqini","isPartOf":{"@id":"https:\/\/www.visit-ulcinj.com\/blog\/#website"},"primaryImageOfPage":{"@id":"https:\/\/www.visit-ulcinj.com\/blog\/2008\/03\/19\/ljubisa-perovic-nije-dubai-za-maslinjake\/#primaryimage"},"datePublished":"2008-03-19T18:42:24+00:00","dateModified":"2008-11-25T15:21:15+00:00","author":{"@id":"https:\/\/www.visit-ulcinj.com\/blog\/#\/schema\/person\/dcab619c614d3038751c63bc2aadc06d"},"breadcrumb":{"@id":"https:\/\/www.visit-ulcinj.com\/blog\/2008\/03\/19\/ljubisa-perovic-nije-dubai-za-maslinjake\/#breadcrumb"},"inLanguage":"en-US","potentialAction":[{"@type":"ReadAction","target":["https:\/\/www.visit-ulcinj.com\/blog\/2008\/03\/19\/ljubisa-perovic-nije-dubai-za-maslinjake\/"]}]},{"@type":"BreadcrumbList","@id":"https:\/\/www.visit-ulcinj.com\/blog\/2008\/03\/19\/ljubisa-perovic-nije-dubai-za-maslinjake\/#breadcrumb","itemListElement":[{"@type":"ListItem","position":1,"name":"Ljubi\u0161a Perovi?: Nije Dubai za maslinjake"}]},{"@type":"Person","@id":"https:\/\/www.visit-ulcinj.com\/blog\/#\/schema\/person\/dcab619c614d3038751c63bc2aadc06d","name":"ulqini","sameAs":["http:\/\/www.visit-ulcinj.com"],"url":"https:\/\/www.visit-ulcinj.com\/blog\/author\/admin\/"}]}},"jetpack_featured_media_url":"","jetpack_sharing_enabled":true,"jetpack_shortlink":"https:\/\/wp.me\/pe6lTn-fr","_links":{"self":[{"href":"https:\/\/www.visit-ulcinj.com\/blog\/wp-json\/wp\/v2\/posts\/957"}],"collection":[{"href":"https:\/\/www.visit-ulcinj.com\/blog\/wp-json\/wp\/v2\/posts"}],"about":[{"href":"https:\/\/www.visit-ulcinj.com\/blog\/wp-json\/wp\/v2\/types\/post"}],"author":[{"embeddable":true,"href":"https:\/\/www.visit-ulcinj.com\/blog\/wp-json\/wp\/v2\/users\/1"}],"replies":[{"embeddable":true,"href":"https:\/\/www.visit-ulcinj.com\/blog\/wp-json\/wp\/v2\/comments?post=957"}],"version-history":[{"count":0,"href":"https:\/\/www.visit-ulcinj.com\/blog\/wp-json\/wp\/v2\/posts\/957\/revisions"}],"wp:attachment":[{"href":"https:\/\/www.visit-ulcinj.com\/blog\/wp-json\/wp\/v2\/media?parent=957"}],"wp:term":[{"taxonomy":"category","embeddable":true,"href":"https:\/\/www.visit-ulcinj.com\/blog\/wp-json\/wp\/v2\/categories?post=957"},{"taxonomy":"post_tag","embeddable":true,"href":"https:\/\/www.visit-ulcinj.com\/blog\/wp-json\/wp\/v2\/tags?post=957"}],"curies":[{"name":"wp","href":"https:\/\/api.w.org\/{rel}","templated":true}]}}